{"id":959,"date":"2017-05-25T09:45:23","date_gmt":"2017-05-25T09:45:23","guid":{"rendered":"https:\/\/www.prozorivrata.com\/hr\/na-zagrebackom-velesajmu-od-4-do-7-travnja-odrzani-proljetni-sajmovi\/"},"modified":"2020-04-08T18:12:05","modified_gmt":"2020-04-08T18:12:05","slug":"na-zagrebackom-velesajmu-od-4-do-7-travnja-odrzani-proljetni-sajmovi","status":"publish","type":"post","link":"https:\/\/www.prozorivrata.com\/hr\/na-zagrebackom-velesajmu-od-4-do-7-travnja-odrzani-proljetni-sajmovi\/","title":{"rendered":"Na Zagreba\u010dkom velesajmu od 4. do 7. travnja odr\u017eani Proljetni sajmovi"},"content":{"rendered":"<h4><em>Sajmovi su revitalizirani i postavljeni u sadr\u017eajno i komunikacijski redizajniranom izdanju pod sloganom &#8220;OBNOVIMO HRVATSKO GOSPODARSTVO&#8221;, a \u010dine ga \u010detiri tematski povezana me\u0111unarodna sajamska projekta: EMAT, 9. sajam za\u0161tite okoli\u0161a i komunalne opreme, INTERKLIMA, 24. sajam grijanja, klimatizacije, obrade pitkih voda i obnovljivih izvora energije, GRADITELJSTVO, 40. sajam gra\u0111enja i opremanja te INTERPROTEX, 12. sajam za\u0161tite osoba i imovine. Nastupilo je 146 izlaga\u010da iz 22 zemlje na 9500 m\u00b2. Pokrovitelj Proljetnih sajmova bio je Grad Zagreb.<\/em><\/h4>\n<figure id=\"attachment_11699\" aria-describedby=\"caption-attachment-11699\" style=\"width: 1200px\" class=\"wp-caption aligncenter\"><a href=\"https:\/\/www.prozorivrata.com\/wp-content\/uploads\/2017\/05\/HRV-sajam-3.jpg\"><img decoding=\"async\" class=\"wp-image-11699 size-full\" src=\"https:\/\/www.prozorivrata.com\/wp-content\/uploads\/2017\/05\/HRV-sajam-3.jpg\" alt=\"Na Zagreba\u010dkom velesajmu od 4. do 7. travnja odr\u017eani su Proljetni sajmovi Zagreba\u010dkog velesajma\" width=\"1200\" height=\"800\" \/><\/a><figcaption id=\"caption-attachment-11699\" class=\"wp-caption-text\">Na Zagreba\u010dkom velesajmu od 4. do 7. travnja odr\u017eani su Proljetni sajmovi<\/figcaption><\/figure>\n<p>B2B u FOKUSU: odr\u017eana 23 stru\u010dna predavanja<br \/>\nIzlo\u017ebeni segment sajma upotpunjen je sna\u017enim konferencijskim programom s temeljnim ciljem susreta doma\u0107ih i inozemnih gospodarstvenika navedenih struka te predstavnika znanstvene zajednice i institucija.<\/p>\n<p><strong><em>Panel diskusija HRVATSKO GRADITELJSTVO DO 2030. GODINE otvorila je mnoga pitanja;<\/em><\/strong> naglasci panela bila su na green urban deve- lopmentu i mo\u017ee li Hrvatska za desetak godina dosti\u0107i razinu istinski zelenih pametnih gradova o kakvima doznajemo iz Danske i\/ili \u0160vedske? Na Liderovoj SMART CITIES konferenciji moglo se \u010duti da otvorena suradnja s gra\u0111anima, dugoro\u010dna vizija i kompetentno vodstvo su preduvjeti za stvaranje pametnih gradova. Pametni gradovi su prva nova industrija 21. stolje\u0107a te \u0107e do 2040. godine u njihovo kreiranje biti ulo\u017eeno 40 tisu\u0107a milijardi dolara, rekao je Vedran Kru\u017ei\u0107 iz tvrtke Sense Consulting.<\/p>\n<p>Tehnix je odr\u017eao 2. tehnolo\u0161ku konferenciju na kojoj su bili prisutni doma\u0107i i EU stru\u010dnjaci za za\u0161titu okoli\u0161a. Vode\u0107a su eko industrija u Republici Hrvatskoj i EU kojom posti\u017eu ciljeve kru\u017ene ekonomije, a na sajmu su prezentirali svoja tehnolo\u0161ka dostignu\u0107a.<\/p>\n<figure id=\"attachment_11700\" aria-describedby=\"caption-attachment-11700\" style=\"width: 800px\" class=\"wp-caption aligncenter\"><a href=\"https:\/\/www.prozorivrata.com\/wp-content\/uploads\/2017\/05\/HRV-sajam-2.jpg\"><img decoding=\"async\" class=\"size-full wp-image-11700\" src=\"https:\/\/www.prozorivrata.com\/wp-content\/uploads\/2017\/05\/HRV-sajam-2.jpg\" alt=\"B2B u FOKUSU: odr\u017eana 23 stru\u010dna predavanja\" width=\"800\" height=\"1200\" \/><\/a><figcaption id=\"caption-attachment-11700\" class=\"wp-caption-text\">Foto: B2B u FOKUSU: odr\u017eana 23 stru\u010dna predavanja<\/figcaption><\/figure>\n<p>Proljetne sajmove posjetila je velika delegacija austrijskih tvrtki gdje su organizirani B2B susreti. Bilo je ukupno 23 tvrtke u okviru Austrijsko-hrvatskog gospodarskog susreta na temu tehnologije za\u0161tite okoli\u0161a, graditeljstva i infrastrukture. Predvodio ih je predsjednik Koru\u0161ke gospodarske komore J\u00fcrgen Mandl.<\/p>\n<p>Hrvatski ceh za\u0161titara \u2013 strukovna za\u0161titarska komora obilje\u017eila je ove godine 25 godina svog djelovanja kroz konferenciju &#8220;PRIVATNA ZA\u0160TITA 2017: Prevencija \u2013 za\u0161tita \u2013 sigurnost&#8221; na kojoj su govorili europski stru\u010dnjaci iz podru\u010dja za\u0161tite i sigurnosti.<\/p>\n<p>Premijerno na Proljetnim sajmovima prikazana je HRVATSKA KUPAONICA, projekt Hrvatske gospodarske komore koja je okupila pet hrvatskih proizvo\u0111a\u010da; Aquaestil plus, Bokart, Keramiku Modus, Nord produkt i Santaj plastiku. Predstavili su luksuznu izvedbu inspiriranu hrvatskom \u010dipkom i maslinovim drvom.<\/p>\n","protected":false},"excerpt":{"rendered":"<p>Sajmovi su revitalizirani i postavljeni u sadr\u017eajno i komunikacijski redizajniranom izdanju pod sloganom &#8220;OBNOVIMO HRVATSKO GOSPODARSTVO&#8221;, a \u010dine ga \u010detiri tematski povezana me\u0111unarodna sajamska projekta: EMAT, 9. sajam za\u0161tite okoli\u0161a i komunalne opreme, INTERKLIMA, 24. sajam grijanja, klimatizacije, obrade pitkih voda i obnovljivih izvora energije, GRADITELJSTVO, 40. sajam gra\u0111enja i opremanja te INTERPROTEX, 12. sajam [&hellip;]<\/p>\n","protected":false},"author":3,"featured_media":960,"comment_status":"open","ping_status":"open","sticky":false,"template":"","format":"standard","meta":{"_FSMCFIC_featured_image_caption":"","_FSMCFIC_featured_image_nocaption":"","_FSMCFIC_featured_image_hide":"","footnotes":""},"categories":[47],"tags":[],"class_list":["post-959","post","type-post","status-publish","format-standard","has-post-thumbnail","hentry","category-novosti"],"_links":{"self":[{"href":"https:\/\/www.prozorivrata.com\/hr\/wp-json\/wp\/v2\/posts\/959","targetHints":{"allow":["GET"]}}],"collection":[{"href":"https:\/\/www.prozorivrata.com\/hr\/wp-json\/wp\/v2\/posts"}],"about":[{"href":"https:\/\/www.prozorivrata.com\/hr\/wp-json\/wp\/v2\/types\/post"}],"author":[{"embeddable":true,"href":"https:\/\/www.prozorivrata.com\/hr\/wp-json\/wp\/v2\/users\/3"}],"replies":[{"embeddable":true,"href":"https:\/\/www.prozorivrata.com\/hr\/wp-json\/wp\/v2\/comments?post=959"}],"version-history":[{"count":1,"href":"https:\/\/www.prozorivrata.com\/hr\/wp-json\/wp\/v2\/posts\/959\/revisions"}],"predecessor-version":[{"id":1002,"href":"https:\/\/www.prozorivrata.com\/hr\/wp-json\/wp\/v2\/posts\/959\/revisions\/1002"}],"wp:featuredmedia":[{"embeddable":true,"href":"https:\/\/www.prozorivrata.com\/hr\/wp-json\/wp\/v2\/media\/960"}],"wp:attachment":[{"href":"https:\/\/www.prozorivrata.com\/hr\/wp-json\/wp\/v2\/media?parent=959"}],"wp:term":[{"taxonomy":"category","embeddable":true,"href":"https:\/\/www.prozorivrata.com\/hr\/wp-json\/wp\/v2\/categories?post=959"},{"taxonomy":"post_tag","embeddable":true,"href":"https:\/\/www.prozorivrata.com\/hr\/wp-json\/wp\/v2\/tags?post=959"}],"curies":[{"name":"wp","href":"https:\/\/api.w.org\/{rel}","templated":true}]}}