{"id":9363,"date":"2026-01-29T08:21:02","date_gmt":"2026-01-29T07:21:02","guid":{"rendered":"https:\/\/www.prozorivrata.com\/hr\/?p=9363"},"modified":"2026-01-29T08:23:06","modified_gmt":"2026-01-29T07:23:06","slug":"energetska-ucinkovitost-i-odrzivost-nzeb-2026","status":"publish","type":"post","link":"https:\/\/www.prozorivrata.com\/hr\/energetska-ucinkovitost-i-odrzivost-nzeb-2026\/","title":{"rendered":"Energetska u\u010dinkovitost i odr\u017eivost \/ ju\u010der-danas-sutra &#8211; nZEB 2026"},"content":{"rendered":"\n<p><strong>Stru\u010dni skup odr\u017eat \u0107e se u\u017eivo, na Arhitektonskom fakultetu u Zagrebu, Ka\u010di\u0107eva 26, u velikoj dvorani 81 19. 2. 2026. godine.<\/strong><\/p>\n\n\n\n<p><strong>Sveu\u010dili\u0161te u Zagrebu Arhitektonski fakultet i Klaster za energetsku u\u010dinkovitost i odr\u017eivost u zgradarstvu &#8211; nZEB.hr<\/strong> nastavljaju rad na edukaciji, promicanju znanosti i inovacija te unapre\u0111enju stanja tehnike, proizvoda, materijala i usluga poveznih s energetskom u\u010dinkovitosti i odr\u017eivosti u zgradarstvu, obnove zgrada uz pove\u0107anje sigurnosti, pobolj\u0161anje ugodnosti i kvalitete unutarnjih prostora kao i s aktualnim temama iz podru\u010dja energetske u\u010dinkovitosti i odr\u017eivosti u zgradarstvu.<\/p>\n\n\n\n<p>Ovogodi\u0161nji stru\u010dni skup <strong>deseti je po redu s temom Energetske u\u010dinkovitosti i odr\u017eivosti<\/strong> koji se odr\u017eava u organizaciji <strong>Arhitektonskog fakulteta<\/strong> i <strong>osmi po redu organiziran u suradnji s Klasterom nZEB.hr.<\/strong><\/p>\n\n\n\n<p>Inicijativa osnivanja<strong> Klastera nZEB.hr<\/strong> potekla je upravo kroz suradnju partnera <strong>Arhitektonskog fakulteta<\/strong> u prvim godinama odr\u017eavanja ovih stru\u010dnih skupova.<\/p>\n\n\n\n<p><strong>Klaster nZEB <\/strong>osnovan je 2018. godine. <strong>Osim Arhitektonskog fakulteta osniva\u010di Klastera nZEB.hr su iz gosdpodarskog sektora:<\/strong> AGC, Bosch, Knauf-Insulation, Profine Croatia i Wienerberger. <strong>Od 2019. godine \u010dlanovi Klastera nZEB.hr su:<\/strong> Velux Hrvatska, Nosivi gra\u0111evinski elementi, te po\u010dasni \u010dlan Ministarstvo prostornog ure\u0111enja, graditeljstva i dr\u017eavne imovine RH. Od 2022. godine \u010dlan <strong>Klastera nZEB.hr<\/strong> je Baldinistudio, od 2023. Ytong porobeton, a od 2024. Baumit.<\/p>\n\n\n\n<p>Svi dosada\u0161nji skupovi obra\u0111ivali su aktualne teme i upoznavali struku i javnost s novostima iz podru\u010dja energetske u\u010dinkovitosti i odr\u017eivosti. <strong>Kroz godine obra\u0111ivane su teme kao \u0161to su:<\/strong> projektiranje i izvedba novih te cjelovita sanacija postoje\u0107ih zgrada, zgrade gotovo nulte energije (nZEB), energetska u\u010dinkovitost i odr\u017eivost zgrada nakon 2020, nZEB u praksi, nZEB u obnovi, sigurnost, ugodnost i kvaliteta, ZEB &#8211; Zero Emission Buildings, obnova i modernizacija zgrada te odr\u017eivo i priu\u0161tivo stanovanje.<\/p>\n\n\n\n<h2 class=\"wp-block-heading\">\u0160to se promijenilo u proteklih 10 godina?<\/h2>\n\n\n\n<p>Na ovogodi\u0161njem skupu prikazat \u0107e se dosada\u0161nji razvoj tehni\u010dkih zahtjeva i rje\u0161enja za energetski u\u010dinkovite i odr\u017eive zgrade kao i zahtjevi iz ovog podru\u010dja koji se o\u010dekuju u bliskoj budu\u0107nosti. Stru\u010dni skup odr\u017eat \u0107e se kroz predavanja i panel rasprave u interakciji sa publikom. Tijekom skupa u ulaznom prostoru Arhitektonskog fakulteta nalazit \u0107e se izlo\u017ebeni prostori izlaga\u010da &#8211; sponzora.<\/p>\n\n\n\n<h2 class=\"wp-block-heading\">Teme ovog stru\u010dnog skupa su:<\/h2>\n\n\n\n<ul class=\"wp-block-list\">\n<li>razvoj tehni\u010dkih zahtjeva i rje\u0161enja za energetski u\u010dinkovite i odr\u017eive zgrade u proteklih 10 godina<\/li>\n\n\n\n<li>novi propisi i smjernice iz podru\u010dja energetske u\u010dinkovitosti, odr\u017eive gradnje, sigurnosti i zdravih unutarnjih klimatskih uvjeta<\/li>\n\n\n\n<li>tehni\u010dka rje\u0161enja za energetsku u\u010dinkovitost i odr\u017eivost u zgradarstvu<\/li>\n\n\n\n<li>materijali, proizvodi i sustavi za energetsku u\u010dinkovitost i odr\u017eivost u zgradarstvu<\/li>\n\n\n\n<li>iskustva i izvedeni primjeri novih i obnovljenih zgrada po najvi\u0161im standardima energetske u\u010dinkovitosti, odr\u017eivosti, ugodnosti, sigurnosti i kvalitete<\/li>\n<\/ul>\n\n\n\n<p><strong>S po\u010detkom 2026. godine stupili su na snagu novi Zakon o gradnji i Zakon o energetskoj u\u010dinkovitosti u zgradarstvu<\/strong> (NN 155\/2025). Zakon o energetskoj u\u010dinkovitosti u zgradarstvu ure\u0111uje podru\u010dje energetske u\u010dinkovitosti u zgradarstvu, energetsku obnovu i dekarbonizaciju zgrada, smanjenje emisija u zgradarstvu i pove\u0107anje klimatske otpornosti, provo\u0111enje mjera energetske u\u010dinkovitosti, djelatnost energetske usluge u sektoru zgradarstva, utvr\u0111ivanje u\u0161teda energije u sektoru zgradarstva, sustav energetskog certificiranja zgrada te ispunjavanje temeljnog zahtjeva energetske u\u010dinkovitosti i toplinskih svojstava. U skoro vrijeme predvi\u0111a se i <strong>dono\u0161enje novog Tehni\u010dkog propisa o racionalnoj uporabi energije i toplinskoj za\u0161titi u zgradama.<\/strong><\/p>\n\n\n\n<p><strong>Od po\u010detka 2026. godine obavezna je<\/strong> primjena i <strong>Tehni\u010dkog propisa o akustici u zgradarstvu <\/strong>kojim su odre\u0111eni tehni\u010dki zahtjevi za akusti\u010dka svojstva zgrade i njezinih dijelova u pogledu zvu\u010dne izolacije vanjskih i unutarnjih gra\u0111evnih dijelova zgrade, zvu\u010dne izolacije od buke servisne opreme zgrade, prostorne akustike, za\u0161tite od buke zbog prekomjerne odje\u010dnosti prostora i mjerenja akusti\u010dkih svojstava zgrade.<\/p>\n\n\n\n<p>Koju su zahtjevi ovih <strong>Zakona i propisa <\/strong>i kakav je njihov utjecaj na projektiranje i izgradnju zgrada, te kako \u0107e isti utjecati na kvalitu izgra\u0111enih zgrada?<\/p>\n\n\n\n<p><strong>Ovogodi\u0161nji stru\u010dni skup <\/strong>bit \u0107e usmjeren na prikaz razvoja zahtjeva i tehni\u010dkih rje\u0161enja za postizanje energetskih i klimatskih ciljeva kroz dekarbonizaciju fonda zgrada, kvalitete, izvrsnosti i odr\u017eivosti zgrada u posljednjih 10 godina u svrhu ispunjenja zadanih ciljeva.<\/p>\n\n\n\n<p><strong>Vi\u0161e informacija<\/strong> o skupu <a href=\"http:\/\/www.nzeb.hr\" target=\"_blank\" rel=\"noreferrer noopener\">nalazi se na stranici<\/a>.<\/p>\n\n\n\n<p><strong>Cijena aktivnosti:<\/strong> bez naplate\/kotizacije uz obaveznu prijavu (podaci na<a href=\"http:\/\/www.nzeb.hr\" target=\"_blank\" rel=\"noreferrer noopener\"> web stranici<\/a>)<\/p>\n\n\n\n<p><strong>Prijaviti<\/strong> se mo\u017ee <a href=\"https:\/\/forms.gle\/2tTFBhVaUTKdY7g17\" target=\"_blank\" rel=\"noreferrer noopener\">preko linka<\/a>.<\/p>\n\n\n\n<p>Bez prijave i bez dodjele bodova za stru\u010dno usavr\u0161avanje<strong> zainteresirani \u0107e mo\u0107i pratiti prijenos <\/strong>preko <a href=\"http:\/\/www.nzeb.hr\" target=\"_blank\" rel=\"noreferrer noopener\">www.nzeb.hr<\/a> i You Tube kanala.<\/p>\n\n\n\n<p><strong>Voditelj aktivnosti:<\/strong> prof. dr sc. Zoran Ver\u0161i\u0107<\/p>\n\n\n\n<figure class=\"wp-block-image is-resized\"><img decoding=\"async\" src=\"https:\/\/www.grenef.hr\/wp-content\/uploads\/2026\/01\/nZEB-2026-logo-1024x544.jpg\" alt=\"nZEB 2026 logo\" class=\"wp-image-4663\" style=\"width:179px;height:auto\" title=\"nZEB 2026 - Energetska u\u010dinkovitost i odr\u017eivost \/ ju\u010der-danas-sutra 2\" \/><\/figure>\n\n\n\n<p>Andrije Ka\u010di\u0107a Mio\u0161i\u0107a 26<br>10000 Zagreb<br>+385 1 463 91 22<br><a href=\"mailto:info@nzeb.hr\" target=\"_blank\" rel=\"noreferrer noopener\">info@nzeb.hr<\/a><br><a href=\"http:\/\/www.nzeb.hr\/\" target=\"_blank\" rel=\"noreferrer noopener\">www.nzeb.hr<\/a><\/p>\n","protected":false},"excerpt":{"rendered":"<p>Stru\u010dni skup odr\u017eat \u0107e se u\u017eivo, na Arhitektonskom fakultetu u Zagrebu, Ka\u010di\u0107eva 26, u velikoj dvorani 81 19. 2. 2026. godine. Sveu\u010dili\u0161te u Zagrebu Arhitektonski fakultet i Klaster za energetsku u\u010dinkovitost i odr\u017eivost u zgradarstvu &#8211; nZEB.hr nastavljaju rad na edukaciji, promicanju znanosti i inovacija te unapre\u0111enju stanja tehnike, proizvoda, materijala i usluga poveznih s [&hellip;]<\/p>\n","protected":false},"author":124,"featured_media":9364,"comment_status":"closed","ping_status":"closed","sticky":false,"template":"","format":"standard","meta":{"_FSMCFIC_featured_image_caption":"","_FSMCFIC_featured_image_nocaption":"","_FSMCFIC_featured_image_hide":"","footnotes":""},"categories":[47],"tags":[1225,344,235],"class_list":["post-9363","post","type-post","status-publish","format-standard","has-post-thumbnail","hentry","category-novosti","tag-nzeb-2026","tag-strucni-skup","tag-zagreb"],"_links":{"self":[{"href":"https:\/\/www.prozorivrata.com\/hr\/wp-json\/wp\/v2\/posts\/9363","targetHints":{"allow":["GET"]}}],"collection":[{"href":"https:\/\/www.prozorivrata.com\/hr\/wp-json\/wp\/v2\/posts"}],"about":[{"href":"https:\/\/www.prozorivrata.com\/hr\/wp-json\/wp\/v2\/types\/post"}],"author":[{"embeddable":true,"href":"https:\/\/www.prozorivrata.com\/hr\/wp-json\/wp\/v2\/users\/124"}],"replies":[{"embeddable":true,"href":"https:\/\/www.prozorivrata.com\/hr\/wp-json\/wp\/v2\/comments?post=9363"}],"version-history":[{"count":3,"href":"https:\/\/www.prozorivrata.com\/hr\/wp-json\/wp\/v2\/posts\/9363\/revisions"}],"predecessor-version":[{"id":9367,"href":"https:\/\/www.prozorivrata.com\/hr\/wp-json\/wp\/v2\/posts\/9363\/revisions\/9367"}],"wp:featuredmedia":[{"embeddable":true,"href":"https:\/\/www.prozorivrata.com\/hr\/wp-json\/wp\/v2\/media\/9364"}],"wp:attachment":[{"href":"https:\/\/www.prozorivrata.com\/hr\/wp-json\/wp\/v2\/media?parent=9363"}],"wp:term":[{"taxonomy":"category","embeddable":true,"href":"https:\/\/www.prozorivrata.com\/hr\/wp-json\/wp\/v2\/categories?post=9363"},{"taxonomy":"post_tag","embeddable":true,"href":"https:\/\/www.prozorivrata.com\/hr\/wp-json\/wp\/v2\/tags?post=9363"}],"curies":[{"name":"wp","href":"https:\/\/api.w.org\/{rel}","templated":true}]}}