{"id":9357,"date":"2026-01-27T09:00:00","date_gmt":"2026-01-27T08:00:00","guid":{"rendered":"https:\/\/www.prozorivrata.com\/hr\/?p=9357"},"modified":"2026-02-06T08:54:18","modified_gmt":"2026-02-06T07:54:18","slug":"pripreme-za-13-medunarodnu-konferenciju-dan-prozora-2026-su-u-toku","status":"publish","type":"post","link":"https:\/\/www.prozorivrata.com\/hr\/pripreme-za-13-medunarodnu-konferenciju-dan-prozora-2026-su-u-toku\/","title":{"rendered":"Pripreme za 13. me\u0111unarodnu konferenciju DAN PROZORA 2026 su u tijeku"},"content":{"rendered":"\n<p>ift Rosenheim Hrvatska, u suradnji s partnerom <strong>ift Rosenheim GmbH iz Njema\u010dke<\/strong>, organizira <strong>13. me\u0111unarodnu konferenciju DAN PROZORA 2026<\/strong>, koja \u0107e se odr\u017eati u srijedu, <strong>11. 3. 2026. godine u Hotelu Antunovi\u0107 u Zagrebu.<\/strong><\/p>\n\n\n\n<p><strong>DAN PROZORA <\/strong>ve\u0107 dugi niz godina predstavlja vode\u0107i stru\u010dni skup u regiji u podru\u010dju prozora, vrata i fasada te okuplja vi\u0161e od <strong>350 sudionika iz Hrvatske i inozemstva<\/strong>, uklju\u010duju\u0107i Sloveniju, Srbiju, Bosnu i Hercegovinu, Austriju, Njema\u010dku, Italiju i Gr\u010dku. Sudionici konferencije su proizvo\u0111a\u010di gra\u0111evinske stolarije, arhitekti, projektanti, predstavnici institucija i nadzornih tijela te stru\u010dnjaci iz podru\u010dja prozora, vrata, fasada, stakla, okova i materijala za ugradnju.<\/p>\n\n\n\n<h2 class=\"wp-block-heading\">Klju\u010dne teme konferencije DAN PROZORA 2026<\/h2>\n\n\n\n<p><strong>Program konferencije obuhvatit \u0107e aktualne stru\u010dne i regulatorne teme koje utje\u010du na industriju prozora i fasada, me\u0111u kojima se isti\u010du:<\/strong><\/p>\n\n\n\n<ul class=\"wp-block-list\">\n<li><strong>Svijet prozora u promjeni <\/strong>\u2013 posljedice tr\u017ei\u0161nih, tehnolo\u0161kih i regulatornih promjena za industriju prozora i fasada<\/li>\n\n\n\n<li><strong>Nova pravila za prozore i vanjska pje\u0161a\u010dka vrata <\/strong>\u2013 budu\u0107nost standarda proizvoda EN 14351-1<\/li>\n\n\n\n<li><strong>Novosti iz Stru\u010dnog centra<\/strong> \u2013 prepoznavanje i izbjegavanje izvora pogre\u0161aka pri ugradnji prozora<\/li>\n\n\n\n<li><strong>Digitalna putovnica proizvoda <\/strong>\u2013 trenutno stanje i budu\u0107i pristupi u industriji prozora i fasada<\/li>\n\n\n\n<li><strong>Izjava o svojstvima u teoriji i praksi <\/strong>\u2013 koje performanse proizvo\u0111a\u010d mora iskazati i kako se one primjenjuju u praksi<\/li>\n\n\n\n<li><strong>Zahtjevi tehni\u010dkih propisa <\/strong>iz podru\u010dja toplinske i zvu\u010dne za\u0161tite te njihov utjecaj na gra\u0111evinsku stolariju.<\/li>\n<\/ul>\n\n\n\n<p><strong>U sklopu konferencije odr\u017eat \u0107e se panel rasprava usmjerena na pitanja nadzora na objektima, s posebnim osvrtom na problematiku nepotpune dokumentacije, nesukladnosti te izazove u prakti\u010dnoj provedbi tehni\u010dkih propisa.<\/strong><\/p>\n\n\n\n<p><strong>Program \u0107e obuhvatiti<\/strong> i panel raspravu o vatrootpornim zahtjevima za unutarnja i vanjska vatrootporna vrata, s ciljem razmatranja aktualnih zahtjeva i njihove primjene u praksi.<\/p>\n\n\n\n<p>Konferencija \u0107e imati osiguran <strong>simultani prijevod s engleskog na hrvatski jezik <\/strong>i obrnuto, \u010dime se omogu\u0107uje aktivno sudjelovanje me\u0111unarodnih predava\u010da i sudionika.<\/p>\n\n\n\n<p><a href=\"https:\/\/www.prozorivrata.com\/hr\/medunarodna-konferencija-dan-prozora-2026\/\" target=\"_blank\" rel=\"noreferrer noopener\"><strong>DAN PROZORA 2026<\/strong> <\/a>i ove godine predstavlja va\u017eno mjesto razmjene znanja, iskustava i stru\u010dnih stavova te platformu za raspravu o aktualnim izazovima i budu\u0107em razvoju industrije prozora, vrata i fasada.<\/p>\n\n\n\n<h2 class=\"wp-block-heading\">Za\u0161to izlagati na DANU PROZORA 2026<\/h2>\n\n\n\n<p><strong>Kao sponzor imate priliku:<\/strong><\/p>\n\n\n\n<ul class=\"wp-block-list\">\n<li><strong>predstaviti svoje proizvode<\/strong>, tehnologije i inovacije stru\u010dnoj publici,<\/li>\n\n\n\n<li><strong>ostvariti direktan kontakt<\/strong> s klju\u010dnim partnerima i kupcima,<\/li>\n\n\n\n<li><strong>pozicionirati se kao lider<\/strong> u industriji prozora i vrata,<\/li>\n\n\n\n<li><strong>ostvariti sna\u017enu medijsku i digitalnu vidljivost<\/strong> kroz web, newslettere i dru\u0161tvene mre\u017ee konferencije.<\/li>\n<\/ul>\n\n\n\n<h2 class=\"wp-block-heading\">Za\u0161to prisustvovati na DANU PROZORA 2026<\/h2>\n\n\n\n<p><strong>Kao sudionik imate priliku:<\/strong><\/p>\n\n\n\n<ul class=\"wp-block-list\">\n<li>iz prve ruke saznati sve novosti vezane za europsku regulativu, Direktivu, Zakone i Propise vezane za gra\u0111evinsku stolariju<\/li>\n\n\n\n<li>Prakti\u010dna iskustva vezana za nadzore na objektima te u dosta slu\u010daja nepotpuna dokumentacija<\/li>\n\n\n\n<li>Mogu\u0107nost postavljanja pitanja svim na\u0161im stru\u010dnjacina iz ift Rosenheima<\/li>\n\n\n\n<li>Saznati novosti iz svijeta prozora, vrata, fasada, stakla, okova i materijala za ugradnju<\/li>\n\n\n\n<li>Razmjena iskustava sa ostalim sudionicima, novi kontakti i newtworking<\/li>\n<\/ul>\n\n\n\n<p><strong>Vi\u0161e informacija o konferenciji dostupno je na <a href=\"https:\/\/danprozora.hr\/dogadanja\/dan-prozora-2026\/\" target=\"_blank\" rel=\"noreferrer noopener\">slu\u017ebenoj stranici<\/a>.<\/strong><\/p>\n\n\n\n<figure class=\"wp-block-image is-resized\"><img decoding=\"async\" width=\"500\" height=\"314\" src=\"https:\/\/www.prozorivrata.com\/hr\/wp-content\/uploads\/sites\/4\/2024\/03\/ift-Hrvatska-logo-ift-Rosenheim-logo-jpg.webp\" alt=\"ift Rosenheim Hrvatska &amp; ift Rosenheim Njema\u010dka logo\" class=\"wp-image-6915\" style=\"width:158px;height:auto\" srcset=\"https:\/\/www.prozorivrata.com\/hr\/wp-content\/uploads\/sites\/4\/2024\/03\/ift-Hrvatska-logo-ift-Rosenheim-logo-jpg.webp 500w, https:\/\/www.prozorivrata.com\/hr\/wp-content\/uploads\/sites\/4\/2024\/03\/ift-Hrvatska-logo-ift-Rosenheim-logo-300x188.webp 300w\" sizes=\"(max-width: 500px) 100vw, 500px\" \/><\/figure>\n\n\n\n<p>ift Rosenheim Hrvatska<br>Ulica Huga Badali\u0107a 23<br>Hrvatska \u2013 10000 Zagreb<br>T. +385 1 6147 378<br><a href=\"mailto:komac@ift-hrvatska.com\" target=\"_blank\" rel=\"noreferrer noopener\">komac@ift-hrvatska.com<\/a><br><a href=\"mailto:seretin@ift-hrvatska.com\">seretin@ift-hrvatska.com<\/a><br><a href=\"mailto:jakovac@ift-hrvatska.com\">jakovac@ift-hrvatska.com<\/a><br><a href=\"mailto:turk@ift-hrvatska.com\">turk@ift-hrvatska.com<\/a><br><a href=\"http:\/\/www.ift-hrvatska.com\/\" target=\"_blank\" rel=\"noreferrer noopener\">www.ift-hrvatska.com<\/a><\/p>\n","protected":false},"excerpt":{"rendered":"<p>ift Rosenheim Hrvatska, u suradnji s partnerom ift Rosenheim GmbH iz Njema\u010dke, organizira 13. me\u0111unarodnu konferenciju DAN PROZORA 2026, koja \u0107e se odr\u017eati u srijedu, 11. 3. 2026. godine u Hotelu Antunovi\u0107 u Zagrebu. DAN PROZORA ve\u0107 dugi niz godina predstavlja vode\u0107i stru\u010dni skup u regiji u podru\u010dju prozora, vrata i fasada te okuplja vi\u0161e [&hellip;]<\/p>\n","protected":false},"author":124,"featured_media":8529,"comment_status":"closed","ping_status":"closed","sticky":false,"template":"","format":"standard","meta":{"_FSMCFIC_featured_image_caption":"","_FSMCFIC_featured_image_nocaption":"","_FSMCFIC_featured_image_hide":"","footnotes":""},"categories":[47],"tags":[1216,232,235],"class_list":["post-9357","post","type-post","status-publish","format-standard","has-post-thumbnail","hentry","category-novosti","tag-dan-prozora-2026","tag-konferencija","tag-zagreb"],"_links":{"self":[{"href":"https:\/\/www.prozorivrata.com\/hr\/wp-json\/wp\/v2\/posts\/9357","targetHints":{"allow":["GET"]}}],"collection":[{"href":"https:\/\/www.prozorivrata.com\/hr\/wp-json\/wp\/v2\/posts"}],"about":[{"href":"https:\/\/www.prozorivrata.com\/hr\/wp-json\/wp\/v2\/types\/post"}],"author":[{"embeddable":true,"href":"https:\/\/www.prozorivrata.com\/hr\/wp-json\/wp\/v2\/users\/124"}],"replies":[{"embeddable":true,"href":"https:\/\/www.prozorivrata.com\/hr\/wp-json\/wp\/v2\/comments?post=9357"}],"version-history":[{"count":7,"href":"https:\/\/www.prozorivrata.com\/hr\/wp-json\/wp\/v2\/posts\/9357\/revisions"}],"predecessor-version":[{"id":9386,"href":"https:\/\/www.prozorivrata.com\/hr\/wp-json\/wp\/v2\/posts\/9357\/revisions\/9386"}],"wp:featuredmedia":[{"embeddable":true,"href":"https:\/\/www.prozorivrata.com\/hr\/wp-json\/wp\/v2\/media\/8529"}],"wp:attachment":[{"href":"https:\/\/www.prozorivrata.com\/hr\/wp-json\/wp\/v2\/media?parent=9357"}],"wp:term":[{"taxonomy":"category","embeddable":true,"href":"https:\/\/www.prozorivrata.com\/hr\/wp-json\/wp\/v2\/categories?post=9357"},{"taxonomy":"post_tag","embeddable":true,"href":"https:\/\/www.prozorivrata.com\/hr\/wp-json\/wp\/v2\/tags?post=9357"}],"curies":[{"name":"wp","href":"https:\/\/api.w.org\/{rel}","templated":true}]}}