{"id":9115,"date":"2025-10-30T09:31:22","date_gmt":"2025-10-30T08:31:22","guid":{"rendered":"https:\/\/www.prozorivrata.com\/hr\/?p=9115"},"modified":"2026-02-13T09:01:42","modified_gmt":"2026-02-13T08:01:42","slug":"zavrseni-ift-rosenheim-dani-prozora-2025","status":"publish","type":"post","link":"https:\/\/www.prozorivrata.com\/hr\/zavrseni-ift-rosenheim-dani-prozora-2025\/","title":{"rendered":"Zavr\u0161eni ift Rosenheim Dani prozora 2025"},"content":{"rendered":"\n<p><strong>Pod motom Promjenjivi svijet prozora odr\u017eani su 52. ift Rosenheim Dani prozora u periodu od 8. i 9. listopada 2025, koji su informirali o velikim izazovima, ali i prilikama za industriju prozora i fasada koje proizlaze iz konteksta klimatskih promjena, demografije, politi\u010dkih kriza, rastu\u0107ih tro\u0161kova gradnje, nesta\u0161ice stanova i umjetne inteligencije.<\/strong><\/p>\n\n\n\n<p>U svom uvodnom predavanju <strong>prof. dr in\u017e. Winfried Heusler<\/strong>, ravnatelj instituta ift Rosenheim, vrlo je dojmljivo pokazao koliko \u0107e ozbiljne i sna\u017ene biti te promjene.<\/p>\n\n\n<div class=\"wp-block-image\">\n<figure class=\"aligncenter size-full\"><img decoding=\"async\" width=\"1000\" height=\"1000\" src=\"https:\/\/www.prozorivrata.com\/hr\/wp-content\/uploads\/sites\/4\/2025\/10\/Prof.-dr-ing.-Winfried-Heusler-foto-ift-Rosenheim.jpg\" alt=\"Prof. dr ing. Winfried Heusler, direktor instituta ift Rosenheim u svom je predavanju\u201eSvijet u preokretu \u2013 posljedice za industriju prozora i fasada\u201c govorio u ozbiljnom tonu \/ foto: ift Rosenheim\" class=\"wp-image-9123\" srcset=\"https:\/\/www.prozorivrata.com\/hr\/wp-content\/uploads\/sites\/4\/2025\/10\/Prof.-dr-ing.-Winfried-Heusler-foto-ift-Rosenheim.jpg 1000w, https:\/\/www.prozorivrata.com\/hr\/wp-content\/uploads\/sites\/4\/2025\/10\/Prof.-dr-ing.-Winfried-Heusler-foto-ift-Rosenheim-300x300.jpg 300w, https:\/\/www.prozorivrata.com\/hr\/wp-content\/uploads\/sites\/4\/2025\/10\/Prof.-dr-ing.-Winfried-Heusler-foto-ift-Rosenheim-150x150.jpg 150w, https:\/\/www.prozorivrata.com\/hr\/wp-content\/uploads\/sites\/4\/2025\/10\/Prof.-dr-ing.-Winfried-Heusler-foto-ift-Rosenheim-768x768.jpg 768w, https:\/\/www.prozorivrata.com\/hr\/wp-content\/uploads\/sites\/4\/2025\/10\/Prof.-dr-ing.-Winfried-Heusler-foto-ift-Rosenheim-75x75.jpg 75w, https:\/\/www.prozorivrata.com\/hr\/wp-content\/uploads\/sites\/4\/2025\/10\/Prof.-dr-ing.-Winfried-Heusler-foto-ift-Rosenheim-350x350.jpg 350w, https:\/\/www.prozorivrata.com\/hr\/wp-content\/uploads\/sites\/4\/2025\/10\/Prof.-dr-ing.-Winfried-Heusler-foto-ift-Rosenheim-750x750.jpg 750w\" sizes=\"(max-width: 1000px) 100vw, 1000px\" \/><figcaption class=\"wp-element-caption\">Prof. dr ing. Winfried Heusler, ravnatelj instituta ift Rosenheim u svom je predavanju \u201eSvijet u preokretu \u2013 posljedice za industriju prozora i fasada\u201c govorio u ozbiljnom tonu \/ foto: ift Rosenheim<\/figcaption><\/figure>\n<\/div>\n\n\n<p><strong>Zajedni\u010dko obilje\u017eje mnogih predavanja bilo je slovo \u201eR\u201c, koje ozna\u010dava devet aspekata kru\u017enog gospodarstva (Reuse, Remanufacture, Recycling itd.).<\/strong><\/p>\n\n\n\n<p>Sudionici su dobili konkretne prijedloge rje\u0161enja i prakti\u010dne savjete kako se mogu savladati nadolaze\u0107i izazovi. <strong>Time su Rosenheim Dani prozora za proizvo\u0111a\u010de, pru\u017eatelje sustava i dobavlja\u010de ponovno bili nezaobilazan izvor poticaja za strate\u0161ko usmjeravanje i operativnu optimizaciju vlastitih poduze\u0107a.<\/strong><\/p>\n\n\n\n<p>Nakon uvodnih rije\u010di od strane<strong> dr Jochena Peichla <\/strong>(glavni direktor) i <strong>Oskara Andersa<\/strong> (\u010dlan uprave instituta), te pozdravnih rije\u010di gradona\u010delnika Rosenheim-a <strong>Andreasa M\u00e4rza<\/strong>, ravnatelja instituta <strong>prof. dr in\u017e. Winfried Heusler<\/strong> u svom je predavanju <strong>\u201eSvijet u preokretu \u2013 posljedice za industriju prozora i fasada\u201c<\/strong> odmah pre\u0161ao na detalje.<strong> Pokazao je koliko su raznolike i sveobuhvatne promjene, te kako se promijenjeni ekolo\u0161ki, demografski, geopoliti\u010dki i tehnolo\u0161ki okvirni uvjeti me\u0111usobno isprepli\u0107u i utje\u010du jedni na druge.<\/strong><\/p>\n\n\n<div class=\"wp-block-image\">\n<figure class=\"aligncenter size-full\"><img decoding=\"async\" width=\"1200\" height=\"800\" src=\"https:\/\/www.prozorivrata.com\/hr\/wp-content\/uploads\/sites\/4\/2025\/10\/Oskar-Anders-i-dr-Jochen-Peichl-foto-ift-Rosenheim.jpg\" alt=\"Oskar Anders (\u010dlan uprave ift Rosenheim) i dr Jochen Peichl (generalni direktor ift Rosenheim) otvorili su 52. Rosenheim dane prozora \/ photo: ift Rosenheim\" class=\"wp-image-9122\" srcset=\"https:\/\/www.prozorivrata.com\/hr\/wp-content\/uploads\/sites\/4\/2025\/10\/Oskar-Anders-i-dr-Jochen-Peichl-foto-ift-Rosenheim.jpg 1200w, https:\/\/www.prozorivrata.com\/hr\/wp-content\/uploads\/sites\/4\/2025\/10\/Oskar-Anders-i-dr-Jochen-Peichl-foto-ift-Rosenheim-300x200.jpg 300w, https:\/\/www.prozorivrata.com\/hr\/wp-content\/uploads\/sites\/4\/2025\/10\/Oskar-Anders-i-dr-Jochen-Peichl-foto-ift-Rosenheim-1024x683.jpg 1024w, https:\/\/www.prozorivrata.com\/hr\/wp-content\/uploads\/sites\/4\/2025\/10\/Oskar-Anders-i-dr-Jochen-Peichl-foto-ift-Rosenheim-768x512.jpg 768w, https:\/\/www.prozorivrata.com\/hr\/wp-content\/uploads\/sites\/4\/2025\/10\/Oskar-Anders-i-dr-Jochen-Peichl-foto-ift-Rosenheim-750x500.jpg 750w, https:\/\/www.prozorivrata.com\/hr\/wp-content\/uploads\/sites\/4\/2025\/10\/Oskar-Anders-i-dr-Jochen-Peichl-foto-ift-Rosenheim-1140x760.jpg 1140w\" sizes=\"(max-width: 1200px) 100vw, 1200px\" \/><figcaption class=\"wp-element-caption\">Oskar Anders (\u010dlan uprave ift Rosenheim) i dr Jochen Peichl (generalni direktor ift Rosenheim) otvorili su 52. Rosenheim Dane prozora \/ photo: ift Rosenheim<\/figcaption><\/figure>\n<\/div>\n\n\n<p><strong>Iako regulatorne odredbe EU Green Deala donekle su ubla\u017eene novim \u201eomnibus postupkom\u201c, no ipak \u0107e postupno stupiti na snagu.<\/strong><\/p>\n\n\n\n<p>Primjerice, financijski sektor ve\u0107 sada ka\u017enjava financiranje nekretnina bez procjene odr\u017eivosti lo\u0161ijim uvjetima, a nova Uredba o gra\u0111evinskim proizvodima uvest \u0107e odr\u017eivost kao sredi\u0161nji zahtjev uz obvezne dokaze.<strong> Zna\u010denje devet \u201eR\u201c klju\u010dno je za prijelaz na kru\u017eno gospodarstvo.<\/strong><\/p>\n\n\n\n<p><strong>Serijska i modularna gradnja najbolje \u0107e ostvariti odr\u017eivu i digitalnu transformaciju zahvaljuju\u0107i prikupljanju i kori\u0161tenju digitalnih podataka te optimiziranoj automatizaciji. <\/strong>Rezultat su bolja kvaliteta i ve\u0107a produktivnost.<\/p>\n\n\n\n<p>Uz to, sve izra\u017eenije posljedice klimatskih promjena i s njima povezana klimatska otpornost moraju se promatrati kao strate\u0161ki imperativ, zbog \u010dega gra\u0111evinski proizvodi moraju postati \u201eotporni na klimu\u201c.<\/p>\n\n\n\n<p><strong>Opisuju\u0107i sebe kao \u201enepopravljivog optimista\u201c, profesor Heusler ponudio je \u201eekosustavu\u201c industrije prozora i fasada, koji uklju\u010duje proizvo\u0111a\u010de, dobavlja\u010de sustava, strate\u0161ke i prakti\u010dne preporuke o tome kako uspje\u0161no upravljati transformacijom.<\/strong><\/p>\n\n\n\n<p>To se mo\u017ee posti\u0107i ili kroz povoljne, standardizirane proizvode, ili kroz razlikovne karakteristike koje investitori konkretno tra\u017ee.<\/p>\n\n\n\n<p><strong>Pozvao je struku da transformaciju shvati kao evoluciju, a ne revoluciju.<\/strong> Pravovremenim prilagodbama i razvojem konstrukcija pogodnih za kru\u017eno gospodarstvo mo\u017ee se uspje\u0161no zapo\u010deti ulazak u cirkularnu gra\u0111evinsku industriju \u2013 ina\u010de prijeti disruptivan razvoj koji poznaje malo pobjednika, ali mnogo gubitnika.<\/p>\n\n\n\n<p><strong>Sli\u010dnu je procjenu iznio i Roland Sitzberger (Porsche Consulting), naglasiv\u0161i koliko se temeljno moraju (i morat \u0107e) promijeniti lanci dodatne vrijednosti u graditeljstvu kako bi se uz ve\u0107u produktivnost moglo zadr\u017eati tr\u017ei\u0161no mjesto.<\/strong><\/p>\n\n\n<div class=\"wp-block-image\">\n<figure class=\"aligncenter size-full\"><img decoding=\"async\" width=\"1000\" height=\"1000\" src=\"https:\/\/www.prozorivrata.com\/hr\/wp-content\/uploads\/sites\/4\/2025\/10\/Roland-Sitzberger-tokom-predavanja-foto-ift-Rosenheim.jpg\" alt=\"Roland Sitzberger (Porsche Consulting) tijekom svog predavanja \u201eNovi lanac dodatne vrijednosti u gra\u0111evinarstvu \u2013 tko vodi, tko slijedi, tko gubi!&quot; \/ photo: ift Rosenheim\" class=\"wp-image-9124\" srcset=\"https:\/\/www.prozorivrata.com\/hr\/wp-content\/uploads\/sites\/4\/2025\/10\/Roland-Sitzberger-tokom-predavanja-foto-ift-Rosenheim.jpg 1000w, https:\/\/www.prozorivrata.com\/hr\/wp-content\/uploads\/sites\/4\/2025\/10\/Roland-Sitzberger-tokom-predavanja-foto-ift-Rosenheim-300x300.jpg 300w, https:\/\/www.prozorivrata.com\/hr\/wp-content\/uploads\/sites\/4\/2025\/10\/Roland-Sitzberger-tokom-predavanja-foto-ift-Rosenheim-150x150.jpg 150w, https:\/\/www.prozorivrata.com\/hr\/wp-content\/uploads\/sites\/4\/2025\/10\/Roland-Sitzberger-tokom-predavanja-foto-ift-Rosenheim-768x768.jpg 768w, https:\/\/www.prozorivrata.com\/hr\/wp-content\/uploads\/sites\/4\/2025\/10\/Roland-Sitzberger-tokom-predavanja-foto-ift-Rosenheim-75x75.jpg 75w, https:\/\/www.prozorivrata.com\/hr\/wp-content\/uploads\/sites\/4\/2025\/10\/Roland-Sitzberger-tokom-predavanja-foto-ift-Rosenheim-350x350.jpg 350w, https:\/\/www.prozorivrata.com\/hr\/wp-content\/uploads\/sites\/4\/2025\/10\/Roland-Sitzberger-tokom-predavanja-foto-ift-Rosenheim-750x750.jpg 750w\" sizes=\"(max-width: 1000px) 100vw, 1000px\" \/><figcaption class=\"wp-element-caption\">Roland Sitzberger (Porsche Consulting) tijekom svog predavanja \u201eNovi lanac dodatne vrijednosti u gra\u0111evinarstvu \u2013 tko vodi, tko slijedi, tko gubi!&#8221; \/ photo: ift Rosenheim<\/figcaption><\/figure>\n<\/div>\n\n\n<p>Opisao je kako \u0107e rastu\u0107i tro\u0161kovi materijala i energije, nedostatak kvalificirane radne snage, stambena kriza i zaostatak u investicijama prisiliti gra\u0111evinski sektor na nu\u017ene promjene.<\/p>\n\n\n\n<p><strong>Potreba za novim, na klijenta usmjerenim lancem vrijednosti potkrijepljena je primjerima inovativnih poslovnih modela te mogu\u0107nostima modularizacije i industrijalizacije.<\/strong><\/p>\n\n\n\n<p>Tvrtke sada moraju mijenjati svoje procese i ulagati u digitalna rje\u0161enja kako bi pove\u0107ala u\u010dinkovitost i produktivnost. Zato bi mala i srednja poduze\u0107a trebala razvijati i koristiti partnerske suradnje.<\/p>\n\n\n\n<p>U svom zavr\u0161nom plenarnom predavanju u srijedu nave\u010der, <strong>prof. dr Manfred Fischedick<\/strong> (Wuppertal Institut) u izlaganju <strong>\u201eZemlja za sve \u2013 Krenimo prema budu\u0107nosti za sve\u201c<\/strong> sna\u017eno je pozvao na odr\u017eiviji gospodarski pristup, kako bi se jo\u0161 uvijek mogli sprije\u010diti prijete\u0107i u\u010dinci klimatskih promjena i o\u0161te\u0107enih ekosustava, pritom je upozorio i na rastu\u0107e temperature, te ekstremne vremenske pojave u Njema\u010dkoj.<\/p>\n\n\n<div class=\"wp-block-image\">\n<figure class=\"aligncenter size-full\"><img decoding=\"async\" width=\"1000\" height=\"1000\" src=\"https:\/\/www.prozorivrata.com\/hr\/wp-content\/uploads\/sites\/4\/2025\/10\/Prof.-dr-Manfred-Fischedick-foto-ift-Rosenheim.jpg\" alt=\"Prof. dr Manfred Fischedick (Institut Wuppertal) odr\u017eao je predavanje \u201eZemlja za sve \u2013 put prema budu\u0107nosti za sve\u201c \/ photo: ift Rosenheim\" class=\"wp-image-9125\" srcset=\"https:\/\/www.prozorivrata.com\/hr\/wp-content\/uploads\/sites\/4\/2025\/10\/Prof.-dr-Manfred-Fischedick-foto-ift-Rosenheim.jpg 1000w, https:\/\/www.prozorivrata.com\/hr\/wp-content\/uploads\/sites\/4\/2025\/10\/Prof.-dr-Manfred-Fischedick-foto-ift-Rosenheim-300x300.jpg 300w, https:\/\/www.prozorivrata.com\/hr\/wp-content\/uploads\/sites\/4\/2025\/10\/Prof.-dr-Manfred-Fischedick-foto-ift-Rosenheim-150x150.jpg 150w, https:\/\/www.prozorivrata.com\/hr\/wp-content\/uploads\/sites\/4\/2025\/10\/Prof.-dr-Manfred-Fischedick-foto-ift-Rosenheim-768x768.jpg 768w, https:\/\/www.prozorivrata.com\/hr\/wp-content\/uploads\/sites\/4\/2025\/10\/Prof.-dr-Manfred-Fischedick-foto-ift-Rosenheim-75x75.jpg 75w, https:\/\/www.prozorivrata.com\/hr\/wp-content\/uploads\/sites\/4\/2025\/10\/Prof.-dr-Manfred-Fischedick-foto-ift-Rosenheim-350x350.jpg 350w, https:\/\/www.prozorivrata.com\/hr\/wp-content\/uploads\/sites\/4\/2025\/10\/Prof.-dr-Manfred-Fischedick-foto-ift-Rosenheim-750x750.jpg 750w\" sizes=\"(max-width: 1000px) 100vw, 1000px\" \/><figcaption class=\"wp-element-caption\">Prof. dr Manfred Fischedick (Institut Wuppertal) odr\u017eao je predavanje \u201eZemlja za sve \u2013 put prema budu\u0107nosti za sve\u201c \/ photo: ift Rosenheim<\/figcaption><\/figure>\n<\/div>\n\n\n<p><strong>Naglasio je, me\u0111utim, da politi\u010dka i tehni\u010dka rje\u0161enja ve\u0107 postoje, te da industrija prozora ima va\u017enu ulogu u energetskoj obnovi postoje\u0107eg fonda zgrada te u preobrazbi prema klimatskoj neutralnosti i kru\u017enom gospodarstvu.<\/strong><\/p>\n\n\n\n<p>Uz ograni\u010davanje klimatskih promjena, potrebno je tako\u0111er uzeti u obzir planetarne granice (upotrebu sirovina i ekosustava), kao i dru\u0161tvene nejednakosti koje prate transformaciju.<\/p>\n\n\n\n<p><strong>Fischedick je zaklju\u010dio pozivom na zajedni\u010dki rad na rje\u0161enjima, kako bi se postigli zacrtani klimatski ciljevi i izgradila odr\u017eiva budu\u0107nost za sve.<\/strong><\/p>\n\n\n\n<p>Plenarno predavanje u \u010detvrtak u podne odr\u017eao je <strong>prof. Christian Niem\u00f6ller<\/strong> (SMNG Rechtsanwaltsgesellschaft), koji je pru\u017eio a\u017euriran, stru\u010dan i dinami\u010dan pregled aktualnih pravnih pitanja i presuda.<\/p>\n\n\n<div class=\"wp-block-image\">\n<figure class=\"aligncenter size-full\"><img decoding=\"async\" width=\"1000\" height=\"1000\" src=\"https:\/\/www.prozorivrata.com\/hr\/wp-content\/uploads\/sites\/4\/2025\/10\/Prof.-Christian-Niemoller-foto-ift-Rosenheim.jpg\" alt=\"Prof. Christian Niem\u00f6ller (SMNG odvjetni\u010dko dru\u0161tvo) dao je va\u017ene savjete o aktualnoj sudskoj praksi u gra\u0111evinskom pravu \/ photo: ift Rosenheim\" class=\"wp-image-9126\" srcset=\"https:\/\/www.prozorivrata.com\/hr\/wp-content\/uploads\/sites\/4\/2025\/10\/Prof.-Christian-Niemoller-foto-ift-Rosenheim.jpg 1000w, https:\/\/www.prozorivrata.com\/hr\/wp-content\/uploads\/sites\/4\/2025\/10\/Prof.-Christian-Niemoller-foto-ift-Rosenheim-300x300.jpg 300w, https:\/\/www.prozorivrata.com\/hr\/wp-content\/uploads\/sites\/4\/2025\/10\/Prof.-Christian-Niemoller-foto-ift-Rosenheim-150x150.jpg 150w, https:\/\/www.prozorivrata.com\/hr\/wp-content\/uploads\/sites\/4\/2025\/10\/Prof.-Christian-Niemoller-foto-ift-Rosenheim-768x768.jpg 768w, https:\/\/www.prozorivrata.com\/hr\/wp-content\/uploads\/sites\/4\/2025\/10\/Prof.-Christian-Niemoller-foto-ift-Rosenheim-75x75.jpg 75w, https:\/\/www.prozorivrata.com\/hr\/wp-content\/uploads\/sites\/4\/2025\/10\/Prof.-Christian-Niemoller-foto-ift-Rosenheim-350x350.jpg 350w, https:\/\/www.prozorivrata.com\/hr\/wp-content\/uploads\/sites\/4\/2025\/10\/Prof.-Christian-Niemoller-foto-ift-Rosenheim-750x750.jpg 750w\" sizes=\"(max-width: 1000px) 100vw, 1000px\" \/><figcaption class=\"wp-element-caption\">Prof. Christian Niem\u00f6ller (SMNG odvjetni\u010dko dru\u0161tvo) dao je va\u017ene savjete o aktualnoj sudskoj praksi u gra\u0111evinskom pravu \/ photo: ift Rosenheim<\/figcaption><\/figure>\n<\/div>\n\n\n<p><strong>Prvi dio njegovog predavanja bavio se Zakonom o ja\u010danju pravosudnih sjedi\u0161ta (Justizstandort-St\u00e4rkungsgesetz), koji je gotovo neprimjetno stupio na snagu 1. travnja 2025.<\/strong><\/p>\n\n\n\n<p><strong>Cilj zakona jest omogu\u0107iti brzo i jednostavno rje\u0161avanje gospodarsko-pravnih sporova, i to \u010dak na engleskom jeziku \u2013 \u0161to je posebno zanimljivo za me\u0111unarodne projekte.<\/strong> Pritom valja obratiti pozornost na neke zamke: primjerice, da se nadle\u017enost suda mo\u017ee slobodno odabrati, te da se vo\u0111enje postupka na engleskom jeziku smatra pre\u0161utno dogovorenim ako se tu\u017eenik u svom odgovoru na tu\u017ebu \u201ebez prigovora\u201c upusti u kori\u0161tenje engleskog jezika.<\/p>\n\n\n\n<p><strong>Prakti\u010dno relevantni savjeti bili su Niem\u00f6llerova tuma\u010denja aktualnih sudskih odluka:<\/strong><\/p>\n\n\n\n<ul class=\"wp-block-list\">\n<li>Kod trgova\u010dkih potvrda narud\u017ebe, primatelj mora odmah prigovoriti ako ne prihva\u0107a njihov sadr\u017eaj (BGH, odluka od 07. 08. 2024; IBR 2025, 3).<\/li>\n\n\n\n<li>To sli\u010dno vrijedi i za neprigovoreno prihva\u0107anje zapisnika s gradili\u0161ta, koje se u protivnom tuma\u010di kao pristanak na njegov sadr\u017eaj \u2013 \u010dak i ako je predstavnik primatelja postupao bez punomo\u0107i, primjerice voditelj gradili\u0161ta ili monta\u017ee (BGH, odluka od 04. 12. 2024; IBR 2025, 393).<\/li>\n\n\n\n<li>Uobi\u010dajena praksa upu\u0107ivanja na op\u0107e uvjete poslovanja (AGB) koji su dostupni samo online, prema novoj sudskoj praksi, neva\u017ee\u0107a je zbog kr\u0161enja na\u010dela transparentnosti (BGH, presuda od 10. 07. 2025).<\/li>\n\n\n\n<li>Jo\u0161 jedan va\u017ean naputak odnosio se na raskid VOB\/B ugovora od strane naru\u010ditelja ako se ne po\u0161tuju rokovi izvo\u0111enja. U tom se slu\u010daju pove\u0107anje broja radnika uz rok od tri radna dana smatra primjerenom mjerom (BGH, odluka od 29. 01. 2025; IBR 2025, 398).<\/li>\n<\/ul>\n\n\n\n<p><strong>Sredi\u0161nje teme odr\u017eivosti i digitalizacije obra\u0111ene su detaljno u nizu stru\u010dnih predavanja.<\/strong><\/p>\n\n\n\n<p><strong>U tematskom bloku \u201eOdr\u017eivost i otpornost\u201c, Norbert Sack<\/strong> <strong>(ift) izvijestio je o teku\u0107em projektu istra\u017eivanja i razvoja koji razvija rje\u0161enja i strategije za industriju prozora i fasada na putu prema kru\u017enom gospodarstvu, \u0161to je politi\u010dki i zakonski sve vi\u0161e zahtijevano.<\/strong><\/p>\n\n\n\n<p><strong>Prof. dr Martin Teich<\/strong> (Visoka \u0161kola M\u00fcnchen) govorio je na sli\u010dan na\u010din o odr\u017eivijem postupanju s ravnim staklom (MIG). Na primjeru ponovne i daljnje upotrebe ravnog stakla iz postoje\u0107ih zgrada, pokazao je \u0161to se konkretno krije iza pojmova \u201eReUse, ReFurbish i ReManufacture\u201c.<\/p>\n\n\n\n<p><strong>Prof. dr Alexander Stolz <\/strong>(Fraunhofer EMI, Sveu\u010dili\u0161te Freiburg) nadopunio je izlaganje primjerom \u0161teta od poplava, pokazuju\u0107i kako se putem posebnog softverskog alata mo\u017ee izra\u010dunati ekonomska isplativost klimatski sigurnih gra\u0111evinskih proizvoda, te ih na taj na\u010din bolje predstaviti investitorima i naru\u010diteljima. Za prilagodbu podataka njema\u010dkim gra\u0111evinskim uvjetima potrebno je, me\u0111utim, jo\u0161 dodatnog rada.<\/p>\n\n\n<div class=\"wp-block-image\">\n<figure class=\"aligncenter size-full\"><img decoding=\"async\" width=\"800\" height=\"1200\" src=\"https:\/\/www.prozorivrata.com\/hr\/wp-content\/uploads\/sites\/4\/2025\/10\/Prof.-dr-Alexander-Stolz-foto-ift-Rosenheim.jpg\" alt=\"Prof. dr Alexander Stolz (Fraunhofer EMI, Sveu\u010dili\u0161te u Freiburgu) pokazao je kako se mjere prilagodbe na posljedice klimatskih promjena mogu ekonomski procijeniti \/ photo: ift Rosenheim\" class=\"wp-image-9128\" srcset=\"https:\/\/www.prozorivrata.com\/hr\/wp-content\/uploads\/sites\/4\/2025\/10\/Prof.-dr-Alexander-Stolz-foto-ift-Rosenheim.jpg 800w, https:\/\/www.prozorivrata.com\/hr\/wp-content\/uploads\/sites\/4\/2025\/10\/Prof.-dr-Alexander-Stolz-foto-ift-Rosenheim-200x300.jpg 200w, https:\/\/www.prozorivrata.com\/hr\/wp-content\/uploads\/sites\/4\/2025\/10\/Prof.-dr-Alexander-Stolz-foto-ift-Rosenheim-683x1024.jpg 683w, https:\/\/www.prozorivrata.com\/hr\/wp-content\/uploads\/sites\/4\/2025\/10\/Prof.-dr-Alexander-Stolz-foto-ift-Rosenheim-768x1152.jpg 768w, https:\/\/www.prozorivrata.com\/hr\/wp-content\/uploads\/sites\/4\/2025\/10\/Prof.-dr-Alexander-Stolz-foto-ift-Rosenheim-750x1125.jpg 750w\" sizes=\"(max-width: 800px) 100vw, 800px\" \/><figcaption class=\"wp-element-caption\">Prof. dr Alexander Stolz (Fraunhofer EMI, Sveu\u010dili\u0161te u Freiburgu) pokazao je kako se mjere prilagodbe na posljedice klimatskih promjena mogu ekonomski procijeniti \/ photo: ift Rosenheim<\/figcaption><\/figure>\n<\/div>\n\n\n<p><strong>Tematski blok \u201eDigitalizacija u gra\u0111evinskoj industriji\u201c<\/strong> bavio se jednim od klju\u010dnih podru\u010dja koje pred projektante, investitore i proizvo\u0111a\u010de postavlja velike izazove.<strong> Thomas Kirmayr (Fraunhofer-Allianz Bau) objasnio je kako treba razvijati digitalni \u201egra\u0111evinski ekosustav\u201c i kako se moraju strukturirati podaci.<\/strong><\/p>\n\n\n\n<p>Upozorio je da jo\u0161 nije vrijeme za \u201estihijsko\u201c prikupljanje podataka, ve\u0107 da treba pri\u010dekati razvoj potrebnih podatkovnih struktura.<\/p>\n\n\n\n<p>Bez jasnih smjernica za jedinstvenu strukturu potrebnih podataka, interoperabilnost (nesmetana razmjena podataka) me\u0111u razli\u010ditim sudionicima u industriji, kao i digitalna transformacija, ne\u0107e biti mogu\u0107a.<\/p>\n\n\n\n<p><strong>Kirmayr je zatim predstavio kako se taj digitalni gra\u0111evinski ekosustav razvija kroz razli\u010dite projekte istra\u017eivanja i razvoja (GAIA-X, Construct-X i dr.).<\/strong><\/p>\n\n\n<div class=\"wp-block-image\">\n<figure class=\"aligncenter size-full\"><img decoding=\"async\" width=\"1000\" height=\"1000\" src=\"https:\/\/www.prozorivrata.com\/hr\/wp-content\/uploads\/sites\/4\/2025\/10\/Thomas-Kirmayr-foto-ift-Rosenheim.jpg\" alt=\"Thomas Kirmayr (Fraunhofer-Allianz Bau) stru\u010dno i s entuzijazmom je objasnio \u0161to zna\u010di pojam \u201edigitalni gra\u0111evinski ekosustav\u201c \/ foto: ift Rosenheim\" class=\"wp-image-9120\" srcset=\"https:\/\/www.prozorivrata.com\/hr\/wp-content\/uploads\/sites\/4\/2025\/10\/Thomas-Kirmayr-foto-ift-Rosenheim.jpg 1000w, https:\/\/www.prozorivrata.com\/hr\/wp-content\/uploads\/sites\/4\/2025\/10\/Thomas-Kirmayr-foto-ift-Rosenheim-300x300.jpg 300w, https:\/\/www.prozorivrata.com\/hr\/wp-content\/uploads\/sites\/4\/2025\/10\/Thomas-Kirmayr-foto-ift-Rosenheim-150x150.jpg 150w, https:\/\/www.prozorivrata.com\/hr\/wp-content\/uploads\/sites\/4\/2025\/10\/Thomas-Kirmayr-foto-ift-Rosenheim-768x768.jpg 768w, https:\/\/www.prozorivrata.com\/hr\/wp-content\/uploads\/sites\/4\/2025\/10\/Thomas-Kirmayr-foto-ift-Rosenheim-75x75.jpg 75w, https:\/\/www.prozorivrata.com\/hr\/wp-content\/uploads\/sites\/4\/2025\/10\/Thomas-Kirmayr-foto-ift-Rosenheim-350x350.jpg 350w, https:\/\/www.prozorivrata.com\/hr\/wp-content\/uploads\/sites\/4\/2025\/10\/Thomas-Kirmayr-foto-ift-Rosenheim-750x750.jpg 750w\" sizes=\"(max-width: 1000px) 100vw, 1000px\" \/><figcaption class=\"wp-element-caption\">Thomas Kirmayr (Fraunhofer-Allianz Bau) stru\u010dno i s entuzijazmom je objasnio \u0161to zna\u010di pojam \u201edigitalni gra\u0111evinski ekosustav\u201c \/ foto: ift Rosenheim<\/figcaption><\/figure>\n<\/div>\n\n\n<p>Me\u0111utim, nu\u017ene su jasne smjernice kroz norme i zakone, standardizacija procesa, centralno pohranjivanje i a\u017euriranje izvornih podataka (npr. tehni\u010dkih svojstava proizvoda) umjesto brojnih kopija na razli\u010ditim mjestima, te osposobljavanje svih sudionika.<\/p>\n\n\n\n<p>Posebno se mala i srednja poduze\u0107a moraju dodatno podr\u017eati kako bi razvila potrebne digitalne kompetencije.<\/p>\n\n\n\n<p>Poduze\u0107a u gra\u0111evinskom sektoru zatim bi trebala aktivno koristiti digitalne podatke i alate kako bi postala u\u010dinkovitija i odr\u017eivija.<\/p>\n\n\n\n<p>Na sli\u010dan na\u010din argumentirao je i Michael Breckl-Stock (ift Rosenheim), koji je dao prvi uvid u \u201eDigitalnu putovnicu proizvoda\u201c (DPP) opisan u Poglavlju X Uredbe o gra\u0111evinskim proizvodima.<\/p>\n\n\n\n<p><strong>Podaci o karakteristikama proizvoda moraju biti strojno \u010ditljivi i me\u0111usobno interoperabilni \u2013 dakle vi\u0161e od obi\u010dne PDF datoteke.<\/strong> Procjenjuje se da \u0107e se raditi o oko 300 podataka, koji se temelje na deklaraciji o svojstvima i sukladnosti, informacijama o proizvodu, sigurnosnim napomenama, te tehni\u010dkoj dokumentaciji (odr\u017eavanje, monta\u017ea itd.), kao i na relevantnim podacima iz drugih EU uredbi (npr. kemijske uredbe REACH).<\/p>\n\n\n\n<p><strong>Podaci bi trebali biti dostupni najmanje 25 godina svim sudionicima gradnje, investitorima i vlasnicima, te moraju biti povezani s proizvodom (npr. putem QR koda).<\/strong><\/p>\n\n\n\n<p><strong>Europska komisija planira 2027. godine, putem \u201edelegiranog akta\u201c, odrediti sve pojedinosti i potom uspostaviti sredi\u0161nju bazu podataka.<\/strong> Izvje\u0161\u0107a o ve\u0107 dostupnim DPP-ovima stoga su pogre\u0161na, jer se naj\u010de\u0161\u0107e odnose na DPP-ove prema pravilima Uredbe o ekolo\u0161kom dizajnu (Ecodesign), koja ne vrijedi za gra\u0111evinske proizvode.<\/p>\n\n\n\n<p><strong>ift Rosenheim<\/strong> sudjeluje u razvojnim procesima i pobrinut \u0107e se da potreban anga\u017eman njihovih klijenata bude \u0161to manji.<\/p>\n\n\n\n<p><strong>Tematski blok \u201eUredba o gra\u0111evinskim proizvodima i tr\u017ei\u0161te\u201c jasno je pokazao da \u0107e i nove uredbe (BauPVO), norme, zakoni i poticajni programi donijeti nove zahtjeve vezane uz odr\u017eivost.<\/strong><\/p>\n\n\n\n<p><strong>Prof. J\u00f6rn P. Lass<\/strong> <strong>(ift Rosenheim) predstavio je glavne promjene nove Uredbe o gra\u0111evinskim proizvodima (BauPVO), koja je stupila na snagu 7. sije\u010dnja 2025, a cilj joj je pobolj\u0161ati promicanje odr\u017eivosti i digitalizacije u gra\u0111evinskom sektoru. <\/strong>Uz dosada\u0161njih sedam zahtjeva, sada se kao osmi dodaje odr\u017eivost.<\/p>\n\n\n\n<p><strong>Zna\u010dajne promjene proizlaze i u procjeni sukladnosti (AVCP sustav 3),<\/strong> gdje \u0107e se izjava o svojstvima i izjava o sukladnosti objediniti, a utjecaji na okoli\u0161 procjenjivat \u0107e se tijekom cijelog \u017eivotnog ciklusa proizvoda. Konkretni detalji provedbe bit \u0107e zatim ure\u0111eni pojedina\u010dnim proizvodnim normama. Prioritet imaju norme za unutarnja i vanjska vrata, prozore, tende i sustave zasjenjivanja.<\/p>\n\n\n<div class=\"wp-block-image\">\n<figure class=\"aligncenter size-full\"><img decoding=\"async\" width=\"800\" height=\"1200\" src=\"https:\/\/www.prozorivrata.com\/hr\/wp-content\/uploads\/sites\/4\/2025\/10\/posetioci-u-konferencijskoj-sali-na-Dani-prozora-2025-foto-ift-Rosenheim.jpg\" alt=\"Posjetitelji u konferencijskoj sali na Dani prozora 2025 \/ photo: ift Rosenheim Hrvatska\" class=\"wp-image-9116\" srcset=\"https:\/\/www.prozorivrata.com\/hr\/wp-content\/uploads\/sites\/4\/2025\/10\/posetioci-u-konferencijskoj-sali-na-Dani-prozora-2025-foto-ift-Rosenheim.jpg 800w, https:\/\/www.prozorivrata.com\/hr\/wp-content\/uploads\/sites\/4\/2025\/10\/posetioci-u-konferencijskoj-sali-na-Dani-prozora-2025-foto-ift-Rosenheim-200x300.jpg 200w, https:\/\/www.prozorivrata.com\/hr\/wp-content\/uploads\/sites\/4\/2025\/10\/posetioci-u-konferencijskoj-sali-na-Dani-prozora-2025-foto-ift-Rosenheim-683x1024.jpg 683w, https:\/\/www.prozorivrata.com\/hr\/wp-content\/uploads\/sites\/4\/2025\/10\/posetioci-u-konferencijskoj-sali-na-Dani-prozora-2025-foto-ift-Rosenheim-768x1152.jpg 768w, https:\/\/www.prozorivrata.com\/hr\/wp-content\/uploads\/sites\/4\/2025\/10\/posetioci-u-konferencijskoj-sali-na-Dani-prozora-2025-foto-ift-Rosenheim-750x1125.jpg 750w\" sizes=\"(max-width: 800px) 100vw, 800px\" \/><figcaption class=\"wp-element-caption\">Posjetitelji u konferencijskoj sali na Dani prozora 2025 \/ photo: ift Rosenheim Hrvatska<\/figcaption><\/figure>\n<\/div>\n\n\n<p><strong>Staklo i fasade trenutno se jo\u0161 smatraju manje prioritetnima, ali bi se trebale razvijati paralelno s navedenim normama u okviru \u201eFast Track\u201c postupka.<\/strong><\/p>\n\n\n\n<p><strong>Za prozore i vanjska vrata planira se integracija zahtjeva iz normi EN 16034 (za\u0161tita od po\u017eara i dima) te EN 16361 (automatska vrata).<\/strong><\/p>\n\n\n\n<p><strong>ift Rosenheim \u0107e se zalagati za zadr\u017eavanje provjerenih rje\u0161enja, primjerice tehni\u010dke dokaze za obitelji proizvoda umjesto deklariranja svakog pojedinog elementa.<\/strong><\/p>\n\n\n\n<p><strong>\u201eVijesti iz Berlina\u201c koje su predstavili Frank Lange<\/strong> (Udruga prozora i fasada \u2013 VFF) <strong>i Jochen Gr\u00f6negr\u00e4s <\/strong>(Savezno udru\u017eenje za ravno staklo \u2013 BF) ponovno su izazvale veliko zanimanje, jer pravila i fondovi za novogradnju i obnovu izravno utje\u010du na poslovne izglede poduze\u0107a.<\/p>\n\n\n<div class=\"wp-block-image\">\n<figure class=\"aligncenter size-full\"><img decoding=\"async\" width=\"1200\" height=\"800\" src=\"https:\/\/www.prozorivrata.com\/hr\/wp-content\/uploads\/sites\/4\/2025\/10\/Jochen-Gronegras-i-Frank-Lange-foto-ift-Rosenheim.jpg\" alt=\"Jochen Gr\u00f6negr\u00e4s (Savez ravnog stakla \u2013 BF) i Frank Lange (Udruga prozora i fasada \u2013 VFF) izvijestili su o najnovijim politi\u010dkim planovima i zakonodavnim inicijativama u Berlinu (slijeva na desno) \/ photo: ift Rosenheim\" class=\"wp-image-9121\" srcset=\"https:\/\/www.prozorivrata.com\/hr\/wp-content\/uploads\/sites\/4\/2025\/10\/Jochen-Gronegras-i-Frank-Lange-foto-ift-Rosenheim.jpg 1200w, https:\/\/www.prozorivrata.com\/hr\/wp-content\/uploads\/sites\/4\/2025\/10\/Jochen-Gronegras-i-Frank-Lange-foto-ift-Rosenheim-300x200.jpg 300w, https:\/\/www.prozorivrata.com\/hr\/wp-content\/uploads\/sites\/4\/2025\/10\/Jochen-Gronegras-i-Frank-Lange-foto-ift-Rosenheim-1024x683.jpg 1024w, https:\/\/www.prozorivrata.com\/hr\/wp-content\/uploads\/sites\/4\/2025\/10\/Jochen-Gronegras-i-Frank-Lange-foto-ift-Rosenheim-768x512.jpg 768w, https:\/\/www.prozorivrata.com\/hr\/wp-content\/uploads\/sites\/4\/2025\/10\/Jochen-Gronegras-i-Frank-Lange-foto-ift-Rosenheim-750x500.jpg 750w, https:\/\/www.prozorivrata.com\/hr\/wp-content\/uploads\/sites\/4\/2025\/10\/Jochen-Gronegras-i-Frank-Lange-foto-ift-Rosenheim-1140x760.jpg 1140w\" sizes=\"(max-width: 1200px) 100vw, 1200px\" \/><figcaption class=\"wp-element-caption\">Jochen Gr\u00f6negr\u00e4s (Savez ravnog stakla \u2013 BF) i Frank Lange (Udruga prozora i fasada \u2013 VFF) izvijestili su o najnovijim politi\u010dkim planovima i zakonodavnim inicijativama u Berlinu (slijeva na desno) \/ photo: ift Rosenheim<\/figcaption><\/figure>\n<\/div>\n\n\n<p>Analiza tr\u017ei\u0161ta dviju udruga jasno je pokazala da tr\u017ei\u0161te obnove, s udjelom od oko 68%, ima najve\u0107i tr\u017ei\u0161ni udio i ostalo je relativno stabilno, dok je tr\u017ei\u0161te novogradnje znatno palo.<\/p>\n\n\n\n<p><strong>Oporavak se o\u010dekuje tek 2026. godine, kada bi trebali stupiti na snagu ve\u0107 odobreni poticaji.<\/strong> Va\u017eno je dugoro\u010dno planirati dovoljno sredstava kako bi se osigurala stabilna i pouzdana potpora.<\/p>\n\n\n\n<p><strong>Trenuta\u010dna studija Prognos pod nazivom \u201eProcjena u\u010dinka politi\u010dkih instrumenata za energetsku obnovu zgrada i novogradnju\u201c<\/strong> vrlo jasno pokazuje mogu\u0107e pozitivne u\u010dinke za poticanje tr\u017ei\u0161ta stanogradnje, aktiviranje privatnih ulaganja, smanjenje emisija stakleni\u010dkih plinova (THG) te stvaranje dodatnog stambenog prostora \u2013 i to \u010dak uz pove\u0107anje poreznih prihoda!<\/p>\n\n\n\n<p><strong>Za obnovu postoje\u0107ih zgrada, studija je ispitala pobolj\u0161ane subvencije za Savezni zakon o gradnji (BEG), porezne odbitke (posebno za naslije\u0111ene nekretnine) i posebnu amortizacijsku naknadu za najlo\u0161ije zgrade (WPB).<\/strong><\/p>\n\n\n\n<p>Za novogradnju su analizirani u\u010dinci potpore za odobrene zgrade prema standardu EH55, podre\u0111eni krediti s povoljnim kamatama te smanjenje poreza na promet nekretnina za vlasnike koji sami koriste nekretninu.<\/p>\n\n\n\n<p>S tim \u0107e sna\u017enim argumentima udruge sada intenzivno tra\u017eiti od politi\u010dkih donositelja odluka pobolj\u0161anje poticajnih programa. Uz to su predstavljene i vrijedne informacije iz prakse.<\/p>\n\n\n\n<p><strong>U tematskom bloku \u201eFasada i arhitektura\u201c predstavljen je zanimljiv fasadni projekt novogradnje \u201eTranslational Science Center (TSC)\u201c, koji farmaceutska tvrtka Merck gradi za 500 zaposlenika kao integriranu, fleksibilno upotrebljivu i \u201ezelenu\u201c laboratorijsku zgradu.<\/strong><\/p>\n\n\n<div class=\"wp-block-image\">\n<figure class=\"aligncenter size-full\"><img decoding=\"async\" width=\"1200\" height=\"900\" src=\"https:\/\/www.prozorivrata.com\/hr\/wp-content\/uploads\/sites\/4\/2025\/10\/Dani-prozora-2025-photo-ift-Rosenheim.jpg\" alt=\"52. ift Rosenheim Dani prozora \/ photo: ift Rosenheim Hrvatska\" class=\"wp-image-9117\" srcset=\"https:\/\/www.prozorivrata.com\/hr\/wp-content\/uploads\/sites\/4\/2025\/10\/Dani-prozora-2025-photo-ift-Rosenheim.jpg 1200w, https:\/\/www.prozorivrata.com\/hr\/wp-content\/uploads\/sites\/4\/2025\/10\/Dani-prozora-2025-photo-ift-Rosenheim-300x225.jpg 300w, https:\/\/www.prozorivrata.com\/hr\/wp-content\/uploads\/sites\/4\/2025\/10\/Dani-prozora-2025-photo-ift-Rosenheim-1024x768.jpg 1024w, https:\/\/www.prozorivrata.com\/hr\/wp-content\/uploads\/sites\/4\/2025\/10\/Dani-prozora-2025-photo-ift-Rosenheim-768x576.jpg 768w, https:\/\/www.prozorivrata.com\/hr\/wp-content\/uploads\/sites\/4\/2025\/10\/Dani-prozora-2025-photo-ift-Rosenheim-750x563.jpg 750w, https:\/\/www.prozorivrata.com\/hr\/wp-content\/uploads\/sites\/4\/2025\/10\/Dani-prozora-2025-photo-ift-Rosenheim-1140x855.jpg 1140w\" sizes=\"(max-width: 1200px) 100vw, 1200px\" \/><figcaption class=\"wp-element-caption\">52. ift Rosenheim Dani prozora \/ photo: ift Rosenheim Hrvatska<\/figcaption><\/figure>\n<\/div>\n\n\n<p>Izazov je bio u integraciji s postoje\u0107im objektima, optimizaciji radnih procesa kroz arhitektonska rje\u0161enja koja podr\u017eavaju \u201erad s razumijevanjem\u201c te u odr\u017eivom opskrbljivanju energijom pomo\u0107u fotonaponskih sustava i geotermalne energije.<\/p>\n\n\n\n<p><strong>Dana Bilek (Hammeskrause Architekten) pru\u017eila je zanimljiv uvid u arhitektonski koncept i simulacije optimizacije parametara zgrade pomo\u0107u softvera DIVA i Grasshopper.<\/strong><\/p>\n\n\n\n<p><strong>Martin Drexler<\/strong> (Schindler Fenster + Fassaden) opisao je prakti\u010dne izazove s kojima se suo\u010dio izvo\u0111a\u010d fasada prilikom izrade 7200 m\u00b2 drveno-aluminijske fasade s oko 50% otvorenih povr\u0161ina, te pokazao kako se ambiciozna arhitektura mo\u017ee izvesti stru\u010dno, u skladu s normama i ekonomski isplativo.<\/p>\n\n\n\n<p><strong>Heribert Ley <\/strong>(SUNOVATION) nadopunio je izlaganje obja\u0161njenjem zahtjeva za fotonaponske elemente postavljene ispred fasade.<\/p>\n\n\n\n<p><strong>U tematskom bloku \u201eMe\u0111unarodno\u201c, Tal Rabinovitch (Shellcon, Aluminium Construction Group) pru\u017eio je zanimljiv uvid u kreativnu upotrebu bambusa kao materijala za fasade.<\/strong><\/p>\n\n\n<div class=\"wp-block-image\">\n<figure class=\"aligncenter size-full\"><img decoding=\"async\" width=\"1200\" height=\"800\" src=\"https:\/\/www.prozorivrata.com\/hr\/wp-content\/uploads\/sites\/4\/2025\/10\/Rukovodstvo-instituta-ift-Rosenheim-foto-ift-Rosenheim.jpg\" alt=\"Rukovodstvo instituta ift Rosenheim na hibridnoj godi\u0161njoj konferenciji za novinare bilo je u dijalogu sa stru\u010dnim medijima, u\u017eivo i online (slijeva na desno: J\u00fcrgen Benitz-Wildenburg \u2013 glasnogovornik, dr Jochen Peichl \u2013 glavni izvr\u0161ni direktor, Oskar Anders \u2013 predsjednik uprave, prof. dr Winfried Heusler \u2013 rukovoditelj ift Rosenheim) \/ photo: ift Rosenheim\" class=\"wp-image-9119\" srcset=\"https:\/\/www.prozorivrata.com\/hr\/wp-content\/uploads\/sites\/4\/2025\/10\/Rukovodstvo-instituta-ift-Rosenheim-foto-ift-Rosenheim.jpg 1200w, https:\/\/www.prozorivrata.com\/hr\/wp-content\/uploads\/sites\/4\/2025\/10\/Rukovodstvo-instituta-ift-Rosenheim-foto-ift-Rosenheim-300x200.jpg 300w, https:\/\/www.prozorivrata.com\/hr\/wp-content\/uploads\/sites\/4\/2025\/10\/Rukovodstvo-instituta-ift-Rosenheim-foto-ift-Rosenheim-1024x683.jpg 1024w, https:\/\/www.prozorivrata.com\/hr\/wp-content\/uploads\/sites\/4\/2025\/10\/Rukovodstvo-instituta-ift-Rosenheim-foto-ift-Rosenheim-768x512.jpg 768w, https:\/\/www.prozorivrata.com\/hr\/wp-content\/uploads\/sites\/4\/2025\/10\/Rukovodstvo-instituta-ift-Rosenheim-foto-ift-Rosenheim-750x500.jpg 750w, https:\/\/www.prozorivrata.com\/hr\/wp-content\/uploads\/sites\/4\/2025\/10\/Rukovodstvo-instituta-ift-Rosenheim-foto-ift-Rosenheim-1140x760.jpg 1140w\" sizes=\"(max-width: 1200px) 100vw, 1200px\" \/><figcaption class=\"wp-element-caption\">Rukovodstvo instituta ift Rosenheim na hibridnoj godi\u0161njoj konferenciji za novinare bilo je u dijalogu sa stru\u010dnim medijima, u\u017eivo i online (slijeva na desno: J\u00fcrgen Benitz-Wildenburg \u2013 glasnogovornik, dr Jochen Peichl \u2013 glavni izvr\u0161ni direktor, Oskar Anders \u2013 predsjednik uprave, prof. dr Winfried Heusler \u2013 ravnatelj ift Rosenheim) \/ photo: ift Rosenheim<\/figcaption><\/figure>\n<\/div>\n\n\n<p><strong>Hubert Lagier<\/strong> (CSTB) predstavio je insajderske informacije o izazovnom francuskom tr\u017ei\u0161tu, pojasnio detalje potrebnih ispitivanja i certifikacija te pokazao kako se oni razlikuju od njema\u010dkih i europskih propisa.<\/p>\n\n\n\n<p><strong>Tematski blok \u201eift praksa\u201c bio je posve\u0107en vrlo prakti\u010dnim pitanjima. Felix Fischbacher<\/strong> (ift Rosenheim) detaljno je objasnio \u010deste i skupe pogre\u0161ke pri monta\u017ei prozora te pokazao kako se one mogu izbje\u0107i profesionalnim planiranjem i izvo\u0111enjem. U tu je svrhu predstavio niz tipi\u010dnih nedostataka i odgovaraju\u0107ih rje\u0161enja.<\/p>\n\n\n\n<p><strong>Bernd Sa\u00df <\/strong>(ift Rosenheim) izlo\u017eio je rezultate aktualnog istra\u017eiva\u010dkog projekta, koji mo\u017ee olak\u0161ati akusti\u010dku procjenu kriti\u010dnih situacija ugradnje prozora.<\/p>\n\n\n\n<p><strong>U \u010detvrtak poslijepodne sudionici su imali priliku zaviriti u svakodnevni rad ift Tehnolo\u0161kog centra, laboratoriju za gra\u0111evinsku akustiku i fasade \u201eAm Oberfeld\u201c te glavnog sjedi\u0161ta u Rosenheim-u.<\/strong><\/p>\n\n\n\n<p>Time su <strong>Rosenheim Dani prozora<\/strong> ponovno dokazali svoju va\u017enost kao nezaobilazan izvor poticaja za proizvo\u0111a\u010de, davatelje sustava i dobavlja\u010de, poma\u017eu\u0107i im u strate\u0161kom usmjeravanju i operativnoj optimizaciji vlastitog poslovanja.<\/p>\n\n\n\n<p>Uz predavanja, bilo je dovoljno vremena za me\u0111usobnu razmjenu iskustava te za razgovore s ift stru\u010dnjacima.<\/p>\n\n\n\n<p><strong>Tradicionalni vrhunac bio je, naravno, popularni bavarski sve\u010dani ve\u010dernji program s ovogodi\u0161njom tematskom zabavom \u201eBella Italia\u201c u srijedu nave\u010der.<\/strong><\/p>\n\n\n\n<p>Svi koji su zainteresirani za PDF datoteke prezentacija mogu se javiti putem e-po\u0161te na <a href=\"mailto:marketing@ift-rosenheim.de\" target=\"_blank\" rel=\"noreferrer noopener\">marketing@ift-rosenheim.de<\/a>.<\/p>\n\n\n\n<figure class=\"wp-block-image size-full\"><img decoding=\"async\" width=\"76\" height=\"89\" src=\"https:\/\/www.prozorivrata.com\/hr\/wp-content\/uploads\/sites\/4\/2024\/09\/image-2.png\" alt=\"\" class=\"wp-image-7834\"><\/figure>\n\n\n\n<p><strong>ift Rosenheim<\/strong><br>Theodor-Gietl-Stra\u00dfe 7-9, 83026 Rosenheim, Germany<br>T +49 (08031) 261 0<br>F +49 (08031) 261 290<br><a href=\"mailto:info@ift-rosenheim.de\" target=\"_blank\" rel=\"noopener noreferrer\">info@ift-rosenheim.de<\/a><br><a href=\"http:\/\/www.ift-rosenheim.de\/\" target=\"_blank\" rel=\"noopener noreferrer\">www.ift-rosenheim.de<\/a><\/p>\n","protected":false},"excerpt":{"rendered":"<p>Pod motom Promjenjivi svijet prozora odr\u017eani su 52. ift Rosenheim Dani prozora u periodu od 8. i 9. listopada 2025, koji su informirali o velikim izazovima, ali i prilikama za industriju prozora i fasada koje proizlaze iz konteksta klimatskih promjena, demografije, politi\u010dkih kriza, rastu\u0107ih tro\u0161kova gradnje, nesta\u0161ice stanova i umjetne inteligencije. U svom uvodnom predavanju [&hellip;]<\/p>\n","protected":false},"author":124,"featured_media":9127,"comment_status":"closed","ping_status":"closed","sticky":false,"template":"","format":"standard","meta":{"_FSMCFIC_featured_image_caption":"","_FSMCFIC_featured_image_nocaption":"","_FSMCFIC_featured_image_hide":"","footnotes":""},"categories":[47],"tags":[961,171,232],"class_list":["post-9115","post","type-post","status-publish","format-standard","has-post-thumbnail","hentry","category-novosti","tag-dani-prozora","tag-ift-rosenheim","tag-konferencija"],"_links":{"self":[{"href":"https:\/\/www.prozorivrata.com\/hr\/wp-json\/wp\/v2\/posts\/9115","targetHints":{"allow":["GET"]}}],"collection":[{"href":"https:\/\/www.prozorivrata.com\/hr\/wp-json\/wp\/v2\/posts"}],"about":[{"href":"https:\/\/www.prozorivrata.com\/hr\/wp-json\/wp\/v2\/types\/post"}],"author":[{"embeddable":true,"href":"https:\/\/www.prozorivrata.com\/hr\/wp-json\/wp\/v2\/users\/124"}],"replies":[{"embeddable":true,"href":"https:\/\/www.prozorivrata.com\/hr\/wp-json\/wp\/v2\/comments?post=9115"}],"version-history":[{"count":7,"href":"https:\/\/www.prozorivrata.com\/hr\/wp-json\/wp\/v2\/posts\/9115\/revisions"}],"predecessor-version":[{"id":9409,"href":"https:\/\/www.prozorivrata.com\/hr\/wp-json\/wp\/v2\/posts\/9115\/revisions\/9409"}],"wp:featuredmedia":[{"embeddable":true,"href":"https:\/\/www.prozorivrata.com\/hr\/wp-json\/wp\/v2\/media\/9127"}],"wp:attachment":[{"href":"https:\/\/www.prozorivrata.com\/hr\/wp-json\/wp\/v2\/media?parent=9115"}],"wp:term":[{"taxonomy":"category","embeddable":true,"href":"https:\/\/www.prozorivrata.com\/hr\/wp-json\/wp\/v2\/categories?post=9115"},{"taxonomy":"post_tag","embeddable":true,"href":"https:\/\/www.prozorivrata.com\/hr\/wp-json\/wp\/v2\/tags?post=9115"}],"curies":[{"name":"wp","href":"https:\/\/api.w.org\/{rel}","templated":true}]}}