{"id":899,"date":"2019-01-10T09:20:24","date_gmt":"2019-01-10T09:20:24","guid":{"rendered":"https:\/\/www.prozorivrata.com\/hr\/iza-svakog-prozora-netko-stoji\/"},"modified":"2020-04-08T04:38:45","modified_gmt":"2020-04-08T04:38:45","slug":"iza-svakog-prozora-netko-stoji","status":"publish","type":"post","link":"https:\/\/www.prozorivrata.com\/hr\/iza-svakog-prozora-netko-stoji\/","title":{"rendered":"Iza svakog prozora netko stoji"},"content":{"rendered":"<p>U euforiji oko energetske efikasnosti, poticaja za energetsku obnovu i svega \u0161to uz to ide, o prozorima smo po\u010deli govoriti kao o automobilima ili, ako se to \u010dini pretjeranim, kao o nekim ku\u0107nim ure\u0111ajima \u2013 ukratko, kao o ne\u010demu na \u0161to, neovisno o objektu, mo\u017eemo nalijepiti onu naljepnicu s dodijeljenim energetskim razredom.<\/p>\n<p>I zbilja, bez pretjerivanja, proizvo\u0111a\u010di stolarije i dobavlja\u010di sustava ve\u0107 su se suo\u010davali s upitima kupaca tipa \u201ekoju energetsku klasu imaju va\u0161i prozori?\u201c Ponekad je bilo te\u0161ko objasniti da prozor sam po sebi nema \u201eenergetski razred\u201c u smislu u kojem je imaju potro\u0161a\u010di tipa hladnjaka ili bojlera i da svoje energetske kvalitete pokazuju tek u sklopu ovojnice, u spoju s objektom. <strong>Da, prozor ima cijeli niz vrijednosti koje su definirane i navode se u izjavi o svojstvima, dokumentu bez kojeg ne bi smjeli ni biti na tr\u017ei\u0161tu, vrijednosti kao \u0161to su koeficijent prolaska topline, zrakopropusnost, vodotijesnost i druge, ali do ugradnje to su tek brojke koje pokazuju potencijal prozora.<\/strong> Potencijal kojeg mo\u017eemo jednostavno poni\u0161titi lo\u0161om ugradnjom.<\/p>\n<figure id=\"attachment_16357\" aria-describedby=\"caption-attachment-16357\" style=\"width: 1200px\" class=\"wp-caption alignnone\"><a href=\"https:\/\/www.prozorivrata.com\/wp-content\/uploads\/2019\/01\/Kvalitetna-ugradnja-foto-profine.jpg\"><img decoding=\"async\" class=\"size-full wp-image-16357\" src=\"https:\/\/www.prozorivrata.com\/wp-content\/uploads\/2019\/01\/Kvalitetna-ugradnja-foto-profine.jpg\" alt=\"Kvalitetna proizvodnja prozora i vrata \/ foto: profine\" width=\"1200\" height=\"800\" \/><\/a><figcaption id=\"caption-attachment-16357\" class=\"wp-caption-text\">Kvalitetna proizvodnja prozora i vrata \/ foto: profine<\/figcaption><\/figure>\n<h2>Kad se od drve\u0107a ne vidi \u0161uma<\/h2>\n<p>Kad je, prije 10-ak i vi\u0161e godina, tvrtka profine Croatia organizirala svoje prve seminare za arhitekte i in\u017eenjere u graditeljstvu i postala prvi gospodarski subjekt u bran\u0161i i jedan od prvih u hrvatskom gospodarstvu uop\u0107e \u010dija su predavanja bila uvr\u0161tena u Program stalnog stru\u010dnog usavr\u0161avanja <a href=\"https:\/\/www.prozorivrata.com\/zagreb-tema-okruglog-stola-urbanisticke-vizije-zagreba-21-stoljeca\/\" target=\"_blank\" rel=\"noopener noreferrer\">Hrvatske komore arhitekata<\/a>, suo\u010dila se sa zanimljivim, mada ne i nepredvidivim fenomenom. Nije bilo \u010dudno \u0161to su krajnji kupci sveli performanse PVC stolarije na broj komora \u2013 tako im je pri\u010da bila marketin\u0161ki servirana od samih proizvo\u0111a\u010da i dobavlja\u010da sustava \u2013 \u010dudilo je da su u isti \u0161ablon nerijetko upadali i stru\u010dnjaci. <strong>I dok je neka analogija s realnim porastom vrijednosti toplinske izolacije prilikom prelaska s 3-komornih na 4- i 5-komorne sustave jo\u0161 i postojala, to izjedna\u010davanje je daljim porastom broja komora imalo sve manje smisla. <\/strong><\/p>\n<p>Dakako, struka je jako dobro znala o \u010demu se radi, a uskoro su i krajnji korisnici nau\u010dili da su prave vrijednosti ne\u0161to drugo, ali kako to obi\u010dno biva, fokusiranjem na deklarirane koeficijente toplinske prolaznosti i fizikalno mehani\u010dka svojstva elementa, ponovo se na tr\u017ei\u0161tu me\u0111u drve\u0107em izgubila \u0161uma. <strong>Tehnologija je, dakako, jako va\u017ena, bez kvalitetnih profila i ostalih sastavnica nema kvalitetnog prozora, ali ona zgodna markica \u201epogodno za pasivnu gradnju\u201c i sl. nipo\u0161to ne zna\u010di da \u0107e ugradnjom stolarije s tom oznakom va\u0161a ku\u0107a postati pasivna.<\/strong> Pa \u010dak ni u slu\u010daju da i ostale sastavnice objekta imaju vrhunska energetska svojstva.<\/p>\n<h2>U skladu s razvojem tehnologije<\/h2>\n<p>Vo\u0111ena tom logikom i iskustvima sa svojih stru\u010dnih seminara, tvrtka profine Croatia je, jo\u0161 jednom pionirski, pokrenula tehni\u010dka savjetovanja za svoje partnere, <a href=\"https:\/\/www.prozorivrata.com\/vrijeme-promjena-trziste-na-prekretnici\/\" target=\"_blank\" rel=\"noopener noreferrer\">proizvo\u0111a\u010de prozora i vrata sustava Trocal, K\u00f6mmerling i KBE<\/a> s temom pravilne ugradnje po RAL standardima. Uostalom, obaveza pra\u0107enja razvoja i primjene novih tehnologija ugra\u0111ena je i u partnerske ugovore tvrtke, tako da se radi samo o fokusiranju na prave teme. A prave teme su, kako su u profineu ve\u0107 vi\u0161e puta osjetili, uvijek barem malo ispred svog vremena \u2013 tako je bilo kad su K\u00f6mmerling, Trocal i KBE prvi po\u010deli koristiti isklju\u010divo ekolo\u0161ke greenline profile, pa kad su prvi u Hrvatskoj po\u010deli otkupljivati proizvodni otpad od svojih partnera i slati ga na recikliranje i zbrinjavanje (u inozemstvo, jer u Hrvatskoj takvo \u0161to nije ni postojalo)&#8230; stanovita doza nerazumijevanja i otpora bila je neizbje\u017ena, ali se prava vrijednost tih koraka pokazala dosta brzo, kad su poduzete mjere postale neka vrsta standarda, pa i dio regulative EU i Hrvatske.<\/p>\n<h4 style=\"text-align: left;\">Bilo kako bilo, tehni\u010dka savjetovanja za proizvo\u0111a\u010de PVC stolarije sustava KBE, K\u00f6mmerling i Trocal redovno se odr\u017eavaju nekoliko puta godi\u0161nje i svakako daju rezultate koji predstavljaju dodatnu vrijednost vrhunskim proizvodima tvrtke.<\/h4>\n<p>Dakle, ugradnja. Mo\u017eete imati najbolji sustav prozora, izvrsnu vanjsku izolaciju i fasadu, a opet na kraju dobiti lo\u0161e energetske rezultate. Kad je u pitanju vanjska stolarija, najkriti\u010dnije to\u010dke su spojevi prozora s ovojnicom zgrade.<\/p>\n<figure id=\"attachment_16358\" aria-describedby=\"caption-attachment-16358\" style=\"width: 1200px\" class=\"wp-caption alignnone\"><a href=\"https:\/\/www.prozorivrata.com\/wp-content\/uploads\/2019\/01\/Svojstva-prozora-i-vrata-prema-EN-14351-1-Izvor-IFT-Rosenheim.jpg\"><img decoding=\"async\" class=\"size-full wp-image-16358\" src=\"https:\/\/www.prozorivrata.com\/wp-content\/uploads\/2019\/01\/Svojstva-prozora-i-vrata-prema-EN-14351-1-Izvor-IFT-Rosenheim.jpg\" alt=\"Svojstva prozora i vrata prema EN 14351-1. \/ foto: ift Rosenheim\" width=\"1200\" height=\"515\" \/><\/a><figcaption id=\"caption-attachment-16358\" class=\"wp-caption-text\">Svojstva prozora i vrata prema EN 14351-1. \/ foto: ift Rosenheim<\/figcaption><\/figure>\n<p>Pravilna ugradnja prozora i vrata, neophodna za o\u010duvanje energetske efikasnosti oplo\u0161ja zgrade, definirana je nizom uputa koja se \u010desto nazivaju <a href=\"https:\/\/www.prozorivrata.com\/ral-montaza-kvalitetno-ugraden-prozor\/\" target=\"_blank\" rel=\"noopener noreferrer\">RAL ugradnja<\/a>. Zapravo, radi se o nizu smjernica kako ih je definirala njema\u010dka Udruga za osiguranje kvalitete prozora i vrata (RAL G\u00fctegemeinschaft Fenster und T\u00fcren e. V.) u suradnji s Institutom za prozorsku tehnologiju <a href=\"https:\/\/www.prozorivrata.com\/profesionalna-ugradnja-prozora-ift-rosenheim\/\" target=\"_blank\" rel=\"noopener noreferrer\">(IFT) iz Rosenheima<\/a> &#8211; zahtjevi spojeva prozora i vrata sa strukturom objekta nisu materijalno, ve\u0107 funkcionalno orijentirani.<\/p>\n<figure id=\"attachment_16355\" aria-describedby=\"caption-attachment-16355\" style=\"width: 1200px\" class=\"wp-caption alignnone\"><a href=\"https:\/\/www.prozorivrata.com\/wp-content\/uploads\/2019\/01\/Pravilna-ugradnja-prozora-RAL-montaza.jpg\"><img decoding=\"async\" class=\"size-full wp-image-16355\" src=\"https:\/\/www.prozorivrata.com\/wp-content\/uploads\/2019\/01\/Pravilna-ugradnja-prozora-RAL-montaza.jpg\" alt=\"Pravilna ugradnja prozora - RAL monta\u017ea \/ foto: profine\" width=\"1200\" height=\"800\" \/><\/a><figcaption id=\"caption-attachment-16355\" class=\"wp-caption-text\">Pravilna ugradnja prozora &#8211; RAL monta\u017ea \/ foto: profine<\/figcaption><\/figure>\n<p>Te smjernice postale su referenca za cijeli sektor i stalno se a\u017euriraju, uvijek vode\u0107i ra\u010duna o \u010dvrstoj povezanosti s aktualnim normama i stanjem tehnologije. Posljednji su put a\u017eurirane i izdane u listopadu 2016. godine. U tom smislu i prikazani primjeri su izvedbeni i neobvezuju\u0107i, odnosno, djelomi\u010dno su mogu\u0107e i varijacije obzirom na ugradnju i brtvljenje.<\/p>\n<figure id=\"attachment_16359\" aria-describedby=\"caption-attachment-16359\" style=\"width: 1200px\" class=\"wp-caption alignnone\"><a href=\"https:\/\/www.prozorivrata.com\/wp-content\/uploads\/2019\/01\/Tijek-ugradnje-Prikaz-je-ilustrativan-foto-profine.jpg\"><img decoding=\"async\" class=\"size-full wp-image-16359\" src=\"https:\/\/www.prozorivrata.com\/wp-content\/uploads\/2019\/01\/Tijek-ugradnje-Prikaz-je-ilustrativan-foto-profine.jpg\" alt=\"Tijek ugradnje. Prikaz je ilustrativan. \/ foto: profine\" width=\"1200\" height=\"531\" \/><\/a><figcaption id=\"caption-attachment-16359\" class=\"wp-caption-text\">Tijek ugradnje. Prikaz je ilustrativan. \/ foto: profine<\/figcaption><\/figure>\n<p>Monta\u017ea se razmatra na tri osnovne razine:<\/p>\n<figure id=\"attachment_16360\" aria-describedby=\"caption-attachment-16360\" style=\"width: 200px\" class=\"wp-caption alignleft\"><a href=\"https:\/\/www.prozorivrata.com\/wp-content\/uploads\/2019\/01\/Montaza-prozora-se-razmatra-na-tri-osnovne-razine-foto-ift-Rosenheim.jpg\"><img decoding=\"async\" class=\"wp-image-16360\" src=\"https:\/\/www.prozorivrata.com\/wp-content\/uploads\/2019\/01\/Montaza-prozora-se-razmatra-na-tri-osnovne-razine-foto-ift-Rosenheim.jpg\" alt=\"Monta\u017ea se razmatra na tri osnovne razine \/ foto: ift Rosenheim\" width=\"200\" height=\"238\" \/><\/a><figcaption id=\"caption-attachment-16360\" class=\"wp-caption-text\">foto: ift Rosenheim<\/figcaption><\/figure>\n<ul>\n<li>unutarnja razina (1)<br \/>\n\u2013 odvajanje vanjske i prostorne klime,<br \/>\n\u2013 za\u0161tita od vlage,<br \/>\n\u2013 nepropusno za zrak.<\/li>\n<li>srednja razina (2)<br \/>\n\u2013 toplinska izolacija,<br \/>\n\u2013 odvod optere\u0107enja za pravilno u\u010dvr\u0161\u0107ivanje,<br \/>\n\u2013 zvu\u010dna izolacija.<\/li>\n<li>vanjska razina (3)<br \/>\n\u2013 za\u0161tita od vremenskih neprilika,<br \/>\n\u2013 otpornost na ki\u0161u, omogu\u0107en prolaz vlage.<\/li>\n<\/ul>\n<p>Na tr\u017ei\u0161tu postoje i posebne, troslojne ekspandiraju\u0107e trake koje u sebi integriraju sve \u0161to je potrebno na sve tri razine. Osim toga, tu su i razni dodaci koji olak\u0161avaju ugradnju i osiguravaju da se deklarirana svojstva doista i postignu.<\/p>\n<h2>Prepoznavanje problema<\/h2>\n<p>Dakle, ukupna kvaliteta prozora i vrata kao zasebnog elementa ovisi o kvaliteti dijelova od kojeg je prozor ili vrata izra\u0111en (okviri, staklo i okov) i kvalitetnoj proizvodnji samog elementa. Ali, ono \u0161to mo\u017ee biti jo\u0161 va\u017enije je na\u010din i kvaliteta njihove povezanosti u cjelinu, te ugradnje u ovojnicu zgrade.<\/p>\n<figure id=\"attachment_16352\" aria-describedby=\"caption-attachment-16352\" style=\"width: 1200px\" class=\"wp-caption alignnone\"><a href=\"https:\/\/www.prozorivrata.com\/wp-content\/uploads\/2019\/01\/Ukupna-kvaliteta-prozora-i-vrata-ovisi-o-kvaliteti-dijelova-od-su-izradjeni.jpg\"><img decoding=\"async\" class=\"size-full wp-image-16352\" src=\"https:\/\/www.prozorivrata.com\/wp-content\/uploads\/2019\/01\/Ukupna-kvaliteta-prozora-i-vrata-ovisi-o-kvaliteti-dijelova-od-su-izradjeni.jpg\" alt=\"Ukupna kvaliteta prozora i vrata ovisi o kvaliteti dijelova od kojih su izra\u0111eni\" width=\"1200\" height=\"547\" \/><\/a><figcaption id=\"caption-attachment-16352\" class=\"wp-caption-text\">Ukupna kvaliteta prozora i vrata ovisi o kvaliteti dijelova od kojih su izra\u0111eni \/ foto: profine<\/figcaption><\/figure>\n<p>Ohrabruje \u010dinjenica da su to prepoznala i nadle\u017ena tijela: sukladno preporukama komisije (EU) 2016\/1318 od 29. srpnja 2016. o smjernicama za promicanje zgrada gotovo nulte energije (nZEB) i s njom uskla\u0111enim nacionalnim zakonodavstvom Republike Hrvatske potrebno je osigurati da sve nove zgrade budu pribli\u017eno nulte energije od 31. prosinca 2020., odnosno zgrade u kojima su tijela javne vlasti ili koje su u njihovom vlasni\u0161tvu od 31. prosinca 2018. <em>Nearly Zero Energy Building<\/em> podrazumijeva upravo ovo o \u010demu govorimo: koordinaciju struka i aktivnosti \u010dija rje\u0161enja utje\u010du na realizaciju kriterija <a href=\"https:\/\/www.prozorivrata.com\/nzeb-povezivanje-znanosti-inovacija-i-gospodarstva\/\" target=\"_blank\" rel=\"noopener noreferrer\">nZEB-a<\/a> i to u svim fazama, od projektiranja do specifi\u010dnih dijelova gra\u0111enja me\u0111u kojima su prozori i vrata, kao i njihova pravilna ugradnja, izuzetno va\u017ena sastavnica.<\/p>\n<figure id=\"attachment_16356\" aria-describedby=\"caption-attachment-16356\" style=\"width: 1200px\" class=\"wp-caption alignnone\"><a href=\"https:\/\/www.prozorivrata.com\/wp-content\/uploads\/2019\/01\/Strucna-medjunarodna-konferencija-Energetska-ucinkovitost-u-zgradarstvu-za-bolje-sutra.jpg\"><img decoding=\"async\" class=\"size-full wp-image-16356\" src=\"https:\/\/www.prozorivrata.com\/wp-content\/uploads\/2019\/01\/Strucna-medjunarodna-konferencija-Energetska-ucinkovitost-u-zgradarstvu-za-bolje-sutra.jpg\" alt=\"Stru\u010dna me\u0111unarodna konferencija \u201cEnergetska u\u010dinkovitost u zgradarstvu \u2013 za bolje sutra\u201d\" width=\"1200\" height=\"800\" \/><\/a><figcaption id=\"caption-attachment-16356\" class=\"wp-caption-text\">Stru\u010dna me\u0111unarodna konferencija \u201cEnergetska u\u010dinkovitost u zgradarstvu \u2013 za bolje sutra\u201d<\/figcaption><\/figure>\n<p>Na tragu ovih razmi\u0161ljanja je i nedavno odr\u017eana stru\u010dna me\u0111unarodna konferencija \u201cEnergetska u\u010dinkovitost u zgradarstvu \u2013 za bolje sutra\u201d u organizaciji Ministarstva graditeljstva i prostornoga ure\u0111enja RH, 26. i 27. rujna 2018. g. u Zagrebu. Na marginama konferencije odr\u017ean je i prate\u0107i doga\u0111aj pod nazivom \u201cPrvi otvoreni dijalog partnera\u201d na kojem je potpisana \u201cPovelja o suradnji u cilju dekarbonizacije zgrada do 2050. godine\u201d.<\/p>\n<p>Povelju su potpisali predstavnici prve grupe partnera: Ministarstva graditeljstva i prostornoga ure\u0111enja, Fonda za za\u0161titu okoli\u0161a i energetsku u\u010dinkovitost, Hrvatske udruga proizvo\u0111a\u010da toplinsko fasadnih sustava, Hrvatskog savjeta za zelenu gradnju i Klastera nZEB \u010diji je jedan od \u010dlanova osniva\u010da profine Croatia.<\/p>\n<h2>Mo\u0107 tr\u017ei\u0161ta<\/h2>\n<p>Tr\u017ei\u0161ta su u po\u010detku bila konverzacija i komunikacija. Danas su to ponovo, zahvaljuju\u0107i globalnom umre\u017eavanju mo\u017eda i vi\u0161e nego ikada. Iskonska mudrost koja ka\u017ee da je najva\u017enije tko nam prodaje proizvod ili uslugu dignuta je na vi\u0161u razinu \u2013 jedan od osnovnih zakona umre\u017eavanja je da mudrost mre\u017ee raste neusporedivo br\u017ee od broja umre\u017eenih sudionika. Drugim rije\u010dima, sve informiraniji krajnji kupci dobro znaju da je kvalitetan prozor tek pola posla, ako i toliko. Izbor proizvo\u0111a\u010da i izvo\u0111a\u010da radova \u010desto je jo\u0161 va\u017eniji.<\/p>\n<figure id=\"attachment_16353\" aria-describedby=\"caption-attachment-16353\" style=\"width: 1200px\" class=\"wp-caption alignnone\"><a href=\"https:\/\/www.prozorivrata.com\/wp-content\/uploads\/2019\/01\/Transport-prozora-i-vrata-stolarija-foto-profine.jpg\"><img decoding=\"async\" class=\"size-full wp-image-16353\" src=\"https:\/\/www.prozorivrata.com\/wp-content\/uploads\/2019\/01\/Transport-prozora-i-vrata-stolarija-foto-profine.jpg\" alt=\"Transport \/ foto: profine\" width=\"1200\" height=\"800\" \/><\/a><figcaption id=\"caption-attachment-16353\" class=\"wp-caption-text\">Transport \/ foto: profine<\/figcaption><\/figure>\n<p>Ozbiljniji dobavlja\u010di sustava to su prepoznali i sa svojim partnerima provode stalnu edukaciju i stru\u010dno usavr\u0161avanje. Proizvo\u0111a\u010di prozora i vrata koji rade s profilima KBE, K\u00f6mmerling i Trocal mogu vam to potvrditi i dokazati na va\u0161em objektu.<\/p>\n<p>Autor: Mladen Divkovi\u0107<\/p>\n","protected":false},"excerpt":{"rendered":"<p>U euforiji oko energetske efikasnosti, poticaja za energetsku obnovu i svega \u0161to uz to ide, o prozorima smo po\u010deli govoriti kao o automobilima ili, ako se to \u010dini pretjeranim, kao o nekim ku\u0107nim ure\u0111ajima \u2013 ukratko, kao o ne\u010demu na \u0161to, neovisno o objektu, mo\u017eemo nalijepiti onu naljepnicu s dodijeljenim energetskim razredom. I zbilja, bez [&hellip;]<\/p>\n","protected":false},"author":3,"featured_media":900,"comment_status":"open","ping_status":"open","sticky":false,"template":"","format":"standard","meta":{"_FSMCFIC_featured_image_caption":"","_FSMCFIC_featured_image_nocaption":"","_FSMCFIC_featured_image_hide":"","footnotes":""},"categories":[46,17,56,3],"tags":[],"class_list":["post-899","post","type-post","status-publish","format-standard","has-post-thumbnail","hentry","category-arhitektura","category-energetska-ucinkovitost","category-izbor-urednika","category-pvc-stolarija"],"_links":{"self":[{"href":"https:\/\/www.prozorivrata.com\/hr\/wp-json\/wp\/v2\/posts\/899","targetHints":{"allow":["GET"]}}],"collection":[{"href":"https:\/\/www.prozorivrata.com\/hr\/wp-json\/wp\/v2\/posts"}],"about":[{"href":"https:\/\/www.prozorivrata.com\/hr\/wp-json\/wp\/v2\/types\/post"}],"author":[{"embeddable":true,"href":"https:\/\/www.prozorivrata.com\/hr\/wp-json\/wp\/v2\/users\/3"}],"replies":[{"embeddable":true,"href":"https:\/\/www.prozorivrata.com\/hr\/wp-json\/wp\/v2\/comments?post=899"}],"version-history":[{"count":2,"href":"https:\/\/www.prozorivrata.com\/hr\/wp-json\/wp\/v2\/posts\/899\/revisions"}],"predecessor-version":[{"id":924,"href":"https:\/\/www.prozorivrata.com\/hr\/wp-json\/wp\/v2\/posts\/899\/revisions\/924"}],"wp:featuredmedia":[{"embeddable":true,"href":"https:\/\/www.prozorivrata.com\/hr\/wp-json\/wp\/v2\/media\/900"}],"wp:attachment":[{"href":"https:\/\/www.prozorivrata.com\/hr\/wp-json\/wp\/v2\/media?parent=899"}],"wp:term":[{"taxonomy":"category","embeddable":true,"href":"https:\/\/www.prozorivrata.com\/hr\/wp-json\/wp\/v2\/categories?post=899"},{"taxonomy":"post_tag","embeddable":true,"href":"https:\/\/www.prozorivrata.com\/hr\/wp-json\/wp\/v2\/tags?post=899"}],"curies":[{"name":"wp","href":"https:\/\/api.w.org\/{rel}","templated":true}]}}