{"id":8944,"date":"2025-09-04T08:21:00","date_gmt":"2025-09-04T07:21:00","guid":{"rendered":"https:\/\/www.prozorivrata.com\/hr\/?p=8944"},"modified":"2025-09-04T08:24:23","modified_gmt":"2025-09-04T07:24:23","slug":"tvrtke-iz-16-zemalja-na-sajmu-rt-turkey-2025","status":"publish","type":"post","link":"https:\/\/www.prozorivrata.com\/hr\/tvrtke-iz-16-zemalja-na-sajmu-rt-turkey-2025\/","title":{"rendered":"Vode\u0107e globalne tvrtke iz 16 zemalja ve\u0107 su rezervirale svoje mjesto na sajmu R+T Turkey 2025!"},"content":{"rendered":"\n<p><strong>Istanbul \u0107e krajem studenog 2025. godine ponovno biti doma\u0107in jednog od najzna\u010dajnijih me\u0111unarodnih sajmova u podru\u010dju sustava za za\u0161titu od sunca i automatskih vrata \u2013 R+T Turkey. <\/strong>Ovo je jedina manifestacija takvog tipa u regiji Euroazije, Bliskog istoka i Sjeverne Afrike, koja okuplja klju\u010dne aktere iz industrije i otvara vrata novim poslovnim prilikama i partnerstvima.<\/p>\n\n\n\n<p><strong>Sajam \u0107e se odr\u017eati u Istanbul Expo Centru od 27. do 29. studenog 2025. godine, a ve\u0107 je potvr\u0111eno sudjelovanje tvrtki iz \u010dak 16 zemalja:<\/strong> Australije, Kanade, Kine, Gr\u010dke, Kazahstana, Kirgistana, Luksemburga, Rumunjske, Singapura, Ju\u017ene Koreje, \u0160panjolske, Tajvana, Tajlanda, Velike Britanije, SAD-a, kao i doma\u0107ih turskih poduze\u0107a.<\/p>\n\n\n\n<p><strong>Ovaj impresivan me\u0111unarodni spektar izlaga\u010da potvr\u0111uje strate\u0161ki zna\u010daj sajma, koji se posljednjih godina pozicionirao kao sredi\u0161nja to\u010dka za predstavljanje inovacija u sektoru pametnih rje\u0161enja za interijere i eksterijere.<\/strong> Zahvaljuju\u0107i svom geografskom polo\u017eaju i razvijenoj infrastrukturi, Istanbul predstavlja idealnu lokaciju za susret Istoka i Zapada \u2013 kako u pogledu tr\u017ei\u0161ta, tako i tehnologije.<\/p>\n\n\n<div class=\"wp-block-image\">\n<figure class=\"aligncenter size-full\"><img decoding=\"async\" width=\"714\" height=\"488\" src=\"https:\/\/www.prozorivrata.com\/hr\/wp-content\/uploads\/sites\/4\/2025\/09\/prijavni-pult-na-sajmu-RT-Turkey-fotoRT-Turkey.jpg\" alt=\"Prijavni pult na sajmu R+T Turkey 2023 \/ photo: R+T Turkey \" class=\"wp-image-8946\" srcset=\"https:\/\/www.prozorivrata.com\/hr\/wp-content\/uploads\/sites\/4\/2025\/09\/prijavni-pult-na-sajmu-RT-Turkey-fotoRT-Turkey.jpg 714w, https:\/\/www.prozorivrata.com\/hr\/wp-content\/uploads\/sites\/4\/2025\/09\/prijavni-pult-na-sajmu-RT-Turkey-fotoRT-Turkey-300x205.jpg 300w\" sizes=\"(max-width: 714px) 100vw, 714px\" \/><figcaption class=\"wp-element-caption\">Prijavni pult na sajmu R+T Turkey 2023 \/ photo: R+T Turkey <\/figcaption><\/figure>\n<\/div>\n\n\n<h2 class=\"wp-block-heading\">Klju\u010dna platforma za me\u0111unarodnu trgovinu i inovacije<\/h2>\n\n\n\n<p><strong>Kao jedini me\u0111unarodni sajam u regiji Euroazije, Bliskog istoka i Sjeverne Afrike koji je fokusiran na sustave za za\u0161titu od sunca i automatska vrata, R+T Turkey igra klju\u010dnu ulogu u investicijskim procesima ove industrije, s trgovinskim obujmom koji prema\u0161uje 500 milijuna eura.<\/strong> To izravno utje\u010de na interes me\u0111unarodnih izlaga\u010da i posjetitelja za ovaj sajam.<\/p>\n\n\n\n<p><strong>Zahvaljuju\u0107i podr\u0161ci Ministarstva trgovine Republike Turske i radu ureda Messe Stuttgart Turkey, u suradnji s trgovinskim predstavni\u0161tvima, o\u010dekuje se da \u0107e izdanje iz 2025. godine ugostiti posjetitelje u dvije hale, i to u punom kapacitetu.<\/strong><\/p>\n\n\n\n<h2 class=\"wp-block-heading\">O\u010dekivanja od izdanja 2025. godine<\/h2>\n\n\n\n<p><strong>Ufuk Alt\u0131ntop, generalni direktor tvrtke Messe Stuttgart Ares Fuarc\u0131l\u0131k, skre\u0107e pozornost na aktivnosti koje se provode za izdanje sajma 2025:<\/strong> \u201eNa posljednjem doga\u0111anju odr\u017eanom 2023. godine, 127 izlaga\u010da okupilo se s vi\u0161e od 5.000 posjetitelja iz 90 zemalja na ukupnoj povr\u0161ini od 11.000 \u010detvornih metara; sajam je jo\u0161 jednom potvrdio svoj status kao nezaobilazna me\u0111unarodna poslovna platforma za uspostavljanje novih poslovnih kontakata, s 40 % me\u0111unarodnih izlaga\u010da i 38 % me\u0111unarodnih posjetitelja. Nastavljamo s na\u0161im naporima da ovaj uspjeh podignemo na jo\u0161 vi\u0161u razinu, u skladu s novim izvoznim ciljevima izlaga\u010da. Ove se godine sajam R+T Turkey promovira u vi\u0161e od 100 zemalja uz podr\u0161ku trgovinskih savjetnika i ata\u0161ea. Osim predstavni\u0161tava Messe Stuttgart, aktivnosti koje podr\u017eavaju trgovinska predstavni\u0161tva \u010dine va\u017ean stup opse\u017enih me\u0111unarodnih aktivnosti usmjerenih na ciljne zemlje i sektore.\u201c<\/p>\n\n\n<div class=\"wp-block-image\">\n<figure class=\"aligncenter size-full\"><img decoding=\"async\" width=\"991\" height=\"660\" src=\"https:\/\/www.prozorivrata.com\/hr\/wp-content\/uploads\/sites\/4\/2025\/09\/RT-Turkey-sajam-posetioci-u-izlozbenom-delu-foto-RT-Turkey.jpg\" alt=\"Izlo\u017ebeni dio na sajmu R+T Turkey 2023 \/ photo: R+T Turkey\" class=\"wp-image-8945\" srcset=\"https:\/\/www.prozorivrata.com\/hr\/wp-content\/uploads\/sites\/4\/2025\/09\/RT-Turkey-sajam-posetioci-u-izlozbenom-delu-foto-RT-Turkey.jpg 991w, https:\/\/www.prozorivrata.com\/hr\/wp-content\/uploads\/sites\/4\/2025\/09\/RT-Turkey-sajam-posetioci-u-izlozbenom-delu-foto-RT-Turkey-300x200.jpg 300w, https:\/\/www.prozorivrata.com\/hr\/wp-content\/uploads\/sites\/4\/2025\/09\/RT-Turkey-sajam-posetioci-u-izlozbenom-delu-foto-RT-Turkey-768x511.jpg 768w, https:\/\/www.prozorivrata.com\/hr\/wp-content\/uploads\/sites\/4\/2025\/09\/RT-Turkey-sajam-posetioci-u-izlozbenom-delu-foto-RT-Turkey-750x499.jpg 750w\" sizes=\"(max-width: 991px) 100vw, 991px\" \/><figcaption class=\"wp-element-caption\">Izlo\u017ebeni dio na sajmu R+T Turkey 2023 \/ photo: R+T Turkey<\/figcaption><\/figure>\n<\/div>\n\n\n<h2 class=\"wp-block-heading\">\u0160to vas o\u010dekuje na sajmu?<\/h2>\n\n\n\n<p><strong>R+T Turkey \u2013 Me\u0111unarodni sajam sustava za za\u0161titu od sunca i automatskih vrata pravo je mjesto za inspirativna rje\u0161enja za unutarnje i vanjske prostore, s bogatim izborom proizvoda koje nude vode\u0107i izlaga\u010di, kao \u0161to su rolete, \u017ealuzine, \u0161atori, <a href=\"https:\/\/www.prozorivrata.com\/hr\/pergole-i-tende-prijatelji-dvorista-i-balkona\/\" target=\"_blank\" rel=\"noreferrer noopener\">tende, pergole<\/a>, sustavi zimskih vrtova, sustavi vrata i kapija, proizvodi od tehni\u010dkih tekstila i dr.<\/strong><\/p>\n\n\n\n<p>Sajam je tako\u0111er idealna prilika za razmjenu znanja i okupljanje vode\u0107ih stru\u010dnjaka iz svijeta arhitekture, gra\u0111evine i industrijskog dizajna. O\u010dekuje se prisutnost donositelja odluka, investitora, distributera, trgovaca, kao i krajnjih korisnika i projektanata.<\/p>\n\n\n\n<p><strong>Registrirajte se na vrijeme!<\/strong><\/p>\n\n\n\n<p><strong>Za vi\u0161e informacija o sajmu i registraciju posjetitelja, posjetite<a href=\"https:\/\/rt-turkey.com\/en\/startseite\/\" target=\"_blank\" rel=\"noreferrer noopener\"> slu\u017ebenu stranicu doga\u0111aja<\/a>.<\/strong><\/p>\n\n\n\n<figure class=\"wp-block-image is-resized\"><img decoding=\"async\" src=\"https:\/\/www.prozorivrata.com\/wp-content\/uploads\/2023\/08\/RT-Turkey-logo-jpg.webp\" alt=\"R+T Turkey logo\" class=\"wp-image-32793\" style=\"width:152px;height:auto\" \/><\/figure>\n","protected":false},"excerpt":{"rendered":"<p>Istanbul \u0107e krajem studenog 2025. godine ponovno biti doma\u0107in jednog od najzna\u010dajnijih me\u0111unarodnih sajmova u podru\u010dju sustava za za\u0161titu od sunca i automatskih vrata \u2013 R+T Turkey. Ovo je jedina manifestacija takvog tipa u regiji Euroazije, Bliskog istoka i Sjeverne Afrike, koja okuplja klju\u010dne aktere iz industrije i otvara vrata novim poslovnim prilikama i partnerstvima. [&hellip;]<\/p>\n","protected":false},"author":124,"featured_media":8947,"comment_status":"closed","ping_status":"closed","sticky":false,"template":"","format":"standard","meta":{"_FSMCFIC_featured_image_caption":"","_FSMCFIC_featured_image_nocaption":"","_FSMCFIC_featured_image_hide":"","footnotes":""},"categories":[47],"tags":[912,1159,1195],"class_list":["post-8944","post","type-post","status-publish","format-standard","has-post-thumbnail","hentry","category-novosti","tag-istanbul","tag-medunarodni-sajam","tag-rt-turkey-2025"],"_links":{"self":[{"href":"https:\/\/www.prozorivrata.com\/hr\/wp-json\/wp\/v2\/posts\/8944","targetHints":{"allow":["GET"]}}],"collection":[{"href":"https:\/\/www.prozorivrata.com\/hr\/wp-json\/wp\/v2\/posts"}],"about":[{"href":"https:\/\/www.prozorivrata.com\/hr\/wp-json\/wp\/v2\/types\/post"}],"author":[{"embeddable":true,"href":"https:\/\/www.prozorivrata.com\/hr\/wp-json\/wp\/v2\/users\/124"}],"replies":[{"embeddable":true,"href":"https:\/\/www.prozorivrata.com\/hr\/wp-json\/wp\/v2\/comments?post=8944"}],"version-history":[{"count":3,"href":"https:\/\/www.prozorivrata.com\/hr\/wp-json\/wp\/v2\/posts\/8944\/revisions"}],"predecessor-version":[{"id":9137,"href":"https:\/\/www.prozorivrata.com\/hr\/wp-json\/wp\/v2\/posts\/8944\/revisions\/9137"}],"wp:featuredmedia":[{"embeddable":true,"href":"https:\/\/www.prozorivrata.com\/hr\/wp-json\/wp\/v2\/media\/8947"}],"wp:attachment":[{"href":"https:\/\/www.prozorivrata.com\/hr\/wp-json\/wp\/v2\/media?parent=8944"}],"wp:term":[{"taxonomy":"category","embeddable":true,"href":"https:\/\/www.prozorivrata.com\/hr\/wp-json\/wp\/v2\/categories?post=8944"},{"taxonomy":"post_tag","embeddable":true,"href":"https:\/\/www.prozorivrata.com\/hr\/wp-json\/wp\/v2\/tags?post=8944"}],"curies":[{"name":"wp","href":"https:\/\/api.w.org\/{rel}","templated":true}]}}