{"id":8896,"date":"2025-08-19T09:00:00","date_gmt":"2025-08-19T08:00:00","guid":{"rendered":"https:\/\/www.prozorivrata.com\/hr\/?p=8896"},"modified":"2025-08-15T13:13:14","modified_gmt":"2025-08-15T12:13:14","slug":"adaptivne-fasade-buducnost-odrzive-gradnje-i-energetske-ucinkovitosti","status":"publish","type":"post","link":"https:\/\/www.prozorivrata.com\/hr\/adaptivne-fasade-buducnost-odrzive-gradnje-i-energetske-ucinkovitosti\/","title":{"rendered":"Adaptivne fasade: Budu\u0107nost odr\u017eive gradnje i energetske u\u010dinkovitosti"},"content":{"rendered":"\n<p>Zamislite ured u staklenoj zgradi usred ljetne \u017eege. Klima ure\u0111aji rade bez prestanka, prozori su zamra\u010deni roletama, no prostor je i dalje zagu\u0161ljiv, a potro\u0161nja energije vrtoglava. <strong>Sada zamislite zgradu \u010dija fasada automatski smanjuje prodor topline, optimizira osvjetljenje i omogu\u0107uje prirodnu ventilaciju \u2013 sve bez intervencije korisnika. Ovo nije vizija budu\u0107nosti, ve\u0107 stvarnost koju omogu\u0107uju adaptivne fasade.<\/strong><\/p>\n\n\n\n<p>U kontekstu odr\u017eive gradnje i energetske u\u010dinkovitosti, fasada vi\u0161e nije pasivni sloj koji samo odvaja unutarnji prostor od vanjskog. Danas je ona aktivan sustav koji reagira na okoli\u0161ne uvjete i izravno utje\u010de na potro\u0161nju energije, kvalitetu boravka i ekolo\u0161ki otisak zgrade. <strong>Adaptivne fasade mijenjaju na\u010din na koji promi\u0161ljamo arhitekturu \u2013 uvode\u0107i inteligenciju u samu \u201eko\u017eu\u201c gra\u0111evine.<\/strong><\/p>\n\n\n\n<h2 class=\"wp-block-heading\">Fasada koja u\u010di i reagira<\/h2>\n\n\n\n<p>Tradicionalne fasade bile su dizajnirane s jednim prosje\u010dnim scenarijem u vidu \u2013 stati\u010dne, jednokratno optimizirane, bez mogu\u0107nosti prilagodbe. <strong>Suprotno tome, adaptivne fasade koriste senzore, aktuatorske sustave i algoritme koji prate parametre poput sun\u010devog zra\u010denja, temperature, vla\u017enosti zraka i razine CO\u2082, te u stvarnom vremenu prilago\u0111avaju svoje karakteristike.<\/strong> Na taj na\u010din, zgrada ne ostaje fiksna u svojoj funkciji, ve\u0107 se pona\u0161a poput \u017eivog organizma \u2013 odgovara na podra\u017eaje i anticipira potrebe korisnika.<\/p>\n\n\n\n<p><strong>Primjerice, tijekom ljetnog dana sustav mo\u017ee smanjiti propusnost staklenih povr\u0161ina kako bi se ograni\u010dio ulazak topline, dok \u0107e zimi omogu\u0107iti maksimalan solarni dobitak kako bi se prostor dodatno ugrijao. <\/strong>U prijelaznim razdobljima, otvaranjem ventilacijskih panela mo\u017ee se potaknuti prirodno hla\u0111enje bez upotrebe mehani\u010dkih sustava.<\/p>\n\n\n\n<h2 class=\"wp-block-heading\">Energetska u\u010dinkovitost kroz fasadnu inteligenciju<\/h2>\n\n\n\n<p>Zgrade su me\u0111u najve\u0107im potro\u0161a\u010dima energije \u2013 ponajprije zbog grijanja, hla\u0111enja i rasvjete.<strong> Uvo\u0111enjem fasada koje se pona\u0161aju prilagodljivo, zna\u010dajno se smanjuje potreba za konvencionalnim sustavima klimatizacije.<\/strong> Takvi sustavi pobolj\u0161avaju toplinsku ravnote\u017eu objekta kroz pojmove poput dinami\u010dke toplinske otpornosti, omogu\u0107uju\u0107i fasadi da \u201eodlu\u010di\u201c koliko topline ili svjetla propu\u0161ta \u2013 ovisno o potrebama prostora.<\/p>\n\n\n\n<p><strong>Upravo ta sposobnost prilagodbe smanjuje energetske gubitke i doprinosi ostvarenju niskoenergetskih ili gotovo nultih energetskih standarda.<\/strong> Pritom, ne radi se samo o \u0161tednji u kunama ili kilovatima \u2013 rije\u010d je o sustavnom smanjenju emisija stakleni\u010dkih plinova i optere\u0107enja elektroenergetske mre\u017ee, \u0161to \u010dini zgrade aktivnim dionicima odr\u017eive tranzicije.<\/p>\n\n\n\n<h2 class=\"wp-block-heading\">Komfor koji se ne name\u0107e \u2013 ve\u0107 podr\u017eava<\/h2>\n\n\n\n<p>U tradicionalnoj arhitekturi, komfor korisnika \u010desto je posljedica naknadnih prilagodbi \u2013 kori\u0161tenje zavjesa, klima ure\u0111aja ili grijalica kako bi se prostor u\u010dinio ugodnijim. <strong>Adaptivne fasade mijenjaju tu dinamiku: umjesto da korisnik reagira na nelagodu, zgrada se prilago\u0111ava kako bi je sprije\u010dila.<\/strong><\/p>\n\n\n\n<p><strong>Zamislimo uredski prostor u kojem se razina dnevne svjetlosti automatski regulira u skladu s vanjskim uvjetima, ili stambenu jedinicu u kojoj ventilacija reagira na kvalitetu zraka, bez da korisnik mora otvoriti prozor. <\/strong>Ovakva iskustva ne samo da pove\u0107avaju udobnost, ve\u0107 smanjuju stres i potrebu za stalnim upravljanjem uvjetima u prostoru.<\/p>\n\n\n\n<p><strong>Korisnici \u010desto opisuju ovakve prostore kao \u201etihe pomaga\u010de\u201c \u2013 zgrade koje razumiju potrebe bez da ih se pita, pru\u017eaju\u0107i osje\u0107aj sigurnosti, kontinuiteta i suptilne kontrole nad okolinom.<\/strong><\/p>\n\n\n\n<h2 class=\"wp-block-heading\">Tehnologija u slu\u017ebi arhitektonske vizije<\/h2>\n\n\n\n<p>Va\u017eno je naglasiti da tehnologija adaptivne fasade nije sama sebi svrha. <strong>Ona je sredstvo za ostvarenje odr\u017eivije i inteligentnije arhitekture. <\/strong>Materijali koji mijenjaju boju pod utjecajem UV zra\u010denja, stakla s elektroni\u010dkom kontrolom prozirnosti ili fotonaponski paneli integrirani u fasadni omota\u010d nisu samo tehnolo\u0161ki napredni \u2013 <strong>oni su osnova nove arhitektonske poetike koja spaja estetiku, funkcionalnost i ekologiju.<\/strong><\/p>\n\n\n\n<p>Umjesto dizajna koji je zatvoren u trenutku projektiranja, arhitekti danas razmi\u0161ljaju o <a href=\"https:\/\/www.grenef.hr\/prva-zgrada-u-skandinaviji-sa-zatvorenom-supljom-fasadom\/\" target=\"_blank\" rel=\"noreferrer noopener\">fasadama kao promjenjivim<\/a>, vremenski ovisnim entitetima. <strong>Takav pristup otvara vrata kreativnim rje\u0161enjima koja ne ugro\u017eavaju odr\u017eivost, ve\u0107 je grade iz temelja.<\/strong><\/p>\n\n\n\n<h2 class=\"wp-block-heading\">Pogled unaprijed: Fasade koje komuniciraju<\/h2>\n\n\n\n<p>Kako se tehnologija razvija, tako raste i potencijal adaptivnih fasada. U budu\u0107nosti, mo\u017eemo o\u010dekivati sustave koji ne samo da reagiraju na okoli\u0161, ve\u0107 u\u010de iz pona\u0161anja korisnika, komuniciraju s drugim zgradama i prilago\u0111avaju se u \u0161irem urbanisti\u010dkom kontekstu.<strong> Takve fasade ne\u0107e biti samo granica izme\u0111u unutarnjeg i vanjskog prostora \u2013 ve\u0107 grani\u010dna to\u010dka izme\u0111u inteligentnog gra\u0111enja i stvarnog, odr\u017eivog su\u017eivota s prirodom.<\/strong><\/p>\n\n\n\n<p><strong>U vremenu kada gradovi tra\u017ee na\u010dine da postanu otporniji, <a href=\"https:\/\/www.prozorivrata.com\/hr\/kako-fasada-utjece-na-energetsku-ucinkovitost-zgrade\/\" target=\"_blank\" rel=\"noreferrer noopener\">energetski u\u010dinkovitiji<\/a> i ugodniji za \u017eivot, adaptivne fasade predstavljaju ne samo tehnolo\u0161ki iskorak, ve\u0107 i civilizacijsku prilagodbu. Jer zgrada koja reagira na okoli\u0161 \u2013 reagira i na potrebe \u010dovjeka.<\/strong><\/p>\n","protected":false},"excerpt":{"rendered":"<p>Zamislite ured u staklenoj zgradi usred ljetne \u017eege. Klima ure\u0111aji rade bez prestanka, prozori su zamra\u010deni roletama, no prostor je i dalje zagu\u0161ljiv, a potro\u0161nja energije vrtoglava. Sada zamislite zgradu \u010dija fasada automatski smanjuje prodor topline, optimizira osvjetljenje i omogu\u0107uje prirodnu ventilaciju \u2013 sve bez intervencije korisnika. Ovo nije vizija budu\u0107nosti, ve\u0107 stvarnost koju omogu\u0107uju [&hellip;]<\/p>\n","protected":false},"author":124,"featured_media":8897,"comment_status":"closed","ping_status":"closed","sticky":false,"template":"","format":"standard","meta":{"_FSMCFIC_featured_image_caption":"","_FSMCFIC_featured_image_nocaption":"","_FSMCFIC_featured_image_hide":"","footnotes":""},"categories":[7],"tags":[1181,526,418],"class_list":["post-8896","post","type-post","status-publish","format-standard","has-post-thumbnail","hentry","category-fasade","tag-adaptivne-fasade","tag-energetska-ucinkovitost-2","tag-fasada"],"_links":{"self":[{"href":"https:\/\/www.prozorivrata.com\/hr\/wp-json\/wp\/v2\/posts\/8896","targetHints":{"allow":["GET"]}}],"collection":[{"href":"https:\/\/www.prozorivrata.com\/hr\/wp-json\/wp\/v2\/posts"}],"about":[{"href":"https:\/\/www.prozorivrata.com\/hr\/wp-json\/wp\/v2\/types\/post"}],"author":[{"embeddable":true,"href":"https:\/\/www.prozorivrata.com\/hr\/wp-json\/wp\/v2\/users\/124"}],"replies":[{"embeddable":true,"href":"https:\/\/www.prozorivrata.com\/hr\/wp-json\/wp\/v2\/comments?post=8896"}],"version-history":[{"count":1,"href":"https:\/\/www.prozorivrata.com\/hr\/wp-json\/wp\/v2\/posts\/8896\/revisions"}],"predecessor-version":[{"id":8898,"href":"https:\/\/www.prozorivrata.com\/hr\/wp-json\/wp\/v2\/posts\/8896\/revisions\/8898"}],"wp:featuredmedia":[{"embeddable":true,"href":"https:\/\/www.prozorivrata.com\/hr\/wp-json\/wp\/v2\/media\/8897"}],"wp:attachment":[{"href":"https:\/\/www.prozorivrata.com\/hr\/wp-json\/wp\/v2\/media?parent=8896"}],"wp:term":[{"taxonomy":"category","embeddable":true,"href":"https:\/\/www.prozorivrata.com\/hr\/wp-json\/wp\/v2\/categories?post=8896"},{"taxonomy":"post_tag","embeddable":true,"href":"https:\/\/www.prozorivrata.com\/hr\/wp-json\/wp\/v2\/tags?post=8896"}],"curies":[{"name":"wp","href":"https:\/\/api.w.org\/{rel}","templated":true}]}}