{"id":8889,"date":"2025-08-13T08:20:42","date_gmt":"2025-08-13T07:20:42","guid":{"rendered":"https:\/\/www.prozorivrata.com\/hr\/?p=8889"},"modified":"2025-08-13T08:22:33","modified_gmt":"2025-08-13T07:22:33","slug":"vitrum-2025-medunarodna-izlozba","status":"publish","type":"post","link":"https:\/\/www.prozorivrata.com\/hr\/vitrum-2025-medunarodna-izlozba\/","title":{"rendered":"VITRUM 2025: Me\u0111unarodna izlo\u017eba posve\u0107ena staklarskoj industriji"},"content":{"rendered":"\n<p><strong>U razdoblju od 16. do 19. rujna 2025. godine, u paviljonima 9 i 11 sajma Fiera Milano Rho, odr\u017eat \u0107e se 24. izdanje VITRUM-a, me\u0111unarodne izlo\u017ebe posve\u0107ene staklarskoj industriji,<\/strong> koju promovira GIMAV, udruga pri CONFINDUSTRIA-i koja okuplja talijanske dobavlja\u010de strojeva, pribora, opreme i specijalnih proizvoda za obradu stakla.<\/p>\n\n\n\n<p><strong>Pod sloganom \u201eU srcu stakla\u201c, VITRUM25 potvr\u0111uje svoju poziciju kao srce industrije i referentna platforma za cijeli lanac opskrbe staklom, nude\u0107i jedinstvenu priliku tvrtkama i stru\u010dnjacima iz sektora da se okupe u okru\u017eenju bogatom inovacijama i prilikama za rast.<\/strong><\/p>\n\n\n\n<p><strong>VITRUM25 ne\u0107e biti samo tehnolo\u0161ki sajam, ve\u0107 i pravi poslovni centar<\/strong>, gdje \u0107e svaka tvrtka imati priliku pro\u0161iriti svoju mre\u017eu kontakata i oja\u010dati identitet svog brenda, zahvaljuju\u0107i pa\u017eljivo osmi\u0161ljenim sadr\u017eajima koji maksimiziraju vidljivost i omogu\u0107uju sveobuhvatno i korisno izlaga\u010dko iskustvo.<\/p>\n\n\n\n<p><strong>Putem VITRUM25 bit \u0107e oja\u010dane postoje\u0107e sinergije me\u0111u tvrtkama u sektoru te stvorene nove, s ciljem unaprje\u0111enja uloge stakla u globalnoj industriji.<\/strong><\/p>\n\n\n\n<p>Put obnove koji je pokrenuo Vitrum, me\u0111unarodni sajam posve\u0107en tehnologijama i proizvodnji stakla, predstavlja va\u017ean korak u konsolidaciji predstavljanja sektora ravnog stakla i u oblikovanju sajamskog modela koji odgovara suvremenim potrebama industrije.<\/p>\n\n\n\n<h2 class=\"wp-block-heading\">Novi koncept unapre\u0111uje sektor ravnog stakla<\/h2>\n\n\n\n<p><strong>Novi koncept Vitruma ima za cilj nadma\u0161iti tradicionalni format sajma, pozicioniraju\u0107i se kao integrirana platforma za dijalog, razmjenu informacija i razvoj.<\/strong> Ovaj doga\u0111aj te\u017ei postati prava vitrina staklarske industrije, u\u010dinkovito poti\u010du\u0107i povezivanje proizvo\u0111a\u010da tehnologije, industrijskih poduze\u0107a, tvrtki za obradu stakla i institucija.<\/p>\n\n\n\n<p>Slu\u017eit \u0107e kao mjesto susreta cjelokupnog opskrbnog lanca s ciljem stvaranja novih prilika, odgovaranja na izazove ekolo\u0161ke tranzicije i poticanja inovacija.<\/p>\n\n\n\n<p>Ova vizija ve\u0107 je potvr\u0111ena sudjelovanjem glavnih aktera industrije ravnog stakla. <strong>Njihova prisutnost nadilazi puku izlo\u017ebenu ulogu, predstavljaju\u0107i konkretan doprinos podr\u0161ci razvoju sektora.<\/strong><\/p>\n\n\n\n<blockquote class=\"wp-block-quote is-layout-flow wp-block-quote-is-layout-flow\">\n<p>\u201eNovi koncept Vitruma proiza\u0161ao je iz oslu\u0161kivanja potreba industrije i iz \u017eelje da se ponudi prakti\u010dan alat za podr\u0161ku opskrbnom lancu\u201c, izjavila je Lucia Masutti, glavna direktorica Vitruma.<\/p>\n<\/blockquote>\n\n\n\n<p><strong>Vitrum tako\u0111er odlu\u010dno nastavlja s poticanjem sudjelovanja sektora \u0161upljeg stakla, s ciljem da se cijela industrija, sa svim svojim specijalizacijama, predstavi na potpuniji i inkluzivniji na\u010din.<\/strong><\/p>\n\n\n\n<h2 class=\"wp-block-heading\">Vitrum organizira raspravu o dekarbonizaciji staklarske industrije<\/h2>\n\n\n\n<p><strong>U jedinstvenom kontekstu sajma Glass, me\u0111unarodne referentne to\u010dke za lanac opskrbe staklom, odr\u017eat \u0107e se tehni\u010dka konferencija visokog profila, u potpunosti posve\u0107ena dekarbonizaciji sektora, u srijedu, 17. rujna, na Fiera Milano Rho, u konferencijskoj dvorani \u2013 paviljon 9.<\/strong><\/p>\n\n\n\n<p>Ovo je konkretna prilika za tvrtke, stru\u010dnjake, istra\u017eiva\u010dke centre i udruge da rasprave o postoje\u0107im rje\u0161enjima i novim tehnologijama koje odgovaraju na izazove ekolo\u0161ke tranzicije.<\/p>\n\n\n\n<h3 class=\"wp-block-heading\">Doga\u0111aj \u0107e biti podijeljen u tri sesije:<\/h3>\n\n\n\n<ul class=\"wp-block-list\">\n<li><strong>Pe\u0107i nove generacije:<\/strong> elektrifikacija, hibridizacija, termovizijsko snimanje, sintetski plin iz biomase<\/li>\n\n\n\n<li><strong>Inovacije i ekolo\u0161ka odr\u017eivost:<\/strong> studije slu\u010daja, materijali, ambala\u017ea<\/li>\n\n\n\n<li><strong>Ravno staklo s niskim utjecajem na okoli\u0161:<\/strong> nova rje\u0161enja za u\u010dinkovitije proizvode i procese<\/li>\n<\/ul>\n\n\n\n<p><strong>Vitrum time potvr\u0111uje svoju strate\u0161ku ulogu kao platforma za promicanje inovacija u proizvodnji stakla, ja\u010daju\u0107i vezu izme\u0111u industrije, tehnologije i odr\u017eivosti.<\/strong><\/p>\n\n\n\n<figure class=\"wp-block-image size-full is-resized\"><img decoding=\"async\" width=\"225\" height=\"131\" src=\"https:\/\/www.prozorivrata.com\/hr\/wp-content\/uploads\/sites\/4\/2025\/08\/vitrum-logo.jpg\" alt=\"VITRUM 2025 logo\" class=\"wp-image-8890\" style=\"width:202px;height:auto\" \/><\/figure>\n\n\n\n<p><a href=\"https:\/\/vitrumlife.it\/en\/vitrum\/\" target=\"_blank\" rel=\"noreferrer noopener\">vitrumlife.it<\/a><\/p>\n","protected":false},"excerpt":{"rendered":"<p>U razdoblju od 16. do 19. rujna 2025. godine, u paviljonima 9 i 11 sajma Fiera Milano Rho, odr\u017eat \u0107e se 24. izdanje VITRUM-a, me\u0111unarodne izlo\u017ebe posve\u0107ene staklarskoj industriji, koju promovira GIMAV, udruga pri CONFINDUSTRIA-i koja okuplja talijanske dobavlja\u010de strojeva, pribora, opreme i specijalnih proizvoda za obradu stakla. Pod sloganom \u201eU srcu stakla\u201c, VITRUM25 potvr\u0111uje [&hellip;]<\/p>\n","protected":false},"author":124,"featured_media":8891,"comment_status":"closed","ping_status":"closed","sticky":false,"template":"","format":"standard","meta":{"_FSMCFIC_featured_image_caption":"","_FSMCFIC_featured_image_nocaption":"","_FSMCFIC_featured_image_hide":"","footnotes":""},"categories":[47,22],"tags":[1159,1179,149,1178],"class_list":["post-8889","post","type-post","status-publish","format-standard","has-post-thumbnail","hentry","category-novosti","category-staklo","tag-medunarodni-sajam","tag-staklarska-industrija","tag-staklo","tag-vitrum-2025"],"_links":{"self":[{"href":"https:\/\/www.prozorivrata.com\/hr\/wp-json\/wp\/v2\/posts\/8889","targetHints":{"allow":["GET"]}}],"collection":[{"href":"https:\/\/www.prozorivrata.com\/hr\/wp-json\/wp\/v2\/posts"}],"about":[{"href":"https:\/\/www.prozorivrata.com\/hr\/wp-json\/wp\/v2\/types\/post"}],"author":[{"embeddable":true,"href":"https:\/\/www.prozorivrata.com\/hr\/wp-json\/wp\/v2\/users\/124"}],"replies":[{"embeddable":true,"href":"https:\/\/www.prozorivrata.com\/hr\/wp-json\/wp\/v2\/comments?post=8889"}],"version-history":[{"count":1,"href":"https:\/\/www.prozorivrata.com\/hr\/wp-json\/wp\/v2\/posts\/8889\/revisions"}],"predecessor-version":[{"id":8892,"href":"https:\/\/www.prozorivrata.com\/hr\/wp-json\/wp\/v2\/posts\/8889\/revisions\/8892"}],"wp:featuredmedia":[{"embeddable":true,"href":"https:\/\/www.prozorivrata.com\/hr\/wp-json\/wp\/v2\/media\/8891"}],"wp:attachment":[{"href":"https:\/\/www.prozorivrata.com\/hr\/wp-json\/wp\/v2\/media?parent=8889"}],"wp:term":[{"taxonomy":"category","embeddable":true,"href":"https:\/\/www.prozorivrata.com\/hr\/wp-json\/wp\/v2\/categories?post=8889"},{"taxonomy":"post_tag","embeddable":true,"href":"https:\/\/www.prozorivrata.com\/hr\/wp-json\/wp\/v2\/tags?post=8889"}],"curies":[{"name":"wp","href":"https:\/\/api.w.org\/{rel}","templated":true}]}}