{"id":8676,"date":"2025-06-02T07:17:33","date_gmt":"2025-06-02T06:17:33","guid":{"rendered":"https:\/\/www.prozorivrata.com\/hr\/?p=8676"},"modified":"2025-09-22T09:44:47","modified_gmt":"2025-09-22T08:44:47","slug":"ambienta-2025-medunarodni-sajam-namjestaja","status":"publish","type":"post","link":"https:\/\/www.prozorivrata.com\/hr\/ambienta-2025-medunarodni-sajam-namjestaja\/","title":{"rendered":"Ambienta 2025 &#8211; Me\u0111unarodni sajam namje\u0161taja, unutarnjeg ure\u0111enja, graditeljstva, niskoenergetske monta\u017ene gradnje i hotelsko-ugostiteljske opreme"},"content":{"rendered":"\n<p><strong>I ove godine otvaraju se prozori i vrata Ambiente Zagreba\u010dkog velesajma!<\/strong><\/p>\n\n\n\n<p>Zato ve\u0107 sada rezervirajte \u017eeljenu poziciju.<\/p>\n\n\n<div class=\"wp-block-image\">\n<figure class=\"aligncenter size-full\"><img decoding=\"async\" width=\"1200\" height=\"800\" src=\"https:\/\/www.prozorivrata.com\/hr\/wp-content\/uploads\/sites\/4\/2025\/05\/Doma-Chair-Ambienta-2025.jpg\" alt=\"Ambienta 2025 - Me\u0111unarodni sajam namje\u0161taja, unutarnjeg ure\u0111enja, graditeljstva, niskoenergetske monta\u017ene gradnje i hotelsko-ugostiteljske opreme \/ foto: Ambienta\" class=\"wp-image-8680\" srcset=\"https:\/\/www.prozorivrata.com\/hr\/wp-content\/uploads\/sites\/4\/2025\/05\/Doma-Chair-Ambienta-2025.jpg 1200w, https:\/\/www.prozorivrata.com\/hr\/wp-content\/uploads\/sites\/4\/2025\/05\/Doma-Chair-Ambienta-2025-300x200.jpg 300w, https:\/\/www.prozorivrata.com\/hr\/wp-content\/uploads\/sites\/4\/2025\/05\/Doma-Chair-Ambienta-2025-1024x683.jpg 1024w, https:\/\/www.prozorivrata.com\/hr\/wp-content\/uploads\/sites\/4\/2025\/05\/Doma-Chair-Ambienta-2025-768x512.jpg 768w, https:\/\/www.prozorivrata.com\/hr\/wp-content\/uploads\/sites\/4\/2025\/05\/Doma-Chair-Ambienta-2025-750x500.jpg 750w, https:\/\/www.prozorivrata.com\/hr\/wp-content\/uploads\/sites\/4\/2025\/05\/Doma-Chair-Ambienta-2025-1140x760.jpg 1140w\" sizes=\"(max-width: 1200px) 100vw, 1200px\" \/><figcaption class=\"wp-element-caption\">Ambienta 2025 &#8211; Me\u0111unarodni sajam namje\u0161taja, unutarnjeg ure\u0111enja, graditeljstva, niskoenergetske monta\u017ene gradnje i hotelsko-ugostiteljske opreme \/ foto: Ambienta<\/figcaption><\/figure>\n<\/div>\n\n\n<p><strong>Pod zajedni\u010dkim nazivom \u2013 me\u0111unarodni sajam namje\u0161taja, unutarnjeg ure\u0111enja, graditeljstva, niskoenergetske monta\u017ene gradnje i hotelsko-ugostiteljske opreme, 52. Ambienta \u0107e se odr\u017eati od 25. do 28. 9. 2025. <\/strong>U paviljonima \u0107e se okupiti doma\u0107i i strani proizvo\u0111a\u010di, distributeri, dizajneri, arhitekti, gra\u0111evinari, kreativci i krajnji potro\u0161a\u010di.<\/p>\n\n\n\n<p><strong>Izlaga\u010dki prostor podijeljen je u devet tematskih cjelina<\/strong> \u2013 Namje\u0161taj i ure\u0111enje, Dizajn zona, Pametan dom, Horeca Ambienta, Odr\u017eiva gradnja, Niskoenergetske monta\u017ene ku\u0107e, Art Box, Umjetni\u010dka ulica te Ambienta i muzeji.<\/p>\n\n\n\n<p><strong>Ovogodi\u0161nji je fokus na odr\u017eivosti, obnovljivim gra\u0111evinskim materijalima, sustavima za energetski u\u010dinkovitu gradnju, pametnim rje\u0161enjima za stanovanje\u2026ili ukratko, Ambienta 2025 \u2013 inovacije za odr\u017eivu i pametnu budu\u0107nost.<\/strong><\/p>\n\n\n<div class=\"wp-block-image\">\n<figure class=\"aligncenter size-full\"><img decoding=\"async\" width=\"1000\" height=\"1000\" src=\"https:\/\/www.prozorivrata.com\/hr\/wp-content\/uploads\/sites\/4\/2025\/05\/AMBIENTA-2025-medjunarodni-sajam-namjestaja-dizajn-interijera.jpg\" alt=\"Ambienta 2025 - Me\u0111unarodni sajam namje\u0161taja, unutarnjeg ure\u0111enja, graditeljstva, niskoenergetske monta\u017ene gradnje i hotelsko-ugostiteljske opreme \/ foto: Ambienta\" class=\"wp-image-8678\" srcset=\"https:\/\/www.prozorivrata.com\/hr\/wp-content\/uploads\/sites\/4\/2025\/05\/AMBIENTA-2025-medjunarodni-sajam-namjestaja-dizajn-interijera.jpg 1000w, https:\/\/www.prozorivrata.com\/hr\/wp-content\/uploads\/sites\/4\/2025\/05\/AMBIENTA-2025-medjunarodni-sajam-namjestaja-dizajn-interijera-300x300.jpg 300w, https:\/\/www.prozorivrata.com\/hr\/wp-content\/uploads\/sites\/4\/2025\/05\/AMBIENTA-2025-medjunarodni-sajam-namjestaja-dizajn-interijera-150x150.jpg 150w, https:\/\/www.prozorivrata.com\/hr\/wp-content\/uploads\/sites\/4\/2025\/05\/AMBIENTA-2025-medjunarodni-sajam-namjestaja-dizajn-interijera-768x768.jpg 768w, https:\/\/www.prozorivrata.com\/hr\/wp-content\/uploads\/sites\/4\/2025\/05\/AMBIENTA-2025-medjunarodni-sajam-namjestaja-dizajn-interijera-75x75.jpg 75w, https:\/\/www.prozorivrata.com\/hr\/wp-content\/uploads\/sites\/4\/2025\/05\/AMBIENTA-2025-medjunarodni-sajam-namjestaja-dizajn-interijera-350x350.jpg 350w, https:\/\/www.prozorivrata.com\/hr\/wp-content\/uploads\/sites\/4\/2025\/05\/AMBIENTA-2025-medjunarodni-sajam-namjestaja-dizajn-interijera-750x750.jpg 750w\" sizes=\"(max-width: 1000px) 100vw, 1000px\" \/><figcaption class=\"wp-element-caption\">Ambienta 2025 &#8211; Me\u0111unarodni sajam namje\u0161taja, unutarnjeg ure\u0111enja, graditeljstva, niskoenergetske monta\u017ene gradnje i hotelsko-ugostiteljske opreme \/ foto: Ambienta<\/figcaption><\/figure>\n<\/div>\n\n\n<h2 class=\"wp-block-heading\">Blic pregledom programa i noviteta izdvajamo:<\/h2>\n\n\n\n<ul class=\"wp-block-list\">\n<li><strong>cijeli jedan paviljon Ambiente bit \u0107e posve\u0107en inovacijama u odr\u017eivoj gradnji<\/strong> &#8211; od ekolo\u0161ki prihvatljivih materijala do energetski u\u010dinkovitih sustava, a to \u0107e biti i jedna od tema velike konferencije Graditeljstvo i investicije 2025 koja \u0107e kao popratno stru\u010dno doga\u0111anje sajma okupiti klju\u010dne aktere te otvoriti dijalog o budu\u0107nosti sektora \u2013 kako graditi bolje, odgovornije, dugoro\u010dno \u2013 od makroekonomskih uvjeta do konkretnih tehnolo\u0161kih rje\u0161enja i problematike radne snage, te \u0107e biti idealna prilika za umre\u017eavanje struke.<\/li>\n\n\n\n<li><strong>prvi put \u0107e se postaviti #StanazaSutra <\/strong>\u2013stan u potpunosti opremljen odr\u017eivim namje\u0161tajem, ure\u0111ajima i dekorima koje \u0107e Zagreba\u010dki velesajam u suradnji s partnerima nakon Ambiente donirati stambenoj zajednici za mlade bez roditeljske skrbi koji nakon punoljetnosti i izlaska iz doma u takvim zajednicama nastavljaju \u017eivot.<\/li>\n\n\n\n<li><strong>na izazove suvremenog \u017eivota odgovore daje i niskoenergetska monta\u017ena gradnja. <\/strong>Izlaga\u010di \u0107e niskoenergetske monta\u017ene ku\u0107e opremiti solarnim elektranama i dizalicama topline, pa \u0107e tako uz primjenu obnovljivih izvora energije, predstaviti odr\u017eiva stambena rje\u0161enja<\/li>\n\n\n\n<li><strong>u sklopu izlaga\u010dke zone predvi\u0111ene za hotelsko-ugostiteljsku opremu <\/strong>pripremaju se brojna ekskluzivna doga\u0111anja u suradnji s Hrvatskim kuharskim savezom. Zagreba\u010dki velesajam na \u010detiri dana pretvorit \u0107e se u epicentar vrhunske gastronomije. Najzvu\u010dnije je svakako svjetsko natjecanje Bocuse d&#8217;Or \/WorldChefs.<\/li>\n\n\n\n<li><strong>U pripremi je i bogat stru\u010dno popratni program i ve\u0107 tradicionalna nagradna igra za posjetitelje.<\/strong><\/li>\n<\/ul>\n\n\n<div class=\"wp-block-image\">\n<figure class=\"aligncenter size-full\"><img decoding=\"async\" width=\"1200\" height=\"900\" src=\"https:\/\/www.prozorivrata.com\/hr\/wp-content\/uploads\/sites\/4\/2025\/05\/dizajn-interijera-kupaonice-Ambienta-2025.jpg\" alt=\"Ambienta 2025 - Me\u0111unarodni sajam namje\u0161taja, unutarnjeg ure\u0111enja, graditeljstva, niskoenergetske monta\u017ene gradnje i hotelsko-ugostiteljske opreme \/ foto: Ambienta\" class=\"wp-image-8677\" srcset=\"https:\/\/www.prozorivrata.com\/hr\/wp-content\/uploads\/sites\/4\/2025\/05\/dizajn-interijera-kupaonice-Ambienta-2025.jpg 1200w, https:\/\/www.prozorivrata.com\/hr\/wp-content\/uploads\/sites\/4\/2025\/05\/dizajn-interijera-kupaonice-Ambienta-2025-300x225.jpg 300w, https:\/\/www.prozorivrata.com\/hr\/wp-content\/uploads\/sites\/4\/2025\/05\/dizajn-interijera-kupaonice-Ambienta-2025-1024x768.jpg 1024w, https:\/\/www.prozorivrata.com\/hr\/wp-content\/uploads\/sites\/4\/2025\/05\/dizajn-interijera-kupaonice-Ambienta-2025-768x576.jpg 768w, https:\/\/www.prozorivrata.com\/hr\/wp-content\/uploads\/sites\/4\/2025\/05\/dizajn-interijera-kupaonice-Ambienta-2025-750x563.jpg 750w, https:\/\/www.prozorivrata.com\/hr\/wp-content\/uploads\/sites\/4\/2025\/05\/dizajn-interijera-kupaonice-Ambienta-2025-1140x855.jpg 1140w\" sizes=\"(max-width: 1200px) 100vw, 1200px\" \/><figcaption class=\"wp-element-caption\">Ambienta 2025 &#8211; Me\u0111unarodni sajam namje\u0161taja, unutarnjeg ure\u0111enja, graditeljstva, niskoenergetske monta\u017ene gradnje i hotelsko-ugostiteljske opreme \/ foto: Ambienta<\/figcaption><\/figure>\n<\/div>\n\n\n<p>Vi\u0161e detalja o tome za\u0161to izlagati na Ambienti potra\u017eite na<a href=\"https:\/\/www.zv.hr\/sajmovi-7\/ambienta-63\/izlagaci-2541\/2541\" target=\"_blank\" rel=\"noreferrer noopener\"> Izlaga\u010di &#8211; Zagreba\u010dki Velesajam<\/a>, a za\u0161to biti na Zagreba\u010dkom velesajmu ovoga rujna na <a href=\"https:\/\/www.zv.hr\/sajmovi-7\/ambienta-63\/posjetitelji-2534\/2534\" target=\"_blank\" rel=\"noreferrer noopener\">Posjetitelji &#8211; Zagreba\u010dki Velesajam<\/a>.<\/p>\n\n\n\n<figure class=\"wp-block-image is-resized\"><img decoding=\"async\" width=\"500\" height=\"103\" src=\"https:\/\/www.prozorivrata.com\/hr\/wp-content\/uploads\/sites\/4\/2022\/09\/Ambienta-sajam-logo.jpg\" alt=\"Ambienta logo\" class=\"wp-image-5304\" style=\"width:250px;height:auto\" srcset=\"https:\/\/www.prozorivrata.com\/hr\/wp-content\/uploads\/sites\/4\/2022\/09\/Ambienta-sajam-logo.jpg 500w, https:\/\/www.prozorivrata.com\/hr\/wp-content\/uploads\/sites\/4\/2022\/09\/Ambienta-sajam-logo-300x62.jpg 300w\" sizes=\"(max-width: 500px) 100vw, 500px\" \/><\/figure>\n\n\n\n<p>Zagreba\u010dki Velesajam d.o.o.<br>Avenija Dubrovnik 15,<br>10020 Zagreb, Hrvatska<br>T. +385 1 6503 111<br><a href=\"mailto:zv@zv.hr\" target=\"_blank\" rel=\"noreferrer noopener\">zv@zv.hr<\/a><br><a href=\"https:\/\/www.zv.hr\/\" target=\"_blank\" rel=\"noreferrer noopener\">zv.hr<\/a><\/p>\n","protected":false},"excerpt":{"rendered":"<p>I ove godine otvaraju se prozori i vrata Ambiente Zagreba\u010dkog velesajma! Zato ve\u0107 sada rezervirajte \u017eeljenu poziciju. Pod zajedni\u010dkim nazivom \u2013 me\u0111unarodni sajam namje\u0161taja, unutarnjeg ure\u0111enja, graditeljstva, niskoenergetske monta\u017ene gradnje i hotelsko-ugostiteljske opreme, 52. Ambienta \u0107e se odr\u017eati od 25. do 28. 9. 2025. U paviljonima \u0107e se okupiti doma\u0107i i strani proizvo\u0111a\u010di, distributeri, dizajneri, [&hellip;]<\/p>\n","protected":false},"author":124,"featured_media":8679,"comment_status":"closed","ping_status":"closed","sticky":false,"template":"","format":"standard","meta":{"_FSMCFIC_featured_image_caption":"","_FSMCFIC_featured_image_nocaption":"","_FSMCFIC_featured_image_hide":"","footnotes":""},"categories":[47],"tags":[508,777,235],"class_list":["post-8676","post","type-post","status-publish","format-standard","has-post-thumbnail","hentry","category-novosti","tag-ambienta","tag-sajam-namjestaja","tag-zagreb"],"_links":{"self":[{"href":"https:\/\/www.prozorivrata.com\/hr\/wp-json\/wp\/v2\/posts\/8676","targetHints":{"allow":["GET"]}}],"collection":[{"href":"https:\/\/www.prozorivrata.com\/hr\/wp-json\/wp\/v2\/posts"}],"about":[{"href":"https:\/\/www.prozorivrata.com\/hr\/wp-json\/wp\/v2\/types\/post"}],"author":[{"embeddable":true,"href":"https:\/\/www.prozorivrata.com\/hr\/wp-json\/wp\/v2\/users\/124"}],"replies":[{"embeddable":true,"href":"https:\/\/www.prozorivrata.com\/hr\/wp-json\/wp\/v2\/comments?post=8676"}],"version-history":[{"count":4,"href":"https:\/\/www.prozorivrata.com\/hr\/wp-json\/wp\/v2\/posts\/8676\/revisions"}],"predecessor-version":[{"id":9005,"href":"https:\/\/www.prozorivrata.com\/hr\/wp-json\/wp\/v2\/posts\/8676\/revisions\/9005"}],"wp:featuredmedia":[{"embeddable":true,"href":"https:\/\/www.prozorivrata.com\/hr\/wp-json\/wp\/v2\/media\/8679"}],"wp:attachment":[{"href":"https:\/\/www.prozorivrata.com\/hr\/wp-json\/wp\/v2\/media?parent=8676"}],"wp:term":[{"taxonomy":"category","embeddable":true,"href":"https:\/\/www.prozorivrata.com\/hr\/wp-json\/wp\/v2\/categories?post=8676"},{"taxonomy":"post_tag","embeddable":true,"href":"https:\/\/www.prozorivrata.com\/hr\/wp-json\/wp\/v2\/tags?post=8676"}],"curies":[{"name":"wp","href":"https:\/\/api.w.org\/{rel}","templated":true}]}}