{"id":8516,"date":"2025-04-02T10:36:09","date_gmt":"2025-04-02T09:36:09","guid":{"rendered":"https:\/\/www.prozorivrata.com\/hr\/?p=8516"},"modified":"2025-04-02T13:07:59","modified_gmt":"2025-04-02T12:07:59","slug":"odrzana-12-medunarodna-konferencija-dan-prozora-2025","status":"publish","type":"post","link":"https:\/\/www.prozorivrata.com\/hr\/odrzana-12-medunarodna-konferencija-dan-prozora-2025\/","title":{"rendered":"Odr\u017eana 12. me\u0111unarodna konferencija DAN PROZORA 2025"},"content":{"rendered":"\n<p><strong>Dana 26. o\u017eujka 2025. u kongresnom centru hotela Antunovi\u0107 u Zagrebu odr\u017eana je 12. me\u0111unarodna konferencija DAN PROZORA 2025, organizirana u suradnji ift Rosenheim Hrvatska i ift Rosenheim Njema\u010dka. <\/strong>Ovaj istaknuti stru\u010dni doga\u0111aj okupio je vi\u0161e od 300 stru\u010dnjaka iz sektora gra\u0111evinske stolarije, me\u0111u kojima su bili proizvo\u0111a\u010di prozora i vrata, dobavlja\u010di profila, proizvo\u0111a\u010di stakla i okova, arhitekti, projektanti te investitori iz Hrvatske i susjednih zemalja.<\/p>\n\n\n\n<h2 class=\"wp-block-heading\">Klju\u010dni ciljevi konferencije<\/h2>\n\n\n\n<p>Konferencija je bila posve\u0107ena edukaciji o najnovijim gra\u0111evinskim proizvodima, europskim normama, tehnolo\u0161kim inovacijama i zakonodavnim regulativama vezanim uz europske direktive i obveze proizvo\u0111a\u010da.<strong> Fokus je bio i na odr\u017eivosti te pravilnoj ugradnji gra\u0111evinske stolarije. Program se sastojao od edukativnog i izlaga\u010dkog dijela.<\/strong><\/p>\n\n\n\n<ul class=\"wp-block-list\">\n<li><strong>Edukativni segment <\/strong>obuhvatio je stru\u010dna predavanja, interaktivne panel rasprave i prezentacije aktualnih tema u industriji.<\/li>\n\n\n\n<li><strong>Izlaga\u010dki dio pru\u017eio <\/strong>je priliku za umre\u017eavanje i razmjenu iskustava, gdje su sudionici mogli upoznati inovativne proizvode i tehnologije.<\/li>\n<\/ul>\n\n\n<div class=\"wp-block-image\">\n<figure class=\"aligncenter size-full\"><img decoding=\"async\" width=\"1200\" height=\"800\" src=\"https:\/\/www.prozorivrata.com\/hr\/wp-content\/uploads\/sites\/4\/2025\/04\/posetioci-na-12-medjunarodnoj-konferenciji-DAN-PROZORA-2025-foto-ift-Hrvatska-doo.jpg\" alt=\"Posjetitelji na 12. me\u0111unarodnoj konferenciji DAN PROZORA 2025 \/ foto: ift Hrvatska d.o.o.\" class=\"wp-image-8529\" srcset=\"https:\/\/www.prozorivrata.com\/hr\/wp-content\/uploads\/sites\/4\/2025\/04\/posetioci-na-12-medjunarodnoj-konferenciji-DAN-PROZORA-2025-foto-ift-Hrvatska-doo.jpg 1200w, https:\/\/www.prozorivrata.com\/hr\/wp-content\/uploads\/sites\/4\/2025\/04\/posetioci-na-12-medjunarodnoj-konferenciji-DAN-PROZORA-2025-foto-ift-Hrvatska-doo-300x200.jpg 300w, https:\/\/www.prozorivrata.com\/hr\/wp-content\/uploads\/sites\/4\/2025\/04\/posetioci-na-12-medjunarodnoj-konferenciji-DAN-PROZORA-2025-foto-ift-Hrvatska-doo-1024x683.jpg 1024w, https:\/\/www.prozorivrata.com\/hr\/wp-content\/uploads\/sites\/4\/2025\/04\/posetioci-na-12-medjunarodnoj-konferenciji-DAN-PROZORA-2025-foto-ift-Hrvatska-doo-768x512.jpg 768w, https:\/\/www.prozorivrata.com\/hr\/wp-content\/uploads\/sites\/4\/2025\/04\/posetioci-na-12-medjunarodnoj-konferenciji-DAN-PROZORA-2025-foto-ift-Hrvatska-doo-750x500.jpg 750w, https:\/\/www.prozorivrata.com\/hr\/wp-content\/uploads\/sites\/4\/2025\/04\/posetioci-na-12-medjunarodnoj-konferenciji-DAN-PROZORA-2025-foto-ift-Hrvatska-doo-1140x760.jpg 1140w\" sizes=\"(max-width: 1200px) 100vw, 1200px\" \/><figcaption class=\"wp-element-caption\">Posjetitelji na 12. me\u0111unarodnoj konferenciji DAN PROZORA 2025 \/ foto: ift Hrvatska d.o.o.<\/figcaption><\/figure>\n<\/div>\n\n\n<h2 class=\"wp-block-heading\">Stru\u010dna predavanja i tematski blokovi<\/h2>\n\n\n\n<h3 class=\"wp-block-heading\">Konferencija je bila podijeljena u tri tematska bloka:<\/h3>\n\n\n\n<h4 class=\"wp-block-heading\">Staklo: rje\u0161enja i trendovi<\/h4>\n\n\n\n<ul class=\"wp-block-list\">\n<li><strong>Upotreba stakla u prozorima i vratima <\/strong>\u2013 razmatrane su inovativne primjene stakla u suvremenoj gradnji, s naglaskom na energetsku u\u010dinkovitost i estetske aspekte.<\/li>\n\n\n\n<li><strong>Staklo u prometnim sredinama <\/strong>\u2013 diskutirano je o specifi\u010dnostima kori\u0161tenja stakla u podru\u010djima s visokim prometom, uklju\u010duju\u0107i zahtjeve za sigurno\u0161\u0107u i zvu\u010dnom izolacijom.<\/li>\n\n\n\n<li><strong>Ostakljena pro\u010delja gra\u0111evina <\/strong>\u2013 Metode i pravila za trajno i kvalitetno ostakljenje: predstavljene su tehnike i smjernice za dugotrajna i kvalitetna ostakljenja fasada, uzimaju\u0107i u obzir stati\u010dke i dinami\u010dke optere\u0107enja te klimatske uvjete.<\/li>\n<\/ul>\n\n\n\n<h4 class=\"wp-block-heading\">Odr\u017eivost i energetska u\u010dinkovitost<\/h4>\n\n\n\n<ul class=\"wp-block-list\">\n<li><strong>Recikla\u017ea u prozorima i vratima<\/strong> \u2013 nagla\u0161ena je va\u017enost kori\u0161tenja ekolo\u0161ki prihvatljivih materijala i procesa recikla\u017ee u proizvodnji gra\u0111evinske stolarije te je skrenuta pa\u017enja i na PVC koji se mo\u017ee do 8 puta reciklirati a da ne izgubi svoja kvalitetna svojstva ali i na aluminij i njegov karbonski otisak.<\/li>\n\n\n\n<li><strong>EPD, CO\u2082, LCA <\/strong>\u2013 Status nakon 3 godine: analiziran je napredak u implementaciji Deklaracija o okoli\u0161nim proizvodima (EPD), procjeni \u017eivotnog ciklusa (LCA) i smanjenju emisija CO\u2082 u gra\u0111evinskom sektoru. Tako\u0111er je bilo govora o preduvijetima za certificiranje zgrada gdje EPD proizvoda igra klju\u010dnu ulogu.<\/li>\n\n\n\n<li><strong>Nova ispitivanja prozora <\/strong>\u2013 climate.safe.building: predstavljeni su rezultati novih testiranja prozora u kontekstu otpornosti na klimatske promjene, s ciljem osiguravanja dugovje\u010dnosti i performansi u ekstremnim vremenskim uvjetima.<\/li>\n<\/ul>\n\n\n\n<h4 class=\"wp-block-heading\">Ugradnja prozora i vrata<\/h4>\n\n\n\n<ul class=\"wp-block-list\">\n<li><strong>Pravilna monta\u017ea stolarije<\/strong> \u2013 istaknuta je klju\u010dna uloga pravilne ugradnje prozora i vrata u postizanju optimalnih performansi i dugotrajnosti proizvoda.<\/li>\n\n\n\n<li><strong>Za\u0161tita od vandalizma <\/strong>\u2013 predstavljene su nove smjernice za za\u0161titu prozora i vrata od vandalizma, uklju\u010duju\u0107i preporuke za odabir materijala i konstrukcijskih rje\u0161enja.<\/li>\n\n\n\n<li><strong>Norma DIN 18040 <\/strong>\u2013 Izgradnja pristupa\u010dne zgrade, slobodni prolazi i koridori, u\u010dinci na industriju: raspravljalo se o a\u017euriranoj normi za pristupa\u010dnost gra\u0111evina, s posebnim naglaskom na slobodne prolaze i koridore te njihov utjecaj na dizajn i proizvodnju gra\u0111evinske stolarije.<\/li>\n<\/ul>\n\n\n\n<p><strong>Predavanja su se odr\u017eavala na hrvatskom jeziku, uz simultano prevo\u0111enje za dio izlaganja na engleskom i njema\u010dkom jeziku.<\/strong><\/p>\n\n\n<div class=\"wp-block-image\">\n<figure class=\"aligncenter size-full\"><img decoding=\"async\" width=\"1200\" height=\"801\" src=\"https:\/\/www.prozorivrata.com\/hr\/wp-content\/uploads\/sites\/4\/2025\/04\/izlagacki-deo-na-12-medjunarodnoj-konferenciji-DAN-PROZORA-2025-foto-ift-Hrvatska-doo.jpg\" alt=\"Izlo\u017ebeni dio na 12. me\u0111unarodnoj konferenciji DAN PROZORA 2025 \/ foto: ift Hrvatska d.o.o.\" class=\"wp-image-8526\" srcset=\"https:\/\/www.prozorivrata.com\/hr\/wp-content\/uploads\/sites\/4\/2025\/04\/izlagacki-deo-na-12-medjunarodnoj-konferenciji-DAN-PROZORA-2025-foto-ift-Hrvatska-doo.jpg 1200w, https:\/\/www.prozorivrata.com\/hr\/wp-content\/uploads\/sites\/4\/2025\/04\/izlagacki-deo-na-12-medjunarodnoj-konferenciji-DAN-PROZORA-2025-foto-ift-Hrvatska-doo-300x200.jpg 300w, https:\/\/www.prozorivrata.com\/hr\/wp-content\/uploads\/sites\/4\/2025\/04\/izlagacki-deo-na-12-medjunarodnoj-konferenciji-DAN-PROZORA-2025-foto-ift-Hrvatska-doo-1024x684.jpg 1024w, https:\/\/www.prozorivrata.com\/hr\/wp-content\/uploads\/sites\/4\/2025\/04\/izlagacki-deo-na-12-medjunarodnoj-konferenciji-DAN-PROZORA-2025-foto-ift-Hrvatska-doo-768x513.jpg 768w, https:\/\/www.prozorivrata.com\/hr\/wp-content\/uploads\/sites\/4\/2025\/04\/izlagacki-deo-na-12-medjunarodnoj-konferenciji-DAN-PROZORA-2025-foto-ift-Hrvatska-doo-750x501.jpg 750w, https:\/\/www.prozorivrata.com\/hr\/wp-content\/uploads\/sites\/4\/2025\/04\/izlagacki-deo-na-12-medjunarodnoj-konferenciji-DAN-PROZORA-2025-foto-ift-Hrvatska-doo-1140x761.jpg 1140w\" sizes=\"(max-width: 1200px) 100vw, 1200px\" \/><figcaption class=\"wp-element-caption\">Izlo\u017ebeni dio na 12. me\u0111unarodnoj konferenciji DAN PROZORA 2025 \/ foto: ift Hrvatska d.o.o.<\/figcaption><\/figure>\n<\/div>\n\n\n<h2 class=\"wp-block-heading\">Zaklju\u010dci konferencije<\/h2>\n\n\n\n<p><strong><a href=\"https:\/\/www.prozorivrata.com\/hr\/12-medunarodna-konferencija-dan-prozora-2025-ift-rosenheim-hrvatska\/\" target=\"_blank\" rel=\"noreferrer noopener\">Konferencija DAN PROZORA 2025 <\/a>jo\u0161 je jednom potvrdila svoj status vode\u0107eg stru\u010dnog doga\u0111aja u regiji.<\/strong> Sudionici su imali priliku produbiti znanje o inovacijama, tehnolo\u0161kim standardima i odr\u017eivim rje\u0161enjima, dok je izlaga\u010dki dio omogu\u0107io vrijedne poslovne kontakte i razmjenu iskustava.<\/p>\n\n\n\n<h2 class=\"wp-block-heading\">Zahvala predava\u010dima i sponzorima<\/h2>\n\n\n\n<p><strong>Posebno zahvaljujemo svim predava\u010dima koji su svojim stru\u010dnim znanjem doprinijeli kvaliteti konferencije. <\/strong>Tako\u0111er, veliko hvala sponzorima koji su omogu\u0107ili realizaciju ovog doga\u0111aja i podr\u017eali razvoj struke.<\/p>\n\n\n<div class=\"wp-block-image\">\n<figure class=\"aligncenter size-full\"><img decoding=\"async\" width=\"1200\" height=\"800\" src=\"https:\/\/www.prozorivrata.com\/hr\/wp-content\/uploads\/sites\/4\/2025\/04\/posetioci-u-izlagackom-delu-na-12-medjunarodnoj-konferenciji-DAN-PROZORA-2025-foto-ift-Hrvatska-doo.jpg\" alt=\"Posjetitelji u izlo\u017ebenom dijelu na 12. me\u0111unarodnoj konferenciji DAN PROZORA 2025\/ foto: ift Hrvatska d.o.o.\" class=\"wp-image-8525\" srcset=\"https:\/\/www.prozorivrata.com\/hr\/wp-content\/uploads\/sites\/4\/2025\/04\/posetioci-u-izlagackom-delu-na-12-medjunarodnoj-konferenciji-DAN-PROZORA-2025-foto-ift-Hrvatska-doo.jpg 1200w, https:\/\/www.prozorivrata.com\/hr\/wp-content\/uploads\/sites\/4\/2025\/04\/posetioci-u-izlagackom-delu-na-12-medjunarodnoj-konferenciji-DAN-PROZORA-2025-foto-ift-Hrvatska-doo-300x200.jpg 300w, https:\/\/www.prozorivrata.com\/hr\/wp-content\/uploads\/sites\/4\/2025\/04\/posetioci-u-izlagackom-delu-na-12-medjunarodnoj-konferenciji-DAN-PROZORA-2025-foto-ift-Hrvatska-doo-1024x683.jpg 1024w, https:\/\/www.prozorivrata.com\/hr\/wp-content\/uploads\/sites\/4\/2025\/04\/posetioci-u-izlagackom-delu-na-12-medjunarodnoj-konferenciji-DAN-PROZORA-2025-foto-ift-Hrvatska-doo-768x512.jpg 768w, https:\/\/www.prozorivrata.com\/hr\/wp-content\/uploads\/sites\/4\/2025\/04\/posetioci-u-izlagackom-delu-na-12-medjunarodnoj-konferenciji-DAN-PROZORA-2025-foto-ift-Hrvatska-doo-750x500.jpg 750w, https:\/\/www.prozorivrata.com\/hr\/wp-content\/uploads\/sites\/4\/2025\/04\/posetioci-u-izlagackom-delu-na-12-medjunarodnoj-konferenciji-DAN-PROZORA-2025-foto-ift-Hrvatska-doo-1140x760.jpg 1140w\" sizes=\"(max-width: 1200px) 100vw, 1200px\" \/><figcaption class=\"wp-element-caption\">Posjetitelji u izlo\u017ebenom dijelu na 12. me\u0111unarodnoj konferenciji DAN PROZORA 2025\/ foto: ift Hrvatska d.o.o.<\/figcaption><\/figure>\n<\/div>\n\n\n<h2 class=\"wp-block-heading\">Sponzori i partneri<\/h2>\n\n\n\n<h3 class=\"wp-block-heading\">Premium sponzori:<\/h3>\n\n\n\n<ul class=\"wp-block-list\">\n<li>ALUMIL CROATIA d.o.o., ALUPLAST AUSTRIA GmbH, Tremco CPG s.r.o., DECEUNINCK d.o.o., EMERUS d.o.o., GEALAN d.o.o., GUTMANN GmbH, HANO d.o.o., ISO-Chemie GmbH, IVETA PVC d.o.o., KRISTAL d.o.o., LOKVE d.o.o., PANA WINDOWS d.o.o., PROFINE CROATIA d.o.o., REHAU d.o.o., SOUDAL d.o.o., TEHNOMARKET d.o.o., VBH OKOVI d.o.o.<\/li>\n<\/ul>\n\n\n\n<h3 class=\"wp-block-heading\">Standard sponzor:<\/h3>\n\n\n\n<ul class=\"wp-block-list\">\n<li>ALUK\u00d6NIGSTAHL d.o.o.<\/li>\n<\/ul>\n\n\n<div class=\"wp-block-image\">\n<figure class=\"aligncenter size-full\"><img decoding=\"async\" width=\"1200\" height=\"801\" src=\"https:\/\/www.prozorivrata.com\/hr\/wp-content\/uploads\/sites\/4\/2025\/04\/predavanje-na-12-medjunarodnoj-konferenciji-DAN-PROZORA-2025-foto-ift-Hrvatska-doo.jpg\" alt=\"Posjetitelji u konferencijskoj sali na 12. me\u0111unarodnoj konferenciji DAN PROZORA 2025 \/ foto: ift Hrvatska d.o.o.\" class=\"wp-image-8527\" srcset=\"https:\/\/www.prozorivrata.com\/hr\/wp-content\/uploads\/sites\/4\/2025\/04\/predavanje-na-12-medjunarodnoj-konferenciji-DAN-PROZORA-2025-foto-ift-Hrvatska-doo.jpg 1200w, https:\/\/www.prozorivrata.com\/hr\/wp-content\/uploads\/sites\/4\/2025\/04\/predavanje-na-12-medjunarodnoj-konferenciji-DAN-PROZORA-2025-foto-ift-Hrvatska-doo-300x200.jpg 300w, https:\/\/www.prozorivrata.com\/hr\/wp-content\/uploads\/sites\/4\/2025\/04\/predavanje-na-12-medjunarodnoj-konferenciji-DAN-PROZORA-2025-foto-ift-Hrvatska-doo-1024x684.jpg 1024w, https:\/\/www.prozorivrata.com\/hr\/wp-content\/uploads\/sites\/4\/2025\/04\/predavanje-na-12-medjunarodnoj-konferenciji-DAN-PROZORA-2025-foto-ift-Hrvatska-doo-768x513.jpg 768w, https:\/\/www.prozorivrata.com\/hr\/wp-content\/uploads\/sites\/4\/2025\/04\/predavanje-na-12-medjunarodnoj-konferenciji-DAN-PROZORA-2025-foto-ift-Hrvatska-doo-750x501.jpg 750w, https:\/\/www.prozorivrata.com\/hr\/wp-content\/uploads\/sites\/4\/2025\/04\/predavanje-na-12-medjunarodnoj-konferenciji-DAN-PROZORA-2025-foto-ift-Hrvatska-doo-1140x761.jpg 1140w\" sizes=\"(max-width: 1200px) 100vw, 1200px\" \/><figcaption class=\"wp-element-caption\">Posjetitelji u konferencijskoj sali na 12. me\u0111unarodnoj konferenciji DAN PROZORA 2025 \/ foto: ift Hrvatska d.o.o.<\/figcaption><\/figure>\n<\/div>\n\n\n<h3 class=\"wp-block-heading\">Basic sponzori:<\/h3>\n\n\n\n<ul class=\"wp-block-list\">\n<li>ELUMATEC d.o.o., FEAL HRVATSKA d.o.o., GORICA STAKLO d.o.o., MARLEX d.o.o., WINDOR d.o.o.<\/li>\n<\/ul>\n\n\n\n<h3 class=\"wp-block-heading\">Stru\u010dni partneri:<\/h3>\n\n\n\n<ul class=\"wp-block-list\">\n<li>AGC Flat Glass Europe, BLUEAUDIT d.o.o., HRVATSKI DRVNI KLASTER, KFK d.o.o., nZEB<\/li>\n<\/ul>\n\n\n\n<h3 class=\"wp-block-heading\">Medijski pokrovitelji:<\/h3>\n\n\n\n<ul class=\"wp-block-list\">\n<li>\u010cASOPIS PROZORI &amp; VRATA, GRENEF<\/li>\n<\/ul>\n\n\n\n<p><strong>Radujemo se idu\u0107em izdanju konferencije DAN PROZORA 2026 i nastavku uspje\u0161ne suradnje!<\/strong><\/p>\n\n\n\n<figure class=\"wp-block-image size-full is-resized\"><img decoding=\"async\" width=\"500\" height=\"314\" src=\"https:\/\/www.prozorivrata.com\/hr\/wp-content\/uploads\/sites\/4\/2024\/03\/ift-Hrvatska-logo-ift-Rosenheim-logo-jpg.webp\" alt=\"ift Rosenheim Hrvatska &amp; ift Rosenheim Njema\u010dka logo\" class=\"wp-image-6915\" style=\"width:159px;height:auto\" srcset=\"https:\/\/www.prozorivrata.com\/hr\/wp-content\/uploads\/sites\/4\/2024\/03\/ift-Hrvatska-logo-ift-Rosenheim-logo-jpg.webp 500w, https:\/\/www.prozorivrata.com\/hr\/wp-content\/uploads\/sites\/4\/2024\/03\/ift-Hrvatska-logo-ift-Rosenheim-logo-300x188.webp 300w\" sizes=\"(max-width: 500px) 100vw, 500px\" \/><\/figure>\n\n\n\n<p>ift Rosenheim Hrvatska<br>Ulica Huga Badali\u0107a 23<br>Hrvatska \u2013 10000 Zagreb<br>T. +385 1 6147 378<br><a href=\"mailto:komac@ift-hrvatska.com\" target=\"_blank\" rel=\"noreferrer noopener\">komac@ift-hrvatska.com<\/a><br><a href=\"mailto:seretin@ift-hrvatska.com\">seretin@ift-hrvatska.com<\/a><br><a href=\"mailto:jakovac@ift-hrvatska.com\">jakovac@ift-hrvatska.com<\/a><br><a href=\"mailto:turk@ift-hrvatska.com\">turk@ift-hrvatska.com<\/a><br><a href=\"http:\/\/www.ift-hrvatska.com\" target=\"_blank\" rel=\"noreferrer noopener\">www.ift-hrvatska.com<\/a><\/p>\n","protected":false},"excerpt":{"rendered":"<p>Dana 26. o\u017eujka 2025. u kongresnom centru hotela Antunovi\u0107 u Zagrebu odr\u017eana je 12. me\u0111unarodna konferencija DAN PROZORA 2025, organizirana u suradnji ift Rosenheim Hrvatska i ift Rosenheim Njema\u010dka. Ovaj istaknuti stru\u010dni doga\u0111aj okupio je vi\u0161e od 300 stru\u010dnjaka iz sektora gra\u0111evinske stolarije, me\u0111u kojima su bili proizvo\u0111a\u010di prozora i vrata, dobavlja\u010di profila, proizvo\u0111a\u010di stakla [&hellip;]<\/p>\n","protected":false},"author":124,"featured_media":8528,"comment_status":"closed","ping_status":"closed","sticky":false,"template":"","format":"standard","meta":{"_FSMCFIC_featured_image_caption":"","_FSMCFIC_featured_image_nocaption":"","_FSMCFIC_featured_image_hide":"","footnotes":""},"categories":[47],"tags":[231,1125,526,233,762,232,782,361,258,149,57,58],"class_list":["post-8516","post","type-post","status-publish","format-standard","has-post-thumbnail","hentry","category-novosti","tag-dan-prozora","tag-dan-prozora-2025","tag-energetska-ucinkovitost-2","tag-ift-rosenheim-hrvatska","tag-ift-rosenheim-njemacka","tag-konferencija","tag-medunarodna-konferencija","tag-prozori","tag-reciklaza","tag-staklo","tag-ugradnja-prozora","tag-ugradnja-vrata"],"_links":{"self":[{"href":"https:\/\/www.prozorivrata.com\/hr\/wp-json\/wp\/v2\/posts\/8516","targetHints":{"allow":["GET"]}}],"collection":[{"href":"https:\/\/www.prozorivrata.com\/hr\/wp-json\/wp\/v2\/posts"}],"about":[{"href":"https:\/\/www.prozorivrata.com\/hr\/wp-json\/wp\/v2\/types\/post"}],"author":[{"embeddable":true,"href":"https:\/\/www.prozorivrata.com\/hr\/wp-json\/wp\/v2\/users\/124"}],"replies":[{"embeddable":true,"href":"https:\/\/www.prozorivrata.com\/hr\/wp-json\/wp\/v2\/comments?post=8516"}],"version-history":[{"count":6,"href":"https:\/\/www.prozorivrata.com\/hr\/wp-json\/wp\/v2\/posts\/8516\/revisions"}],"predecessor-version":[{"id":8532,"href":"https:\/\/www.prozorivrata.com\/hr\/wp-json\/wp\/v2\/posts\/8516\/revisions\/8532"}],"wp:featuredmedia":[{"embeddable":true,"href":"https:\/\/www.prozorivrata.com\/hr\/wp-json\/wp\/v2\/media\/8528"}],"wp:attachment":[{"href":"https:\/\/www.prozorivrata.com\/hr\/wp-json\/wp\/v2\/media?parent=8516"}],"wp:term":[{"taxonomy":"category","embeddable":true,"href":"https:\/\/www.prozorivrata.com\/hr\/wp-json\/wp\/v2\/categories?post=8516"},{"taxonomy":"post_tag","embeddable":true,"href":"https:\/\/www.prozorivrata.com\/hr\/wp-json\/wp\/v2\/tags?post=8516"}],"curies":[{"name":"wp","href":"https:\/\/api.w.org\/{rel}","templated":true}]}}