{"id":8466,"date":"2025-03-20T09:59:50","date_gmt":"2025-03-20T08:59:50","guid":{"rendered":"https:\/\/www.prozorivrata.com\/hr\/?p=8466"},"modified":"2025-03-20T10:02:53","modified_gmt":"2025-03-20T09:02:53","slug":"deceuninck-elegant-pvc-profili-57-boja","status":"publish","type":"post","link":"https:\/\/www.prozorivrata.com\/hr\/deceuninck-elegant-pvc-profili-57-boja\/","title":{"rendered":"Deceuninck Elegant PVC profili dostupni u \u010dak 57 razli\u010ditih boja"},"content":{"rendered":"\n<p>Razmi\u0161ljate o tome kako boja stolarije mo\u017ee unaprijediti vanjski izgled objekta? Ako \u017eelite precizno uskladiti boju fasade s bojom prozora i vrata, no niste sigurni kako posti\u0107i savr\u0161en rezultat, imamo rje\u0161enje. <strong>Na tr\u017ei\u0161tu su dostupni prozorski profili u \u010dak 57 razli\u010ditih boja.<\/strong><\/p>\n\n\n\n<p><strong>Deceuninck Elegant PVC profili omogu\u0107uju vam \u0161irok spektar opcija za savr\u0161eno uskla\u0111ivanje s bojom fasade u novogradnji ili renoviranju, bez obzira na to je li rije\u010d o modernom, klasi\u010dnom, urbanom ili ruralnom stilu.<\/strong> Radi se o laminiranim PVC profilima bogate palete boja u \u010detiri glavne kategorije: izgled prirodnog ili obojenog drva koji nagla\u0161ava rustikalni karakter ku\u0107a, puni ton s pomno odabranim nijansama boja idealno za industrijske projekte ili metalik izvedbe za moderne gra\u0111evine koje prikazuju minimalizam u najboljem svjetlu.<\/p>\n\n\n\n<p>Dodatno, laminirani PVC profili omogu\u0107uju bolju za\u0161titu od UV zra\u010denja i sun\u010deve svjetlosti te su otporniji na prljav\u0161tinu. <strong>Naime, profili su presvu\u010deni folijom koja je otporna na UV zrake te tako\u0111er, \u0161to je danas obzirom na klimatske promjene sve va\u017enije, pove\u0107avaju i toplinsku izolaciju.<\/strong><\/p>\n\n\n<div class=\"wp-block-image\">\n<figure class=\"aligncenter size-large\"><img decoding=\"async\" width=\"1024\" height=\"683\" src=\"https:\/\/www.prozorivrata.com\/hr\/wp-content\/uploads\/sites\/4\/2025\/03\/Deceuninck-elegant-PVC-profili-u-zlatnoj-boji-1024x683.jpg\" alt=\"Elegant PVC profil u zlatnoj boji \/ foto: Deceuninck\" class=\"wp-image-8468\" srcset=\"https:\/\/www.prozorivrata.com\/hr\/wp-content\/uploads\/sites\/4\/2025\/03\/Deceuninck-elegant-PVC-profili-u-zlatnoj-boji-1024x683.jpg 1024w, https:\/\/www.prozorivrata.com\/hr\/wp-content\/uploads\/sites\/4\/2025\/03\/Deceuninck-elegant-PVC-profili-u-zlatnoj-boji-300x200.jpg 300w, https:\/\/www.prozorivrata.com\/hr\/wp-content\/uploads\/sites\/4\/2025\/03\/Deceuninck-elegant-PVC-profili-u-zlatnoj-boji-768x512.jpg 768w, https:\/\/www.prozorivrata.com\/hr\/wp-content\/uploads\/sites\/4\/2025\/03\/Deceuninck-elegant-PVC-profili-u-zlatnoj-boji-750x500.jpg 750w, https:\/\/www.prozorivrata.com\/hr\/wp-content\/uploads\/sites\/4\/2025\/03\/Deceuninck-elegant-PVC-profili-u-zlatnoj-boji-1140x760.jpg 1140w, https:\/\/www.prozorivrata.com\/hr\/wp-content\/uploads\/sites\/4\/2025\/03\/Deceuninck-elegant-PVC-profili-u-zlatnoj-boji.jpg 1200w\" sizes=\"(max-width: 1024px) 100vw, 1024px\" \/><figcaption class=\"wp-element-caption\">Elegant PVC profil u zlatnoj boji \/ foto: Deceuninck<\/figcaption><\/figure>\n<\/div>\n\n\n<p><strong>Deceuninck svake godine u svojim proizvodnim pogonima aplicira vi\u0161e od 8 milijuna metara folije na PVC profile, koji se zatim izvoze na tr\u017ei\u0161te diljem Europe.<\/strong> Ovaj impresivan volumen proizvodnje svjedo\u010di o na\u0161oj sna\u017enoj poziciji na tr\u017ei\u0161tu, dok smo posebno ponosni na novoizgra\u0111eni pogon u Donjoj Bistri, koji dodatno unaprje\u0111uje na\u0161e kapacitete, kvalitetu proizvoda i operativnu efikasnost, \u010dine\u0107i nas jo\u0161 konkurentnijima na globalnoj razini.<\/p>\n\n\n\n<blockquote class=\"wp-block-quote is-layout-flow wp-block-quote-is-layout-flow\">\n<p>\u201eNa\u0161a nova tvornica u Donjoj Bistri, koja se prostire na \u010dak 17.000 m\u00b2, najve\u0107a je tvornica za laminaciju profila u ovom dijelu Europe, a njezina izgradnja omogu\u0107uje nam zna\u010dajno unaprje\u0111unje poslovnih procesa, pove\u0107anje u\u010dinkovitosti, te br\u017eu i kvalitetniju isporuku prema vi\u0161e od 500 partnera diljem Europe. \u201eOvaj korak predstavlja klju\u010dnu prekretnicu u na\u0161oj strategiji rasta i razvoja, \u0161to nam omogu\u0107ava da pru\u017eimo vrhunsku uslugu i proizvode najvi\u0161ih standarda u industriji\u201c, isti\u010de <strong>Mirko Anesi,<\/strong> General Manager Deceuninca za Adriatic regiju.<\/p>\n<\/blockquote>\n\n\n\n<h2 class=\"wp-block-heading\">PVC profili &#8211; spoj kvalitete, trajnosti i estetike<\/h2>\n\n\n\n<p><strong>PVC profili za prozore i vrata u mnogo\u010demu nadma\u0161uju konkurentske materijale. Od izdr\u017eljivosti do energetske efikasnosti, PVC profili su prva opcija za moderne domove i poslovne prostore.<\/strong> Njihova otpornost na vremenske uvjete, jednostavno odr\u017eavanje te mogu\u0107nost prilagodbe raznim bojama i stilovima \u010dine ih idealnim izborom za sve koji tra\u017ee dugotrajno i estetski privla\u010dno rje\u0161enje pri gradnji i ure\u0111enju.<\/p>\n\n\n\n<p>Prije svega, inherentna svojstva PVC-a doprinose robusnoj zvu\u010dnoj i toplinskoj izolaciji. To osigurava da krajnji proizvod zadovoljava visoke standarde udobnosti i energetske u\u010dinkovitosti.<strong> Deceuninck Elegant PVC profili ne pru\u017eaju samo izuzetnu funkcionalnost, ve\u0107 i modernu eleganciju \u010dime upotpunjuje cjelokupni vizualni dojam va\u0161eg doma ili poslovnog prostora.<\/strong><\/p>\n\n\n<div class=\"wp-block-image\">\n<figure class=\"aligncenter size-large\"><img decoding=\"async\" width=\"1024\" height=\"683\" src=\"https:\/\/www.prozorivrata.com\/hr\/wp-content\/uploads\/sites\/4\/2025\/03\/Deceuninck-tvornica-1024x683.jpg\" alt=\"Deceuninck tvornica \/ foto: Deceuninck\" class=\"wp-image-8467\" srcset=\"https:\/\/www.prozorivrata.com\/hr\/wp-content\/uploads\/sites\/4\/2025\/03\/Deceuninck-tvornica-1024x683.jpg 1024w, https:\/\/www.prozorivrata.com\/hr\/wp-content\/uploads\/sites\/4\/2025\/03\/Deceuninck-tvornica-300x200.jpg 300w, https:\/\/www.prozorivrata.com\/hr\/wp-content\/uploads\/sites\/4\/2025\/03\/Deceuninck-tvornica-768x512.jpg 768w, https:\/\/www.prozorivrata.com\/hr\/wp-content\/uploads\/sites\/4\/2025\/03\/Deceuninck-tvornica-750x500.jpg 750w, https:\/\/www.prozorivrata.com\/hr\/wp-content\/uploads\/sites\/4\/2025\/03\/Deceuninck-tvornica-1140x760.jpg 1140w, https:\/\/www.prozorivrata.com\/hr\/wp-content\/uploads\/sites\/4\/2025\/03\/Deceuninck-tvornica.jpg 1200w\" sizes=\"(max-width: 1024px) 100vw, 1024px\" \/><figcaption class=\"wp-element-caption\">Deceuninck tvornica \/ foto: Deceuninck<\/figcaption><\/figure>\n<\/div>\n\n\n<h2 class=\"wp-block-heading\">Rje\u0161enja za odr\u017eivu budu\u0107nost jer Svaki prozor je bitan<\/h2>\n\n\n\n<p><strong>PVC profili, uz sve svoje kvalitete imaju i onu va\u017enu ekolo\u0161ku komponentu. Kori\u0161tenje PVC profila u gradnji i ure\u0111enju podr\u0161ka je kru\u017enom gospodarstvu i o\u010duvanju okoli\u0161a. <\/strong>Naime, Deceuninck PVC profili sadr\u017ee visok postotak recikliranih materijala i mogu se 100% reciklirati. Ukratko, PVC profili su ultimativno rje\u0161enje za svaki projekt jer nude jednostavnost, izvanrednu izolaciju, fleksibilnost dizajna, odr\u017eivost i elegantnu estetiku.<strong> Stoga su lani pokrenuli kampanju &#8220;Svaki prozor je bitan&#8221;, kojom<a href=\"https:\/\/www.prozorivrata.com\/hr\/uz-novo-vodstvo-deceuninck-nastavlja-jacanje-poslovanja-u-regiji\/\" target=\"_blank\" rel=\"noreferrer noopener\"> Deceuninck<\/a> isti\u010de sve konkurentske prednosti svojih profila, olak\u0161avaju\u0107i partnerima komunikaciju s krajnjim potro\u0161a\u010dima.<\/strong> Klju\u010dne poruke koje se prote\u017eu kroz sve komunikacijske i marketin\u0161ke kanale su odr\u017eiv planet, dobrobit zajednice i dodatna udobnost doma uz u\u0161tedu ku\u0107nog bud\u017eeta.<\/p>\n\n\n\n<figure class=\"wp-block-image is-resized\"><img decoding=\"async\" width=\"150\" height=\"77\" src=\"https:\/\/www.prozorivrata.com\/hr\/wp-content\/uploads\/sites\/4\/2020\/05\/Deceuninck-logo-e1590485084605.jpg\" alt=\"Deceuninck logo\" class=\"wp-image-1530\" style=\"width:169px;height:auto\" \/><\/figure>\n\n\n\n<p><strong>Deceuninck d.o.o.<\/strong><br>Gospodarska ulica 11<br>10298 Donja Bistra, Hrvatska<br>T. +385 1 2781 350<br>F. +385 1 2781 351<br><a href=\"mailto:info@deceuninck.hr\" target=\"_blank\" rel=\"noreferrer noopener\">info@deceuninck.hr<\/a><br><a href=\"http:\/\/www.deceuninck.hr\/\" target=\"_blank\" rel=\"noreferrer noopener\">www.deceuninck.hr<\/a><\/p>\n","protected":false},"excerpt":{"rendered":"<p>Razmi\u0161ljate o tome kako boja stolarije mo\u017ee unaprijediti vanjski izgled objekta? Ako \u017eelite precizno uskladiti boju fasade s bojom prozora i vrata, no niste sigurni kako posti\u0107i savr\u0161en rezultat, imamo rje\u0161enje. Na tr\u017ei\u0161tu su dostupni prozorski profili u \u010dak 57 razli\u010ditih boja. Deceuninck Elegant PVC profili omogu\u0107uju vam \u0161irok spektar opcija za savr\u0161eno uskla\u0111ivanje s [&hellip;]<\/p>\n","protected":false},"author":124,"featured_media":8469,"comment_status":"closed","ping_status":"closed","sticky":false,"template":"","format":"standard","meta":{"_FSMCFIC_featured_image_caption":"","_FSMCFIC_featured_image_nocaption":"","_FSMCFIC_featured_image_hide":"","footnotes":""},"categories":[54,3],"tags":[1096,79,1112,526,753,384,609],"class_list":["post-8466","post","type-post","status-publish","format-standard","has-post-thumbnail","hentry","category-promo","category-pvc-stolarija","tag-boje","tag-deceuninck","tag-elegant-pvc-profili","tag-energetska-ucinkovitost-2","tag-odrzivost","tag-pvc","tag-pvc-profili"],"_links":{"self":[{"href":"https:\/\/www.prozorivrata.com\/hr\/wp-json\/wp\/v2\/posts\/8466","targetHints":{"allow":["GET"]}}],"collection":[{"href":"https:\/\/www.prozorivrata.com\/hr\/wp-json\/wp\/v2\/posts"}],"about":[{"href":"https:\/\/www.prozorivrata.com\/hr\/wp-json\/wp\/v2\/types\/post"}],"author":[{"embeddable":true,"href":"https:\/\/www.prozorivrata.com\/hr\/wp-json\/wp\/v2\/users\/124"}],"replies":[{"embeddable":true,"href":"https:\/\/www.prozorivrata.com\/hr\/wp-json\/wp\/v2\/comments?post=8466"}],"version-history":[{"count":1,"href":"https:\/\/www.prozorivrata.com\/hr\/wp-json\/wp\/v2\/posts\/8466\/revisions"}],"predecessor-version":[{"id":8470,"href":"https:\/\/www.prozorivrata.com\/hr\/wp-json\/wp\/v2\/posts\/8466\/revisions\/8470"}],"wp:featuredmedia":[{"embeddable":true,"href":"https:\/\/www.prozorivrata.com\/hr\/wp-json\/wp\/v2\/media\/8469"}],"wp:attachment":[{"href":"https:\/\/www.prozorivrata.com\/hr\/wp-json\/wp\/v2\/media?parent=8466"}],"wp:term":[{"taxonomy":"category","embeddable":true,"href":"https:\/\/www.prozorivrata.com\/hr\/wp-json\/wp\/v2\/categories?post=8466"},{"taxonomy":"post_tag","embeddable":true,"href":"https:\/\/www.prozorivrata.com\/hr\/wp-json\/wp\/v2\/tags?post=8466"}],"curies":[{"name":"wp","href":"https:\/\/api.w.org\/{rel}","templated":true}]}}