{"id":8450,"date":"2025-03-13T11:56:40","date_gmt":"2025-03-13T10:56:40","guid":{"rendered":"https:\/\/www.prozorivrata.com\/hr\/?p=8450"},"modified":"2025-03-13T11:56:44","modified_gmt":"2025-03-13T10:56:44","slug":"press-glass-laminirano-staklo","status":"publish","type":"post","link":"https:\/\/www.prozorivrata.com\/hr\/press-glass-laminirano-staklo\/","title":{"rendered":"PRESS GLASS &#8211; Laminirano staklo"},"content":{"rendered":"\n<p><strong>Odabir izolacijskog stakla (IGU &#8211; Insulated Glass Unit) va\u017ean je korak u osiguravanju energetske u\u010dinkovitosti, udobnosti i sigurnosti va\u0161eg prostora. <\/strong>U pro\u0161lom broju magazina dane su generalne smjernice koje mogu pomo\u0107i u odabiru izolacijskog stakla, a u nastavku donosimo ne\u0161to vi\u0161e o laminiranom staklu.<\/p>\n\n\n\n<p><strong>Laminirano staklo je vrsta sigurnosnog stakla koje se sastoji se od dvije ili vi\u0161e staklenih plo\u010da spojenih \u017eeljenim brojem slojeva polimerne folije.<\/strong> Ono je \u010desto dio IZO stakla \u2013 odnosno jedno ili vi\u0161e stakala u kompletu (prozori, vrata, fasade) ili je pak instalirano samostalno (pregradne stijene, ograde, stolovi i sl.).<\/p>\n\n\n\n<p><strong>Laminirano staklo koristi npr. float staklo, staklo s premazima &#8211; nisko emisionim, solarnim ili selektivnim &#8211; u kombinaciji s razli\u010ditim vrstama folija: prozirnim, mat, akusti\u010dnim i u boji.<\/strong><\/p>\n\n\n\n<p>Kombinacijom raznih stakala i folija mogu\u0107e je dobiti \u017eeljene funkcije laminiranog stakla prema njegovoj namjeni.<\/p>\n\n\n\n<p><strong>Primarna uloga laminiranog stakla bilo da se koristi kao dio kompozicije IZO stakla ili pojedina\u010dno je za\u0161tita od posjekotina i ozljeda uzrokovanih slu\u010dajnim udarom jer nakon puknu\u0107a staklo ostaje povezano s folijom. <\/strong>Tako\u0111er, uz upotrebu vi\u0161e slojeva folije ovo staklo ima i funkciju pove\u0107anja sigurnosti od vandalizma te provala.<\/p>\n\n\n\n<p><strong>Uz kori\u0161tenje akusti\u010dne folije ono pru\u017ea i dodatnu za\u0161titu od buke, pove\u0107avaju\u0107i udobnost stanovanja u zgradama koje se nalaze npr. u bu\u010dnim gradskim sredi\u0161tima.<\/strong><\/p>\n\n\n\n<p>S druge strane, kori\u0161tenje mat folija ili folija u boji omogu\u0107uje estetski u\u010dinak ili pove\u0107anu privatnost.<\/p>\n\n\n\n<p>Kaljeno staklo kao dio laminiranog stakla dodatno poja\u010dava njegovu \u010dvrsto\u0107u \u010dime ga \u010dini jo\u0161 pogodnijim u pogledu pove\u0107anja sigurnosti od provale, ali i kao balisti\u010dka za\u0161tita ili za\u0161tita od tu\u010de i nevremena.<\/p>\n\n\n\n<p><strong>\u0160irok raspon primjene laminiranog stakla omogu\u0107uje njegovu primjenu u fasadnom ostakljenju, kao i prozorima, vratima i raznim vrstama unutarnjih ostakljenja.<\/strong><\/p>\n\n\n\n<figure class=\"wp-block-image size-large is-resized\"><img decoding=\"async\" width=\"500\" height=\"122\" src=\"https:\/\/www.prozorivrata.com\/hr\/wp-content\/uploads\/sites\/4\/2021\/03\/LOGO-POZIOM-RGB-01-500px.png\" alt=\"\" class=\"wp-image-2992\" style=\"width:231px;height:auto\" srcset=\"https:\/\/www.prozorivrata.com\/hr\/wp-content\/uploads\/sites\/4\/2021\/03\/LOGO-POZIOM-RGB-01-500px.png 500w, https:\/\/www.prozorivrata.com\/hr\/wp-content\/uploads\/sites\/4\/2021\/03\/LOGO-POZIOM-RGB-01-500px-300x73.png 300w\" sizes=\"(max-width: 500px) 100vw, 500px\" \/><\/figure>\n\n\n\n<p><strong>PRESS GLASS d.o.o.<\/strong><br>Ulica dr. Marijana Mlinari\u0107a 5<br>Poduzetni\u010dka Zona Jal\u017eabet,<br>HR &#8211; 42203 Jal\u017eabet<br>T. +385 42 62 90 01<br><a href=\"mailto:varazdin@pressglass.com\" target=\"_blank\" rel=\"noreferrer noopener\">varazdin@pressglass.com<\/a><br><a href=\"http:\/\/www.pressglass.com\/\" target=\"_blank\" rel=\"noreferrer noopener\">www.pressglass.com<\/a><\/p>\n","protected":false},"excerpt":{"rendered":"<p>Odabir izolacijskog stakla (IGU &#8211; Insulated Glass Unit) va\u017ean je korak u osiguravanju energetske u\u010dinkovitosti, udobnosti i sigurnosti va\u0161eg prostora. U pro\u0161lom broju magazina dane su generalne smjernice koje mogu pomo\u0107i u odabiru izolacijskog stakla, a u nastavku donosimo ne\u0161to vi\u0161e o laminiranom staklu. Laminirano staklo je vrsta sigurnosnog stakla koje se sastoji se od [&hellip;]<\/p>\n","protected":false},"author":124,"featured_media":8451,"comment_status":"closed","ping_status":"closed","sticky":false,"template":"","format":"standard","meta":{"_FSMCFIC_featured_image_caption":"","_FSMCFIC_featured_image_nocaption":"","_FSMCFIC_featured_image_hide":"","footnotes":""},"categories":[22],"tags":[1107,570,473,711,678,569,149],"class_list":["post-8450","post","type-post","status-publish","format-standard","has-post-thumbnail","hentry","category-staklo","tag-akusticne-folije","tag-float-staklo","tag-izo-staklo","tag-kaljeno-staklo","tag-laminirano-staklo","tag-press-glass","tag-staklo"],"_links":{"self":[{"href":"https:\/\/www.prozorivrata.com\/hr\/wp-json\/wp\/v2\/posts\/8450","targetHints":{"allow":["GET"]}}],"collection":[{"href":"https:\/\/www.prozorivrata.com\/hr\/wp-json\/wp\/v2\/posts"}],"about":[{"href":"https:\/\/www.prozorivrata.com\/hr\/wp-json\/wp\/v2\/types\/post"}],"author":[{"embeddable":true,"href":"https:\/\/www.prozorivrata.com\/hr\/wp-json\/wp\/v2\/users\/124"}],"replies":[{"embeddable":true,"href":"https:\/\/www.prozorivrata.com\/hr\/wp-json\/wp\/v2\/comments?post=8450"}],"version-history":[{"count":1,"href":"https:\/\/www.prozorivrata.com\/hr\/wp-json\/wp\/v2\/posts\/8450\/revisions"}],"predecessor-version":[{"id":8452,"href":"https:\/\/www.prozorivrata.com\/hr\/wp-json\/wp\/v2\/posts\/8450\/revisions\/8452"}],"wp:featuredmedia":[{"embeddable":true,"href":"https:\/\/www.prozorivrata.com\/hr\/wp-json\/wp\/v2\/media\/8451"}],"wp:attachment":[{"href":"https:\/\/www.prozorivrata.com\/hr\/wp-json\/wp\/v2\/media?parent=8450"}],"wp:term":[{"taxonomy":"category","embeddable":true,"href":"https:\/\/www.prozorivrata.com\/hr\/wp-json\/wp\/v2\/categories?post=8450"},{"taxonomy":"post_tag","embeddable":true,"href":"https:\/\/www.prozorivrata.com\/hr\/wp-json\/wp\/v2\/tags?post=8450"}],"curies":[{"name":"wp","href":"https:\/\/api.w.org\/{rel}","templated":true}]}}