{"id":844,"date":"2019-06-03T10:56:59","date_gmt":"2019-06-03T10:56:59","guid":{"rendered":"https:\/\/www.prozorivrata.com\/hr\/green-talks-nzeb-odrziva-gradnja-6-6-2019-u-zadru\/"},"modified":"2020-04-06T10:51:32","modified_gmt":"2020-04-06T10:51:32","slug":"green-talks-nzeb-odrziva-gradnja-6-6-2019-u-zadru","status":"publish","type":"post","link":"https:\/\/www.prozorivrata.com\/hr\/green-talks-nzeb-odrziva-gradnja-6-6-2019-u-zadru\/","title":{"rendered":"GREEN TALKS: &#8220;nZEB &#038; odr\u017eiva gradnja 6.6.2019. u Zadru"},"content":{"rendered":"<p>U suradnji s gradom Zadrom i Dru\u0161tvom arhitekata Zadra, pozivamo Vas da se pridru\u017eite programu GREEN TALKS: &#8220;nZEB &amp; odr\u017eiva gradnja&#8221;, u Zadru, 6.6.2019.<\/p>\n<p>Hrvatski savjet za zelenu gradnju u suradnji sa svojim \u010dlanovima i partnerima ve\u0107 10 godina aktivno promi\u010de odr\u017eivu gradnju u Hrvatskoj. Kona\u010dno, jedan dio onoga \u0161to promi\u010demo zakonski je reguliran kroz nZEB \u2013 Zgrade gotovo nulte potro\u0161nje energije.<\/p>\n<p>Programi energetske obnove zgrada (komercijalnih, javnih te vi\u0161estambenih) i obiteljskih ku\u0107a u posljednje 3 godine nose vi\u0161e od 60% ukupno ostvarenih u\u0161teda energije kojima Republika Hrvatska ostvaruje ciljeve energetske u\u010dinkovitosti za 2020. godinu.<\/p>\n<h4>Teme koje \u0107e biti obuhva\u0107ene, osim poja\u0161njenja pojma i kriterija nZEB-a, su: mogu\u0107nosti financiranja energetske obnove iz EU fondova, odra\u0111eni i planirani projekti energetske obnove, mogu\u0107nosti pobolj\u0161anja i barijere s kojima se susre\u0107emo.<\/h4>\n<p>GREEN TALKS je NAMIJENJEN ve\u0107inom za ARHITEKTE, PROJEKTANTE i IN\u017dENJERE GRA\u0110EVINARSTVA, STROJARSTVA I ELEKTROTEHNIKE, STRU\u010cNJACIMA IZ PODRU\u010cJA ENERGETSKE U\u010cINKOVITOSTI te ostalu zainteresiranu javnost i gra\u0111anstvo.<\/p>\n<p>GREEN TALKS podr\u017eavaju: Zadarska \u017eupanija, Grad Zadar, Ministarstvo graditeljstva i prostornoga ure\u0111enja RH, Fond za za\u0161titu okoli\u0161a i energetsku u\u010dinkovitost RH, Hrvatska udruga energetskih certifikatora, Hrvatska gospodarska komora &#8211; \u017dupanijska komora Zadar, Dru\u0161tvo arhitekata Zadar, Dru\u0161tvo in\u017eenjera i tehni\u010dara arhitekata, gra\u0111evinara i geodeta Zadar, Zavod za prostorno ure\u0111enje Zadarske \u017eupanije te Hrvatska komora arhitekata.<\/p>\n<p><img decoding=\"async\" class=\"alignnone wp-image-17109\" src=\"https:\/\/www.prozorivrata.com\/wp-content\/uploads\/2019\/05\/hrvatski-savet-za-zelenu-gradnju.png\" alt=\"Hrvatski savjet za zelenu gradnju logo\" width=\"200\" height=\"110\" \/><\/p>\n<p>Hrvatski savjet za zelenu gradnju<br \/>\nUl. grada Vukovara 274, 10000 Zagreb<br \/>\nT. +385 1 4886 296<br \/>\nF. +385 1 4886 297<br \/>\n<a href=\"mailto:info@gbccroatia.org\" target=\"_blank\" rel=\"noopener noreferrer\">info@gbccroatia.org<\/a><br \/>\n<a href=\"http:\/\/www.gbccroatia.org\" target=\"_blank\" rel=\"noopener noreferrer\">www.gbccroatia.org<\/a><\/p>\n","protected":false},"excerpt":{"rendered":"<p>U suradnji s gradom Zadrom i Dru\u0161tvom arhitekata Zadra, pozivamo Vas da se pridru\u017eite programu GREEN TALKS: &#8220;nZEB &amp; odr\u017eiva gradnja&#8221;, u Zadru, 6.6.2019. Hrvatski savjet za zelenu gradnju u suradnji sa svojim \u010dlanovima i partnerima ve\u0107 10 godina aktivno promi\u010de odr\u017eivu gradnju u Hrvatskoj. Kona\u010dno, jedan dio onoga \u0161to promi\u010demo zakonski je reguliran kroz [&hellip;]<\/p>\n","protected":false},"author":3,"featured_media":845,"comment_status":"open","ping_status":"open","sticky":false,"template":"","format":"standard","meta":{"_FSMCFIC_featured_image_caption":"","_FSMCFIC_featured_image_nocaption":"","_FSMCFIC_featured_image_hide":"","footnotes":""},"categories":[47],"tags":[],"class_list":["post-844","post","type-post","status-publish","format-standard","has-post-thumbnail","hentry","category-novosti"],"_links":{"self":[{"href":"https:\/\/www.prozorivrata.com\/hr\/wp-json\/wp\/v2\/posts\/844","targetHints":{"allow":["GET"]}}],"collection":[{"href":"https:\/\/www.prozorivrata.com\/hr\/wp-json\/wp\/v2\/posts"}],"about":[{"href":"https:\/\/www.prozorivrata.com\/hr\/wp-json\/wp\/v2\/types\/post"}],"author":[{"embeddable":true,"href":"https:\/\/www.prozorivrata.com\/hr\/wp-json\/wp\/v2\/users\/3"}],"replies":[{"embeddable":true,"href":"https:\/\/www.prozorivrata.com\/hr\/wp-json\/wp\/v2\/comments?post=844"}],"version-history":[{"count":1,"href":"https:\/\/www.prozorivrata.com\/hr\/wp-json\/wp\/v2\/posts\/844\/revisions"}],"predecessor-version":[{"id":875,"href":"https:\/\/www.prozorivrata.com\/hr\/wp-json\/wp\/v2\/posts\/844\/revisions\/875"}],"wp:featuredmedia":[{"embeddable":true,"href":"https:\/\/www.prozorivrata.com\/hr\/wp-json\/wp\/v2\/media\/845"}],"wp:attachment":[{"href":"https:\/\/www.prozorivrata.com\/hr\/wp-json\/wp\/v2\/media?parent=844"}],"wp:term":[{"taxonomy":"category","embeddable":true,"href":"https:\/\/www.prozorivrata.com\/hr\/wp-json\/wp\/v2\/categories?post=844"},{"taxonomy":"post_tag","embeddable":true,"href":"https:\/\/www.prozorivrata.com\/hr\/wp-json\/wp\/v2\/tags?post=844"}],"curies":[{"name":"wp","href":"https:\/\/api.w.org\/{rel}","templated":true}]}}