{"id":8373,"date":"2025-02-21T10:20:58","date_gmt":"2025-02-21T09:20:58","guid":{"rendered":"https:\/\/www.prozorivrata.com\/hr\/?p=8373"},"modified":"2025-02-21T10:22:33","modified_gmt":"2025-02-21T09:22:33","slug":"ventilirana-fasada-isplativa-investicija","status":"publish","type":"post","link":"https:\/\/www.prozorivrata.com\/hr\/ventilirana-fasada-isplativa-investicija\/","title":{"rendered":"Za\u0161to je ventilirana fasada dugoro\u010dno isplativa investicija?"},"content":{"rendered":"\n<p>Jeste li znali da prava fasada mo\u017ee zna\u010dajno smanjiti va\u0161e ra\u010dune za energiju i produ\u017eiti vijek trajanja objekta? <strong>Ako jo\u0161 niste razmi\u0161ljali o ventiliranoj fasadi, pravo je vrijeme da saznate za\u0161to je ovaj pametan i energetski u\u010dinkovit odabir postao standard u modernoj arhitekturi.<\/strong> Ovaj tekst \u0107e vam pokazati kako ventilirana fasada nije samo lijepa, ve\u0107 i dugoro\u010dna investicija koja \u010dini va\u0161 objekt ekolo\u0161ki prihvatljivijim i u\u010dinkovitijim.<\/p>\n\n\n\n<h2 class=\"wp-block-heading\">Kako funkcionira ventilirana fasada?<\/h2>\n\n\n\n<p>Za razliku od klasi\u010dnih fasada koje \u010desto ne omogu\u0107avaju u\u010dinkovitu ventilaciju, ventilirana fasada sastoji se od vi\u0161e slojeva koji omogu\u0107avaju cirkulaciju zraka. Na osnovnu nosivu konstrukciju postavlja se termoizolacijski sloj, a preko njega podkonstrukcija koja nosi zavr\u0161nu fasadnu oblogu. <strong>Klju\u010dna razlika je u tome \u0161to se izme\u0111u izolacije i fasadne obloge ostavlja slobodan zra\u010dni prostor. <\/strong>Ovaj zra\u010dni prostor omogu\u0107ava cirkulaciju zraka, \u0161to poma\u017ee u odr\u017eavanju optimalne temperature unutar objekta. Efekt \u201edimnjaka\u201c omogu\u0107ava toplom zraku da se podigne i iza\u0111e kroz gornje otvore fasade, dok hladniji zrak ulazi kroz donje otvore.<\/p>\n\n\n\n<p>Na taj na\u010din, ljeti se smanjuje pregrijavanje objekta, dok zimi gubici topline bivaju smanjeni. <strong>To zna\u010di da zimi ne morate tro\u0161iti veliku koli\u010dinu energije na grijanje, dok se ljeti ne\u0107ete morati oslanjati na energiju za hla\u0111enje objekta, \u0161to \u010dini ventiliranu fasadu odli\u010dnim odabirom za postizanje energetske u\u010dinkovitosti tijekom svih sezona.<\/strong><\/p>\n\n\n\n<h2 class=\"wp-block-heading\">Za\u0161to odabrati ventiliranu fasadu?<\/h2>\n\n\n\n<h3 class=\"wp-block-heading\">Energetska u\u010dinkovitost<\/h3>\n\n\n\n<p>Zahvaljuju\u0107i njenoj sposobnosti da regulira unutarnju temperaturu, ventilirana fasada \u010dini va\u0161 objekt energetskom u\u010dinkovitim. <strong>Manje potro\u0161nje energije za grijanje i hla\u0111enje zna\u010di manje ra\u010dune za struju i manji \u0161tetan utjecaj na okoli\u0161.<\/strong> \u0160to je jo\u0161 va\u017enije, smanjenje energetske potro\u0161nje zna\u010di da va\u0161 objekt postaje dio globalnih napora da se smanji emisija ugljikovog dioksida. Ovo je posebno va\u017eno u kontekstu sve ve\u0107ih napora da se doprinosi borbi protiv klimatskih promjena.<\/p>\n\n\n\n<h3 class=\"wp-block-heading\">Otpornost na vlagu i dugovje\u010dnost<\/h3>\n\n\n\n<p>Zaboravite na plijesan i vlagu! Ventilirana fasada omogu\u0107ava prirodno isparavanje vlage, \u010dime \u0161titi strukturu objekta i produ\u017euje njegov vijek trajanja. <strong>Zbog svoje konstrukcije, ventilirane fasade ne upijaju vlagu kao klasi\u010dne fasade, \u010dime se izbjegava stvaranje plijesni i gljivica koje mogu ugroziti zdravlje ljudi.<\/strong><\/p>\n\n\n\n<p>Uz to, ove fasade su otporne na temperaturne oscilacije i UV zra\u010denje, \u0161to zna\u010di da se ne deformiraju i ne gube svoja svojstva tijekom vremena.<\/p>\n\n\n\n<h3 class=\"wp-block-heading\">Modernizacija dizajna va\u0161eg objekta<\/h3>\n\n\n\n<p>Bez obzira na to birate li aluminij, keramiku, kamen, staklo ili druge materijale, ventilirana fasada omogu\u0107ava \u0161irok izbor opcija koje se mogu prilagoditi bilo kojem arhitektonskom stilu. <strong>Ovi materijali ne samo da \u010dine fasadu estetski privla\u010dnom, ve\u0107 i omogu\u0107avaju postizanje suvremenih arhitektonskih rje\u0161enja.<\/strong> Na taj na\u010din, mo\u017eete unaprijediti izgled va\u0161eg objekta, \u010dine\u0107i ga modernim i atraktivnim, dok istovremeno pove\u0107avate njegovu tr\u017ei\u0161nu vrijednost.<\/p>\n\n\n\n<h3 class=\"wp-block-heading\">Ekolo\u0161ka prihvatljivost<\/h3>\n\n\n\n<p><strong>Mnogi materijali koji se koriste u ventiliranim fasadama su reciklabilni, \u0161to ovu opciju \u010dini ekolo\u0161ki odgovornijom u odnosu na tradicionalne fasade.<\/strong> S obzirom na to da smanjenje potro\u0161nje energije direktno smanjuje emisiju ugljikovog dioksida, ugradnja ventilirane fasade ne samo da pobolj\u0161ava energetsku u\u010dinkovitost va\u0161eg objekta, ve\u0107 i doprinosi smanjenju ekolo\u0161kog otiska. Tako\u0111er, kori\u0161tenje reciklabilnih materijala \u010dini ovu opciju odr\u017eivijom za budu\u0107e generacije.<\/p>\n\n\n\n<h2 class=\"wp-block-heading\">Koji su izazovi i kako ih prevladati?<\/h2>\n\n\n\n<p><strong>Iako po\u010detna cijena mo\u017ee biti vi\u0161a, dugoro\u010dne u\u0161tede na energiji i smanjeni tro\u0161kovi odr\u017eavanja \u010dine ventilirane fasade odli\u010dnim odabirom za dugoro\u010dno ulaganje.<\/strong> Klju\u010dna stvar je da se ugradnja ventilirane fasade mora obaviti od strane stru\u010dnjaka. Lo\u0161a monta\u017ea mo\u017ee dovesti do problema poput smanjenja u\u010dinkovitosti sustava ventilacije, buke uslijed vjetra ili \u010dak pada panela. Zato je va\u017eno anga\u017eirati iskusne izvo\u0111a\u010de koji mogu jam\u010diti kvalitetu i dugoro\u010dne rezultate.<\/p>\n\n\n\n<h2 class=\"wp-block-heading\">Ventilirana fasada u praksi: kako donosi stvarnu vrijednost?<\/h2>\n\n\n\n<p>Zahvaljuju\u0107i svojoj energetskoj u\u010dinkovitosti i modernom dizajnu, ventilirana fasada je sve popularniji odabir u gradnji.<strong> Poslovni objekti, stambeni kompleksi, pa \u010dak i javne zgrade koriste ventilirane fasade kako bi smanjili tro\u0161kove za energiju i pobolj\u0161ali estetiku prostora.<\/strong> U suvremenoj arhitekturi, ona je postala sinonim za kvalitetu, dugotrajan rad i odr\u017eivost.<\/p>\n\n\n\n<p><strong>Na primjer, poslovni kompleks u Zagrebu, koji je ugradnjom ventilirane fasade smanjio tro\u0161kove grijanja i hla\u0111enja za \u010dak 30%, predstavlja pravi primjer kako ovakav sustav mo\u017ee direktno smanjiti tro\u0161kove operativnog poslovanja.<\/strong> Sli\u010dno tome, stambeni objekti u Splitu koji su oblo\u017eeni ovom fasadom postali su atraktivniji na tr\u017ei\u0161tu. Ulaganje u kvalitetnu fasadu direktno utje\u010de na tr\u017ei\u0161nu vrijednost nekretnine, jer potencijalni kupci prepoznaju kvalitet i u\u0161tede koji dolaze s ovakvim rje\u0161enjem.<\/p>\n\n\n\n<h2 class=\"wp-block-heading\">Isplati li se investirati u ventiliranu fasadu?<\/h2>\n\n\n\n<p>Iako po\u010detna investicija mo\u017ee izgledati ve\u0107a, sve dugoro\u010dne koristi \u2013 od ni\u017eih tro\u0161kova za energiju do manjih tro\u0161kova odr\u017eavanja \u2013 \u010dine ventiliranu fasadu pametnim odabirom. Ako \u017eelite da va\u0161 <a href=\"https:\/\/www.prozorivrata.com\/hr\/kako-fasada-utjece-na-energetsku-ucinkovitost-zgrade\/\" target=\"_blank\" rel=\"noreferrer noopener\">objekt bude energetski u\u010dinkovit<\/a>, dugotrajan i estetski lijep, ovo je pravi trenutak da se odlu\u010dite za ventiliranu fasadu.<\/p>\n\n\n\n<p>Za sve one koji \u017eele dugoro\u010dne koristi, ventilirana fasada se definitivno isplati. <strong>Ako planirate renovaciju ili gradnju, ugradnja ove fasade mo\u017ee biti klju\u010dna investicija koja \u0107e se isplatiti kroz <a href=\"https:\/\/www.grenef.hr\/izolacija-za-ustedu-energije-i-odrzivi-razvoj\/\" target=\"_blank\" rel=\"noreferrer noopener\">ni\u017ee ra\u010dune za energiju,<\/a> manju potrebu za odr\u017eavanjem i du\u017ei vijek trajanja objekta.<\/strong><\/p>\n","protected":false},"excerpt":{"rendered":"<p>Jeste li znali da prava fasada mo\u017ee zna\u010dajno smanjiti va\u0161e ra\u010dune za energiju i produ\u017eiti vijek trajanja objekta? Ako jo\u0161 niste razmi\u0161ljali o ventiliranoj fasadi, pravo je vrijeme da saznate za\u0161to je ovaj pametan i energetski u\u010dinkovit odabir postao standard u modernoj arhitekturi. Ovaj tekst \u0107e vam pokazati kako ventilirana fasada nije samo lijepa, ve\u0107 [&hellip;]<\/p>\n","protected":false},"author":124,"featured_media":8374,"comment_status":"closed","ping_status":"closed","sticky":false,"template":"","format":"standard","meta":{"_FSMCFIC_featured_image_caption":"","_FSMCFIC_featured_image_nocaption":"","_FSMCFIC_featured_image_hide":"","footnotes":""},"categories":[17,7],"tags":[992,683,526,418,672],"class_list":["post-8373","post","type-post","status-publish","format-standard","has-post-thumbnail","hentry","category-energetska-ucinkovitost","category-fasade","tag-dizajn-eksterijera","tag-ekoloska-gradnja","tag-energetska-ucinkovitost-2","tag-fasada","tag-ventilirana-fasada"],"_links":{"self":[{"href":"https:\/\/www.prozorivrata.com\/hr\/wp-json\/wp\/v2\/posts\/8373","targetHints":{"allow":["GET"]}}],"collection":[{"href":"https:\/\/www.prozorivrata.com\/hr\/wp-json\/wp\/v2\/posts"}],"about":[{"href":"https:\/\/www.prozorivrata.com\/hr\/wp-json\/wp\/v2\/types\/post"}],"author":[{"embeddable":true,"href":"https:\/\/www.prozorivrata.com\/hr\/wp-json\/wp\/v2\/users\/124"}],"replies":[{"embeddable":true,"href":"https:\/\/www.prozorivrata.com\/hr\/wp-json\/wp\/v2\/comments?post=8373"}],"version-history":[{"count":2,"href":"https:\/\/www.prozorivrata.com\/hr\/wp-json\/wp\/v2\/posts\/8373\/revisions"}],"predecessor-version":[{"id":8376,"href":"https:\/\/www.prozorivrata.com\/hr\/wp-json\/wp\/v2\/posts\/8373\/revisions\/8376"}],"wp:featuredmedia":[{"embeddable":true,"href":"https:\/\/www.prozorivrata.com\/hr\/wp-json\/wp\/v2\/media\/8374"}],"wp:attachment":[{"href":"https:\/\/www.prozorivrata.com\/hr\/wp-json\/wp\/v2\/media?parent=8373"}],"wp:term":[{"taxonomy":"category","embeddable":true,"href":"https:\/\/www.prozorivrata.com\/hr\/wp-json\/wp\/v2\/categories?post=8373"},{"taxonomy":"post_tag","embeddable":true,"href":"https:\/\/www.prozorivrata.com\/hr\/wp-json\/wp\/v2\/tags?post=8373"}],"curies":[{"name":"wp","href":"https:\/\/api.w.org\/{rel}","templated":true}]}}