{"id":8349,"date":"2025-02-12T13:17:26","date_gmt":"2025-02-12T12:17:26","guid":{"rendered":"https:\/\/www.prozorivrata.com\/hr\/?p=8349"},"modified":"2025-02-12T15:08:14","modified_gmt":"2025-02-12T14:08:14","slug":"feal-na-sajmu-bau-2025-u-munchenu","status":"publish","type":"post","link":"https:\/\/www.prozorivrata.com\/hr\/feal-na-sajmu-bau-2025-u-munchenu\/","title":{"rendered":"FEAL na sajmu BAU 2025 u M\u00fcnchenu \u2013 inovacije za odr\u017eivu budu\u0107nost gradnje"},"content":{"rendered":"\n<p><strong>Sajam BAU 2025, koji se odr\u017eao od 13. do 17. sije\u010dnja u M\u00fcnchenu jo\u0161 jednom je dokazao za\u0161to je jedan od najva\u017enijih doga\u0111aja za gra\u0111evinsku industriju. Me\u0111u brojnim izlaga\u010dima, FEAL je zauzeo posebno mjesto, privukav\u0161i velik broj posjetitelja na svoj izlo\u017ebeni prostor u hali B4, \u0161tand 102.<\/strong><\/p>\n\n\n\n<h2 class=\"wp-block-heading\">Sajam BAU 2025 \u2013 sredi\u0161te inovacija u gra\u0111evinskoj industriji<\/h2>\n\n\n\n<p>Ovogodi\u0161nji sajam BAU okupio je vode\u0107e svjetske proizvo\u0111a\u010de, arhitekte, projektante i investitore, koji su tijekom pet dana mogli razmijeniti ideje, predstaviti inovacije i istra\u017eiti nove tehnologije. Sredi\u0161nja tema sajma bila je otporna i klimatski prihvatljiva gradnja, \u0161to je savr\u0161eno odgovaralo <strong>FEAL-ovoj <\/strong>misiji razvoja odr\u017eivih i inovativnih gra\u0111evinskih sustava.<\/p>\n\n\n\n<p><strong>Kao i uvijek, sajam je bio platforma za predstavljanje najnovijih proizvoda i usluga, a FEAL-ovi sustavi privukli su pa\u017enju stru\u010dnjaka i posjetitelja zahvaljuju\u0107i njihovoj kvaliteti, funkcionalnosti i estetskoj privla\u010dnosti.<\/strong><\/p>\n\n\n<div class=\"wp-block-image\">\n<figure class=\"aligncenter size-full\"><img decoding=\"async\" width=\"1200\" height=\"900\" src=\"https:\/\/www.prozorivrata.com\/hr\/wp-content\/uploads\/sites\/4\/2025\/02\/FEAL-tim-na-sajmu-BAU-2025.jpg\" alt=\"FEAL tim na sajmu BAU 2025\/ foto: FEAL\" class=\"wp-image-8350\" srcset=\"https:\/\/www.prozorivrata.com\/hr\/wp-content\/uploads\/sites\/4\/2025\/02\/FEAL-tim-na-sajmu-BAU-2025.jpg 1200w, https:\/\/www.prozorivrata.com\/hr\/wp-content\/uploads\/sites\/4\/2025\/02\/FEAL-tim-na-sajmu-BAU-2025-300x225.jpg 300w, https:\/\/www.prozorivrata.com\/hr\/wp-content\/uploads\/sites\/4\/2025\/02\/FEAL-tim-na-sajmu-BAU-2025-1024x768.jpg 1024w, https:\/\/www.prozorivrata.com\/hr\/wp-content\/uploads\/sites\/4\/2025\/02\/FEAL-tim-na-sajmu-BAU-2025-768x576.jpg 768w, https:\/\/www.prozorivrata.com\/hr\/wp-content\/uploads\/sites\/4\/2025\/02\/FEAL-tim-na-sajmu-BAU-2025-750x563.jpg 750w, https:\/\/www.prozorivrata.com\/hr\/wp-content\/uploads\/sites\/4\/2025\/02\/FEAL-tim-na-sajmu-BAU-2025-1140x855.jpg 1140w\" sizes=\"(max-width: 1200px) 100vw, 1200px\" \/><figcaption class=\"wp-element-caption\">FEAL tim na sajmu BAU 2025\/ foto: FEAL<\/figcaption><\/figure>\n<\/div>\n\n\n<h2 class=\"wp-block-heading\">FEAL-ovi sustavi koje smo predstavili na sajmu<\/h2>\n\n\n\n<p><strong>Na izlo\u017ebenom prostoru FEAL-a posjetitelji su mogli vidjeti proizvode koji postavljaju nove standarde u industriji aluminijskih sustava, a najvi\u0161e pa\u017enje privukli su:<\/strong><\/p>\n\n\n\n<ul class=\"wp-block-list\">\n<li><strong>Klizni sustavi Inowa i Termo 150<\/strong> koji osvajaju suvremenim dizajnom i funkcionalno\u0161\u0107u, pru\u017eaju\u0107i savr\u0161eno rje\u0161enje za prostore u kojima je va\u017ena maksimalna iskoristivost prostora, uz elegantan izgled i energetsku u\u010dinkovitost.<\/li>\n\n\n\n<li><strong>Sustavi za ulazna vrata Termo 85 VP i T Termo 75 DA. <\/strong>T 85 VP je namijenjen za izradu ulaznih vrata sa panel ispunom u varijantama za otvaranje vani ili unutra. Sustav Termo 75 DA je sustav sa unutarnjim drvenim oblogama koji se koristi za izradu ulaznih vrata i prozora (jednokrilnih ili dvokrilnih), a profili su izvedeni s prekinutim termi\u010dkim mostom.<\/li>\n\n\n\n<li><strong>Sustavi za prozore i vrata Termo 85 S Plus i T85<\/strong>. T85 balkonska vrata s integriranim francuskim balkonom, aluminijskom roletom i komaricom. Termo 85 S Plus s prekinutim termi\u010dkim mostom se koristi za izradu prozora, balkonskih vrata i fiksnih stijena i odgovara projektima koji zahtijevaju maksimalnu toplinsku izolaciju.<\/li>\n\n\n\n<li><strong>OF 100 sustav<\/strong> <strong>za staklene ograde<\/strong> odlikuje sofisticirani dizajn i visoka razina sigurnosti. Sustav je dizajniran za jednostavnu ugradnju u sve vrste objekata, tako da osigurava stabilnost, transparentnost i trajnost, a izlo\u017eeni uzorci na sajmu su atestirani za njema\u010dko tr\u017ei\u0161te.<\/li>\n<\/ul>\n\n\n\n<p>Pozitivne reakcije i brojna pitanja posjetitelja potvrdili su da <strong>FEAL-ovi<\/strong> proizvodi odgovaraju na klju\u010dne potrebe suvremene gradnje, od odr\u017eivosti do estetskih standarda.<\/p>\n\n\n<div class=\"wp-block-image\">\n<figure class=\"aligncenter size-full\"><img decoding=\"async\" width=\"800\" height=\"1200\" src=\"https:\/\/www.prozorivrata.com\/hr\/wp-content\/uploads\/sites\/4\/2025\/02\/FEAL-WIND-na-sajmu-BAU-2025.jpg\" alt=\"FEAL na sajmu BAU 2025 \/ foto: FEAL\" class=\"wp-image-8351\" srcset=\"https:\/\/www.prozorivrata.com\/hr\/wp-content\/uploads\/sites\/4\/2025\/02\/FEAL-WIND-na-sajmu-BAU-2025.jpg 800w, https:\/\/www.prozorivrata.com\/hr\/wp-content\/uploads\/sites\/4\/2025\/02\/FEAL-WIND-na-sajmu-BAU-2025-200x300.jpg 200w, https:\/\/www.prozorivrata.com\/hr\/wp-content\/uploads\/sites\/4\/2025\/02\/FEAL-WIND-na-sajmu-BAU-2025-683x1024.jpg 683w, https:\/\/www.prozorivrata.com\/hr\/wp-content\/uploads\/sites\/4\/2025\/02\/FEAL-WIND-na-sajmu-BAU-2025-768x1152.jpg 768w, https:\/\/www.prozorivrata.com\/hr\/wp-content\/uploads\/sites\/4\/2025\/02\/FEAL-WIND-na-sajmu-BAU-2025-750x1125.jpg 750w\" sizes=\"(max-width: 800px) 100vw, 800px\" \/><figcaption class=\"wp-element-caption\">FEAL na sajmu BAU 2025 \/ foto: FEAL<\/figcaption><\/figure>\n<\/div>\n\n\n<h2 class=\"wp-block-heading\">Povezivanje s partnerima i stru\u010dnjacima<\/h2>\n\n\n\n<p>Jedan od glavnih ciljeva na\u0161eg sudjelovanja na sajmu bio je povezivanje s poslovnim partnerima i stru\u010dnjacima iz razli\u010ditih grana industrije. Tijekom sajma ostvarili smo brojne kontakte s projektantima, arhitektima i investitorima, a mnogi su izrazili interes za daljnju suradnju i uklju\u010divanje na\u0161ih proizvoda u svoje projekte.<\/p>\n\n\n\n<p>Razgovori vo\u0111eni na sajmu bili su iznimno korisni za razumijevanje novih trendova u industriji, ali i za prezentaciju na\u0161ih proizvoda koji su prepoznati kao rje\u0161enja budu\u0107nosti.<\/p>\n\n\n<div class=\"wp-block-image\">\n<figure class=\"aligncenter size-full\"><img decoding=\"async\" width=\"1200\" height=\"800\" src=\"https:\/\/www.prozorivrata.com\/hr\/wp-content\/uploads\/sites\/4\/2025\/02\/FEAL-standa-na-sajmu-BAU-2025.jpg\" alt=\"FEAL \u0161tand na sajmu BAU 2025 \/ foto: FEAL\" class=\"wp-image-8354\" srcset=\"https:\/\/www.prozorivrata.com\/hr\/wp-content\/uploads\/sites\/4\/2025\/02\/FEAL-standa-na-sajmu-BAU-2025.jpg 1200w, https:\/\/www.prozorivrata.com\/hr\/wp-content\/uploads\/sites\/4\/2025\/02\/FEAL-standa-na-sajmu-BAU-2025-300x200.jpg 300w, https:\/\/www.prozorivrata.com\/hr\/wp-content\/uploads\/sites\/4\/2025\/02\/FEAL-standa-na-sajmu-BAU-2025-1024x683.jpg 1024w, https:\/\/www.prozorivrata.com\/hr\/wp-content\/uploads\/sites\/4\/2025\/02\/FEAL-standa-na-sajmu-BAU-2025-768x512.jpg 768w, https:\/\/www.prozorivrata.com\/hr\/wp-content\/uploads\/sites\/4\/2025\/02\/FEAL-standa-na-sajmu-BAU-2025-750x500.jpg 750w, https:\/\/www.prozorivrata.com\/hr\/wp-content\/uploads\/sites\/4\/2025\/02\/FEAL-standa-na-sajmu-BAU-2025-1140x760.jpg 1140w\" sizes=\"(max-width: 1200px) 100vw, 1200px\" \/><figcaption class=\"wp-element-caption\">FEAL \u0161tand na sajmu BAU 2025 \/ foto: FEAL<\/figcaption><\/figure>\n<\/div>\n\n\n<h2 class=\"wp-block-heading\">Uspjeh koji nas motivira<\/h2>\n\n\n\n<p>Sudjelovanje na sajmu <strong>BAU 2025<\/strong> bilo je iznimno va\u017eno za <strong>FEAL<\/strong>, ne samo kao prilika za promociju, ve\u0107 i kao potvrda da smo na pravom putu. Reakcije posjetitelja, pohvale na ra\u010dun kvalitete na\u0161ih proizvoda i interes za suradnju dodatno su nas motivirali da nastavimo s razvojem inovacija i odr\u017eivih rje\u0161enja.<\/p>\n\n\n\n<h2 class=\"wp-block-heading\">Zahvala svim posjetiteljima<\/h2>\n\n\n\n<p>Pozitivne reakcije i brojna pitanja posjetitelja potvrdili su da<strong> <\/strong><a href=\"https:\/\/www.prozorivrata.com\/hr\/sustavi-za-ulazna-vrata-feal-termo-85-vs-i-vp\/\" target=\"_blank\" rel=\"noreferrer noopener\"><strong>FEAL-ovi<\/strong> proizvodi <\/a>odgovaraju na klju\u010dne potrebe suvremene gradnje, od odr\u017eivosti do estetskih standarda.<\/p>\n\n\n\n<p>\u017delimo se zahvaliti svima koji su posjetili na\u0161 \u0161tand i odvojili vrijeme za razgovor s na\u0161im timom. Va\u0161e povratne informacije i prijedlozi bili su od neprocjenjive su vrijednosti za nas. S ponosom isti\u010demo da je sajam <strong>BAU 2025 <\/strong>bio iznimno uspje\u0161an za<strong> FEAL<\/strong> i veselimo se budu\u0107im projektima koje \u0107emo zajedno realizirati.<\/p>\n\n\n\n<figure class=\"wp-block-image size-full is-resized\"><img decoding=\"async\" width=\"400\" height=\"153\" src=\"https:\/\/www.prozorivrata.com\/hr\/wp-content\/uploads\/sites\/4\/2021\/04\/FEAL-logo.jpg\" alt=\"FEAL logo\" class=\"wp-image-3031\" style=\"width:221px;height:auto\" srcset=\"https:\/\/www.prozorivrata.com\/hr\/wp-content\/uploads\/sites\/4\/2021\/04\/FEAL-logo.jpg 400w, https:\/\/www.prozorivrata.com\/hr\/wp-content\/uploads\/sites\/4\/2021\/04\/FEAL-logo-300x115.jpg 300w\" sizes=\"(max-width: 400px) 100vw, 400px\" \/><\/figure>\n\n\n\n<p>FEAL Hrvatska<br>Rude\u0161ka cesta Za, 10000 Zagreb<br>Tel: +385 1 386-62-22<br>Fax: +385 1 386-62-23<br><a href=\"mailto:info@feal.hr\" target=\"_blank\" rel=\"noreferrer noopener\">info@feal.hr<\/a><br><a href=\"http:\/\/www.feal.hr\" target=\"_blank\" rel=\"noreferrer noopener\">www.feal.hr<\/a><\/p>\n","protected":false},"excerpt":{"rendered":"<p>Sajam BAU 2025, koji se odr\u017eao od 13. do 17. sije\u010dnja u M\u00fcnchenu jo\u0161 jednom je dokazao za\u0161to je jedan od najva\u017enijih doga\u0111aja za gra\u0111evinsku industriju. Me\u0111u brojnim izlaga\u010dima, FEAL je zauzeo posebno mjesto, privukav\u0161i velik broj posjetitelja na svoj izlo\u017ebeni prostor u hali B4, \u0161tand 102. Sajam BAU 2025 \u2013 sredi\u0161te inovacija u gra\u0111evinskoj [&hellip;]<\/p>\n","protected":false},"author":124,"featured_media":8352,"comment_status":"closed","ping_status":"closed","sticky":false,"template":"","format":"standard","meta":{"_FSMCFIC_featured_image_caption":"","_FSMCFIC_featured_image_nocaption":"","_FSMCFIC_featured_image_hide":"","footnotes":""},"categories":[47,54],"tags":[944,526,315,357,855,645,1029,71,1069,1070],"class_list":["post-8349","post","type-post","status-publish","format-standard","has-post-thumbnail","hentry","category-novosti","category-promo","tag-bau-2025","tag-energetska-ucinkovitost-2","tag-feal","tag-gradnja","tag-gradevinska-industrija","tag-inowa","tag-munchen","tag-sajam","tag-termo-150","tag-termo-85-vp"],"_links":{"self":[{"href":"https:\/\/www.prozorivrata.com\/hr\/wp-json\/wp\/v2\/posts\/8349","targetHints":{"allow":["GET"]}}],"collection":[{"href":"https:\/\/www.prozorivrata.com\/hr\/wp-json\/wp\/v2\/posts"}],"about":[{"href":"https:\/\/www.prozorivrata.com\/hr\/wp-json\/wp\/v2\/types\/post"}],"author":[{"embeddable":true,"href":"https:\/\/www.prozorivrata.com\/hr\/wp-json\/wp\/v2\/users\/124"}],"replies":[{"embeddable":true,"href":"https:\/\/www.prozorivrata.com\/hr\/wp-json\/wp\/v2\/comments?post=8349"}],"version-history":[{"count":2,"href":"https:\/\/www.prozorivrata.com\/hr\/wp-json\/wp\/v2\/posts\/8349\/revisions"}],"predecessor-version":[{"id":8356,"href":"https:\/\/www.prozorivrata.com\/hr\/wp-json\/wp\/v2\/posts\/8349\/revisions\/8356"}],"wp:featuredmedia":[{"embeddable":true,"href":"https:\/\/www.prozorivrata.com\/hr\/wp-json\/wp\/v2\/media\/8352"}],"wp:attachment":[{"href":"https:\/\/www.prozorivrata.com\/hr\/wp-json\/wp\/v2\/media?parent=8349"}],"wp:term":[{"taxonomy":"category","embeddable":true,"href":"https:\/\/www.prozorivrata.com\/hr\/wp-json\/wp\/v2\/categories?post=8349"},{"taxonomy":"post_tag","embeddable":true,"href":"https:\/\/www.prozorivrata.com\/hr\/wp-json\/wp\/v2\/tags?post=8349"}],"curies":[{"name":"wp","href":"https:\/\/api.w.org\/{rel}","templated":true}]}}