{"id":8289,"date":"2025-01-22T13:23:14","date_gmt":"2025-01-22T12:23:14","guid":{"rendered":"https:\/\/www.prozorivrata.com\/hr\/?p=8289"},"modified":"2025-01-22T13:23:18","modified_gmt":"2025-01-22T12:23:18","slug":"bau-2025-donosi-inspiraciju-za-buducnost-industrije","status":"publish","type":"post","link":"https:\/\/www.prozorivrata.com\/hr\/bau-2025-donosi-inspiraciju-za-buducnost-industrije\/","title":{"rendered":"BAU 2025 donosi inspiraciju za budu\u0107nost industrije"},"content":{"rendered":"\n<p>U vremenu velikih izazova i nesigurnosti u gra\u0111evinskoj industriji, BAU \u2013 vode\u0107i svjetski sajam za arhitekturu, materijale i sustave \u2013 predstavlja se kao svjetionik nade za industriju.<strong> Unato\u010d tome \u0161to je sajam bio skra\u0107en za jedan dan, vi\u0161e od 180.000 posjetitelja (2023: 190.000) posjetilo je potpuno popunjeni Sajamski centar u M\u00fcnchenu u periodu od 13. do 17. sije\u010dnja, kako bi istra\u017eili inovacije i trendove koje su predstavili 2.230 izlaga\u010da (2023: 2.260) iz 58 zemalja (2023: 49 zemalja).<\/strong><\/p>\n\n\n\n<p><strong>Pored broja zemalja sudionica, me\u0111unarodni udio izlaga\u010da tako\u0111er je postigao novi rekord od 52 %.<\/strong><\/p>\n\n\n\n<p>\u201eNa po\u010detku su o\u010dekivanja za BAU 2025 bila umanjena izazovnim ekonomskim okru\u017eenjem. Me\u0111utim, reakcije izlaga\u010da i posjetitelja bile su pozitivne. BAU pru\u017ea hrabrost i povjerenje, osobito u ovim vremenima\u201c, rekao je <strong>dr Reinhard Pfeiffer<\/strong>, izvr\u0161ni direktor Messe M\u00fcnchen, osvr\u0107u\u0107i se na BAU 2025.<\/p>\n\n\n\n<p><strong>Dieter Sch\u00e4fer<\/strong>, predsjednik Savjetodavnog odbora BAU, tako\u0111er je veoma zadovoljan: \u201eBAU 2025 je poslao sna\u017enu poruku za gra\u0111evinsku industriju. Unato\u010d te\u0161kim uvjetima, industrija dokazuje svoju budu\u0107u odr\u017eivost kroz inovacije, promjene i pokreta\u010dku snagu. Sajam pru\u017ea novi podsticaj i ja\u010da razmjenu koja je klju\u010dna za odr\u017eiv rast i napredak. Zajedno oblikujemo gra\u0111evinski svijet sutra\u0161njice.\u201c<\/p>\n\n\n<div class=\"wp-block-image\">\n<figure class=\"aligncenter size-full\"><img decoding=\"async\" width=\"1200\" height=\"800\" src=\"https:\/\/www.prozorivrata.com\/hr\/wp-content\/uploads\/sites\/4\/2025\/01\/Odrzan-svetski-sajam-BAU-2025-foto-Messe-Munchen-GmbH.jpg\" alt=\"Svjetski sajam za arhitekturu, materijale i sisteme BAU 2025 \/ foto: Messe Munchen GmbH\" class=\"wp-image-8291\" srcset=\"https:\/\/www.prozorivrata.com\/hr\/wp-content\/uploads\/sites\/4\/2025\/01\/Odrzan-svetski-sajam-BAU-2025-foto-Messe-Munchen-GmbH.jpg 1200w, https:\/\/www.prozorivrata.com\/hr\/wp-content\/uploads\/sites\/4\/2025\/01\/Odrzan-svetski-sajam-BAU-2025-foto-Messe-Munchen-GmbH-300x200.jpg 300w, https:\/\/www.prozorivrata.com\/hr\/wp-content\/uploads\/sites\/4\/2025\/01\/Odrzan-svetski-sajam-BAU-2025-foto-Messe-Munchen-GmbH-1024x683.jpg 1024w, https:\/\/www.prozorivrata.com\/hr\/wp-content\/uploads\/sites\/4\/2025\/01\/Odrzan-svetski-sajam-BAU-2025-foto-Messe-Munchen-GmbH-768x512.jpg 768w, https:\/\/www.prozorivrata.com\/hr\/wp-content\/uploads\/sites\/4\/2025\/01\/Odrzan-svetski-sajam-BAU-2025-foto-Messe-Munchen-GmbH-750x500.jpg 750w, https:\/\/www.prozorivrata.com\/hr\/wp-content\/uploads\/sites\/4\/2025\/01\/Odrzan-svetski-sajam-BAU-2025-foto-Messe-Munchen-GmbH-1140x760.jpg 1140w\" sizes=\"(max-width: 1200px) 100vw, 1200px\" \/><figcaption class=\"wp-element-caption\">Svjetski sajam za arhitekturu, materijale i sisteme BAU 2025 \/ foto: Messe Munchen GmbH<\/figcaption><\/figure>\n<\/div>\n\n\n<h2 class=\"wp-block-heading\">BAU pokazuje otpornost i ulijeva povjerenje u gra\u0111evinsku industriju<\/h2>\n\n\n\n<p><strong>Felix Pakleppa, <\/strong>izvr\u0161ni direktor Saveznog udru\u017eenja njema\u010dke gra\u0111evinske industrije (ZDB), potvr\u0111uje ulogu BAU-a kao vode\u0107eg industrijskog doga\u0111aja: \u201eSa klju\u010dnim temama transformacije, domova budu\u0107nosti i za\u0161tite resursa i klime, BAU 2025 ponovno pru\u017ea pionirske ideje za budu\u0107nost gradnje. Ostaje klju\u010dna platforma za proizvo\u0111a\u010de, projektante i gra\u0111evinsku industriju kako bi zajedno ubrzali napredak.\u201c<\/p>\n\n\n\n<p><strong>BAU 2025 fokusirao se na klju\u010dne teme \u201eotporne, klimatski prihvatljive gradnje\u201c, \u201etransformacije gradova\/sela\/urbanih \u010detvrti\u201c, \u201eu\u010dinkovitosti resursa\u201c, \u201emodularne, serijske, produktivne\u201c i \u201eisplative gradnje\u201c. <\/strong>Ove teme odra\u017eavaju trenutni duh industrije, ka\u017ee <strong>Andrea Gebhard<\/strong>, predsjednica Savezne komore arhitekata: \u201eOve godine, BAU je pokazao da odr\u017eivost vi\u0161e nije samo cilj, ve\u0107 smjernica za na\u0161e djelovanje. Od inovativnih gra\u0111evinskih materijala i digitalnih procesa planiranja do integrativnih pristupa urbanim prostorima, raznovrsnost i kvaliteta predstavljenih rje\u0161enja su impresivni i moraju nastaviti dobivati sna\u017enu podr\u0161ku savezne vlade zbog njihovog zna\u010daja u oblikovanju dru\u0161tva.\u201c<\/p>\n\n\n\n<p>Direktor BAU-a <strong>Matthias Strauss<\/strong> zahvaljuje se svom timu na izuzetnom u\u010dinku: \u201eUnato\u010d te\u0161koj situaciji u industriji, zajedno smo uspjeli posti\u0107i uspje\u0161an ishod za BAU 2025. Bravo za sve kolege!\u201c<\/p>\n\n\n\n<h2 class=\"wp-block-heading\">Vi\u0161e od 50% me\u0111unarodnih izlaga\u010da<\/h2>\n\n\n\n<p><strong>Po prvi put u svojoj vi\u0161e od 60-godi\u0161njoj povijesti, me\u0111unarodne tvrtke \u010dinile su vi\u0161e od polovice ukupnog broja izlaga\u010da.<\/strong> 52 % od 2.230 izlaga\u010da bilo je izvan Njema\u010dke.<\/p>\n\n\n\n<p><strong>Pored Njema\u010dke, zemlje s najja\u010dom reprezentacijom izlaga\u010da na BAU 2025 bile su Italija, Kina, Turska, Austrija, Poljska, Belgija, \u0160vicarska, \u0160panjolska, Nizozemska i Gr\u010dka.<\/strong> Na strani posjetitelja, trend iz 2023. godine nastavio se s visokim udjelom me\u0111unarodne participacije. Na prethodnom doga\u0111aju, udio me\u0111unarodnih posjetitelja dostigao je 40 %. Ove godine, taj udio bio je 44 %. Pored Njema\u010dke, zemlje s najve\u0107im brojem posjetitelja bile su Austrija, Italija, \u0160vicarska, Poljska, Turska, Kina, Rumunija, \u010ce\u0161ka, \u0160panjolska i Hrvatska.<\/p>\n\n\n\n<h2 class=\"wp-block-heading\">Izlaga\u010di i posjetitelji daju najvi\u0161e ocjene<\/h2>\n\n\n\n<p>Uspje\u0161an ishod sajma tako\u0111er je odra\u017een u istra\u017eivanju koje je provela marketin\u0161ka istra\u017eiva\u010dka agencija Gelszus, prema kojem je 95 % izlaga\u010da ocijenilo sajam kao dobar do izvrstan. 91 % smatra da ima pravi sajamski karakter. 94 % izlaga\u010da dalo je najvi\u0161e ocjene za kvalitet, a 91 % za internacionalnost posjetitelja.<\/p>\n\n\n\n<p>Posjetitelji su ponovno dali najbolje ocjene za BAU 2025, s 97 % ispitanika koji su ocijenili sajam kao dobar do izvrstan.<\/p>\n\n\n\n<h2 class=\"wp-block-heading\">Prate\u0107i program: specijalne izlo\u017ebe i dodjela nagrada<\/h2>\n\n\n\n<p><strong><a href=\"https:\/\/www.prozorivrata.com\/hr\/program-tijekom-bau-2025-u-munchenu\/\" target=\"_blank\" rel=\"noreferrer noopener\">Pet klju\u010dnih tema<\/a> bile su prisutne ne samo u izlo\u017ebenom prostoru, ve\u0107 i u specijaliziranim forumima i specijalnim izlo\u017ebama.<\/strong> Osim toga, renomirani arhitekti kao \u0161to su Carlo Ratti, Satoshi Ohashi, Verena von Beckerath i Elisabeth Endres odr\u017eali su predavanja na forumu \u201eBudu\u0107nost gradnje\u201c. Inovativna snaga gra\u0111evinske industrije bila je o\u010digledna i na dodjelama nagrada. Natjecanja kao \u0161to su \u201eIzgra\u0111ena na IT \u2013 gra\u0111evinske profesije s budu\u0107no\u0161\u0107u\u201c, Balthasar Neumann nagrada i BAKA nagrada dodijelili su nagrade svojim dobitnicima u M\u00fcnchenu. Debi je imao i Founders Fight Night, natjecanje za startupe, gdje su tvrtke predstavile svoje proizvode u boksa\u010dkom ringu, a pljesak publike odlu\u010divao o pobjedniku.<\/p>\n\n\n\n<p><strong>Naredni BAU bit \u0107e odr\u017ean u M\u00fcnchenu od 11. do 15. sije\u010dnja 2027. godine. Ve\u0107 2026. godine (od 24. do 26. o\u017eujka), digitalBAU u K\u00f6lnu predstavit \u0107e rje\u0161enja i proizvode iz sektora gra\u0111evinskog softvera.<\/strong><\/p>\n\n\n<div class=\"wp-block-image\">\n<figure class=\"aligncenter size-full\"><img decoding=\"async\" width=\"1200\" height=\"800\" src=\"https:\/\/www.prozorivrata.com\/hr\/wp-content\/uploads\/sites\/4\/2025\/01\/sajam-BAU-2025-Messe-Munchen-GmbH.jpg\" alt=\"Posjetioci na svjetskom sajmu za arhitekturu, materijale i sisteme BAU 2025 \/ foto: Messe Munchen GmbH\" class=\"wp-image-8293\" srcset=\"https:\/\/www.prozorivrata.com\/hr\/wp-content\/uploads\/sites\/4\/2025\/01\/sajam-BAU-2025-Messe-Munchen-GmbH.jpg 1200w, https:\/\/www.prozorivrata.com\/hr\/wp-content\/uploads\/sites\/4\/2025\/01\/sajam-BAU-2025-Messe-Munchen-GmbH-300x200.jpg 300w, https:\/\/www.prozorivrata.com\/hr\/wp-content\/uploads\/sites\/4\/2025\/01\/sajam-BAU-2025-Messe-Munchen-GmbH-1024x683.jpg 1024w, https:\/\/www.prozorivrata.com\/hr\/wp-content\/uploads\/sites\/4\/2025\/01\/sajam-BAU-2025-Messe-Munchen-GmbH-768x512.jpg 768w, https:\/\/www.prozorivrata.com\/hr\/wp-content\/uploads\/sites\/4\/2025\/01\/sajam-BAU-2025-Messe-Munchen-GmbH-750x500.jpg 750w, https:\/\/www.prozorivrata.com\/hr\/wp-content\/uploads\/sites\/4\/2025\/01\/sajam-BAU-2025-Messe-Munchen-GmbH-1140x760.jpg 1140w\" sizes=\"(max-width: 1200px) 100vw, 1200px\" \/><figcaption class=\"wp-element-caption\">Posjetioci na svjetskom sajmu za arhitekturu, materijale i sisteme BAU 2025 \/ foto: Messe Munchen GmbH<\/figcaption><\/figure>\n<\/div>\n\n\n<h2 class=\"wp-block-heading\">Dodatne izjave o BAU 2025:<\/h2>\n\n\n\n<p><strong>Andrea Alber, izvr\u0161na direktorica za korporativnu strategiju i marketing, GEZE:<\/strong> \u201eBAU 2025 je za nas bio veliki uspjeh! Impresivan broj posjetitelja i izuzetno pozitivan odaziv daleko su prema\u0161ili na\u0161a o\u010dekivanja. Posebno nas je impresioniralo veliko zanimanje za na\u0161a inovativna rje\u0161enja i duboke diskusije s posjetiteljima, koje su u potpunosti bile u skladu s na\u0161im motom \u2018Velike stvari ostvarujemo zajedno\u2019.\u201d<\/p>\n\n\n\n<p><strong>Oliver Hartmann, generalni direktor, KLEUSBERG:<\/strong> \u201eNa BAU sajmu izla\u017eemo ve\u0107 oko 20 godina. Ovaj doga\u0111aj je sastavni dio marketing strategije KLEUSBERG-a. Nijedna druga sajamska manifestacija na njema\u010dkom tr\u017ei\u0161tu ne nudi tako odli\u010dne uvjete za planere, investitore, proizvo\u0111a\u010de i pru\u017eatelje usluga da me\u0111usobno razgovaraju o \u0161irokom spektru gra\u0111evinskih tema. Sajam je bio veliki uspjeh za KLEUSBERG, pru\u017eatelja modularnih gra\u0111evinskih i prostornih sustava. Radujemo se sljede\u0107em sajmu 2027. godine.\u201d<\/p>\n\n\n\n<p><strong>Guido H\u00f6rer, menad\u017eer prodaje, ERLUS:<\/strong> \u201eBAU 2025 je ponovo bio veliki uspjeh za nas. Veoma smo zadovoljni diskusijama i kvalitetom posjetitelja na na\u0161em \u0161tandu. U cijelosti, mo\u017eemo se osvrnuti na vrlo pozitivan sajamski doga\u0111aj.\u201d<\/p>\n\n\n\n<p><strong>Martin J. H\u00f6rmann, partner, H\u00f6rmann:<\/strong> \u201eVeoma smo zadovoljni doga\u0111ajem. S obzirom na op\u0107e stanje u gra\u0111evinskoj industriji, prethodno smo se pitali kako \u0107e to utjecati na BAU 2025. Ali smo bili ugodno iznena\u0111eni: Sastanci i osobne diskusije na sajmu su nam pokazali koliko energije i povjerenja postoji. To \u0107emo ponijeti kao va\u017ean poticaj.\u201d<\/p>\n\n\n\n<p><strong>Gregor Machura, generalni direktor, Bauforum Stahl:<\/strong> \u201eGra\u0111evinska industrija suo\u010dava se s pravim izazovom: mora uvesti odr\u017eive materijale i inovativne tehnologije kako bi zadovoljila hitne zahtjeve za ekolo\u0161kom svijesti i u\u010dinkovito\u0161\u0107u. Ako graditelji, planeri i industrija ne sura\u0111uju, rizikujemo da stvorimo zastarjelu infrastrukturu koja vi\u0161e ne mo\u017ee zadovoljiti dinami\u010dne potrebe na\u0161eg dru\u0161tva. BAU sajam nudi priliku da promovira suradnju i komunikaciju.\u201d<\/p>\n\n\n\n<p><strong>Peter Orthen \/ Torsten Prauser, generalni direktori, ALHO Group:<\/strong> \u201ePo drugi put, BAU se fokusirao na serijsku, modularnu gradnju kao jednu od klju\u010dnih tema. To nas uvjerava da dajemo va\u017ean doprinos ve\u0107oj odr\u017eivosti u industriji s na\u0161im resursima u\u010dinkovitih, klimatski prihvatljivih i isplativih metoda gradnje. Zahvaljuju\u0107i platformama poput BAU-a, sve vi\u0161e postajemo u centru pa\u017enje za investitore, arhitekte i planere kao pioniri u modularnoj gradnji.\u201d<\/p>\n\n\n<div class=\"wp-block-image\">\n<figure class=\"aligncenter size-full\"><img decoding=\"async\" width=\"1200\" height=\"800\" src=\"https:\/\/www.prozorivrata.com\/hr\/wp-content\/uploads\/sites\/4\/2025\/01\/Svetski-sajam-BAU-2025-foto-Messe-Munchen-GmbH.jpg\" alt=\"Ponuda na \u0161tandovima na svjetskom sajmu za arhitekturu, materijale i sisteme BAU 2025 \/ foto: Messe Munchen GmbH\" class=\"wp-image-8294\" srcset=\"https:\/\/www.prozorivrata.com\/hr\/wp-content\/uploads\/sites\/4\/2025\/01\/Svetski-sajam-BAU-2025-foto-Messe-Munchen-GmbH.jpg 1200w, https:\/\/www.prozorivrata.com\/hr\/wp-content\/uploads\/sites\/4\/2025\/01\/Svetski-sajam-BAU-2025-foto-Messe-Munchen-GmbH-300x200.jpg 300w, https:\/\/www.prozorivrata.com\/hr\/wp-content\/uploads\/sites\/4\/2025\/01\/Svetski-sajam-BAU-2025-foto-Messe-Munchen-GmbH-1024x683.jpg 1024w, https:\/\/www.prozorivrata.com\/hr\/wp-content\/uploads\/sites\/4\/2025\/01\/Svetski-sajam-BAU-2025-foto-Messe-Munchen-GmbH-768x512.jpg 768w, https:\/\/www.prozorivrata.com\/hr\/wp-content\/uploads\/sites\/4\/2025\/01\/Svetski-sajam-BAU-2025-foto-Messe-Munchen-GmbH-750x500.jpg 750w, https:\/\/www.prozorivrata.com\/hr\/wp-content\/uploads\/sites\/4\/2025\/01\/Svetski-sajam-BAU-2025-foto-Messe-Munchen-GmbH-1140x760.jpg 1140w\" sizes=\"(max-width: 1200px) 100vw, 1200px\" \/><figcaption class=\"wp-element-caption\">Ponuda na \u0161tandovima na svjetskom sajmu za arhitekturu, materijale i sisteme BAU 2025 \/ foto: Messe Munchen GmbH<\/figcaption><\/figure>\n<\/div>\n\n\n<p><strong>Yves Padrines, izvr\u0161ni direktor, NEMETSCHEK Group:<\/strong> \u201eBAU 2025 nam je ponovo pru\u017eio odli\u010dnu platformu za umre\u017eavanje s kupcima i stru\u010dnjacima iz industrije, kao i za razmjenu mi\u0161ljenja o klju\u010dnim temama kao \u0161to su odr\u017eivost, inovacije i transformativna uloga umjetni\u010dke inteligencije u gra\u0111evinskoj industriji. Radujemo se narednoj ediciji 2027. godine.\u201d<\/p>\n\n\n\n<p><strong>Michael von Resch, generalni direktor, Gretsch-Unitas:<\/strong> \u201eVeoma smo zadovoljni ovim sajmom. Daljnji porast broja me\u0111unarodnih posjetitelja je impresivan, a diskusije su bile visokog kvaliteta. BAU pru\u017ea odli\u010dan pregled tehnolo\u0161kog stanja i klju\u010dnih trendova u gra\u0111evinskoj industriji.\u201d<\/p>\n\n\n\n<p><strong>Martin Roesler, \u0161ef marketinga, SCH\u00dcCO:<\/strong> \u201eBAU 2025 je bio odli\u010dan po\u010detak godine za Sch\u00fcco. S na\u0161im novim sveobuhvatnim asortimanom, Sch\u00fcco Value Up, nudimo na\u0161im kupcima sveobuhvatna i, prije svega, odr\u017eiva rje\u0161enja za gradnju u postoje\u0107im uvjetima. Ovo je gra\u0111evinski zadatak budu\u0107nosti. Iskoristili smo sajam da na\u0161im gostima predstavimo nove proizvode i usluge za cijeli \u017eivotni ciklus gra\u0111evinskog omota\u010da i inspiriramo ih s prate\u0107im potencijalima rasta.\u201d<\/p>\n\n\n\n<p><strong>Daniela Schmiedle, generalni direktor, Sika: <\/strong>\u201eBAU 2025 je za nas bio veoma poseban sajam ove godine: Pod sloganom \u2018ONE Sika\u2019 prikazali smo na\u0161e inovativne i odr\u017eive sustave i rje\u0161enja za razli\u010dite tipove zgrada i po prvi put predstavili jake brendove proizvoda PCI, SCH\u00d6NOX i THOMSIT zajedno pod Sika brendom. Veoma smo zadovoljni izuzetno pozitivnim povratnim informacijama koje smo dobili sa svih strana. Anga\u017eirali smo se u mnogim zna\u010dajnim razgovorima s na\u0161im kupcima i partnerima, sklopili nove kontakte i jo\u0161 se vi\u0161e zbli\u017eili kao tim.\u201d<\/p>\n\n\n\n<p><strong>Torsten Stolte, generalni direktor, dormakaba:<\/strong> \u201eVeoma smo zadovoljni sajmom. Na\u0161 \u0161tand je bio veoma posje\u0107en tijekom cijelog trajanja. Nisu do\u0161li samo planeri, procesori, arhitekti i partneri iz Njema\u010dke, ve\u0107 i iz mnogih drugih zemalja \u0161irom svijeta. Kao globalno aktivna tvrtka, ovdje smo imali priliku predstaviti na\u0161a inovativna rje\u0161enja za pristup, ulaz, kriti\u010dnu infrastrukturu i odr\u017eivost me\u0111unarodnoj gra\u0111evinskoj industriji. Na\u0161i novoinstalirani proizvodi i rje\u0161enja na polju pristupa, ulaza, kriti\u010dne infrastrukture i odr\u017eivosti nai\u0161la su na veliki interes posjetitelja. U mnogim razgovorima postalo je jasno koliko je sigurnost postala va\u017ena za tvrtke i vlasti.\u201d<\/p>\n\n\n\n<p><strong>Ulrich Weihs, izvr\u0161ni direktor, Egger:<\/strong> \u201eMi u EGGER-u smo veoma pozitivno iznena\u0111eni kako je pro\u0161ao BAU M\u00fcnchen 2025. Na\u0161i inovativni novi proizvodi, uklju\u010duju\u0107i EcoBox i novu kolekciju podova, izazvali su zna\u010dajno interesovanje, a posjetitelji su bili veoma odu\u0161evljeni na\u0161im \u0161tandom. Imali smo priliku voditi mnogo zanimljivih razgovora s kupcima i partnerima, kako iz njema\u010dkih govorno podru\u010dja, tako i iz cijelog svijeta.\u201d<\/p>\n\n\n<div class=\"wp-block-image\">\n<figure class=\"aligncenter size-full\"><img decoding=\"async\" width=\"1200\" height=\"800\" src=\"https:\/\/www.prozorivrata.com\/hr\/wp-content\/uploads\/sites\/4\/2025\/01\/atrakcije-za-posetioce-sajma-BAU-2025-foto-Messe-Munchen-GmbH.jpg\" alt=\"Atrakcije na \u0161tandovima na svjetskom sajmu za arhitekturu, materijale i sisteme BAU 2025 \/ foto: Messe Munchen GmbH\" class=\"wp-image-8290\" srcset=\"https:\/\/www.prozorivrata.com\/hr\/wp-content\/uploads\/sites\/4\/2025\/01\/atrakcije-za-posetioce-sajma-BAU-2025-foto-Messe-Munchen-GmbH.jpg 1200w, https:\/\/www.prozorivrata.com\/hr\/wp-content\/uploads\/sites\/4\/2025\/01\/atrakcije-za-posetioce-sajma-BAU-2025-foto-Messe-Munchen-GmbH-300x200.jpg 300w, https:\/\/www.prozorivrata.com\/hr\/wp-content\/uploads\/sites\/4\/2025\/01\/atrakcije-za-posetioce-sajma-BAU-2025-foto-Messe-Munchen-GmbH-1024x683.jpg 1024w, https:\/\/www.prozorivrata.com\/hr\/wp-content\/uploads\/sites\/4\/2025\/01\/atrakcije-za-posetioce-sajma-BAU-2025-foto-Messe-Munchen-GmbH-768x512.jpg 768w, https:\/\/www.prozorivrata.com\/hr\/wp-content\/uploads\/sites\/4\/2025\/01\/atrakcije-za-posetioce-sajma-BAU-2025-foto-Messe-Munchen-GmbH-750x500.jpg 750w, https:\/\/www.prozorivrata.com\/hr\/wp-content\/uploads\/sites\/4\/2025\/01\/atrakcije-za-posetioce-sajma-BAU-2025-foto-Messe-Munchen-GmbH-1140x760.jpg 1140w\" sizes=\"(max-width: 1200px) 100vw, 1200px\" \/><figcaption class=\"wp-element-caption\">Atrakcije na \u0161tandovima na svjetskom sajmu za arhitekturu, materijale i sisteme BAU 2025 \/ foto: Messe Munchen GmbH<\/figcaption><\/figure>\n<\/div>\n\n\n<h2 class=\"wp-block-heading\">O BAU-u<\/h2>\n\n\n\n<p><strong>BAU, vode\u0107i svjetski sajam za arhitekturu, materijale i sustave, najve\u0107i je i najva\u017eniji doga\u0111aj u industriji.<\/strong><\/p>\n\n\n\n<p>Jedinstven na svjetskoj razini, BAU okuplja tr\u017ei\u0161ne lidere iz industrije na ovoj vi\u0161etrgovinskoj izlo\u017ebi svake dvije godine i smatra se pokreta\u010dem inovacija te mre\u017eom industrije. Ponuda izlo\u017eaka razvrstana je prema gra\u0111evinskim materijalima, proizvodima i temama. Svi koji su uklju\u010deni u planiranje, gradnju i dizajniranje zgrada dolaze na BAU: arhitekti, planeri, investitori, predstavnici industrije i trgovine, obrtnici i mnogi drugi.<\/p>\n\n\n\n<p><strong>Kao jednu od svojih jedinstvenih prodajnih prednosti, BAU kombinira znanje iz svih sektora i zanata na visokom me\u0111unarodnom nivou. Brojni doga\u0111aji u prate\u0107em programu, uklju\u010duju\u0107i visokoprofilirane forume sa stru\u010dnjacima iz cijelog svijeta, upotpunjuju sajamski program.<\/strong><\/p>\n\n\n\n<h2 class=\"wp-block-heading\">Messe M\u00fcnchen<\/h2>\n\n\n\n<p><strong>Kao jedan od vode\u0107ih organizatora sajmova na svijetu, Messe M\u00fcnchen predstavlja svijet sutra\u0161njice na oko 90 me\u0111unarodnih sajmova.<\/strong> Me\u0111u njima je dvanaest vode\u0107ih svjetskih sajmova kao \u0161to su bauma, BAU, IFAT i electronica. Njegov portfelj obuhva\u0107a sajmove za kapitalnu i potro\u0161a\u010dku robu, kao i nove tehnologije. Zajedno sa svojim podru\u017enicama, organizira sajmove u Kini, Indiji, Brazilu, Ju\u017enoj Africi, Turskoj, Singapuru, Vijetnamu, Hong Kongu, Tajlandu i SAD-u.<\/p>\n\n\n\n<p><strong>Sa mre\u017eom od vi\u0161e od 15 povezanih tvrtki i gotovo 70 ureda \u0161irom svijeta, Messe M\u00fcnchen je aktivan u vi\u0161e od 130 zemalja. Vi\u0161e od 150 doga\u0111aja koji se godi\u0161nje odr\u017eavaju privla\u010di oko 50.000 izlaga\u010da i oko tri milijuna posjetitelja u Njema\u010dkoj i inozemstvu.<\/strong><\/p>\n\n\n\n<figure class=\"wp-block-image is-resized\"><img decoding=\"async\" src=\"https:\/\/www.grenef.com\/wp-content\/uploads\/2024\/11\/BAU-logo.jpg\" alt=\"BAU logo\" class=\"wp-image-27523\" style=\"width:138px;height:auto\" \/><\/figure>\n\n\n\n<p>13\u201317. januar 2025, Messe M\u00fcnchen, Nema\u010dka<\/p>\n\n\n\n<p><a href=\"http:\/\/www.bau-muenchen.com\/\" target=\"_blank\" rel=\"noreferrer noopener\">www.bau-muenchen.com<\/a><\/p>\n","protected":false},"excerpt":{"rendered":"<p>U vremenu velikih izazova i nesigurnosti u gra\u0111evinskoj industriji, BAU \u2013 vode\u0107i svjetski sajam za arhitekturu, materijale i sustave \u2013 predstavlja se kao svjetionik nade za industriju. Unato\u010d tome \u0161to je sajam bio skra\u0107en za jedan dan, vi\u0161e od 180.000 posjetitelja (2023: 190.000) posjetilo je potpuno popunjeni Sajamski centar u M\u00fcnchenu u periodu od 13. [&hellip;]<\/p>\n","protected":false},"author":124,"featured_media":8292,"comment_status":"closed","ping_status":"closed","sticky":false,"template":"","format":"standard","meta":{"_FSMCFIC_featured_image_caption":"","_FSMCFIC_featured_image_nocaption":"","_FSMCFIC_featured_image_hide":"","footnotes":""},"categories":[47],"tags":[423,944,1031,1029,71,752,1034],"class_list":["post-8289","post","type-post","status-publish","format-standard","has-post-thumbnail","hentry","category-novosti","tag-arhitektura","tag-bau-2025","tag-materijali","tag-munchen","tag-sajam","tag-sustavi","tag-svejtski-sajam"],"_links":{"self":[{"href":"https:\/\/www.prozorivrata.com\/hr\/wp-json\/wp\/v2\/posts\/8289","targetHints":{"allow":["GET"]}}],"collection":[{"href":"https:\/\/www.prozorivrata.com\/hr\/wp-json\/wp\/v2\/posts"}],"about":[{"href":"https:\/\/www.prozorivrata.com\/hr\/wp-json\/wp\/v2\/types\/post"}],"author":[{"embeddable":true,"href":"https:\/\/www.prozorivrata.com\/hr\/wp-json\/wp\/v2\/users\/124"}],"replies":[{"embeddable":true,"href":"https:\/\/www.prozorivrata.com\/hr\/wp-json\/wp\/v2\/comments?post=8289"}],"version-history":[{"count":2,"href":"https:\/\/www.prozorivrata.com\/hr\/wp-json\/wp\/v2\/posts\/8289\/revisions"}],"predecessor-version":[{"id":8296,"href":"https:\/\/www.prozorivrata.com\/hr\/wp-json\/wp\/v2\/posts\/8289\/revisions\/8296"}],"wp:featuredmedia":[{"embeddable":true,"href":"https:\/\/www.prozorivrata.com\/hr\/wp-json\/wp\/v2\/media\/8292"}],"wp:attachment":[{"href":"https:\/\/www.prozorivrata.com\/hr\/wp-json\/wp\/v2\/media?parent=8289"}],"wp:term":[{"taxonomy":"category","embeddable":true,"href":"https:\/\/www.prozorivrata.com\/hr\/wp-json\/wp\/v2\/categories?post=8289"},{"taxonomy":"post_tag","embeddable":true,"href":"https:\/\/www.prozorivrata.com\/hr\/wp-json\/wp\/v2\/tags?post=8289"}],"curies":[{"name":"wp","href":"https:\/\/api.w.org\/{rel}","templated":true}]}}