{"id":8034,"date":"2024-11-07T15:39:49","date_gmt":"2024-11-07T14:39:49","guid":{"rendered":"https:\/\/www.prozorivrata.com\/hr\/?p=8034"},"modified":"2024-11-07T15:39:53","modified_gmt":"2024-11-07T14:39:53","slug":"17-dani-pasivne-kuce-u-hrvatskoj","status":"publish","type":"post","link":"https:\/\/www.prozorivrata.com\/hr\/17-dani-pasivne-kuce-u-hrvatskoj\/","title":{"rendered":"17. Dani pasivne ku\u0107e u Hrvatskoj"},"content":{"rendered":"\n<p>Trodnevni me\u0111unarodni skup, u sklopu koga \u0107e biti odr\u017eana izlo\u017eba, \u0107e biti organizovan i ove godine kao 17. po redu. <\/p>\n\n\n\n<p><strong>17. Dani pasivne ku\u0107e \u0107e biti organizovani u periodu od 8. 11. do 10. 11. 2024. godine u Zagrebu. Sve zainteresovane o\u010dekuje dobro osmi\u0161ljen program i izvrsni predava\u010di.<\/strong><\/p>\n\n\n\n<p>Program je organizovan na hibridan na\u010din, <strong>na daljinu sa online predavanjima u petak 8. 11. i u subotu 9. 11. na Zoom platformi<\/strong> (uz prijavu do 100 sudionika) <strong>preko stranice Konzorcija pasivna ku\u0107a Hrvatska www.kpk.hr i u\u017eivo\/ onsite stru\u010dnim obilaskom zgrade A+ RCK Ru\u0111era Bo\u0161kovi\u0107a u Getaldi\u0107evoj ulici 4, u nedelju od 10:00 do 12:00 \u010dasova.<\/strong><\/p>\n\n\n\n<p>Pozivamo sve stru\u010dnjake, nastavnike, studente, u\u010denike, projektante, izvoditelje, proizvo\u0111a\u010de, izlaga\u010de, investitore, banke, predstavnike gradova, \u017eupanija, lokalne uprave, udruge i institucije, te sve zainteresovane gra\u0111ane za aktivno sudjelovanje, <strong>kako bi i 17. Dani pasivne ku\u0107e postigli visoku razinu razmjene i stjecanja novih znanja uz kolegijalno dru\u017eenje. Prijave za sudjelovanje i uklju\u010denje mo\u017eete izvr\u0161iti na <a href=\"http:\/\/www.kpk.hr\" target=\"_blank\" rel=\"noreferrer noopener\">www.kpk.hr<\/a><\/strong><\/p>\n\n\n\n<h2 class=\"wp-block-heading\">Izlo\u017eba<\/h2>\n\n\n\n<p><strong>Me\u0111unarodni natje\u010daj MICRO ECO HOUSE \/ MIKRO ECO KU\u0106A bio je proveden uz 6. Me\u0111unarodni kongres SUSTAINABLE ARCHITECTURE \u2013 ENERGY EFFICIENCY (SAEE) \/ ODR\u017dIVA ARHITEKTURA I ENERGETSKA U\u010cINKOVITOST, odr\u017eanog u periodu od 7. 10. do 9. 10. 2023. u Beogradu, u suorganizaciji Arhitektonskog fakulteta Sveu\u010dili\u0161ta u Zagrebu i drugih arhitektonskih fakulteta, institucija i stru\u010dnih organizacija iz regije.<\/strong><\/p>\n\n\n\n<p>Izlo\u017eba je bila postavljena pro\u0161le godine na privremenoj adresi AGG fakulteta i FSB (Ulica Grada Gospi\u0107a 1A, zgrada Tekstilprometa d.o.o.), ali zbog kratkog vremena postava, mnogi zainteresovani je nisu uspjeli vidjeti.<\/p>\n\n\n\n<p><strong>Zato \u0107e se izlo\u017eba ponovo postaviti i ove godine, ali samo na mjestu i u terminu stru\u010dnog obilaska zgrade Regionalnog centra kompetentnosti (RCK) Ru\u0111era Bo\u0161kovi\u0107a, u Getaldi\u0107evoj ulici 4 \u2013 u dvori\u0161tu (5 minuta hoda od AGG), u nedelju 10. 11. 2024. u periodu od 10:00 do 12:00 \u010dasova.<\/strong><\/p>\n\n\n\n<p>Od ponedeljka 11. 11. 2024. godine izlo\u017eba \u0107e biti ponovo postavljena na AGG i FSB fakultetu.<\/p>\n\n\n\n<h2 class=\"wp-block-heading\">Va\u017ena napomena:<\/h2>\n\n\n\n<p>Ove godine se u okviru programa zbog fizi\u010dkih razloga ne mo\u017ee organizirati ve\u0107 tradicionalne stru\u010dne obilaske. <strong>Ukoliko ste zainteresirani za obilazak izravno kontaktirajte:<\/strong><\/p>\n\n\n\n<ul class=\"wp-block-list\">\n<li>Sun\u010dani krov i tracker \u0160pansko, Zagreb, HSUSE, <a href=\"mailto:hsuse@hsuse.hr\" target=\"_blank\" rel=\"noreferrer noopener\">hsuse@hsuse.hr<\/a><\/li>\n\n\n\n<li>Pasivna obiteljska ku\u0107a &#8211; Multy comfort house in Zagreb, Red.prof.dr sc. Alenka Deli\u0107, dipl.ing.arh, SZAF, <a href=\"mailto:adelic@arhitekt.hr\" target=\"_blank\" rel=\"noreferrer noopener\">adelic@arhitekt.hr<\/a><\/li>\n<\/ul>\n\n\n\n<h2 class=\"wp-block-heading\">Knjiga Pasivna ku\u0107a<\/h2>\n\n\n\n<p>Ograni\u010den broj prijavljenih sudionika mo\u017ee naru\u010diti knjigu Pasivna ku\u0107a po prigodnoj cijeni od 30,00 \u20ac bez tro\u0161ka po\u0161tarine, uplatom izdava\u010du SUN ARH d.o.o., po ispostavljenom ra\u010dunu.<a href=\"http:\/\/www.sunarh.hr\" target=\"_blank\" rel=\"noreferrer noopener\"> www.sunarh.hr <\/a><a href=\"mailto:sunarh@sunarh.hr\" target=\"_blank\" rel=\"noreferrer noopener\">sunarh@sunarh.hr<\/a><\/p>\n\n\n\n<h2 class=\"wp-block-heading\">Najave za 2024. i 2025. godinu<\/h2>\n\n\n\n<p>15 &#8211; 16. 11. 2024 &#8211; <a href=\"https:\/\/www.daysoforis.com\/days-of-oris-2024-hr\" target=\"_blank\" rel=\"noreferrer noopener\">Dani Orisa 2024. <\/a><\/p>\n\n\n\n<p>22 &#8211; 23.11. 2024 &#8211; <a href=\"http:\/\/www.design-district.net\" target=\"_blank\" rel=\"noreferrer noopener\">DESIGN DISTRICT, Rovinj<\/a><\/p>\n\n\n\n<p>2024 &#8211; <a href=\"http:\/\/www.hgk.hr\" target=\"_blank\" rel=\"noreferrer noopener\">HGK Osijek<\/a> \u2013 edukacija za \u010dlanove \u017dupanijske komore Osijek<\/p>\n\n\n\n<p>Napredna energetska u\u010dinkovitost u graditeljstvu &#8211; od pasivne sun\u010dane do pasivne ku\u0107e A+, red.prof.art. Ljubomir Mi\u0161\u010devi\u0107<\/p>\n\n\n\n<p>Aktivnosti tematskih radnih skupina prema DEKLARACIJI O KLIMATSKOJ ARHITEKTURI &#8211; daljnje supotpisivanje Deklaracije i uklju\u010denje u skupine, <a href=\"http:\/\/www.kpk.hr\" target=\"_blank\" rel=\"noreferrer noopener\">www.kpk.hr<\/a><br><a href=\"https:\/\/architecture-student-contest.saint-gobain.com\" target=\"_blank\" rel=\"noreferrer noopener\">Saint-Gobain studentski natje\u010daj<\/a>, 2025.<\/p>\n\n\n\n<p>2025 &#8211; 8 SAEE (Sustainable Architecture and Energy Efficiency, EKOKULT, Beograd <a href=\"https:\/\/www.ekokucamagazin.com\" target=\"_blank\" rel=\"noreferrer noopener\">https:\/\/www.ekokucamagazin.com<\/a> <a href=\"mailto:kongres@ekokult.org\" target=\"_blank\" rel=\"noreferrer noopener\">kongres@ekokult.org<\/a><br>7 &#8211; 9. 11. 2025 &#8211; 18. Dani pasivne ku\u0107e u Hrvatskoj,<a href=\"http:\/\/www.kpk.hr\" target=\"_blank\" rel=\"noopener\"> www.kpk.hr<\/a>).<\/p>\n\n\n\n<figure class=\"wp-block-image size-full\"><img decoding=\"async\" src=\"https:\/\/www.grenef.hr\/wp-content\/uploads\/2023\/11\/Konzorcij-pasivne-kuce-Hrvatska-logo.jpg\" alt=\"Konzorcij pasivna ku\u0107a logo\" class=\"wp-image-650\" \/><\/figure>\n\n\n\n<p>Po\u0161aljite nam Va\u0161u prijavnicu kako bismo Vas uvrstili u adresar Konzorcija!<\/p>\n\n\n\n<p>Red. prof. art. <strong>Ljubomir Mi\u0161\u010devi\u0107<\/strong>, dipl. ing. arh.<br>UIA, UHA, DAZ, HKA, KPKHR, ISES, CERES<br>Ovla\u0161teni arhitekt i ovla\u0161teni arhitekt urbanist<br>Ovla\u0161ten za rad na za\u0161ti\u0107enom kulturnom dobru<br>Nacionalni ekspert za pristupa\u010dnost<br>Voditelj Konzorcija pasivna ku\u0107a Hrvatska<\/p>\n\n\n\n<figure class=\"wp-block-image size-full is-resized\"><img decoding=\"async\" src=\"https:\/\/www.grenef.hr\/wp-content\/uploads\/2023\/11\/Arhitektonski-fakultet-Zagreb-logo.jpg\" alt=\"Arhitektonski fakultet Zagreb logo\" class=\"wp-image-651\" style=\"width:auto;height:80px\" \/><\/figure>\n\n\n\n<p>Sveu\u010dili\u0161te u Zagrebu \/ University of Zagreb<br>Arhitektonski fakultet \/ Faculty of Architecture<br>Zavod za arhitekturu \/ Department for Architecture<\/p>\n\n\n\n<p>Ka\u010di\u0107eva 26, HR-10000 Zagreb, Croatia<br>T. +385 98 230940<\/p>\n\n\n\n<p><a href=\"mailto:info@kpk.hr\" target=\"_blank\" rel=\"noreferrer noopener\">info@kpk.hr<\/a><br><a href=\"mailto:miscevic@arhitekt.hr\" target=\"_blank\" rel=\"noreferrer noopener\">miscevic@arhitekt.hr<\/a><\/p>\n\n\n\n<p><a href=\"http:\/\/www.kpk.hr\" target=\"_blank\" data-type=\"link\" data-id=\"www.kpk.hr\" rel=\"noreferrer noopener\">www.kpk.hr<\/a><br><a href=\"http:\/\/www.arhitekt.hr\" target=\"_blank\" data-type=\"link\" data-id=\"www.arhitekt.hr\" rel=\"noreferrer noopener\">www.arhitekt.hr<\/a><\/p>\n","protected":false},"excerpt":{"rendered":"<p>Trodnevni me\u0111unarodni skup, u sklopu koga \u0107e biti odr\u017eana izlo\u017eba, \u0107e biti organizovan i ove godine kao 17. po redu. 17. Dani pasivne ku\u0107e \u0107e biti organizovani u periodu od 8. 11. do 10. 11. 2024. godine u Zagrebu. Sve zainteresovane o\u010dekuje dobro osmi\u0161ljen program i izvrsni predava\u010di. Program je organizovan na hibridan na\u010din, na [&hellip;]<\/p>\n","protected":false},"author":124,"featured_media":8035,"comment_status":"closed","ping_status":"closed","sticky":false,"template":"","format":"standard","meta":{"_FSMCFIC_featured_image_caption":"","_FSMCFIC_featured_image_nocaption":"","_FSMCFIC_featured_image_hide":"","footnotes":""},"categories":[47],"tags":[246,166,530,963,324,235],"class_list":["post-8034","post","type-post","status-publish","format-standard","has-post-thumbnail","hentry","category-novosti","tag-dani-pasivne-kuce","tag-hrvatska","tag-izlozba","tag-manifestacija","tag-predavanje","tag-zagreb"],"_links":{"self":[{"href":"https:\/\/www.prozorivrata.com\/hr\/wp-json\/wp\/v2\/posts\/8034","targetHints":{"allow":["GET"]}}],"collection":[{"href":"https:\/\/www.prozorivrata.com\/hr\/wp-json\/wp\/v2\/posts"}],"about":[{"href":"https:\/\/www.prozorivrata.com\/hr\/wp-json\/wp\/v2\/types\/post"}],"author":[{"embeddable":true,"href":"https:\/\/www.prozorivrata.com\/hr\/wp-json\/wp\/v2\/users\/124"}],"replies":[{"embeddable":true,"href":"https:\/\/www.prozorivrata.com\/hr\/wp-json\/wp\/v2\/comments?post=8034"}],"version-history":[{"count":1,"href":"https:\/\/www.prozorivrata.com\/hr\/wp-json\/wp\/v2\/posts\/8034\/revisions"}],"predecessor-version":[{"id":8036,"href":"https:\/\/www.prozorivrata.com\/hr\/wp-json\/wp\/v2\/posts\/8034\/revisions\/8036"}],"wp:featuredmedia":[{"embeddable":true,"href":"https:\/\/www.prozorivrata.com\/hr\/wp-json\/wp\/v2\/media\/8035"}],"wp:attachment":[{"href":"https:\/\/www.prozorivrata.com\/hr\/wp-json\/wp\/v2\/media?parent=8034"}],"wp:term":[{"taxonomy":"category","embeddable":true,"href":"https:\/\/www.prozorivrata.com\/hr\/wp-json\/wp\/v2\/categories?post=8034"},{"taxonomy":"post_tag","embeddable":true,"href":"https:\/\/www.prozorivrata.com\/hr\/wp-json\/wp\/v2\/tags?post=8034"}],"curies":[{"name":"wp","href":"https:\/\/api.w.org\/{rel}","templated":true}]}}