{"id":7999,"date":"2024-11-04T10:38:24","date_gmt":"2024-11-04T09:38:24","guid":{"rendered":"https:\/\/www.prozorivrata.com\/hr\/?p=7999"},"modified":"2024-11-04T11:43:32","modified_gmt":"2024-11-04T10:43:32","slug":"znanstvena-konferencija-isccgf-zagreb-2024","status":"publish","type":"post","link":"https:\/\/www.prozorivrata.com\/hr\/znanstvena-konferencija-isccgf-zagreb-2024\/","title":{"rendered":"Znanstvena konferencija ISCCGF \u2013 Zagreb 2024"},"content":{"rendered":"\n<p>Arhitektonski fakultet Sveu\u010dili\u0161ta u Zagrebu u suradnji s tvrtkom KFK, d.o.o. organizira znanstvenu konferenciju:<\/p>\n\n\n\n<p><strong>ISCCGF \u2013 Zagreb 2024 International Scientific Conference on Contemporary Glass Facades<\/strong><\/p>\n\n\n\n<p><strong>Hotel Pullman Zagreb, Buzinski kr\u010di 3A, Buzin, Zagreb, 21.11.2024. godine s po\u010detkom u 9 sati.<\/strong><\/p>\n\n\n\n<p><strong>Arhitektonski fakultet Sveu\u010dili\u0161ta u Zagrebu u suradnji s tvrtkom KFK, d.o.o. pripremaju znanstvenu konferenciju o suvremenim ostakljenim pro\u010deljima \u201eISCCGF \u2013 Zagreb 2024 International Scientific Conference on Contemporary Glass Facades\u201c.<\/strong><\/p>\n\n\n\n<p>Prva znanstvena konferenciju o suvremenim ostakljenim pro\u010deljima \u201eISCCGF \u2013 Zagreb 2023\u201c odr\u017eana je u sklopu projekta \u201eRazvoj dvostruke fasade s hermeti\u010dki zatvorenom \u0161upljinom (H-CCF)\u201c kojeg su proveli tvrtka KFK, d.o.o. u suradnji s Arhitektonskim fakultetom Sveu\u010dili\u0161ta u Zagrebu kao znanstvenim partnerom.<\/p>\n\n\n\n<p><strong>Odr\u017eavanjem ove konferencije, \u201eISCCGF \u2013 Zagreb 2024\u201c, Arhitektonski fakultet Sveu\u010dili\u0161ta u Zagrebu i tvrtka KFK, d.o.o. nastavljaju uspje\u0161nu suradnju znanstvene institucije i tvrtke iz gospodarskog sektora.<\/strong><\/p>\n\n\n\n<p>Me\u0111unarodna znanstvena konferencija \u201eISCCGF \u2013 Zagreb 2024\u201c fokusirat \u0107e se na \u0161irok spektar tema vezanih uz nove trendove ostakljenih pro\u010delja u arhitekturi. <strong>Cilj konferencije je okupiti stru\u010dnjake iz znanstvenog, istra\u017eiva\u010dkog i gospodarskog sektora u svrhu predstavljanja novosti iz svijeta graditeljstva, arhitekture, tehnologije, dizajna, konstrukcija, energetska u\u010dinkovitost i budu\u0107nosti ostakljenih pro\u010delja.<\/strong><\/p>\n\n\n\n<p>Arhitekti, in\u017eenjeri, dizajneri, gospodarstvenici i znanstvenici razmijeniti \u0107e iskustva i ideje u podru\u010dju tema konferencije.<\/p>\n\n\n\n<p>Sveu\u010dili\u0161te u Zagrebu Arhitektonski fakultet ba\u0161tini tradiciju Visoke tehni\u010dke \u0161kole vi\u0161e od stotinu godina, a kao samostalni fakultet od 1962. godine provodi edukaciju arhitekata u Republici Hrvatskoj. Fakultet ustrojava i izvodi sveu\u010dili\u0161ne studije, znanstveni, istra\u017eiva\u010dki, visokostru\u010dni i umjetni\u010dki rad u podru\u010dju arhitekture i urbanizma. U podru\u010dju tehni\u010dkih znanosti, polju arhitekture i urbanizma Arhitektonski fakultet obrazuje, istra\u017euje i radi znanstvene i stru\u010dne radove iz podru\u010dja arhitektonskog projektiranja, urbanisti\u010dkog planiranja, za\u0161tite graditeljskog naslije\u0111a, te arhitektonskih konstrukcija, fizike zgrade, materijala i tehnologija gra\u0111enja.<\/p>\n\n\n\n<p><strong>Dugi niz godina prepoznati je dionik u podru\u010dju edukacije za energetski visoko u\u010dinkovite i odr\u017eive zgrade.<\/strong><\/p>\n\n\n\n<p><strong>Teme ovog stru\u010dnog skupa su:<\/strong><\/p>\n\n\n\n<ul class=\"wp-block-list\">\n<li>projektiranje i analiza ostakljenih pro\u010delja,<\/li>\n\n\n\n<li>tehnologije i konstrukcije ostakljenih pro\u010delja,<\/li>\n\n\n\n<li>energetska u\u010dinkovitost i odr\u017eivost ostakljenih pro\u010delja,<\/li>\n\n\n\n<li>budu\u0107i trendovi i mogu\u0107nosti za ostakljena pro\u010delja.<\/li>\n<\/ul>\n\n\n\n<figure class=\"wp-block-gallery has-nested-images columns-default is-cropped wp-block-gallery-1 is-layout-flex wp-block-gallery-is-layout-flex\">\n<figure class=\"wp-block-image size-large\"><a href=\"https:\/\/www.prozorivrata.com\/hr\/wp-content\/uploads\/sites\/4\/2024\/11\/program-Znanstvene-konferencije-ISCCGF-\u2013-Zagreb-2024-1.jpg\"><img decoding=\"async\" width=\"923\" height=\"824\" data-id=\"8009\" src=\"https:\/\/www.prozorivrata.com\/hr\/wp-content\/uploads\/sites\/4\/2024\/11\/program-Znanstvene-konferencije-ISCCGF-\u2013-Zagreb-2024-1.jpg\" alt=\"Program znanstvene konferencije ISCCGF - Zagreb 2024\" class=\"wp-image-8009\" srcset=\"https:\/\/www.prozorivrata.com\/hr\/wp-content\/uploads\/sites\/4\/2024\/11\/program-Znanstvene-konferencije-ISCCGF-\u2013-Zagreb-2024-1.jpg 923w, https:\/\/www.prozorivrata.com\/hr\/wp-content\/uploads\/sites\/4\/2024\/11\/program-Znanstvene-konferencije-ISCCGF-\u2013-Zagreb-2024-1-300x268.jpg 300w, https:\/\/www.prozorivrata.com\/hr\/wp-content\/uploads\/sites\/4\/2024\/11\/program-Znanstvene-konferencije-ISCCGF-\u2013-Zagreb-2024-1-768x686.jpg 768w, https:\/\/www.prozorivrata.com\/hr\/wp-content\/uploads\/sites\/4\/2024\/11\/program-Znanstvene-konferencije-ISCCGF-\u2013-Zagreb-2024-1-750x670.jpg 750w\" sizes=\"(max-width: 923px) 100vw, 923px\" \/><\/a><figcaption class=\"wp-element-caption\">Program znanstvene konferencije ISCCGF &#8211; Zagreb 2024<\/figcaption><\/figure>\n\n\n\n<figure class=\"wp-block-image size-large\"><a href=\"https:\/\/www.prozorivrata.com\/hr\/wp-content\/uploads\/sites\/4\/2024\/11\/program-Znanstvene-konferencije-ISCCGF-\u2013-Zagreb-2024-drugi-deo-1.jpg\"><img decoding=\"async\" width=\"923\" height=\"824\" data-id=\"8007\" src=\"https:\/\/www.prozorivrata.com\/hr\/wp-content\/uploads\/sites\/4\/2024\/11\/program-Znanstvene-konferencije-ISCCGF-\u2013-Zagreb-2024-drugi-deo-1.jpg\" alt=\"Program znanstvene konferencije ISCCGF - Zagreb 2024\" class=\"wp-image-8007\" srcset=\"https:\/\/www.prozorivrata.com\/hr\/wp-content\/uploads\/sites\/4\/2024\/11\/program-Znanstvene-konferencije-ISCCGF-\u2013-Zagreb-2024-drugi-deo-1.jpg 923w, https:\/\/www.prozorivrata.com\/hr\/wp-content\/uploads\/sites\/4\/2024\/11\/program-Znanstvene-konferencije-ISCCGF-\u2013-Zagreb-2024-drugi-deo-1-300x268.jpg 300w, https:\/\/www.prozorivrata.com\/hr\/wp-content\/uploads\/sites\/4\/2024\/11\/program-Znanstvene-konferencije-ISCCGF-\u2013-Zagreb-2024-drugi-deo-1-768x686.jpg 768w, https:\/\/www.prozorivrata.com\/hr\/wp-content\/uploads\/sites\/4\/2024\/11\/program-Znanstvene-konferencije-ISCCGF-\u2013-Zagreb-2024-drugi-deo-1-750x670.jpg 750w\" sizes=\"(max-width: 923px) 100vw, 923px\" \/><\/a><figcaption class=\"wp-element-caption\">Program znanstvene konferencije ISCCGF &#8211; Zagreb 2024<\/figcaption><\/figure>\n<\/figure>\n\n\n\n<p>Vi\u0161e informacija o skupu nalazi se na <a href=\"https:\/\/www.arhitekt.hr\/hr\/aktualnosti\/konferencija-isccgf---zagreb-2024,1583.html\" target=\"_blank\" rel=\"noreferrer noopener\">stranici  Arhitektonskog fakulteta Sveu\u010dili\u0161ta u Zagrebu.<\/a><\/p>\n\n\n\n<p><strong>Voditelj aktivnosti:<\/strong> prof. dr sc. Zoran Ver\u0161i\u0107<\/p>\n\n\n\n<figure class=\"wp-block-image size-large is-resized\"><img decoding=\"async\" width=\"1024\" height=\"425\" src=\"https:\/\/www.prozorivrata.com\/hr\/wp-content\/uploads\/sites\/4\/2024\/11\/logo-ISCCGF-1024x425.jpg\" alt=\"Logo ISCCGF\" class=\"wp-image-8003\" style=\"width:147px;height:auto\" srcset=\"https:\/\/www.prozorivrata.com\/hr\/wp-content\/uploads\/sites\/4\/2024\/11\/logo-ISCCGF-1024x425.jpg 1024w, https:\/\/www.prozorivrata.com\/hr\/wp-content\/uploads\/sites\/4\/2024\/11\/logo-ISCCGF-300x125.jpg 300w, https:\/\/www.prozorivrata.com\/hr\/wp-content\/uploads\/sites\/4\/2024\/11\/logo-ISCCGF-768x319.jpg 768w, https:\/\/www.prozorivrata.com\/hr\/wp-content\/uploads\/sites\/4\/2024\/11\/logo-ISCCGF-750x311.jpg 750w, https:\/\/www.prozorivrata.com\/hr\/wp-content\/uploads\/sites\/4\/2024\/11\/logo-ISCCGF-1140x473.jpg 1140w, https:\/\/www.prozorivrata.com\/hr\/wp-content\/uploads\/sites\/4\/2024\/11\/logo-ISCCGF.jpg 1200w\" sizes=\"(max-width: 1024px) 100vw, 1024px\" \/><\/figure>\n\n\n\n<figure class=\"wp-block-image size-full is-resized\"><img decoding=\"async\" width=\"401\" height=\"132\" src=\"https:\/\/www.prozorivrata.com\/hr\/wp-content\/uploads\/sites\/4\/2021\/08\/Af-logo.jpg\" alt=\"Arhitektonski fakultet u Zagrebu\" class=\"wp-image-3518\" style=\"width:301px;height:99px\" srcset=\"https:\/\/www.prozorivrata.com\/hr\/wp-content\/uploads\/sites\/4\/2021\/08\/Af-logo.jpg 401w, https:\/\/www.prozorivrata.com\/hr\/wp-content\/uploads\/sites\/4\/2021\/08\/Af-logo-300x99.jpg 300w\" sizes=\"(max-width: 401px) 100vw, 401px\" \/><\/figure>\n\n\n\n<p><a href=\"http:\/\/www.arhitekt.hr\/\" target=\"_blank\" rel=\"noreferrer noopener\">www.arhitekt.hr<\/a><\/p>\n","protected":false},"excerpt":{"rendered":"<p>Arhitektonski fakultet Sveu\u010dili\u0161ta u Zagrebu u suradnji s tvrtkom KFK, d.o.o. organizira znanstvenu konferenciju: ISCCGF \u2013 Zagreb 2024 International Scientific Conference on Contemporary Glass Facades Hotel Pullman Zagreb, Buzinski kr\u010di 3A, Buzin, Zagreb, 21.11.2024. godine s po\u010detkom u 9 sati. Arhitektonski fakultet Sveu\u010dili\u0161ta u Zagrebu u suradnji s tvrtkom KFK, d.o.o. pripremaju znanstvenu konferenciju o [&hellip;]<\/p>\n","protected":false},"author":124,"featured_media":8005,"comment_status":"closed","ping_status":"closed","sticky":false,"template":"","format":"standard","meta":{"_FSMCFIC_featured_image_caption":"","_FSMCFIC_featured_image_nocaption":"","_FSMCFIC_featured_image_hide":"","footnotes":""},"categories":[47],"tags":[241,423,968,232,235],"class_list":["post-7999","post","type-post","status-publish","format-standard","has-post-thumbnail","hentry","category-novosti","tag-arhitektonski-fakultet","tag-arhitektura","tag-isccgf","tag-konferencija","tag-zagreb"],"_links":{"self":[{"href":"https:\/\/www.prozorivrata.com\/hr\/wp-json\/wp\/v2\/posts\/7999","targetHints":{"allow":["GET"]}}],"collection":[{"href":"https:\/\/www.prozorivrata.com\/hr\/wp-json\/wp\/v2\/posts"}],"about":[{"href":"https:\/\/www.prozorivrata.com\/hr\/wp-json\/wp\/v2\/types\/post"}],"author":[{"embeddable":true,"href":"https:\/\/www.prozorivrata.com\/hr\/wp-json\/wp\/v2\/users\/124"}],"replies":[{"embeddable":true,"href":"https:\/\/www.prozorivrata.com\/hr\/wp-json\/wp\/v2\/comments?post=7999"}],"version-history":[{"count":6,"href":"https:\/\/www.prozorivrata.com\/hr\/wp-json\/wp\/v2\/posts\/7999\/revisions"}],"predecessor-version":[{"id":8017,"href":"https:\/\/www.prozorivrata.com\/hr\/wp-json\/wp\/v2\/posts\/7999\/revisions\/8017"}],"wp:featuredmedia":[{"embeddable":true,"href":"https:\/\/www.prozorivrata.com\/hr\/wp-json\/wp\/v2\/media\/8005"}],"wp:attachment":[{"href":"https:\/\/www.prozorivrata.com\/hr\/wp-json\/wp\/v2\/media?parent=7999"}],"wp:term":[{"taxonomy":"category","embeddable":true,"href":"https:\/\/www.prozorivrata.com\/hr\/wp-json\/wp\/v2\/categories?post=7999"},{"taxonomy":"post_tag","embeddable":true,"href":"https:\/\/www.prozorivrata.com\/hr\/wp-json\/wp\/v2\/tags?post=7999"}],"curies":[{"name":"wp","href":"https:\/\/api.w.org\/{rel}","templated":true}]}}