{"id":7959,"date":"2024-10-29T12:10:39","date_gmt":"2024-10-29T11:10:39","guid":{"rendered":"https:\/\/www.prozorivrata.com\/hr\/?p=7959"},"modified":"2026-02-13T09:01:32","modified_gmt":"2026-02-13T08:01:32","slug":"zavrseni-su-51-ift-rosenheim-dani-prozora","status":"publish","type":"post","link":"https:\/\/www.prozorivrata.com\/hr\/zavrseni-su-51-ift-rosenheim-dani-prozora\/","title":{"rendered":"Zavr\u0161eni su 51. ift Rosenheim DANI PROZORA"},"content":{"rendered":"\n<p><em><strong>Trendovi u tehnologiji, standardizaciji, razvoju tr\u017ei\u0161ta, za\u0161titi klime i odr\u017eivosti u prozorima i fasadama<\/strong><\/em><\/p>\n\n\n\n<p>Tr\u017ei\u0161ne prilike koje nudi restrukturiranje gospodarstva prema ve\u0107oj odr\u017eivosti i otpornosti na klimatske promjene za industriju prozora i fasada, jasno su prikazane u mnogim prezentacijama. \u010cak i ako se to mo\u017ee \u010diniti optimisti\u010dnim s obzirom na gra\u0111evinsku krizu, potencijal le\u017ei u nu\u017enom rje\u0161enju nedostatka stambenog prostora i klimatskoj prilagodbi gra\u0111evinskog fonda. <strong>22 govornika predstavila su se 9. i 10. listopada je, a 700 sudionika u Rosenheimu je predstavilo rje\u0161enja za klimatski sigurne, odr\u017eive i visokokvalitetne gra\u0111evinske proizvode.<\/strong><\/p>\n\n\n\n<p>Marcel Dresse iz B+L-a tako\u0111er je pokazao da postoji blagi porast u strukturnoj obnovi. Sada je va\u017eno krenuti, a ne samo \u010dekati politiku i financiranje. V. d. ravnatelja instituta ift Rosenheim <strong>prof. dr Winfried Heusler je to ovako izrazio:<\/strong><\/p>\n\n\n\n<blockquote class=\"wp-block-quote is-layout-flow wp-block-quote-is-layout-flow\">\n<p> \u201eUtjecaj taksonomije i Uredbe o ekolo\u0161kom dizajnu za ve\u0107u odr\u017eivost i energetsku u\u010dinkovitost postaje sve u\u010dinkovitiji i na\u0161a industrija ima rje\u0161enja. Sada krizu u gra\u0111evinarstvu treba iskoristiti za razvoj odgovaraju\u0107ih gra\u0111evinskih proizvoda i obuku zaposlenika kako bi bili spremni za nadolaze\u0107e restrukturiranje gra\u0111evinskog sektora.&#8221;<\/p>\n<\/blockquote>\n\n\n\n<p><strong>Prof. dr Heusler sebe voli opisati kao &#8220;nepopravljivog optimista&#8221;.<\/strong> Zato je iskusno i utemeljeno pokazao koje \u0107e relevantne promjene i trendovi odrediti bli\u017eu i srednju budu\u0107nost industrije prozora i fasada te kako se mogu iskoristiti prilike koje se u njoj pru\u017eaju. Pru\u017eio je konkretne informacije o tome kako se postoje\u0107i i nadolaze\u0107i zakoni (Europski zakon o klimi, Uredba o taksonomiji, Akcijski plan novog kru\u017enog gospodarstva (CEAP-2), Uredba o gra\u0111evinskim proizvodima, Direktiva EU-a o osna\u017eivanju potro\u0161a\u010da za zelenu tranziciju (ECGT), Direktiva o ekolo\u0161kim zahtjevima ( GCD ), Uredba o ekolo\u0161kom dizajnu itd.) utjecat \u0107e na industriju prozora i fasada. Industrija \u0107e se stoga morati vi\u0161e usredoto\u010diti na odr\u017eivu proizvodnju, funkcionalno recikliranje, koncepte odr\u017eavanja i popravka kao i na transparentnu dokumentaciju i vjerodostojne dokaze, na primjer kroz procjenu \u017eivotnog ciklusa ili ekolo\u0161ku deklaraciju proizvoda (EPD).<\/p>\n\n\n<div class=\"wp-block-image\">\n<figure class=\"aligncenter size-full\"><img decoding=\"async\" width=\"1200\" height=\"900\" src=\"https:\/\/www.prozorivrata.com\/hr\/wp-content\/uploads\/sites\/4\/2024\/10\/Dobra-atmosfera-pocinje-sa-prijateljski-raspolozenim-ljudima-na-prijemu-izvor-ift-Rosenheim.jpg\" alt=\"Dobra atmosfera po\u010dinje sa prijateljski raspolo\u017eenim ljudima na prijemu \/ foto: ift Rosenheim\" class=\"wp-image-7967\" srcset=\"https:\/\/www.prozorivrata.com\/hr\/wp-content\/uploads\/sites\/4\/2024\/10\/Dobra-atmosfera-pocinje-sa-prijateljski-raspolozenim-ljudima-na-prijemu-izvor-ift-Rosenheim.jpg 1200w, https:\/\/www.prozorivrata.com\/hr\/wp-content\/uploads\/sites\/4\/2024\/10\/Dobra-atmosfera-pocinje-sa-prijateljski-raspolozenim-ljudima-na-prijemu-izvor-ift-Rosenheim-300x225.jpg 300w, https:\/\/www.prozorivrata.com\/hr\/wp-content\/uploads\/sites\/4\/2024\/10\/Dobra-atmosfera-pocinje-sa-prijateljski-raspolozenim-ljudima-na-prijemu-izvor-ift-Rosenheim-1024x768.jpg 1024w, https:\/\/www.prozorivrata.com\/hr\/wp-content\/uploads\/sites\/4\/2024\/10\/Dobra-atmosfera-pocinje-sa-prijateljski-raspolozenim-ljudima-na-prijemu-izvor-ift-Rosenheim-768x576.jpg 768w, https:\/\/www.prozorivrata.com\/hr\/wp-content\/uploads\/sites\/4\/2024\/10\/Dobra-atmosfera-pocinje-sa-prijateljski-raspolozenim-ljudima-na-prijemu-izvor-ift-Rosenheim-750x563.jpg 750w, https:\/\/www.prozorivrata.com\/hr\/wp-content\/uploads\/sites\/4\/2024\/10\/Dobra-atmosfera-pocinje-sa-prijateljski-raspolozenim-ljudima-na-prijemu-izvor-ift-Rosenheim-1140x855.jpg 1140w\" sizes=\"(max-width: 1200px) 100vw, 1200px\" \/><figcaption class=\"wp-element-caption\">Dobra atmosfera po\u010dinje sa prijateljski raspolo\u017eenim ljudima na prijemu \/ foto: ift Rosenheim<\/figcaption><\/figure>\n<\/div>\n\n\n<p><strong>S obzirom na sve ve\u0107u raspravu u politici i dru\u0161tvu o kru\u017enim ekonomskim ciklusima, prof. dr Heusler nagla\u0161ava posebnu prirodu dugotrajnih gra\u0111evinskih proizvoda. <\/strong>Za razliku od kratkotrajnih potro\u0161a\u010dkih proizvoda, fokus gra\u0111evinskih proizvoda mora biti na pobolj\u0161anju \u017eivotnog vijeka kroz odr\u017eavanje i popravak, kao i jednostavnu zamjenu. Djelomi\u010dna modernizacija fasada zamjenom i nadogradnjom pojedinih komponenti (prozori, okovi, stakla i sl.) stoga je razumna mjera, a mo\u017ee biti i unosno tr\u017ei\u0161te. Procjena i dokaz ovih razli\u010ditih aspekata mogu\u0107i su kroz jamstvenu marku EU \u201cklima.sigurnost.gradnja\u201d, koju je razvio ift Rosenheim za industriju kako bi za\u0161titio proizvo\u0111a\u010de od rizika odgovornosti i kako bi graditeljima i projektantima pru\u017eio transparentne i vjerodostojne informacije o otpornosti na klimatske promjene i osigurati odr\u017eivost.<\/p>\n\n\n\n<p><strong>Jo\u0161 jedan fokus bilo je opse\u017eno obja\u0161njenje razli\u010ditih aspekata &#8220;otpornosti na klimu&#8221;, gdje je predstavio niz mogu\u0107ih rje\u0161enja za suo\u010davanje s poreme\u0107ajima i njihovim posljedicama.<\/strong> To uklju\u010duje pobolj\u0161anje robusnosti i redundancije kao i sposobnost razmjene, prilagodbe, transformacije i prilagodbe gra\u0111evinskih proizvoda posljedicama klimatskih promjena. Ovo stvara veliko &#8220;polje za igru&#8221; za razvoj inovativnih proizvoda i usluga. Digitalizacija je va\u017ean alat koji bi proizvo\u0111a\u010di trebali koristiti, primjerice pohranjivanjem podataka o karakteristikama proizvoda, uvjetima jamstva, uputama za monta\u017eu, odr\u017eavanje i njegu. Senzori mogu bilje\u017eiti informacije o kori\u0161tenju i tako omogu\u0107iti izradu po mjeri.<\/p>\n\n\n<div class=\"wp-block-image\">\n<figure class=\"aligncenter size-full\"><img decoding=\"async\" width=\"1200\" height=\"800\" src=\"https:\/\/www.prozorivrata.com\/hr\/wp-content\/uploads\/sites\/4\/2024\/10\/Prof.-dr-Norbert-Gebbeken-informise-o-prevenciji-katastrofa-kao-centralnoj-zadatku-za-gradevinsku-zastitu-od-poplava-jakih-padavina-i-vrucine-izvor-ift-Rosenheim.jpg\" alt=\"Prof. dr Norbert Gebbeken (Univerzitet Bundeswehr u Minhenu) informi\u0161e o prevenciji katastrofa kao centralnom zadatku za gra\u0111evinsku za\u0161titu od poplava, jakih padavina i vru\u0107ine \/ foto: ift Rosenheim\" class=\"wp-image-7964\" srcset=\"https:\/\/www.prozorivrata.com\/hr\/wp-content\/uploads\/sites\/4\/2024\/10\/Prof.-dr-Norbert-Gebbeken-informise-o-prevenciji-katastrofa-kao-centralnoj-zadatku-za-gradevinsku-zastitu-od-poplava-jakih-padavina-i-vrucine-izvor-ift-Rosenheim.jpg 1200w, https:\/\/www.prozorivrata.com\/hr\/wp-content\/uploads\/sites\/4\/2024\/10\/Prof.-dr-Norbert-Gebbeken-informise-o-prevenciji-katastrofa-kao-centralnoj-zadatku-za-gradevinsku-zastitu-od-poplava-jakih-padavina-i-vrucine-izvor-ift-Rosenheim-300x200.jpg 300w, https:\/\/www.prozorivrata.com\/hr\/wp-content\/uploads\/sites\/4\/2024\/10\/Prof.-dr-Norbert-Gebbeken-informise-o-prevenciji-katastrofa-kao-centralnoj-zadatku-za-gradevinsku-zastitu-od-poplava-jakih-padavina-i-vrucine-izvor-ift-Rosenheim-1024x683.jpg 1024w, https:\/\/www.prozorivrata.com\/hr\/wp-content\/uploads\/sites\/4\/2024\/10\/Prof.-dr-Norbert-Gebbeken-informise-o-prevenciji-katastrofa-kao-centralnoj-zadatku-za-gradevinsku-zastitu-od-poplava-jakih-padavina-i-vrucine-izvor-ift-Rosenheim-768x512.jpg 768w, https:\/\/www.prozorivrata.com\/hr\/wp-content\/uploads\/sites\/4\/2024\/10\/Prof.-dr-Norbert-Gebbeken-informise-o-prevenciji-katastrofa-kao-centralnoj-zadatku-za-gradevinsku-zastitu-od-poplava-jakih-padavina-i-vrucine-izvor-ift-Rosenheim-750x500.jpg 750w, https:\/\/www.prozorivrata.com\/hr\/wp-content\/uploads\/sites\/4\/2024\/10\/Prof.-dr-Norbert-Gebbeken-informise-o-prevenciji-katastrofa-kao-centralnoj-zadatku-za-gradevinsku-zastitu-od-poplava-jakih-padavina-i-vrucine-izvor-ift-Rosenheim-1140x760.jpg 1140w\" sizes=\"(max-width: 1200px) 100vw, 1200px\" \/><figcaption class=\"wp-element-caption\">Prof. dr Norbert Gebbeken (Univerzitet Bundeswehr u Minhenu) informi\u0161e o prevenciji katastrofa kao centralnom zadatku za gra\u0111evinsku za\u0161titu od poplava, jakih padavina i vru\u0107ine \/ foto: ift Rosenheim<\/figcaption><\/figure>\n<\/div>\n\n\n<p><strong>Servisni i revizijski radovi koji pobolj\u0161avaju trajnost u interesu odr\u017eivosti i za dobrobit vlasnika zgrada.<\/strong> <\/p>\n\n\n\n<p><strong>Sljede\u0107i govornik bio je prof. dr Norbert Gebbeken (Sveu\u010dili\u0161te Bundeswehra) koji je rekao da je prevencija katastrofa sredi\u0161nji zadatak gra\u0111evinske industrije i industrije nekretnina. <\/strong>Izvijestio je o holisti\u010dkom radu istra\u017eiva\u010dkog centra \u201cRizik, infrastruktura, sigurnost i sukobi\u201d (RISK) u kojem renomirani stru\u010dnjaci iz gra\u0111evinarstva, ekonomije, dru\u0161tvenih znanosti, politi\u010dkih i humanisti\u010dkih znanosti te informatike i zrakoplovstva ispituju posljedice , komunikacije i upravljanje istra\u017eivanjem katastrofa.<strong> Na posljedice prirodnih katastrofa, koje su sve ve\u0107e zbog klimatskih promjena, sna\u017eno utje\u010du mjere predostro\u017enosti i dru\u0161tveno upravljanje.<\/strong><\/p>\n\n\n\n<p>Detaljno je obradio pojam sigurnosti, pri \u010demu su tako\u0111er relevantni u\u010destalost i tro\u0161kovi \u0161tete te dru\u0161tvena percepcija. Sigurnost se odnosi na stanje koje je slobodno od neprihvatljivih rizika ili se smatra slobodnim od opasnosti (\u201enije ugro\u017eeno\u201c). Rizik kao mjera veli\u010dine opasnosti definiran je kao rezultat u\u010destalosti (vjerojatnosti pojavljivanja) pomno\u017eene s tro\u0161kovima (veli\u010dina \u0161tete, materijalni tro\u0161kovi, nematerijalni tro\u0161kovi).<strong> Sredi\u0161nji problem prof. dr Gebbeken opisuje kao fenomen paradoksa prevencije ili \u201cdemencije katastrofe\u201d, koja opisuje brzo suzbijanje katastrofa i onemogu\u0107uje ulaganje u razumne preventivne mjere (\u201cNema slave u prevenciji\u201d).<\/strong><\/p>\n\n\n\n<p> Zato su mediji i svi uklju\u010deni pozvani ne samo kratkoro\u010dno izvje\u0161tavati o patnjama i tro\u0161kovima katastrofe, ve\u0107 i pokazati kako su preventivne mjere konkretno za\u0161titile od posljedica i sprije\u010dile da se dogode gore stvari &#8211; u skladu s \u201cAWA\u201d principom (evade, resist and\u2026 Adjust). U drugom dijelu predavanja prof. dr Gebekken je detaljno opisao urbanisti\u010dke mjere opreza i za\u0161tite od poplava, oluja i tornada i preporu\u010dio besplatne informacije Saveznog ureda za civilnu za\u0161titu i pomo\u0107 u katastrofama (BBK), koje se mogu koristiti za informiranje graditelja i planera (www.bbk.bund.de). J\u00fcrgen Benitz-Wildenburg (ift) zatim je detaljnije objasnio kako jaka ki\u0161a, vjetar i tu\u010da konkretno utje\u010du na prozore, fasade i vrata.<\/p>\n\n\n<div class=\"wp-block-image\">\n<figure class=\"aligncenter size-full\"><img decoding=\"async\" width=\"1200\" height=\"901\" src=\"https:\/\/www.prozorivrata.com\/hr\/wp-content\/uploads\/sites\/4\/2024\/10\/Vrhunski-tim-ift-Rosenheim-informise-strucnu-javnost-o-planiranim-istrazivackim-projektima-za-2025.-godinu-i-novostima-iz-oblasti-standardizacije-ispitivanja-i-sertifikacije.jpg\" alt=\"Vrhunski tim ift Rosenheim informi\u0161e stru\u010dnu javnost o planiranim istra\u017eiva\u010dkim projektima za 2025. godinu i novostima iz oblasti standardizacije, ispitivanja i sertifikacije (s leva na desno: J\u00fcrgen Benitz-Wildenburg (portparol), Andreas Woest (rukovodilac za standardizaciju), dr Jochen Peichl (izvr\u0161ni direktor), Oskar Anders (predsednik uprave), Prof. dr Winfried Heusler (vr\u0161ilac du\u017enosti direktora instituta) \/ foto: ift Rosenheim\" class=\"wp-image-7965\" srcset=\"https:\/\/www.prozorivrata.com\/hr\/wp-content\/uploads\/sites\/4\/2024\/10\/Vrhunski-tim-ift-Rosenheim-informise-strucnu-javnost-o-planiranim-istrazivackim-projektima-za-2025.-godinu-i-novostima-iz-oblasti-standardizacije-ispitivanja-i-sertifikacije.jpg 1200w, https:\/\/www.prozorivrata.com\/hr\/wp-content\/uploads\/sites\/4\/2024\/10\/Vrhunski-tim-ift-Rosenheim-informise-strucnu-javnost-o-planiranim-istrazivackim-projektima-za-2025.-godinu-i-novostima-iz-oblasti-standardizacije-ispitivanja-i-sertifikacije-300x225.jpg 300w, https:\/\/www.prozorivrata.com\/hr\/wp-content\/uploads\/sites\/4\/2024\/10\/Vrhunski-tim-ift-Rosenheim-informise-strucnu-javnost-o-planiranim-istrazivackim-projektima-za-2025.-godinu-i-novostima-iz-oblasti-standardizacije-ispitivanja-i-sertifikacije-1024x769.jpg 1024w, https:\/\/www.prozorivrata.com\/hr\/wp-content\/uploads\/sites\/4\/2024\/10\/Vrhunski-tim-ift-Rosenheim-informise-strucnu-javnost-o-planiranim-istrazivackim-projektima-za-2025.-godinu-i-novostima-iz-oblasti-standardizacije-ispitivanja-i-sertifikacije-768x577.jpg 768w, https:\/\/www.prozorivrata.com\/hr\/wp-content\/uploads\/sites\/4\/2024\/10\/Vrhunski-tim-ift-Rosenheim-informise-strucnu-javnost-o-planiranim-istrazivackim-projektima-za-2025.-godinu-i-novostima-iz-oblasti-standardizacije-ispitivanja-i-sertifikacije-750x563.jpg 750w, https:\/\/www.prozorivrata.com\/hr\/wp-content\/uploads\/sites\/4\/2024\/10\/Vrhunski-tim-ift-Rosenheim-informise-strucnu-javnost-o-planiranim-istrazivackim-projektima-za-2025.-godinu-i-novostima-iz-oblasti-standardizacije-ispitivanja-i-sertifikacije-1140x856.jpg 1140w\" sizes=\"(max-width: 1200px) 100vw, 1200px\" \/><figcaption class=\"wp-element-caption\">Vrhunski tim ift Rosenheim informi\u0161e stru\u010dnu javnost o planiranim istra\u017eiva\u010dkim projektima za 2025. godinu i novostima iz oblasti standardizacije, ispitivanja i sertifikacije (s leva na desno: J\u00fcrgen Benitz-Wildenburg (portparol), Andreas Woest (rukovodilac za standardizaciju), dr Jochen Peichl (izvr\u0161ni direktor), Oskar Anders (predsednik uprave), Prof. dr Winfried Heusler (vr\u0161ilac du\u017enosti direktora instituta) \/ foto: ift Rosenheim<\/figcaption><\/figure>\n<\/div>\n\n\n<p><strong>Marcel Dresse (B+L Marktdaten) izvijestio je, na temelju trenutnih studija, da \u0107e se broj novih zgrada tako\u0111er smanjiti 2024. i 2025, ali da \u0107e do\u0107i do blagog pove\u0107anja obnova 2024, \u0161to bi se tako\u0111er trebalo nastaviti u 2025.<\/strong> Aktualna istra\u017eivanja tako\u0111er pokazuju da je klimatski sigurna i odr\u017eiva gradnja postala va\u017ena za graditelje, projektante i izvo\u0111a\u010de. Predstavnici stambene industrije rekli su da je klimatska sigurnost ve\u0107 relevantna u 73% svih projekata. Iznena\u0111uju\u0107e, fokus je na prvom mjestu na pregrijavanju, zatim na zdravlju u zatvorenom prostoru, trajnosti, energetskoj u\u010dinkovitosti i za\u0161titi od poplava gra\u0111evinskih proizvoda &#8211; sve teme koje tako\u0111er ocjenjuje ift oznaka &#8220;klima.sigurnist.gradnja&#8221;.<strong> Stru\u010dnjak za odr\u017eivost Christoph Seehauser (ift) zatim je detaljno opisao ovu oznaku. <\/strong><\/p>\n\n\n<div class=\"wp-block-image\">\n<figure class=\"aligncenter size-full\"><img decoding=\"async\" width=\"800\" height=\"1200\" src=\"https:\/\/www.prozorivrata.com\/hr\/wp-content\/uploads\/sites\/4\/2024\/10\/Marcel-Dresse-oslikava-izglede-na-trzistu-trendove-i-prognoze-u-vezi-sa-odrzivoscu-i-klimatskom-bezbednoscu-izvor-ift-Rosenheim.jpg\" alt=\"Marcel Dresse (B+L Marktdaten) oslikava izglede na tr\u017ei\u0161tu, trendove i prognoze u vezi sa odr\u017eivo\u0161\u0107u i klimatskom bezbedno\u0161\u0107u \/ foto: ift Rosenheim\" class=\"wp-image-7960\" srcset=\"https:\/\/www.prozorivrata.com\/hr\/wp-content\/uploads\/sites\/4\/2024\/10\/Marcel-Dresse-oslikava-izglede-na-trzistu-trendove-i-prognoze-u-vezi-sa-odrzivoscu-i-klimatskom-bezbednoscu-izvor-ift-Rosenheim.jpg 800w, https:\/\/www.prozorivrata.com\/hr\/wp-content\/uploads\/sites\/4\/2024\/10\/Marcel-Dresse-oslikava-izglede-na-trzistu-trendove-i-prognoze-u-vezi-sa-odrzivoscu-i-klimatskom-bezbednoscu-izvor-ift-Rosenheim-200x300.jpg 200w, https:\/\/www.prozorivrata.com\/hr\/wp-content\/uploads\/sites\/4\/2024\/10\/Marcel-Dresse-oslikava-izglede-na-trzistu-trendove-i-prognoze-u-vezi-sa-odrzivoscu-i-klimatskom-bezbednoscu-izvor-ift-Rosenheim-683x1024.jpg 683w, https:\/\/www.prozorivrata.com\/hr\/wp-content\/uploads\/sites\/4\/2024\/10\/Marcel-Dresse-oslikava-izglede-na-trzistu-trendove-i-prognoze-u-vezi-sa-odrzivoscu-i-klimatskom-bezbednoscu-izvor-ift-Rosenheim-768x1152.jpg 768w, https:\/\/www.prozorivrata.com\/hr\/wp-content\/uploads\/sites\/4\/2024\/10\/Marcel-Dresse-oslikava-izglede-na-trzistu-trendove-i-prognoze-u-vezi-sa-odrzivoscu-i-klimatskom-bezbednoscu-izvor-ift-Rosenheim-750x1125.jpg 750w\" sizes=\"(max-width: 800px) 100vw, 800px\" \/><figcaption class=\"wp-element-caption\">Marcel Dresse (B+L Marktdaten) oslikava izglede na tr\u017ei\u0161tu, trendove i prognoze u vezi sa odr\u017eivo\u0161\u0107u i klimatskom bezbedno\u0161\u0107u \/ foto: ift Rosenheim<\/figcaption><\/figure>\n<\/div>\n\n\n<p><strong>Krajem srijede, poslovni psiholog Mark T. Hofmann (Crime &amp; Intelligence Analyst) pru\u017eio je vrlo uzbudljiv uvid u tehni\u010dke i psiholo\u0161ke trikove kiberneti\u010dkog kriminala. I ovdje je prisutan fenomen \u201cdemencije katastrofe\u201d koji dovodi do toga da tvrtke zanemaruju mjere opreza. <\/strong>Ovo posebno utje\u010de na ljudski faktor rizika, jer prema Hofmannu, preko 90% uspje\u0161nih napada na IT sustave doga\u0111a se kroz \u201cljudsku\u201d ranjivost, a ne kroz nesigurnu IT infrastrukturu. Predavanje je jasno ilustriralo kako se tvrtka mo\u017ee bolje za\u0161tititi \u201eljudskim vatrozidom\u201c. Poznavanje i obra\u0107anje pozornosti na sljede\u0107e aspekte vrlo je korisno:<\/p>\n\n\n\n<ul class=\"wp-block-list\">\n<li>90% napada doga\u0111a se na ljude putem phishing e-po\u0161te, USB stickova koji le\u017ee okolo, telefonskih poziva, ukradenih lozinki, infiltriranih ili \u0161pijuniranih zaposlenika.<\/li>\n\n\n\n<li>Hakeri procjenjuju \u0161tetu od oko 206 milijardi eura u Njema\u010dkoj i oko 10,5 trilijuna dolara u cijelom svijetu.<\/li>\n\n\n\n<li>Cijeli raspon emocija koristi se profesionalno za \u0161pijuniranje podataka o tvrtki ili lozinki zaposlenika (uklju\u010duju\u0107i dobavlja\u010de). To uklju\u010duje pove\u0107anje vremenskog pritiska i hitnosti, strah, stavljanje pritiska na ljude, laskanje i jo\u0161 mnogo toga.<\/li>\n\n\n\n<li>Pomo\u0107u umjetne inteligencije sve se \u010de\u0161\u0107e koriste deep fakeovi u kojima se video ili telefonski pozivi sve savr\u0161enije opona\u0161aju, a glas \u201c\u0161efa\u201d koji izdaje nalog za transfer zvu\u010di varljivo stvarno. Stoga je va\u017eno ne otkrivati nikakve detalje ili financijske aktivnosti bez da ste se osigurali autorizacijom s dva faktora, internom kodnom rije\u010di ili povratnim pozivom na to\u010dan telefonski broj.<\/li>\n\n\n\n<li>Niti jedna tvrtka nije sigurna ili neva\u017ena za hakere, posebno napadi ransomwarea je unosan poslovni model koji se vrti oko prihoda. A to je mogu\u0107e prema svakoj tvrtki.<\/li>\n\n\n\n<li>\u010cak su i mala poduze\u0107a napadnuta ako je napad lak. Otkupnine su raspore\u0111ene prema veli\u010dini tvrtke i iznose pribli\u017eno 10-20% dobiti tvrtke ili 5% vrijednosti tvrtke.<\/li>\n\n\n\n<li>Hakeri se pona\u0161aju kao tvrtke srednje veli\u010dine s vlastitim odjelima za upravljanje kvalitetom, istra\u017eivanje i razvoj, financije, pa \u010dak i odjelom za korisni\u010dku podr\u0161ku koji napadanim tvrtkama obja\u0161njava kako se IT operacije mogu vratiti na pravi put ili kako funkcionira Bitcoin pla\u0107anje.<\/li>\n<\/ul>\n\n\n\n<p><strong>Mark T. Hoffman stoga je pozvao zaposlenike da neprestano podi\u017eu svijest o opasnostima i da redovito simuliraju i vje\u017ebaju kiberneti\u010dke napade kako bi izgradili u\u010dinkovit vatrozid za IT i radnu snagu.<\/strong><\/p>\n\n\n<div class=\"wp-block-image\">\n<figure class=\"aligncenter size-full\"><img decoding=\"async\" width=\"1200\" height=\"800\" src=\"https:\/\/www.prozorivrata.com\/hr\/wp-content\/uploads\/sites\/4\/2024\/10\/Mark-T.-Hofmann-odusevljava-ucesnike-svojim-predavanjem-izvor-ift-Rosenheim.jpg\" alt=\"Mark T. Hofmann (analiti\u010dar za kriminal i obave\u0161tajnu delatnost) odu\u0161evljava u\u010desnike svojim predavanjem \u201ePsihologija sajber kriminala: Kako mo\u017eemo postati 'ljudski vatrozid'\u201c \/ foto: ift Rosenheim\" class=\"wp-image-7961\" srcset=\"https:\/\/www.prozorivrata.com\/hr\/wp-content\/uploads\/sites\/4\/2024\/10\/Mark-T.-Hofmann-odusevljava-ucesnike-svojim-predavanjem-izvor-ift-Rosenheim.jpg 1200w, https:\/\/www.prozorivrata.com\/hr\/wp-content\/uploads\/sites\/4\/2024\/10\/Mark-T.-Hofmann-odusevljava-ucesnike-svojim-predavanjem-izvor-ift-Rosenheim-300x200.jpg 300w, https:\/\/www.prozorivrata.com\/hr\/wp-content\/uploads\/sites\/4\/2024\/10\/Mark-T.-Hofmann-odusevljava-ucesnike-svojim-predavanjem-izvor-ift-Rosenheim-1024x683.jpg 1024w, https:\/\/www.prozorivrata.com\/hr\/wp-content\/uploads\/sites\/4\/2024\/10\/Mark-T.-Hofmann-odusevljava-ucesnike-svojim-predavanjem-izvor-ift-Rosenheim-768x512.jpg 768w, https:\/\/www.prozorivrata.com\/hr\/wp-content\/uploads\/sites\/4\/2024\/10\/Mark-T.-Hofmann-odusevljava-ucesnike-svojim-predavanjem-izvor-ift-Rosenheim-750x500.jpg 750w, https:\/\/www.prozorivrata.com\/hr\/wp-content\/uploads\/sites\/4\/2024\/10\/Mark-T.-Hofmann-odusevljava-ucesnike-svojim-predavanjem-izvor-ift-Rosenheim-1140x760.jpg 1140w\" sizes=\"(max-width: 1200px) 100vw, 1200px\" \/><figcaption class=\"wp-element-caption\">Mark T. Hofmann (analiti\u010dar za kriminal i obave\u0161tajnu delatnost) odu\u0161evljava u\u010desnike svojim predavanjem \u201ePsihologija sajber kriminala: Kako mo\u017eemo postati &#8216;ljudski vatrozid&#8217;\u201c \/ foto: ift Rosenheim<\/figcaption><\/figure>\n<\/div>\n\n\n<p><strong>\u010cetvrto plenarno predavanje bio je uzbudljiv \u201cspor\u201d izme\u0111u prava i in\u017eenjerstva, a odr\u017eali su ga prof. Christian Niem\u00f6ller (SMNG Rechtsanwaltsgesellschaft) i prof. Winfried Heusler (ift). Fokus je bio na tehni\u010dkim i pravnim aspektima \u201egradnje u postoje\u0107im zgradama\u201c.<\/strong> Obojica su se slo\u017eili oko velikog potencijala energetske modernizacije postoje\u0107ih zgrada. Dok je prof. Heusler opisao postoje\u0107e tehni\u010dke mogu\u0107nosti obnove, prof. Niem\u00f6ller je tako\u0111er upozorio da treba ispitati ekonomsku isplativost obnove prozora. S tim u vezi citirao je presudu Vi\u0161eg zemaljskog suda u Celleu ili BGH (15. lipnja 2017, 5 U 92\/16; BGH, odluka od 11. o\u017eujka 2020, VII ZR 167\/17), u kojoj je sud utvrdio da Povreda je obveze ako projektant naru\u010ditelju savjetuje obnovu, iako tro\u0161kovi obnove nisu u razumnom omjeru s preostalim razdobljem kori\u0161tenja ili u usporedbi s tro\u0161kovima nove zgrade. Stoga arhitekt kojemu je naru\u010dena pregradnja postoje\u0107e zgrade ima du\u017enost provesti intenzivno istra\u017eivanje zgrade. On mora provjeriti daju li postoje\u0107a gra\u0111evinska dokumentacija i stanje gra\u0111evine siguran temelj za planirani gra\u0111evinski zahvat (BGH, odluka od 22. listopada 2015 &#8211; VII ZR 225\/14; IBR 2016, 296&#8243;).<\/p>\n\n\n<div class=\"wp-block-image\">\n<figure class=\"aligncenter size-full\"><img decoding=\"async\" width=\"1200\" height=\"800\" src=\"https:\/\/www.prozorivrata.com\/hr\/wp-content\/uploads\/sites\/4\/2024\/10\/Prof.-Christian-Niemoller-i-Prof.-dr-Winfried-Heusler-daju-vazne-savete-i-preporuke-za-gradnju-u-postojecim-objektima-izvor-ift-Rosenheim.jpg\" alt=\"Prof. Christian Niem\u00f6ller (SMNG pravni savetnik) i Prof. dr Winfried Heusler daju va\u017ene savete i preporuke za gradnju u postoje\u0107im objektima \/ foto: ift Rosenheim\" class=\"wp-image-7962\" srcset=\"https:\/\/www.prozorivrata.com\/hr\/wp-content\/uploads\/sites\/4\/2024\/10\/Prof.-Christian-Niemoller-i-Prof.-dr-Winfried-Heusler-daju-vazne-savete-i-preporuke-za-gradnju-u-postojecim-objektima-izvor-ift-Rosenheim.jpg 1200w, https:\/\/www.prozorivrata.com\/hr\/wp-content\/uploads\/sites\/4\/2024\/10\/Prof.-Christian-Niemoller-i-Prof.-dr-Winfried-Heusler-daju-vazne-savete-i-preporuke-za-gradnju-u-postojecim-objektima-izvor-ift-Rosenheim-300x200.jpg 300w, https:\/\/www.prozorivrata.com\/hr\/wp-content\/uploads\/sites\/4\/2024\/10\/Prof.-Christian-Niemoller-i-Prof.-dr-Winfried-Heusler-daju-vazne-savete-i-preporuke-za-gradnju-u-postojecim-objektima-izvor-ift-Rosenheim-1024x683.jpg 1024w, https:\/\/www.prozorivrata.com\/hr\/wp-content\/uploads\/sites\/4\/2024\/10\/Prof.-Christian-Niemoller-i-Prof.-dr-Winfried-Heusler-daju-vazne-savete-i-preporuke-za-gradnju-u-postojecim-objektima-izvor-ift-Rosenheim-768x512.jpg 768w, https:\/\/www.prozorivrata.com\/hr\/wp-content\/uploads\/sites\/4\/2024\/10\/Prof.-Christian-Niemoller-i-Prof.-dr-Winfried-Heusler-daju-vazne-savete-i-preporuke-za-gradnju-u-postojecim-objektima-izvor-ift-Rosenheim-750x500.jpg 750w, https:\/\/www.prozorivrata.com\/hr\/wp-content\/uploads\/sites\/4\/2024\/10\/Prof.-Christian-Niemoller-i-Prof.-dr-Winfried-Heusler-daju-vazne-savete-i-preporuke-za-gradnju-u-postojecim-objektima-izvor-ift-Rosenheim-1140x760.jpg 1140w\" sizes=\"(max-width: 1200px) 100vw, 1200px\" \/><figcaption class=\"wp-element-caption\">Prof. Christian Niem\u00f6ller (SMNG pravni savetnik) i Prof. dr Winfried Heusler daju va\u017ene savete i preporuke za gradnju u postoje\u0107im objektima \/ foto: ift Rosenheim<\/figcaption><\/figure>\n<\/div>\n\n\n<p><strong>Prema rije\u010dima prof. Niem\u00f6llera, drugi problem je odre\u0111ivanje odgovornosti svih koji sudjeluju u izgradnji, jer osim arhitekta, planera i graditelja, tu su i utjecaji tre\u0107ih strana (npr. banke, osiguravaju\u0107a dru\u0161tva) kao i korisnici s razli\u010ditim zahtjevima i interesima. <\/strong>\u010cesto se zaboravlja da graditelji i korisnici mogu o\u010dekivati da \u0107e se pri modernizaciji dijelova postoje\u0107e gra\u0111evine pridr\u017eavati novog standarda gradnje, ako je to mogu\u0107e (BGH, odluka od 11. listopada 2017 &#8211; VII ZR 75\/15; IBR 2016, 154). Sudovi spremno odobravaju raspon tolerancije za dodatne tro\u0161kove od 20% i 25% (OLG Naumburg, presuda od 28. velja\u010de 2018 &#8211; 3 U 36\/17; BGH, odluka od 9. listopada 2019 &#8211; VII ZR 167\/16). Izvo\u0111a\u010dima radova mo\u017ee biti zanimljivo da izvo\u0111a\u010d ima pravo koristiti \u201epragmati\u010dna rje\u0161enja\u201d pri gradnji postoje\u0107ih zgrada, te da \u201eslijepa primjena priznatih pravila tehnike (\u2026) mo\u017ee biti potpuno proizvoljna\u201d (BGH, odluka od 13. srpnja 2016, VII ZR 280\/13; Ovdje je prof. dr Heusler ponovno pozvao stru\u010dnjake za prozore i fasade da iskoriste trenutnu gra\u0111evinsku krizu za daljnje obrazovanje i stjecanje vje\u0161tina kako bi bolje razvili i pouzdano prezentirali holisti\u010dka modernizacijska rje\u0161enja i pragmati\u010dne dizajne zgrada.<\/p>\n\n\n\n<p>Kao i 2023, vrhunac je bio pregled gra\u0111evinskih projekata iz razli\u010ditih perspektiva. Ove je godine nova zgrada \u201cDeutschlandhaus\u201d u Hamburgu ispitana u kontekstu zahtjeva za\u0161tite spomenika za ansambl. <strong>Arhitektovu perspektivu preuzeo je dr Christian Bergmann (Hadi Teherani Architects), za konzultanta za fasade Larsa Andersa (Priedemann Facade Experts) i graditelja fasada Maria H\u00e4ppa (Haga Metallbau).<\/strong> I ovdje je postalo jasno da se izgradnja slo\u017eene zgrade u srcu velikog grada, uklju\u010duju\u0107i gra\u0111evinsku i materijalnu logistiku, najbolje mo\u017ee realizirati digitalnim, parametarskim 3D planiranjem na jedinstvenom podatkovnom modelu.<\/p>\n\n\n<div class=\"wp-block-image\">\n<figure class=\"aligncenter size-full\"><img decoding=\"async\" width=\"1200\" height=\"800\" src=\"https:\/\/www.prozorivrata.com\/hr\/wp-content\/uploads\/sites\/4\/2024\/10\/Vodenje-kroz-laboratoriju-u-ift-centru-za-zastitu-od-pozara-izvor-ift-Rosenheim.jpg\" alt=\"Vo\u0111enje kroz laboratoriju u ift centru za za\u0161titu od po\u017eara \/ foto: ift Rosenheim\" class=\"wp-image-7969\" srcset=\"https:\/\/www.prozorivrata.com\/hr\/wp-content\/uploads\/sites\/4\/2024\/10\/Vodenje-kroz-laboratoriju-u-ift-centru-za-zastitu-od-pozara-izvor-ift-Rosenheim.jpg 1200w, https:\/\/www.prozorivrata.com\/hr\/wp-content\/uploads\/sites\/4\/2024\/10\/Vodenje-kroz-laboratoriju-u-ift-centru-za-zastitu-od-pozara-izvor-ift-Rosenheim-300x200.jpg 300w, https:\/\/www.prozorivrata.com\/hr\/wp-content\/uploads\/sites\/4\/2024\/10\/Vodenje-kroz-laboratoriju-u-ift-centru-za-zastitu-od-pozara-izvor-ift-Rosenheim-1024x683.jpg 1024w, https:\/\/www.prozorivrata.com\/hr\/wp-content\/uploads\/sites\/4\/2024\/10\/Vodenje-kroz-laboratoriju-u-ift-centru-za-zastitu-od-pozara-izvor-ift-Rosenheim-768x512.jpg 768w, https:\/\/www.prozorivrata.com\/hr\/wp-content\/uploads\/sites\/4\/2024\/10\/Vodenje-kroz-laboratoriju-u-ift-centru-za-zastitu-od-pozara-izvor-ift-Rosenheim-750x500.jpg 750w, https:\/\/www.prozorivrata.com\/hr\/wp-content\/uploads\/sites\/4\/2024\/10\/Vodenje-kroz-laboratoriju-u-ift-centru-za-zastitu-od-pozara-izvor-ift-Rosenheim-1140x760.jpg 1140w\" sizes=\"(max-width: 1200px) 100vw, 1200px\" \/><figcaption class=\"wp-element-caption\">Vo\u0111enje kroz laboratoriju u ift centru za za\u0161titu od po\u017eara \/ foto: ift Rosenheim<\/figcaption><\/figure>\n<\/div>\n\n\n<p>Konstruktivna suradnja izme\u0111u arhitekta i projektanta fasade od samog po\u010detka planiranja i razvoja kompromisa omogu\u0107ila je da se va\u017eni aspekti dizajna realiziraju bez prekora\u010denja prora\u010duna. Dobre prijedloge i rje\u0161enja prihvatio je i metalac, koji je trebao isporu\u010diti 7.000 m\u00b2 fasada od stupova i greda i 3.000 m\u00b2 unutarnjih fasada s rotiraju\u0107im vratima. Tijekom planiranja tako\u0111er je trebalo razviti koncept prenamjene, odnosno jednostavne izmjene vrata i fiksnih ostakljenja. <\/p>\n\n\n\n<p>Pametnim planiranjem sklopa, konzola i ure\u0111enja unutarnjeg pro\u010delja atrija od \u0161indre mogao se posti\u0107i visok udio standardnih profila i identi\u010dnih dijelova bez umanjivanja projektantskih standarda. Zanimljiv je bio i veliki atrijski krov koji je izra\u0111en od folije s to\u010dkicama.<strong> Promjenom potrebnog tlaka zraka u troslojnoj filmskoj konstrukciji mo\u017ee se ostvariti i varirati za\u0161tita od sunca jer se mijenja gusto\u0107a to\u010daka promjene pri razli\u010ditim tlakovima.<\/strong> Tako\u0111er je va\u017eno napomenuti da \u0107e se velike palme u atriju morati zamijeniti ako bude potrebno zbog krova. Sva tri stru\u010dnjaka naglasila su da aspekti odr\u017eivosti stalno postaju sve va\u017eniji. U tom slu\u010daju zgrada bi trebala dobiti LEED Platinum certifikat. Zahvaljuju\u0107i konstruktivnoj suradnji metalca i otvorenosti prema rje\u0161enjima, svi uklju\u010deni su pobijedili &#8211; arhitekti i gra\u0111evinari dobili su gra\u0111evinu visoke strukturne i arhitektonske kvalitete unutar planiranog prora\u010duna, a metalac je izvr\u0161io narud\u017ebu s dobrom mar\u017eom doprinosa.<\/p>\n\n\n\n<p><strong>Dobro je posje\u0107eno i predavanje Dennisa Janika (Federalno ministarstvo stanovanja, urbanog razvoja i graditeljstva) o novoj EU Uredbi o gra\u0111evinskim proizvodima (BauPVO), \u010diji je kona\u010dni tekst objavljen u listopadu 2024. godine. Ovo su glavne inovacije:<\/strong><\/p>\n\n\n\n<ul class=\"wp-block-list\">\n<li>Integracija politi\u010dkih ciljeva EU-a \u201cGreen Deal\u201d za zna\u010dajno smanjenje emisija CO2 i utjecaja na okoli\u0161. To uklju\u010duje obvezuju\u0107e, unaprijed definirane karakteristike okoli\u0161a (iz EN 15804) kao i zahtjeve proizvoda za okoli\u0161, sigurnost i funkciju.<\/li>\n\n\n\n<li>Zahtjevi iz novog moraju biti ispunjeni tek nakon \u0161to je uskla\u0111ena odgovaraju\u0107a norma proizvoda. Mnoge pojedinosti relevantne za proizvod stoga su definirane samo s odgovaraju\u0107om normom proizvoda. Nalog za standardizaciju vrata, prozora, grilja, roleta, vrata i okova o\u010dekuje se krajem 2024. godine.<\/li>\n\n\n\n<li>Plan rada za razvoj standarda proizvoda osigurava transparentnost i odre\u0111uje ograni\u010deni vremenski okvir od tri godine. Standardi razvijeni prema novom CPR-u moraju se primjenjivati godinu dana nakon objave u Slu\u017ebenom listu.<\/li>\n\n\n\n<li>Dokumentacija opskrbnog lanca mora se \u010duvati najmanje deset godina i na zahtjev predo\u010diti nadle\u017enom nacionalnom tijelu. To uklju\u010duje 10-godi\u0161nju pri\u010duvu rezervnih dijelova za odre\u0111ene proizvode.<\/li>\n\n\n\n<li>Uvo\u0111enje digitalne putovnice proizvoda s bitnim podacima o gra\u0111evinskom proizvodu.<\/li>\n\n\n\n<li>Opseg se tako\u0111er odnosi na rabljene gra\u0111evinske proizvode.<\/li>\n\n\n\n<li>Potpuno ukidanje va\u017ee\u0107eg BauPVO: 15 godina nakon stupanja na snagu nove uredbe (-&gt; jesen 2039). Prethodno objavljene europske uskla\u0111ene norme ostaju na snazi dok ih Komisija ne povu\u010de, odnosno odgovaraju\u0107i proizvodi koji su ve\u0107 stavljeni na tr\u017ei\u0161te mogu ostati na tr\u017ei\u0161tu.<\/li>\n\n\n\n<li>Europski harmonizirani standardi su obvezni.<\/li>\n\n\n\n<li>Dr\u017eave \u010dlanice mogu uvesti sustav obveznih depozita ili zahtijevati od proizvo\u0111a\u010da da preuzmu vi\u0161ak i neprodane proizvode.<\/li>\n<\/ul>\n\n\n<div class=\"wp-block-image\">\n<figure class=\"aligncenter size-full\"><img decoding=\"async\" width=\"1200\" height=\"800\" src=\"https:\/\/www.prozorivrata.com\/hr\/wp-content\/uploads\/sites\/4\/2024\/10\/Dr-Christian-Bergman-fasadni-savetnik-Lars-Anders-i-fasadni-graditelj-Mario-Happ.jpg\" alt=\"Dr Christian Bergmann (Hadi Teherani Architects), fasadni savetnik Lars Anders (Priedemann Facade Experts) i fasadni graditelj Mario H\u00e4pp (Haga Metallbau) izve\u0161tavaju o uzbudljivom gra\u0111evinskom projektu \u201eDeutschlandhaus\u201c u Hamburgu iz perspektive arhitekte, fasadnog planera i fasadnog graditelja (s leva na desno) \/ foto: ift Rosenheim\" class=\"wp-image-7963\" srcset=\"https:\/\/www.prozorivrata.com\/hr\/wp-content\/uploads\/sites\/4\/2024\/10\/Dr-Christian-Bergman-fasadni-savetnik-Lars-Anders-i-fasadni-graditelj-Mario-Happ.jpg 1200w, https:\/\/www.prozorivrata.com\/hr\/wp-content\/uploads\/sites\/4\/2024\/10\/Dr-Christian-Bergman-fasadni-savetnik-Lars-Anders-i-fasadni-graditelj-Mario-Happ-300x200.jpg 300w, https:\/\/www.prozorivrata.com\/hr\/wp-content\/uploads\/sites\/4\/2024\/10\/Dr-Christian-Bergman-fasadni-savetnik-Lars-Anders-i-fasadni-graditelj-Mario-Happ-1024x683.jpg 1024w, https:\/\/www.prozorivrata.com\/hr\/wp-content\/uploads\/sites\/4\/2024\/10\/Dr-Christian-Bergman-fasadni-savetnik-Lars-Anders-i-fasadni-graditelj-Mario-Happ-768x512.jpg 768w, https:\/\/www.prozorivrata.com\/hr\/wp-content\/uploads\/sites\/4\/2024\/10\/Dr-Christian-Bergman-fasadni-savetnik-Lars-Anders-i-fasadni-graditelj-Mario-Happ-750x500.jpg 750w, https:\/\/www.prozorivrata.com\/hr\/wp-content\/uploads\/sites\/4\/2024\/10\/Dr-Christian-Bergman-fasadni-savetnik-Lars-Anders-i-fasadni-graditelj-Mario-Happ-1140x760.jpg 1140w\" sizes=\"(max-width: 1200px) 100vw, 1200px\" \/><figcaption class=\"wp-element-caption\">Dr Christian Bergmann (Hadi Teherani Architects), fasadni savetnik Lars Anders (Priedemann Facade Experts) i fasadni graditelj Mario H\u00e4pp (Haga Metallbau) izve\u0161tavaju o uzbudljivom gra\u0111evinskom projektu \u201eDeutschlandhaus\u201c u Hamburgu iz perspektive arhitekte, fasadnog planera i fasadnog graditelja (s leva na desno) \/ foto: ift Rosenheim<\/figcaption><\/figure>\n<\/div>\n\n\n<p><strong>Blok &#8220;Staklo&#8221; tako\u0111er se bavio odr\u017eivo\u0161\u0107u, budu\u0107i da Michael Elstner (BF, Federal Flat Glass Association) izvje\u0161tava o trenutnom statusu stakla u kru\u017enom gospodarstvu i o procesima recikliranja koji se neprestano pobolj\u0161avaju. Carolin Lamprecht (ift) dala je savjete o prakti\u010dnim i gra\u0111evinskim pravnim aspektima pri kori\u0161tenju stakla u prometnim zonama za vrata i prozore.<\/strong> Jedan fokus bio je na informacijama o tome kako i gdje je definiran prometni sektor. <\/p>\n\n\n\n<p>Osnovne definicije mogu se na\u0107i u oglednim gra\u0111evinskim propisima (\u00a7 37 MBO), DIN 18008 (paragraf 5.1.4), posebnim gra\u0111evinskim propisima za \u0161kole, restorane, sastajali\u0161ta itd. kao i propisima o radnim mjestima. Iako ih mora specificirati projektant, od proizvo\u0111a\u010da stakla, kao kompetentne osobe koja sudjeluje u izgradnji, ipak se o\u010dekuju podaci, pa se i oni trebaju informirati. U nastavku je na konkretnim primjerima prikazan proces procjene rizika, koji je tako\u0111er obja\u0161njen u informativnom dokumentu \u201eSigurnost u prometu s ostakljenim vratima i ostakljenjem od poda do stropa bez za\u0161tite od pada\u201c.<\/p>\n\n\n\n<p><strong>Prof. dr Geralt Siebert (Sveu\u010dili\u0161te Bundeswehr M\u00fcnchen) dao je detaljne informacije o mnogim pojedinostima dimenzioniranja stakla za vi\u0161eslojno izolacijsko staklo, s naglaskom na:<\/strong><\/p>\n\n\n\n<ul class=\"wp-block-list\">\n<li>razmatranje modificiranog kmod-a, koji se, prema op\u0107em tipskom odobrenju DIBt-a i prema Eurokodu za staklo (DIN EN 19100), na kojem se trenutno radi, tako\u0111er mo\u017ee izabrati da bude ve\u0107i od DIN 18008 i tako dovesti do povoljnijih dimenzija.<\/li>\n\n\n\n<li>Propisi novog DIN 18008:2024 za izvo\u0111enje to\u010dkastih ostakljenja (ograni\u010denja\/geometrija i pro\u0161irenje pojednostavljenog postupka za provjeru dr\u017ea\u010da upu\u0161tene glave) kao i propisi i mjerenje razmaka rupa itd.<\/li>\n\n\n\n<li>Dodatni zahtjevi za stakla za za\u0161titu od pada u skladu s DIN 18008:2024, s dodacima kategorijama A i B.<\/li>\n\n\n\n<li>Uredni\u010dke izmjene za dodatne zahtjeve za prohodna stakla i mjere njihovog odr\u017eavanja.<\/li>\n<\/ul>\n\n\n<div class=\"wp-block-image\">\n<figure class=\"aligncenter size-full\"><img decoding=\"async\" width=\"1200\" height=\"800\" src=\"https:\/\/www.prozorivrata.com\/hr\/wp-content\/uploads\/sites\/4\/2024\/10\/Poseta-novom-fasadnom-laboratoriju-sa-\u201eAir-Boat-motorom-za-ispitivanje-fasada-prema-severnoamerickim-standardima-izvor-ift-Rosenheim.jpg\" alt=\"Poseta novom fasadnom laboratoriju sa \u201eAir-Boat-motorom\u201c za ispitivanje fasada prema severnoameri\u010dkim standardima \/ foto: ift Rosenheim\" class=\"wp-image-7970\" srcset=\"https:\/\/www.prozorivrata.com\/hr\/wp-content\/uploads\/sites\/4\/2024\/10\/Poseta-novom-fasadnom-laboratoriju-sa-\u201eAir-Boat-motorom-za-ispitivanje-fasada-prema-severnoamerickim-standardima-izvor-ift-Rosenheim.jpg 1200w, https:\/\/www.prozorivrata.com\/hr\/wp-content\/uploads\/sites\/4\/2024\/10\/Poseta-novom-fasadnom-laboratoriju-sa-\u201eAir-Boat-motorom-za-ispitivanje-fasada-prema-severnoamerickim-standardima-izvor-ift-Rosenheim-300x200.jpg 300w, https:\/\/www.prozorivrata.com\/hr\/wp-content\/uploads\/sites\/4\/2024\/10\/Poseta-novom-fasadnom-laboratoriju-sa-\u201eAir-Boat-motorom-za-ispitivanje-fasada-prema-severnoamerickim-standardima-izvor-ift-Rosenheim-1024x683.jpg 1024w, https:\/\/www.prozorivrata.com\/hr\/wp-content\/uploads\/sites\/4\/2024\/10\/Poseta-novom-fasadnom-laboratoriju-sa-\u201eAir-Boat-motorom-za-ispitivanje-fasada-prema-severnoamerickim-standardima-izvor-ift-Rosenheim-768x512.jpg 768w, https:\/\/www.prozorivrata.com\/hr\/wp-content\/uploads\/sites\/4\/2024\/10\/Poseta-novom-fasadnom-laboratoriju-sa-\u201eAir-Boat-motorom-za-ispitivanje-fasada-prema-severnoamerickim-standardima-izvor-ift-Rosenheim-750x500.jpg 750w, https:\/\/www.prozorivrata.com\/hr\/wp-content\/uploads\/sites\/4\/2024\/10\/Poseta-novom-fasadnom-laboratoriju-sa-\u201eAir-Boat-motorom-za-ispitivanje-fasada-prema-severnoamerickim-standardima-izvor-ift-Rosenheim-1140x760.jpg 1140w\" sizes=\"(max-width: 1200px) 100vw, 1200px\" \/><figcaption class=\"wp-element-caption\">Poseta novom fasadnom laboratoriju sa \u201eAir-Boat-motorom\u201c za ispitivanje fasada prema severnoameri\u010dkim standardima \/ foto: ift Rosenheim<\/figcaption><\/figure>\n<\/div>\n\n\n<p><strong>Andreas Schmidt (ift) pru\u017eio je informacije o jo\u0161 jednom sigurnosnom aspektu, predstavljaju\u0107i novu ift-ovu smjernicu \u201cVandalizam\u201d, koja opisuje zahtjeve za gra\u0111evinske elemente koji mogu izdr\u017eati vandalizam.<\/strong> Preliminarni testovi protuprovalnih prozora, ostakljenja i vrata, koje je proveo <a href=\"https:\/\/www.prozorivrata.com\/hr\/medunarodna-konferencija-prozora-i-fasada-ift-rosenheim-fenstertage\/\" target=\"_blank\" rel=\"noreferrer noopener\">ift Rosenheim <\/a>zajedno s tvrtkama S\u00e4lzer i Timm-fensterbau, jasno su pokazali da se tijekom vandalizma javljaju potpuno druga\u010diji stresovi nego tijekom testova provale. Jer vandalski napadi nisu tihi i tajni poput poku\u0161aja provale, ve\u0107 po\u010dinitelji djeluju zajedni\u010dki i javno. Napad se izvodi masovno koriste\u0107i sve \u201calate\u201d koje su trenutno dostupni.<\/p>\n\n\n\n<p> To varira od poplo\u010davanja preko \u017eeljeznih \u0161ipki s gradili\u0161ta ili prometnih znakova. Kako je razvoj smjernica napredovao, definirani su alati, tipi\u010dno pona\u0161anje po\u010dinitelja i mogu\u0107e klase rizika. Skupine po\u010dinitelja vandalizma sklone su djelovati spontano, iz mase bez straha da \u0107e biti promatrani, snimljeni ili procesuirani te djeluju masovno nasilno unato\u010d prisutnosti policije. Po\u010dinitelji se uglavnom bave uni\u0161tavanjem (autobusna stajali\u0161ta, reklamni mediji, motorna vozila, objekti, fasade i dr.), ali i provaljivanjem u objekt preko uni\u0161tenih dijelova radi prouzro\u010denja ili daljnjeg o\u0161te\u0107enja objekta (npr. pale\u017e zapaljivim napravama i dr.). <\/p>\n\n\n<div class=\"wp-block-image\">\n<figure class=\"aligncenter size-full\"><img decoding=\"async\" width=\"1000\" height=\"1000\" src=\"https:\/\/www.prozorivrata.com\/hr\/wp-content\/uploads\/sites\/4\/2024\/10\/51.-godina-Fenstertage-u-Rosenheimu-uz-lepo-jesenje-vreme-izvor-ift-Rosenheim.jpg\" alt=\"51. godina Fenstertage u Rosenheimu uz lepo jesenje vreme \/ foto: ift Rosenheim\" class=\"wp-image-7968\" srcset=\"https:\/\/www.prozorivrata.com\/hr\/wp-content\/uploads\/sites\/4\/2024\/10\/51.-godina-Fenstertage-u-Rosenheimu-uz-lepo-jesenje-vreme-izvor-ift-Rosenheim.jpg 1000w, https:\/\/www.prozorivrata.com\/hr\/wp-content\/uploads\/sites\/4\/2024\/10\/51.-godina-Fenstertage-u-Rosenheimu-uz-lepo-jesenje-vreme-izvor-ift-Rosenheim-300x300.jpg 300w, https:\/\/www.prozorivrata.com\/hr\/wp-content\/uploads\/sites\/4\/2024\/10\/51.-godina-Fenstertage-u-Rosenheimu-uz-lepo-jesenje-vreme-izvor-ift-Rosenheim-150x150.jpg 150w, https:\/\/www.prozorivrata.com\/hr\/wp-content\/uploads\/sites\/4\/2024\/10\/51.-godina-Fenstertage-u-Rosenheimu-uz-lepo-jesenje-vreme-izvor-ift-Rosenheim-768x768.jpg 768w, https:\/\/www.prozorivrata.com\/hr\/wp-content\/uploads\/sites\/4\/2024\/10\/51.-godina-Fenstertage-u-Rosenheimu-uz-lepo-jesenje-vreme-izvor-ift-Rosenheim-75x75.jpg 75w, https:\/\/www.prozorivrata.com\/hr\/wp-content\/uploads\/sites\/4\/2024\/10\/51.-godina-Fenstertage-u-Rosenheimu-uz-lepo-jesenje-vreme-izvor-ift-Rosenheim-350x350.jpg 350w, https:\/\/www.prozorivrata.com\/hr\/wp-content\/uploads\/sites\/4\/2024\/10\/51.-godina-Fenstertage-u-Rosenheimu-uz-lepo-jesenje-vreme-izvor-ift-Rosenheim-750x750.jpg 750w\" sizes=\"(max-width: 1000px) 100vw, 1000px\" \/><figcaption class=\"wp-element-caption\">51. godina Fenstertage u Rosenheimu uz lepo jesenje vreme \/ foto: ift Rosenheim<\/figcaption><\/figure>\n<\/div>\n\n\n<p>Prikazani videozapisi vandalskih napada impresivno pokazuju grubu silu kojom se razbijaju prozor ili vrata kako bi se u\u0161lo u ku\u0107u. Konkretno, suradnja nekoliko &#8220;vandala&#8221; predstavlja velike izazove za komponente. IFT smjernica EI-06\/1 \u201eKomponente i objekti otporni na vandalizam\u201d (nacrt) definira postupke ispitivanja (ispitivanja bacanjem, dinami\u010dka i ru\u010dna ispitivanja), klasifikaciju prema skupinama po\u010dinitelja, rizik od o\u0161te\u0107enja i vjerojatnost nastanka iz razreda 1- 5, povezane klase otpornosti i preporuke za uporabu. Smjernica je u zavr\u0161noj fazi koordinacije i bit \u0107e predstavljena kao dio ift posebne izlo\u017ebe na BAU 2025 zajedno s dva certificirana gra\u0111evna elementa (S\u00e4lzer i Timm-fensterbau). S ovom novom opcijom klasifikacije, gra\u0111evinski elementi se mogu odabrati i reklamirati kako bi se bolje za\u0161titile rizi\u010dne zgrade (mjesta za trgovinu, javne zgrade, itd.) od vandalizma.<\/p>\n\n\n\n<p><strong>Dani prozora u Rosenheimu tako su uspje\u0161no prihvatili izazov filtriranja aspekata iz poplave informacija koji su relevantni za donositelje odluka u industriji prozora i fasada, jer zahtjevi moraju biti ispunjeni i prilike moraju biti iskori\u0161tene.<\/strong><\/p>\n\n\n\n<figure class=\"wp-block-image size-full is-resized\"><img decoding=\"async\" width=\"76\" height=\"89\" src=\"https:\/\/www.prozorivrata.com\/hr\/wp-content\/uploads\/sites\/4\/2024\/09\/image-2.png\" alt=\"\" class=\"wp-image-7834\" style=\"width:71px;height:auto\"><\/figure>\n\n\n\n<p><strong>ift Rosenheim<\/strong><br>Theodor-Gietl-Stra\u00dfe 7-9, 83026 Rosenheim, Germany<br>T +49 (08031) 261 0<br>F +49 (08031) 261 290<br><a href=\"mailto:info@ift-rosenheim.de\" target=\"_blank\" rel=\"noopener noreferrer\">info@ift-rosenheim.de<\/a><br><a href=\"http:\/\/www.ift-rosenheim.de\/\" target=\"_blank\" rel=\"noopener noreferrer\">www.ift-rosenheim.de<\/a><\/p>\n","protected":false},"excerpt":{"rendered":"<p>Trendovi u tehnologiji, standardizaciji, razvoju tr\u017ei\u0161ta, za\u0161titi klime i odr\u017eivosti u prozorima i fasadama Tr\u017ei\u0161ne prilike koje nudi restrukturiranje gospodarstva prema ve\u0107oj odr\u017eivosti i otpornosti na klimatske promjene za industriju prozora i fasada, jasno su prikazane u mnogim prezentacijama. \u010cak i ako se to mo\u017ee \u010diniti optimisti\u010dnim s obzirom na gra\u0111evinsku krizu, potencijal le\u017ei u [&hellip;]<\/p>\n","protected":false},"author":124,"featured_media":7966,"comment_status":"closed","ping_status":"closed","sticky":false,"template":"","format":"standard","meta":{"_FSMCFIC_featured_image_caption":"","_FSMCFIC_featured_image_nocaption":"","_FSMCFIC_featured_image_hide":"","footnotes":""},"categories":[47],"tags":[961,526,418,171,232,782,753,925,361],"class_list":["post-7959","post","type-post","status-publish","format-standard","has-post-thumbnail","hentry","category-novosti","tag-dani-prozora","tag-energetska-ucinkovitost-2","tag-fasada","tag-ift-rosenheim","tag-konferencija","tag-medunarodna-konferencija","tag-odrzivost","tag-prevencija-katastrofa","tag-prozori"],"_links":{"self":[{"href":"https:\/\/www.prozorivrata.com\/hr\/wp-json\/wp\/v2\/posts\/7959","targetHints":{"allow":["GET"]}}],"collection":[{"href":"https:\/\/www.prozorivrata.com\/hr\/wp-json\/wp\/v2\/posts"}],"about":[{"href":"https:\/\/www.prozorivrata.com\/hr\/wp-json\/wp\/v2\/types\/post"}],"author":[{"embeddable":true,"href":"https:\/\/www.prozorivrata.com\/hr\/wp-json\/wp\/v2\/users\/124"}],"replies":[{"embeddable":true,"href":"https:\/\/www.prozorivrata.com\/hr\/wp-json\/wp\/v2\/comments?post=7959"}],"version-history":[{"count":4,"href":"https:\/\/www.prozorivrata.com\/hr\/wp-json\/wp\/v2\/posts\/7959\/revisions"}],"predecessor-version":[{"id":9408,"href":"https:\/\/www.prozorivrata.com\/hr\/wp-json\/wp\/v2\/posts\/7959\/revisions\/9408"}],"wp:featuredmedia":[{"embeddable":true,"href":"https:\/\/www.prozorivrata.com\/hr\/wp-json\/wp\/v2\/media\/7966"}],"wp:attachment":[{"href":"https:\/\/www.prozorivrata.com\/hr\/wp-json\/wp\/v2\/media?parent=7959"}],"wp:term":[{"taxonomy":"category","embeddable":true,"href":"https:\/\/www.prozorivrata.com\/hr\/wp-json\/wp\/v2\/categories?post=7959"},{"taxonomy":"post_tag","embeddable":true,"href":"https:\/\/www.prozorivrata.com\/hr\/wp-json\/wp\/v2\/tags?post=7959"}],"curies":[{"name":"wp","href":"https:\/\/api.w.org\/{rel}","templated":true}]}}