{"id":7888,"date":"2024-10-14T11:13:35","date_gmt":"2024-10-14T10:13:35","guid":{"rendered":"https:\/\/www.prozorivrata.com\/hr\/?p=7888"},"modified":"2024-10-14T11:41:54","modified_gmt":"2024-10-14T10:41:54","slug":"ambienta-2024-izlazak-iz-okvira-zagrebackog-velesajma","status":"publish","type":"post","link":"https:\/\/www.prozorivrata.com\/hr\/ambienta-2024-izlazak-iz-okvira-zagrebackog-velesajma\/","title":{"rendered":"AMBIENTA 2024: Izlazak iz okvira Zagreba\u010dkog velesajma"},"content":{"rendered":"\n<p>Ambienta 2024, vode\u0107i nacionalni sajam namje\u0161taja, dizajna interijera i opremanja prostora, odr\u017eat \u0107e se od 17. do 20. listopada na Zagreba\u010dkom velesajmu. Ovaj, 51. po redu presti\u017eni doga\u0111aj pru\u017ea cjelovit pregled najnovijih trendova i tehnologija u opremanju doma i poslovnih prostora. Posjetitelje o\u010dekuje raznolik spektar proizvoda \u2013 od vrhunskog namje\u0161taja, kuhinjskih i kupaonskih rje\u0161enja, do dekorativnih i funkcionalnih elemenata poput rasvjete, prozora, vrata, parketa i vrtnog namje\u0161taja.<\/p>\n\n\n\n<h2 class=\"wp-block-heading\">Vrhunski izlaga\u010di na jednom mjestu<\/h2>\n\n\n\n<p>S ponosom najavljujemo povratak Meblo Tradea, koji se nakon 15 godina vra\u0107a na Ambientu u velikom stilu, pod nazivom Powered by Meblo Trade. Posjetitelji \u0107e imati priliku upoznati bogatu ponudu ovog renomiranog brenda, s posebnim naglaskom na presti\u017ene brendove Atlas i KARE. KARE, poznat po motu \u201eJoy of Living\u201c, savr\u0161eno spaja upe\u010datljiv dizajn namje\u0161taja s nekonvencionalnim dekorativnim elementima, stvaraju\u0107i jedinstvenu sinergiju funkcionalnosti i stila.<\/p>\n\n\n\n<p><a href=\"https:\/\/www.zv.hr\/sajmovi-7\/ambienta-63\/posjetitelji-2534\/o-sajmu-2535\/2535\" target=\"_blank\" rel=\"noreferrer noopener\">Ambienta<\/a> \u0107e tako\u0111er ugostiti priznate brendove poput Spin Valisa, Nord Produkta, \u0160kerjanca, Il Leora, Rattan Sedije, Interijera Colora, Chesterfielda, Gastro-Stila, Beline, Concept Linea, Domprojekta, IKS Fenstera, Interijera Sabljo, Pohi\u0161tva Leroy, Lokve, T.C. Po\u017egaja, Weninoxa, Top2Floora, Tvornice tekstila Trgovi\u0161\u0107e, Wespa Spacesa, Duma Storea, Top Door interijera, Partasa, Studija Element, Style Doora, Texa, Infitouta i mnogih drugih, \u010diji inovativni proizvodi osvajaju tr\u017ei\u0161ta diljem svijeta.<br>Od stranih sudionika na Ambienti istaknuli bi kolektivni nastup izlaga\u010da iz Bosne i Hercegovine kao i nastup \u0161est kineskih izlaga\u010da.<\/p>\n\n\n\n<figure class=\"wp-block-image size-full\"><img decoding=\"async\" width=\"1000\" height=\"1000\" src=\"https:\/\/www.prozorivrata.com\/hr\/wp-content\/uploads\/sites\/4\/2024\/10\/ZV-DUMA-ambienta-2024-sajam-namjestaja-interijer.jpg\" alt=\"ZV DUMA, Ambienta 2024 sajam namje\u0161taja\" class=\"wp-image-7893\" srcset=\"https:\/\/www.prozorivrata.com\/hr\/wp-content\/uploads\/sites\/4\/2024\/10\/ZV-DUMA-ambienta-2024-sajam-namjestaja-interijer.jpg 1000w, https:\/\/www.prozorivrata.com\/hr\/wp-content\/uploads\/sites\/4\/2024\/10\/ZV-DUMA-ambienta-2024-sajam-namjestaja-interijer-300x300.jpg 300w, https:\/\/www.prozorivrata.com\/hr\/wp-content\/uploads\/sites\/4\/2024\/10\/ZV-DUMA-ambienta-2024-sajam-namjestaja-interijer-150x150.jpg 150w, https:\/\/www.prozorivrata.com\/hr\/wp-content\/uploads\/sites\/4\/2024\/10\/ZV-DUMA-ambienta-2024-sajam-namjestaja-interijer-768x768.jpg 768w, https:\/\/www.prozorivrata.com\/hr\/wp-content\/uploads\/sites\/4\/2024\/10\/ZV-DUMA-ambienta-2024-sajam-namjestaja-interijer-75x75.jpg 75w, https:\/\/www.prozorivrata.com\/hr\/wp-content\/uploads\/sites\/4\/2024\/10\/ZV-DUMA-ambienta-2024-sajam-namjestaja-interijer-350x350.jpg 350w, https:\/\/www.prozorivrata.com\/hr\/wp-content\/uploads\/sites\/4\/2024\/10\/ZV-DUMA-ambienta-2024-sajam-namjestaja-interijer-750x750.jpg 750w\" sizes=\"(max-width: 1000px) 100vw, 1000px\" \/><figcaption class=\"wp-element-caption\">Ambienta 2024, nacionalni sajam namje\u0161taja, dizajna interijera i opremanja prostora \/ foto: Ambienta<\/figcaption><\/figure>\n\n\n\n<h2 class=\"wp-block-heading\">Sinergija kulture i namje\u0161taja<\/h2>\n\n\n\n<p>Uz izlo\u017ebeni segment, sajam<a href=\"https:\/\/www.zv.hr\/sajmovi-7\/ambienta-63\/strucni-i-prateci-program-2539\/2539\" target=\"_blank\" rel=\"noreferrer noopener\"> prati i bogat stru\u010dno popratni program.<\/a> Ambienta ove godine prelazi granice tradicionalnog sajma, donose\u0107i inovativan projekt u suradnji s vode\u0107im kulturnim institucijama. U partnerstvu s Galerijom Klovi\u0107evi dvori, Muzejom suvremene umjetnosti (MSU) i Etnografskim muzejom, dio sajamskog programa bit \u0107e postavljen unutar muzeja. U MSU-u i Klovi\u0107evim dvorima bit \u0107e predstavljeni showroomovi hrvatskih proizvo\u0111a\u010da, dok \u0107e Etnografski muzej prikazati dokumentarni film iz serijala \u201eModerna vremena\u201c koji prati povijest Zagreba\u010dkog velesajma. Posjetitelji \u0107e imati priliku u\u017eivati u izlo\u017ebama i Ambienti s jedinstvenom ulaznicom koja omogu\u0107uje razgledavanje izlo\u017ebi u jednom od tri muzeja.<\/p>\n\n\n\n<figure class=\"wp-block-image size-full\"><img decoding=\"async\" width=\"1000\" height=\"1000\" src=\"https:\/\/www.prozorivrata.com\/hr\/wp-content\/uploads\/sites\/4\/2024\/10\/Ambienta-sajam-namjestaja.jpg\" alt=\"Ambienta 2024, nacionalni sajam namje\u0161taja, dizajna interijera i opremanja prostora\" class=\"wp-image-7890\" srcset=\"https:\/\/www.prozorivrata.com\/hr\/wp-content\/uploads\/sites\/4\/2024\/10\/Ambienta-sajam-namjestaja.jpg 1000w, https:\/\/www.prozorivrata.com\/hr\/wp-content\/uploads\/sites\/4\/2024\/10\/Ambienta-sajam-namjestaja-300x300.jpg 300w, https:\/\/www.prozorivrata.com\/hr\/wp-content\/uploads\/sites\/4\/2024\/10\/Ambienta-sajam-namjestaja-150x150.jpg 150w, https:\/\/www.prozorivrata.com\/hr\/wp-content\/uploads\/sites\/4\/2024\/10\/Ambienta-sajam-namjestaja-768x768.jpg 768w, https:\/\/www.prozorivrata.com\/hr\/wp-content\/uploads\/sites\/4\/2024\/10\/Ambienta-sajam-namjestaja-75x75.jpg 75w, https:\/\/www.prozorivrata.com\/hr\/wp-content\/uploads\/sites\/4\/2024\/10\/Ambienta-sajam-namjestaja-350x350.jpg 350w, https:\/\/www.prozorivrata.com\/hr\/wp-content\/uploads\/sites\/4\/2024\/10\/Ambienta-sajam-namjestaja-750x750.jpg 750w\" sizes=\"(max-width: 1000px) 100vw, 1000px\" \/><figcaption class=\"wp-element-caption\">Ambienta 2024, nacionalni sajam namje\u0161taja, dizajna interijera i opremanja prostora \/ foto: Ambienta<\/figcaption><\/figure>\n\n\n\n<h2 class=\"wp-block-heading\">Vrhunski dizajn i umjetni\u010dki izra\u017eaj<\/h2>\n\n\n\n<p>Design Zone istaknut \u0107e dizajnerske komade istaknutijih tvrtki, dok \u0107e Art Box okupiti umjetnike, galeriste i kolekcionare, stvaraju\u0107i prostor gdje dizajn i umjetnost dijele istu pozornicu. Uz izlo\u017ebu \u201e100 slikara 21. stolje\u0107a\u201c, koja donosi ekskluzivnu privatnu kolekciju slika velikog formata, Ambienta \u0107e predstaviti i izlo\u017ebu Zagreba\u010dki velesajam 1956-1961, pru\u017eaju\u0107i uvid u povijesnu i gospodarsku va\u017enost Velesajma u tom klju\u010dnom razdoblju.<\/p>\n\n\n\n<figure class=\"wp-block-image size-full\"><img decoding=\"async\" width=\"1000\" height=\"1000\" src=\"https:\/\/www.prozorivrata.com\/hr\/wp-content\/uploads\/sites\/4\/2024\/10\/ambienta-2024-sajam-namjestaja.jpg\" alt=\"Ambienta 2024, nacionalni sajam namje\u0161taja, dizajna interijera i opremanja prostora\" class=\"wp-image-7891\" srcset=\"https:\/\/www.prozorivrata.com\/hr\/wp-content\/uploads\/sites\/4\/2024\/10\/ambienta-2024-sajam-namjestaja.jpg 1000w, https:\/\/www.prozorivrata.com\/hr\/wp-content\/uploads\/sites\/4\/2024\/10\/ambienta-2024-sajam-namjestaja-300x300.jpg 300w, https:\/\/www.prozorivrata.com\/hr\/wp-content\/uploads\/sites\/4\/2024\/10\/ambienta-2024-sajam-namjestaja-150x150.jpg 150w, https:\/\/www.prozorivrata.com\/hr\/wp-content\/uploads\/sites\/4\/2024\/10\/ambienta-2024-sajam-namjestaja-768x768.jpg 768w, https:\/\/www.prozorivrata.com\/hr\/wp-content\/uploads\/sites\/4\/2024\/10\/ambienta-2024-sajam-namjestaja-75x75.jpg 75w, https:\/\/www.prozorivrata.com\/hr\/wp-content\/uploads\/sites\/4\/2024\/10\/ambienta-2024-sajam-namjestaja-350x350.jpg 350w, https:\/\/www.prozorivrata.com\/hr\/wp-content\/uploads\/sites\/4\/2024\/10\/ambienta-2024-sajam-namjestaja-750x750.jpg 750w\" sizes=\"(max-width: 1000px) 100vw, 1000px\" \/><figcaption class=\"wp-element-caption\">Ambienta 2024, nacionalni sajam namje\u0161taja, dizajna interijera i opremanja prostora \/ foto: Ambienta<\/figcaption><\/figure>\n\n\n\n<h2 class=\"wp-block-heading\">Sna\u017ena institucionalna podr\u0161ka<\/h2>\n\n\n\n<p>Ambienta u\u017eiva podr\u0161ku Ministarstva poljoprivrede, \u0161umarstva i ribarstva, Grada Zagreba, Hrvatske gospodarske komore, Hrvatske obrtni\u010dke komore, Obrtni\u010dke komore Zagreb i Hrvatskih \u0161uma, \u010dime dodatno nagla\u0161ava svoj zna\u010daj za gospodarstvo i industriju.<\/p>\n\n\n\n<p>U istom terminu odr\u017eat \u0107e se jedan od najve\u0107ih sajmova kulture gra\u0111enja i odr\u017eivog razvoja u regiji na kojem izla\u017eu vode\u0107i proizvo\u0111a\u010di i dobavlja\u010di opreme, materijala i rje\u0161enja u arhitekturi i graditeljstvu \u2013 <a href=\"https:\/\/www.prozorivrata.com\/hr\/arhibau-2024-u-listopadu-na-zagrebackom-velesajmu\/\" target=\"_blank\" data-type=\"post\" data-id=\"7009\" rel=\"noreferrer noopener\">ArhiBau<\/a>. U sklopu sajma ArhiBau organizirat \u0107e se stru\u010dna i znanstvena konferencija ArhiBau 2024 \u2013 \u201eStanovanje budu\u0107nosti\u201c.<\/p>\n\n\n\n<figure class=\"wp-block-image size-full\"><img decoding=\"async\" width=\"1000\" height=\"1000\" src=\"https:\/\/www.prozorivrata.com\/hr\/wp-content\/uploads\/sites\/4\/2024\/10\/Sajam-namjestaja-Ambienta-2024.jpg\" alt=\"Ambienta 2024, nacionalni sajam namje\u0161taja, dizajna interijera i opremanja prostora\" class=\"wp-image-7892\" srcset=\"https:\/\/www.prozorivrata.com\/hr\/wp-content\/uploads\/sites\/4\/2024\/10\/Sajam-namjestaja-Ambienta-2024.jpg 1000w, https:\/\/www.prozorivrata.com\/hr\/wp-content\/uploads\/sites\/4\/2024\/10\/Sajam-namjestaja-Ambienta-2024-300x300.jpg 300w, https:\/\/www.prozorivrata.com\/hr\/wp-content\/uploads\/sites\/4\/2024\/10\/Sajam-namjestaja-Ambienta-2024-150x150.jpg 150w, https:\/\/www.prozorivrata.com\/hr\/wp-content\/uploads\/sites\/4\/2024\/10\/Sajam-namjestaja-Ambienta-2024-768x768.jpg 768w, https:\/\/www.prozorivrata.com\/hr\/wp-content\/uploads\/sites\/4\/2024\/10\/Sajam-namjestaja-Ambienta-2024-75x75.jpg 75w, https:\/\/www.prozorivrata.com\/hr\/wp-content\/uploads\/sites\/4\/2024\/10\/Sajam-namjestaja-Ambienta-2024-350x350.jpg 350w, https:\/\/www.prozorivrata.com\/hr\/wp-content\/uploads\/sites\/4\/2024\/10\/Sajam-namjestaja-Ambienta-2024-750x750.jpg 750w\" sizes=\"(max-width: 1000px) 100vw, 1000px\" \/><figcaption class=\"wp-element-caption\">Ambienta 2024, nacionalni sajam namje\u0161taja, dizajna interijera i opremanja prostora \/ foto: Ambienta<\/figcaption><\/figure>\n\n\n\n<h2 class=\"wp-block-heading\">Radno vrijeme i nagrade<\/h2>\n\n\n\n<p>Ambienta \u0107e biti otvorena od \u010detvrtka do subote od 10:00 do 19:00 sati, a u nedjelju do 18:00 sati. Ulaznica iznosi 7 eura, a svaki posjetitelj s kupljenom ulaznicom mo\u017ee sudjelovati u <a href=\"https:\/\/www.zv.hr\/sajmovi-7\/ambienta-63\/posjetitelji-2534\/nagradna-igra-9529\/9529\" target=\"_blank\" rel=\"noreferrer noopener\">bogatoj nagradnoj igri,<\/a> u kojoj je glavna nagrada opremanje doma u vrijednosti od 7.000 eura u Meblu.<\/p>\n\n\n\n<p>Za vi\u0161e informacija posjetite na\u0161u web stranicu <a href=\"http:\/\/www.zv.hr\/\" target=\"_blank\" rel=\"noreferrer noopener\">www.zv.hr <\/a>ili pratite Zagreba\u010dki velesajam na dru\u0161tvenim mre\u017eama.<\/p>\n\n\n\n<p>Ambienta vas zove \u2013 vidimo se od 17. do 20. listopada 2024!<\/p>\n\n\n\n<figure class=\"wp-block-image size-full is-resized\"><img decoding=\"async\" width=\"500\" height=\"103\" src=\"https:\/\/www.prozorivrata.com\/hr\/wp-content\/uploads\/sites\/4\/2022\/09\/Ambienta-sajam-logo.jpg\" alt=\"Ambienta logo\" class=\"wp-image-5304\" style=\"width:200px\" srcset=\"https:\/\/www.prozorivrata.com\/hr\/wp-content\/uploads\/sites\/4\/2022\/09\/Ambienta-sajam-logo.jpg 500w, https:\/\/www.prozorivrata.com\/hr\/wp-content\/uploads\/sites\/4\/2022\/09\/Ambienta-sajam-logo-300x62.jpg 300w\" sizes=\"(max-width: 500px) 100vw, 500px\" \/><\/figure>\n\n\n\n<p>ZAGREBA\u010cKI VELESAJAM, d.o.o.<br>Avenija Dubrovnik 15, 10020 Zagreb, Hrvatska<br>T. +385 1 6503 111<br><a href=\"http:\/\/www.zv.hr\" target=\"_blank\" rel=\"noreferrer noopener\">www.zv.hr<\/a><br><a href=\"mailto:zv.ambienta@zv.hr\" target=\"_blank\" rel=\"noreferrer noopener\">zv.ambienta@zv.hr<\/a><\/p>\n","protected":false},"excerpt":{"rendered":"<p>Ambienta 2024, vode\u0107i nacionalni sajam namje\u0161taja, dizajna interijera i opremanja prostora, odr\u017eat \u0107e se od 17. do 20. listopada na Zagreba\u010dkom velesajmu. Ovaj, 51. po redu presti\u017eni doga\u0111aj pru\u017ea cjelovit pregled najnovijih trendova i tehnologija u opremanju doma i poslovnih prostora. Posjetitelje o\u010dekuje raznolik spektar proizvoda \u2013 od vrhunskog namje\u0161taja, kuhinjskih i kupaonskih rje\u0161enja, do [&hellip;]<\/p>\n","protected":false},"author":124,"featured_media":7889,"comment_status":"closed","ping_status":"closed","sticky":false,"template":"","format":"standard","meta":{"_FSMCFIC_featured_image_caption":"","_FSMCFIC_featured_image_nocaption":"","_FSMCFIC_featured_image_hide":"","footnotes":""},"categories":[47],"tags":[508,116,943,524,164,71,777,775],"class_list":["post-7888","post","type-post","status-publish","format-standard","has-post-thumbnail","hentry","category-novosti","tag-ambienta","tag-interijer","tag-izlagaci","tag-namjestaj","tag-paneli","tag-sajam","tag-sajam-namjestaja","tag-zagrebacki-velesajam"],"_links":{"self":[{"href":"https:\/\/www.prozorivrata.com\/hr\/wp-json\/wp\/v2\/posts\/7888","targetHints":{"allow":["GET"]}}],"collection":[{"href":"https:\/\/www.prozorivrata.com\/hr\/wp-json\/wp\/v2\/posts"}],"about":[{"href":"https:\/\/www.prozorivrata.com\/hr\/wp-json\/wp\/v2\/types\/post"}],"author":[{"embeddable":true,"href":"https:\/\/www.prozorivrata.com\/hr\/wp-json\/wp\/v2\/users\/124"}],"replies":[{"embeddable":true,"href":"https:\/\/www.prozorivrata.com\/hr\/wp-json\/wp\/v2\/comments?post=7888"}],"version-history":[{"count":3,"href":"https:\/\/www.prozorivrata.com\/hr\/wp-json\/wp\/v2\/posts\/7888\/revisions"}],"predecessor-version":[{"id":7896,"href":"https:\/\/www.prozorivrata.com\/hr\/wp-json\/wp\/v2\/posts\/7888\/revisions\/7896"}],"wp:featuredmedia":[{"embeddable":true,"href":"https:\/\/www.prozorivrata.com\/hr\/wp-json\/wp\/v2\/media\/7889"}],"wp:attachment":[{"href":"https:\/\/www.prozorivrata.com\/hr\/wp-json\/wp\/v2\/media?parent=7888"}],"wp:term":[{"taxonomy":"category","embeddable":true,"href":"https:\/\/www.prozorivrata.com\/hr\/wp-json\/wp\/v2\/categories?post=7888"},{"taxonomy":"post_tag","embeddable":true,"href":"https:\/\/www.prozorivrata.com\/hr\/wp-json\/wp\/v2\/tags?post=7888"}],"curies":[{"name":"wp","href":"https:\/\/api.w.org\/{rel}","templated":true}]}}