{"id":7794,"date":"2024-09-26T10:28:53","date_gmt":"2024-09-26T09:28:53","guid":{"rendered":"https:\/\/www.prozorivrata.com\/hr\/?p=7794"},"modified":"2024-09-27T07:36:14","modified_gmt":"2024-09-27T06:36:14","slug":"7-sredisnja-konferencija-o-odrzivoj-gradnji","status":"publish","type":"post","link":"https:\/\/www.prozorivrata.com\/hr\/7-sredisnja-konferencija-o-odrzivoj-gradnji\/","title":{"rendered":"7. Sredi\u0161nja konferencija o odr\u017eivoj gradnji"},"content":{"rendered":"\n<p><strong>Hrvatski savjet za zelenu gradnju<\/strong>, kao najve\u0107a organizacija u ovoj oblasti u Hrvatskoj, vi\u0161e od 10 godina radi na promicanju odr\u017eive gradnje, infrastrukture i zelene energije. Kao rezultat njihovog anga\u017emana imamo sve ve\u0107i rast i razvoj sve ve\u0107eg broja odr\u017eivih projekata na hrvatskom tr\u017ei\u0161tu.<\/p>\n\n\n\n<p>Konferencija, koju sada ve\u0107 mo\u017eemo nazvati tradicionalnom, u njihovoj organizaciji je postala sinonim za zelenu gradnju i svake godine broji sve ve\u0107i broj profesionalaca koji se bave odr\u017eivom gradnjom, energijom, urbanizmom i zelenom ekonomijom.<\/p>\n\n\n\n<figure class=\"wp-block-image size-full\"><img decoding=\"async\" width=\"640\" height=\"404\" src=\"https:\/\/www.prozorivrata.com\/hr\/wp-content\/uploads\/sites\/4\/2024\/09\/sredisnja-konferencija-odryiva-gradnja-keynote-Stipe-Bozic.jpg\" alt=\"Stipe Bo\u017ei\u0107, poznati alpinist, pisac, fotograf, filmski snimatelj i redatelj\" class=\"wp-image-7802\" srcset=\"https:\/\/www.prozorivrata.com\/hr\/wp-content\/uploads\/sites\/4\/2024\/09\/sredisnja-konferencija-odryiva-gradnja-keynote-Stipe-Bozic.jpg 640w, https:\/\/www.prozorivrata.com\/hr\/wp-content\/uploads\/sites\/4\/2024\/09\/sredisnja-konferencija-odryiva-gradnja-keynote-Stipe-Bozic-300x189.jpg 300w\" sizes=\"(max-width: 640px) 100vw, 640px\" \/><figcaption class=\"wp-element-caption\">Stipe Bo\u017ei\u0107, poznati alpinist, pisac, fotograf, filmski snimatelj i redatelj<\/figcaption><\/figure>\n\n\n\n<p>Posebno zadovoljstvo organizatora je najaviti da \u0107e jedan od glavnih govornika konferencije biti Stipe Bo\u017ei\u0107, poznati alpinist, pisac, fotograf, filmski snimatelj i redatelj koji \u0107e odr\u017eati inspirativno predavanje na temu &#8220;Tradicionalna arhitektura diljem svijeta&#8221;. Podijelit \u0107e svoja iskustva s brojnih ekspedicija i sudionicima prikazati autohtonu arhitekturu s kojom se redovito susretao na mnogobrojnim putovanjima. Naglasak predavanja bit \u0107e i na prilago\u0111enosti vanjskim uvjetima i kori\u0161tenju lokalno dostupnih resursa za napredak dru\u0161tva i civilizacije.<\/p>\n\n\n\n<p><strong>Tijekom proteklih \u0161est godina, konferencija je okupila vi\u0161e od 5500 sudionika, ugostila 300 predava\u010da i predstavila 250 stru\u010dnih prezentacija te je prepoznata kao najva\u017eniji doga\u0111aj u podru\u010dju odr\u017eive gradnje u Hrvatskoj.<\/strong><\/p>\n\n\n\n<p><strong>Sredi\u0161nja konferencija o odr\u017eivoj gradnji odr\u017eat \u0107e se u periodu 21. studenog 2024. godine u Zagrebu.<\/strong><\/p>\n\n\n\n<p>Konferencija je prilika za razmjenu znanja i iskustava me\u0111u projektantima, in\u017eenjerima raznih tehni\u010dkih struka, investitorima, proizvo\u0111a\u010dima gra\u0111evnog materijala, developerima, predstavnicima javnog sektora, vlasnicima nekretnina, bankarima, energetskim stru\u010dnjacima i akademicima. S ciljem poticanja inovacija i odr\u017eivih rje\u0161enja u gra\u0111evinskom sektoru, konferencija \u0107e okupiti klju\u010dne dionike kako bi raspravljali o najnovijim trendovima i tehnologijama koji oblikuju budu\u0107nost odr\u017eive gradnje.<\/p>\n\n\n\n<h2 class=\"wp-block-heading\">Konferencija \u0107e ove godine obuhvatiti brojne va\u017ene teme poput:<\/h2>\n\n\n\n<ol class=\"wp-block-list\">\n<li>15 godina GBC Croatia<\/li>\n\n\n\n<li>Dekarbonizacija sektora zgradarstva<\/li>\n\n\n\n<li>DGNB Sustav \u2013 Evropski certifikat odr\u017eive gradnje<\/li>\n\n\n\n<li>Kru\u017eno gospodarstvo i klimatske promjene<\/li>\n\n\n\n<li>Odr\u017eivi proizvodi i tehnologije u graditeljstvu<\/li>\n\n\n\n<li>Smanjenje emisija CO<sub>2<\/sub> financiranjem odr\u017eivih projekata<\/li>\n<\/ol>\n\n\n\n<p>Va\u017eno je napomenuti i to da se program konferencije vrednuje u okviru Programa stalnog stru\u010dnog usavr\u0161avanja sa 8 sati.<\/p>\n\n\n\n<p>Sudjelovanje je besplatno, a prijavnicu i dodatne informacije mo\u017eete prona\u0107i na slede\u0107em <a href=\"https:\/\/gbccroatia.org\/services\/sredisnja-konferencija-o-odrzivoj-gradnji-studeni-2024\/\" target=\"_blank\" rel=\"noreferrer noopener\">linku.<\/a><\/p>\n\n\n\n<figure class=\"wp-block-image size-full is-resized\"><img decoding=\"async\" width=\"210\" height=\"115\" src=\"https:\/\/www.prozorivrata.com\/hr\/wp-content\/uploads\/sites\/4\/2024\/09\/image-1.png\" alt=\"\" class=\"wp-image-7795\" style=\"width:164px;height:auto\"><\/figure>\n\n\n\n<p>Hrvatski savjet za zelenu gradnju<br>Ul. grada Vukovara 274, 10000 Zagreb<br>T. +385 1 4886 296<br>F. +385 1 4886 297<br><a href=\"mailto:info@gbccroatia.org\" target=\"_blank\" rel=\"noreferrer noopener\">info@gbccroatia.org<\/a><br><a href=\"http:\/\/www.gbccroatia.org\" target=\"_blank\" rel=\"noreferrer noopener\">www.gbccroatia.org<\/a><\/p>\n","protected":false},"excerpt":{"rendered":"<p>Hrvatski savjet za zelenu gradnju, kao najve\u0107a organizacija u ovoj oblasti u Hrvatskoj, vi\u0161e od 10 godina radi na promicanju odr\u017eive gradnje, infrastrukture i zelene energije. Kao rezultat njihovog anga\u017emana imamo sve ve\u0107i rast i razvoj sve ve\u0107eg broja odr\u017eivih projekata na hrvatskom tr\u017ei\u0161tu. Konferencija, koju sada ve\u0107 mo\u017eemo nazvati tradicionalnom, u njihovoj organizaciji je [&hellip;]<\/p>\n","protected":false},"author":3,"featured_media":7799,"comment_status":"closed","ping_status":"closed","sticky":false,"template":"","format":"standard","meta":{"_FSMCFIC_featured_image_caption":"","_FSMCFIC_featured_image_nocaption":"","_FSMCFIC_featured_image_hide":"","footnotes":""},"categories":[47],"tags":[394,232,249,71,923,235],"class_list":["post-7794","post","type-post","status-publish","format-standard","has-post-thumbnail","hentry","category-novosti","tag-hrvatski-savjet-za-zelenu-gradnju","tag-konferencija","tag-odrziva-gradnja","tag-sajam","tag-sredisnja-konferencija-o-odrzivoj-gradnji","tag-zagreb"],"_links":{"self":[{"href":"https:\/\/www.prozorivrata.com\/hr\/wp-json\/wp\/v2\/posts\/7794","targetHints":{"allow":["GET"]}}],"collection":[{"href":"https:\/\/www.prozorivrata.com\/hr\/wp-json\/wp\/v2\/posts"}],"about":[{"href":"https:\/\/www.prozorivrata.com\/hr\/wp-json\/wp\/v2\/types\/post"}],"author":[{"embeddable":true,"href":"https:\/\/www.prozorivrata.com\/hr\/wp-json\/wp\/v2\/users\/3"}],"replies":[{"embeddable":true,"href":"https:\/\/www.prozorivrata.com\/hr\/wp-json\/wp\/v2\/comments?post=7794"}],"version-history":[{"count":2,"href":"https:\/\/www.prozorivrata.com\/hr\/wp-json\/wp\/v2\/posts\/7794\/revisions"}],"predecessor-version":[{"id":7804,"href":"https:\/\/www.prozorivrata.com\/hr\/wp-json\/wp\/v2\/posts\/7794\/revisions\/7804"}],"wp:featuredmedia":[{"embeddable":true,"href":"https:\/\/www.prozorivrata.com\/hr\/wp-json\/wp\/v2\/media\/7799"}],"wp:attachment":[{"href":"https:\/\/www.prozorivrata.com\/hr\/wp-json\/wp\/v2\/media?parent=7794"}],"wp:term":[{"taxonomy":"category","embeddable":true,"href":"https:\/\/www.prozorivrata.com\/hr\/wp-json\/wp\/v2\/categories?post=7794"},{"taxonomy":"post_tag","embeddable":true,"href":"https:\/\/www.prozorivrata.com\/hr\/wp-json\/wp\/v2\/tags?post=7794"}],"curies":[{"name":"wp","href":"https:\/\/api.w.org\/{rel}","templated":true}]}}