{"id":779,"date":"2019-06-28T08:12:18","date_gmt":"2019-06-28T08:12:18","guid":{"rendered":"https:\/\/www.prozorivrata.com\/hr\/sve-oci-usmjerene-u-pametnije-staklo\/"},"modified":"2020-04-05T18:39:11","modified_gmt":"2020-04-05T18:39:11","slug":"sve-oci-usmjerene-u-pametnije-staklo","status":"publish","type":"post","link":"https:\/\/www.prozorivrata.com\/hr\/sve-oci-usmjerene-u-pametnije-staklo\/","title":{"rendered":"Sve o\u010di usmjerene u pametnije staklo"},"content":{"rendered":"<p>Prezentacija ift stru\u010dnjaka Dr. Ansgar Rose na \u201cDanima o svojstvima stakla\u201d<\/p>\n<p>Ovogodi\u0161nji Dani o svojstvima stakla (DPS) su trajali od 25. do 28. lipnja u Finskoj. DPS je posve\u0107en globalnom razvoju stakla kroz edukaciju, organiziranjem konferencije u \u201cdomovini\u201d Finskoj, a svake dvije godine u Kini i Brazilu. U Finskoj, DPS, tako\u0111er, uklju\u010duje radionice i izlo\u017ebu stakla.<\/p>\n<p>Konferencija i radionice su obradile klju\u010dne teme vezane za industriju stakla, uklju\u010duju\u0107i i stalno mijenjanje zahtjeva urbanisti\u010dkog i gra\u0111evinskog planiranja, energetsku u\u010dinkovitost i ekolo\u0161ku kompatibilnost. Poseban fokus stavljen je na primjenu novih tehnologija u vezi sa staklima.<\/p>\n<figure id=\"attachment_17483\" aria-describedby=\"caption-attachment-17483\" style=\"width: 700px\" class=\"wp-caption alignnone\"><a href=\"https:\/\/www.prozorivrata.com\/wp-content\/uploads\/2019\/06\/Ponasanje-ISO-stakla-pod-uticajem-pritiska.jpg\"><img decoding=\"async\" class=\"size-full wp-image-17483\" src=\"https:\/\/www.prozorivrata.com\/wp-content\/uploads\/2019\/06\/Ponasanje-ISO-stakla-pod-uticajem-pritiska.jpg\" alt=\"Efekti deformacije izolacionog stakla\" width=\"700\" height=\"539\"><\/a><figcaption id=\"caption-attachment-17483\" class=\"wp-caption-text\">Efekti deformacije izolacionog stakla<\/figcaption><\/figure>\n<p>Kao ift stru\u010dnjak Dr. Ansgar Rose (ift Rosenheim) odr\u017eao je predavanje na temu: &#8220;Veliki prostori izme\u0111u panela su mogu\u0107i!&#8221; Naime, istra\u017eiva\u010dki projekt ift prikazuje na\u010dine za smanjivanje pritiska izolacijskog stakla (DEMIG). S ovom novom tehnologijom dokazana je u\u0161teda energije i u\u010dinkovitost prozora i ostakljenja, kao i instalirana za\u0161tita u prostoru izme\u0111u stakla. Istovremeno, mogu se izbje\u0107i klimatska optere\u0107enja na staklenim panelima i zabrtvljenim rubovima, \u010dime se spre\u010dava lom i propu\u0161tanje vode. Ova ograni\u010denja su izbjegnuta promjenom konstrukcije staklenih jedinica kroz izjedna\u010davanje pritiska izolacijskih stakala.<\/p>\n<figure id=\"attachment_17482\" aria-describedby=\"caption-attachment-17482\" style=\"width: 700px\" class=\"wp-caption alignnone\"><a href=\"https:\/\/www.prozorivrata.com\/wp-content\/uploads\/2019\/06\/Distancer-u-staklu.jpg\"><img decoding=\"async\" class=\"size-full wp-image-17482\" src=\"https:\/\/www.prozorivrata.com\/wp-content\/uploads\/2019\/06\/Distancer-u-staklu.jpg\" alt=\"Required spacer height to hold desiccant for 25 years\" width=\"700\" height=\"431\"><\/a><figcaption id=\"caption-attachment-17482\" class=\"wp-caption-text\">Required spacer height to hold desiccant for 25 years<\/figcaption><\/figure>\n<p>S firmama Iconic Skin i Swispacer ve\u0107 se radi na ovaj na\u010din i one su ve\u0107 sada dvije tvrtke koje su razvile nove proizvode za rastere\u0107enje pritiska izolacijskog stakla. To je znak da se industrija mora pripremiti za ovu temu i za postizanje specijalisti\u010dkih znanja iz ovog podru\u010dja.<\/p>\n<p><img decoding=\"async\" class=\"alignnone wp-image-10816\" src=\"https:\/\/www.prozorivrata.com\/wp-content\/uploads\/2017\/02\/ift-Rosenheim-logo.jpg\" alt=\"\" width=\"97\" height=\"114\"><\/p>\n<p><strong>ift Rosenheim<\/strong><br \/>\nTheodor-Gietl-Stra\u00dfe 7-9, 83026 Rosenheim, Germany<br \/>\nT +49 (08031) 261 0<br \/>\nF +49 (08031) 261 290<br \/>\n<a href=\"mailto:info@ift-rosenheim.de\" target=\"_blank\" rel=\"noopener noreferrer\">info@ift-rosenheim.de<\/a><br \/>\n<a href=\"http:\/\/www.ift-rosenheim.de\" target=\"_blank\" rel=\"noopener noreferrer\">www.ift-rosenheim.de<\/a><\/p>\n","protected":false},"excerpt":{"rendered":"<p>Prezentacija ift stru\u010dnjaka Dr. Ansgar Rose na \u201cDanima o svojstvima stakla\u201d Ovogodi\u0161nji Dani o svojstvima stakla (DPS) su trajali od 25. do 28. lipnja u Finskoj. DPS je posve\u0107en globalnom razvoju stakla kroz edukaciju, organiziranjem konferencije u \u201cdomovini\u201d Finskoj, a svake dvije godine u Kini i Brazilu. U Finskoj, DPS, tako\u0111er, uklju\u010duje radionice i izlo\u017ebu [&hellip;]<\/p>\n","protected":false},"author":3,"featured_media":780,"comment_status":"open","ping_status":"open","sticky":false,"template":"","format":"standard","meta":{"_FSMCFIC_featured_image_caption":"","_FSMCFIC_featured_image_nocaption":"","_FSMCFIC_featured_image_hide":"","footnotes":""},"categories":[22],"tags":[],"class_list":["post-779","post","type-post","status-publish","format-standard","has-post-thumbnail","hentry","category-staklo"],"_links":{"self":[{"href":"https:\/\/www.prozorivrata.com\/hr\/wp-json\/wp\/v2\/posts\/779","targetHints":{"allow":["GET"]}}],"collection":[{"href":"https:\/\/www.prozorivrata.com\/hr\/wp-json\/wp\/v2\/posts"}],"about":[{"href":"https:\/\/www.prozorivrata.com\/hr\/wp-json\/wp\/v2\/types\/post"}],"author":[{"embeddable":true,"href":"https:\/\/www.prozorivrata.com\/hr\/wp-json\/wp\/v2\/users\/3"}],"replies":[{"embeddable":true,"href":"https:\/\/www.prozorivrata.com\/hr\/wp-json\/wp\/v2\/comments?post=779"}],"version-history":[{"count":1,"href":"https:\/\/www.prozorivrata.com\/hr\/wp-json\/wp\/v2\/posts\/779\/revisions"}],"predecessor-version":[{"id":814,"href":"https:\/\/www.prozorivrata.com\/hr\/wp-json\/wp\/v2\/posts\/779\/revisions\/814"}],"wp:featuredmedia":[{"embeddable":true,"href":"https:\/\/www.prozorivrata.com\/hr\/wp-json\/wp\/v2\/media\/780"}],"wp:attachment":[{"href":"https:\/\/www.prozorivrata.com\/hr\/wp-json\/wp\/v2\/media?parent=779"}],"wp:term":[{"taxonomy":"category","embeddable":true,"href":"https:\/\/www.prozorivrata.com\/hr\/wp-json\/wp\/v2\/categories?post=779"},{"taxonomy":"post_tag","embeddable":true,"href":"https:\/\/www.prozorivrata.com\/hr\/wp-json\/wp\/v2\/tags?post=779"}],"curies":[{"name":"wp","href":"https:\/\/api.w.org\/{rel}","templated":true}]}}