{"id":7736,"date":"2024-09-17T09:17:00","date_gmt":"2024-09-17T08:17:00","guid":{"rendered":"https:\/\/www.prozorivrata.com\/hr\/?p=7736"},"modified":"2024-09-16T10:19:11","modified_gmt":"2024-09-16T09:19:11","slug":"ambienta-2024-nacionalni-sajam-namjestaja-prostornog-uredenja-i-pratece-industrije-na-zagrebackom-velesajmu","status":"publish","type":"post","link":"https:\/\/www.prozorivrata.com\/hr\/ambienta-2024-nacionalni-sajam-namjestaja-prostornog-uredenja-i-pratece-industrije-na-zagrebackom-velesajmu\/","title":{"rendered":"AMBIENTA 2024: Nacionalni sajam namje\u0161taja, prostornog ure\u0111enja i prate\u0107e industrije na Zagreba\u010dkom Velesajmu"},"content":{"rendered":"\n<p><strong>Ambienta, vode\u0107i nacionalni doga\u0111aj za sve ljubitelje namje\u0161taja, dizajna interijera i opremanja prostora, odr\u017eat \u0107e se na Zagreba\u010dkom velesajmu od 17. do 20. listopada!<\/strong> Kroz \u010detiri dana, Ambienta okuplja klju\u010dne dionike iz drvne i industrije namje\u0161taja \u2013 proizvo\u0111a\u010de, dizajnere, poslovne ljude i krajnje kupce \u2013 na jednom mjestu, stvaraju\u0107i priliku za otkrivanje najnovijih trendova koji redefiniraju suvremeni dizajn interijera i mijenjaju na\u010din na koji do\u017eivljavamo opremanje prostora.<br><strong>Ambienta nije samo sajam; ona je sredi\u0161nje mjesto susreta gdje se kreativci i proizvo\u0111a\u010di spajaju, poti\u010du nadahnu\u0107e, razmjenjuju ideje i oblikuju nove estetske koncepte.<\/strong><\/p>\n\n\n\n<figure class=\"wp-block-image size-large\"><img decoding=\"async\" width=\"1024\" height=\"538\" src=\"https:\/\/www.prozorivrata.com\/hr\/wp-content\/uploads\/sites\/4\/2024\/09\/Ambienta-2024-nacionalni-sajam-namjestaja-prostornog-uredjenja-i-pratece-industrije-na-Zagrebackom-velesajmu-foto-Ambienta-1024x538.jpg\" alt=\"Nacionalni sajam namje\u0161taja, prostornog ure\u0111enja i prate\u0107e industrije na Zagreba\u010dkom velesajmu: Ambienta 2024.\" class=\"wp-image-7738\" srcset=\"https:\/\/www.prozorivrata.com\/hr\/wp-content\/uploads\/sites\/4\/2024\/09\/Ambienta-2024-nacionalni-sajam-namjestaja-prostornog-uredjenja-i-pratece-industrije-na-Zagrebackom-velesajmu-foto-Ambienta-1024x538.jpg 1024w, https:\/\/www.prozorivrata.com\/hr\/wp-content\/uploads\/sites\/4\/2024\/09\/Ambienta-2024-nacionalni-sajam-namjestaja-prostornog-uredjenja-i-pratece-industrije-na-Zagrebackom-velesajmu-foto-Ambienta-300x158.jpg 300w, https:\/\/www.prozorivrata.com\/hr\/wp-content\/uploads\/sites\/4\/2024\/09\/Ambienta-2024-nacionalni-sajam-namjestaja-prostornog-uredjenja-i-pratece-industrije-na-Zagrebackom-velesajmu-foto-Ambienta-768x403.jpg 768w, https:\/\/www.prozorivrata.com\/hr\/wp-content\/uploads\/sites\/4\/2024\/09\/Ambienta-2024-nacionalni-sajam-namjestaja-prostornog-uredjenja-i-pratece-industrije-na-Zagrebackom-velesajmu-foto-Ambienta-750x394.jpg 750w, https:\/\/www.prozorivrata.com\/hr\/wp-content\/uploads\/sites\/4\/2024\/09\/Ambienta-2024-nacionalni-sajam-namjestaja-prostornog-uredjenja-i-pratece-industrije-na-Zagrebackom-velesajmu-foto-Ambienta-1140x599.jpg 1140w, https:\/\/www.prozorivrata.com\/hr\/wp-content\/uploads\/sites\/4\/2024\/09\/Ambienta-2024-nacionalni-sajam-namjestaja-prostornog-uredjenja-i-pratece-industrije-na-Zagrebackom-velesajmu-foto-Ambienta.jpg 1200w\" sizes=\"(max-width: 1024px) 100vw, 1024px\" \/><figcaption class=\"wp-element-caption\">Nacionalni sajam namje\u0161taja, prostornog ure\u0111enja i prate\u0107e industrije na Zagreba\u010dkom velesajmu: Ambienta 2024\/ foto: Ambienta<\/figcaption><\/figure>\n\n\n\n<p>U paviljonima Zagreba\u010dkog velesajma o\u010dekuje vas bogata ponuda renomiranih proizvo\u0111a\u010da iz svih segmenata opremanja doma: namje\u0161taj, kuhinje, kupaonice, rasvjeta, parketi, dekoracije, prozori, vrata, mali ku\u0107anski aparati i vrtni namje\u0161taj. Prona\u0111ite inspiraciju za optimalna rje\u0161enja u ure\u0111enju va\u0161eg doma ili poslovnog prostora.<\/p>\n\n\n\n<figure class=\"wp-block-image size-large\"><img decoding=\"async\" width=\"1024\" height=\"492\" src=\"https:\/\/www.prozorivrata.com\/hr\/wp-content\/uploads\/sites\/4\/2024\/09\/2024-Ambienta-spavaca-soba-nacionalni-sajam-namjestaja-prostornog-uredjenja-i-pratece-industrije-na-Zagrebackom-Velesajmu-foto-Ambienta-1024x492.jpg\" alt=\"Ambienta 2024: Nacionalni sajam namje\u0161taja, prostornog ure\u0111enja i prate\u0107e industrije na Zagreba\u010dkom Velesajmu\" class=\"wp-image-7744\" srcset=\"https:\/\/www.prozorivrata.com\/hr\/wp-content\/uploads\/sites\/4\/2024\/09\/2024-Ambienta-spavaca-soba-nacionalni-sajam-namjestaja-prostornog-uredjenja-i-pratece-industrije-na-Zagrebackom-Velesajmu-foto-Ambienta-1024x492.jpg 1024w, https:\/\/www.prozorivrata.com\/hr\/wp-content\/uploads\/sites\/4\/2024\/09\/2024-Ambienta-spavaca-soba-nacionalni-sajam-namjestaja-prostornog-uredjenja-i-pratece-industrije-na-Zagrebackom-Velesajmu-foto-Ambienta-300x144.jpg 300w, https:\/\/www.prozorivrata.com\/hr\/wp-content\/uploads\/sites\/4\/2024\/09\/2024-Ambienta-spavaca-soba-nacionalni-sajam-namjestaja-prostornog-uredjenja-i-pratece-industrije-na-Zagrebackom-Velesajmu-foto-Ambienta-768x369.jpg 768w, https:\/\/www.prozorivrata.com\/hr\/wp-content\/uploads\/sites\/4\/2024\/09\/2024-Ambienta-spavaca-soba-nacionalni-sajam-namjestaja-prostornog-uredjenja-i-pratece-industrije-na-Zagrebackom-Velesajmu-foto-Ambienta-750x360.jpg 750w, https:\/\/www.prozorivrata.com\/hr\/wp-content\/uploads\/sites\/4\/2024\/09\/2024-Ambienta-spavaca-soba-nacionalni-sajam-namjestaja-prostornog-uredjenja-i-pratece-industrije-na-Zagrebackom-Velesajmu-foto-Ambienta-1140x548.jpg 1140w, https:\/\/www.prozorivrata.com\/hr\/wp-content\/uploads\/sites\/4\/2024\/09\/2024-Ambienta-spavaca-soba-nacionalni-sajam-namjestaja-prostornog-uredjenja-i-pratece-industrije-na-Zagrebackom-Velesajmu-foto-Ambienta.jpg 1168w\" sizes=\"(max-width: 1024px) 100vw, 1024px\" \/><figcaption class=\"wp-element-caption\">Ambienta 2024: Nacionalni sajam namje\u0161taja, prostornog ure\u0111enja i prate\u0107e industrije na Zagreba\u010dkom Velesajmu \/ foto: Ambienta<\/figcaption><\/figure>\n\n\n\n<p>Posebna partnerstva i inovativni koncepti ove godine, uz partnerstvo s renomiranim brendom <strong>Powered by MEBLO<\/strong>, Ambienta donosi niz pa\u017eljivo osmi\u0161ljenih tematskih cjelina.<strong> Design Zone istaknut \u0107e dizajnerski namje\u0161taj i proizvode vrhunskih tvrtki, dok \u0107e Art Box okupiti umjetnike, galeriste i kolekcionare.<\/strong><br><strong>S ponosom najavljujemo i inovativni projekt Ambienta &amp; Muzeji.<\/strong> U suradnji s Galerijom Klovi\u0107evi dvori, Muzejom suvremene umjetnosti i Etnografskim muzejom, ovaj projekt spaja sajamski brend s bogatom kulturnom ba\u0161tinom Hrvatske kroz prizmu suvremenog dizajna. Showroom hrvatskih proizvo\u0111a\u010da namje\u0161taja bit \u0107e postavljen u foajeima muzeja (Meblo (MSU) i Il Leor (Klovi\u0107evi), uz projekciju edukativnih dokumentarnih filmova o Zagreba\u010dkom velesajmu. Posebna pogodnost je zajedni\u010dka ulaznica koja omogu\u0107uje ulazak na Ambientu i razgledavanje izlo\u017ebi u jednom od tri muzeja.<\/p>\n\n\n\n<figure class=\"wp-block-image size-full\"><img decoding=\"async\" width=\"1000\" height=\"1000\" src=\"https:\/\/www.prozorivrata.com\/hr\/wp-content\/uploads\/sites\/4\/2024\/09\/Nacionalni-sajam-namjestaja-prostornog-uredjenja-i-pratece-industrije-na-Zagrebackom-Velesajmu-foto-Ambienta.jpg\" alt=\"Nacionalni sajam namje\u0161taja, prostornog ure\u0111enja i prate\u0107e industrije na Zagreba\u010dkom Velesajmu Ambienta 2024.\" class=\"wp-image-7740\" srcset=\"https:\/\/www.prozorivrata.com\/hr\/wp-content\/uploads\/sites\/4\/2024\/09\/Nacionalni-sajam-namjestaja-prostornog-uredjenja-i-pratece-industrije-na-Zagrebackom-Velesajmu-foto-Ambienta.jpg 1000w, https:\/\/www.prozorivrata.com\/hr\/wp-content\/uploads\/sites\/4\/2024\/09\/Nacionalni-sajam-namjestaja-prostornog-uredjenja-i-pratece-industrije-na-Zagrebackom-Velesajmu-foto-Ambienta-300x300.jpg 300w, https:\/\/www.prozorivrata.com\/hr\/wp-content\/uploads\/sites\/4\/2024\/09\/Nacionalni-sajam-namjestaja-prostornog-uredjenja-i-pratece-industrije-na-Zagrebackom-Velesajmu-foto-Ambienta-150x150.jpg 150w, https:\/\/www.prozorivrata.com\/hr\/wp-content\/uploads\/sites\/4\/2024\/09\/Nacionalni-sajam-namjestaja-prostornog-uredjenja-i-pratece-industrije-na-Zagrebackom-Velesajmu-foto-Ambienta-768x768.jpg 768w, https:\/\/www.prozorivrata.com\/hr\/wp-content\/uploads\/sites\/4\/2024\/09\/Nacionalni-sajam-namjestaja-prostornog-uredjenja-i-pratece-industrije-na-Zagrebackom-Velesajmu-foto-Ambienta-75x75.jpg 75w, https:\/\/www.prozorivrata.com\/hr\/wp-content\/uploads\/sites\/4\/2024\/09\/Nacionalni-sajam-namjestaja-prostornog-uredjenja-i-pratece-industrije-na-Zagrebackom-Velesajmu-foto-Ambienta-350x350.jpg 350w, https:\/\/www.prozorivrata.com\/hr\/wp-content\/uploads\/sites\/4\/2024\/09\/Nacionalni-sajam-namjestaja-prostornog-uredjenja-i-pratece-industrije-na-Zagrebackom-Velesajmu-foto-Ambienta-750x750.jpg 750w\" sizes=\"(max-width: 1000px) 100vw, 1000px\" \/><figcaption class=\"wp-element-caption\">Nacionalni sajam namje\u0161taja, prostornog ure\u0111enja i prate\u0107e industrije na Zagreba\u010dkom Velesajmu Ambienta 2024\/ foto: Ambienta<\/figcaption><\/figure>\n\n\n\n<p><strong>Nove Atrakcije:<\/strong> Umjetnost i Ekskluzivne Izlo\u017ebe Ambienta donosi i poseban kulturni dodatak \u2013 Izlo\u017ebu velikih formata: 100 slikara 21. stolje\u0107a. Ova dosad nevi\u0111ena privatna kolekcija slika velikog formata, koja obuhva\u0107a radove hrvatskih likovnih umjetnika, po prvi \u0107e put biti predstavljena javnosti, \u010dime se dodatno oboga\u0107uje kulturna dimenzija ovog doga\u0111aja.<\/p>\n\n\n\n<figure class=\"wp-block-image size-large\"><img decoding=\"async\" width=\"1024\" height=\"717\" src=\"https:\/\/www.prozorivrata.com\/hr\/wp-content\/uploads\/sites\/4\/2024\/09\/nacionalni-sajam-namjestaja-Ambiente-2024-foto-Ambiente-1024x717.jpg\" alt=\"Nacionalni sajam namje\u0161taja, prostornog ure\u0111enja i prate\u0107e industrije na Zagreba\u010dkom Velesajmu Ambienta 2024.\" class=\"wp-image-7741\" srcset=\"https:\/\/www.prozorivrata.com\/hr\/wp-content\/uploads\/sites\/4\/2024\/09\/nacionalni-sajam-namjestaja-Ambiente-2024-foto-Ambiente-1024x717.jpg 1024w, https:\/\/www.prozorivrata.com\/hr\/wp-content\/uploads\/sites\/4\/2024\/09\/nacionalni-sajam-namjestaja-Ambiente-2024-foto-Ambiente-300x210.jpg 300w, https:\/\/www.prozorivrata.com\/hr\/wp-content\/uploads\/sites\/4\/2024\/09\/nacionalni-sajam-namjestaja-Ambiente-2024-foto-Ambiente-768x538.jpg 768w, https:\/\/www.prozorivrata.com\/hr\/wp-content\/uploads\/sites\/4\/2024\/09\/nacionalni-sajam-namjestaja-Ambiente-2024-foto-Ambiente-750x525.jpg 750w, https:\/\/www.prozorivrata.com\/hr\/wp-content\/uploads\/sites\/4\/2024\/09\/nacionalni-sajam-namjestaja-Ambiente-2024-foto-Ambiente-1140x798.jpg 1140w, https:\/\/www.prozorivrata.com\/hr\/wp-content\/uploads\/sites\/4\/2024\/09\/nacionalni-sajam-namjestaja-Ambiente-2024-foto-Ambiente.jpg 1200w\" sizes=\"(max-width: 1024px) 100vw, 1024px\" \/><figcaption class=\"wp-element-caption\">Nacionalni sajam namje\u0161taja, prostornog ure\u0111enja i prate\u0107e industrije na Zagreba\u010dkom Velesajmu Ambienta 2024\/ foto: Ambienta<\/figcaption><\/figure>\n\n\n\n<p><strong>Spoj tradicije, inovacije i podr\u0161ke Ambienta predstavlja sintezu tradicije i suvremenog dizajna i funkcionalnosti<\/strong>. Kroz raznovrsnu ponudu, posjetitelji mogu ste\u0107i uvid u najnovije trendove u industriji namje\u0161taja, a sajam iznova svakim izdanjem potvr\u0111uje svoju relevantnost i snagu u drvno-prera\u0111iva\u010dkoj industriji.<br><strong><a href=\"https:\/\/www.prozorivrata.com\/hr\/wp-admin\/post.php?post=7111&amp;action=edit\" target=\"_blank\" rel=\"noreferrer noopener\">Ambienta<\/a> u\u017eiva sna\u017enu podr\u0161ku svojih vjernih izlaga\u010da i profesionalaca iz industrije, ali i institucionalnu potporu Ministarstva poljoprivrede, Grada Zagreba, Hrvatske gospodarske komore (HGK), HOK \u2013 Obrtni\u010dka komora Zagreb i Hrvatskih \u0161uma.<\/strong><\/p>\n\n\n\n<figure class=\"wp-block-image size-full\"><img decoding=\"async\" width=\"1000\" height=\"1000\" src=\"https:\/\/www.prozorivrata.com\/hr\/wp-content\/uploads\/sites\/4\/2024\/09\/2024-Ambienta-Nacionalni-sajam-namjestaja-prostornog-uredjenja-i-pratece-industrije-na-Zagrebackom-Velesajmu-foto-Ambienta.jpg\" alt=\"Nacionalni sajam namje\u0161taja, prostornog ure\u0111enja i prate\u0107e industrije na Zagreba\u010dkom Velesajmu Ambienta 2024.\" class=\"wp-image-7742\" srcset=\"https:\/\/www.prozorivrata.com\/hr\/wp-content\/uploads\/sites\/4\/2024\/09\/2024-Ambienta-Nacionalni-sajam-namjestaja-prostornog-uredjenja-i-pratece-industrije-na-Zagrebackom-Velesajmu-foto-Ambienta.jpg 1000w, https:\/\/www.prozorivrata.com\/hr\/wp-content\/uploads\/sites\/4\/2024\/09\/2024-Ambienta-Nacionalni-sajam-namjestaja-prostornog-uredjenja-i-pratece-industrije-na-Zagrebackom-Velesajmu-foto-Ambienta-300x300.jpg 300w, https:\/\/www.prozorivrata.com\/hr\/wp-content\/uploads\/sites\/4\/2024\/09\/2024-Ambienta-Nacionalni-sajam-namjestaja-prostornog-uredjenja-i-pratece-industrije-na-Zagrebackom-Velesajmu-foto-Ambienta-150x150.jpg 150w, https:\/\/www.prozorivrata.com\/hr\/wp-content\/uploads\/sites\/4\/2024\/09\/2024-Ambienta-Nacionalni-sajam-namjestaja-prostornog-uredjenja-i-pratece-industrije-na-Zagrebackom-Velesajmu-foto-Ambienta-768x768.jpg 768w, https:\/\/www.prozorivrata.com\/hr\/wp-content\/uploads\/sites\/4\/2024\/09\/2024-Ambienta-Nacionalni-sajam-namjestaja-prostornog-uredjenja-i-pratece-industrije-na-Zagrebackom-Velesajmu-foto-Ambienta-75x75.jpg 75w, https:\/\/www.prozorivrata.com\/hr\/wp-content\/uploads\/sites\/4\/2024\/09\/2024-Ambienta-Nacionalni-sajam-namjestaja-prostornog-uredjenja-i-pratece-industrije-na-Zagrebackom-Velesajmu-foto-Ambienta-350x350.jpg 350w, https:\/\/www.prozorivrata.com\/hr\/wp-content\/uploads\/sites\/4\/2024\/09\/2024-Ambienta-Nacionalni-sajam-namjestaja-prostornog-uredjenja-i-pratece-industrije-na-Zagrebackom-Velesajmu-foto-Ambienta-750x750.jpg 750w\" sizes=\"(max-width: 1000px) 100vw, 1000px\" \/><figcaption class=\"wp-element-caption\">Nacionalni sajam namje\u0161taja, prostornog ure\u0111enja i prate\u0107e industrije na Zagreba\u010dkom Velesajmu Ambienta 2024\/ foto: Ambienta<\/figcaption><\/figure>\n\n\n\n<p>U istom terminu odr\u017eat \u0107e se jedan od najve\u0107ih sajmova kulture gra\u0111enja i odr\u017eivog razvoja u regiji na kojem izla\u017eu vode\u0107i proizvo\u0111a\u010di i dobavlja\u010di opreme, materijala i rje\u0161enja u arhitekturi i graditeljstvu \u2013 ArhiBau.<\/p>\n\n\n\n<p>Za sve posjetitelje s kupljenom ulaznicom, pripremili smo i nagradnu igru s atraktivnim nagradama.<strong> Glavna nagrada je opremanje doma u Meblu u vrijednosti 7.000 eura. <\/strong>Ne propustite priliku sudjelovati na jedinom nacionalnom sajmu namje\u0161taja u Hrvatskoj \u2013 dobrodo\u0161li na Ambientu 2024!<\/p>\n\n\n\n<figure class=\"wp-block-image size-full is-resized\"><img decoding=\"async\" width=\"500\" height=\"103\" src=\"https:\/\/www.prozorivrata.com\/hr\/wp-content\/uploads\/sites\/4\/2022\/09\/Ambienta-sajam-logo.jpg\" alt=\"Ambienta logo\" class=\"wp-image-5304\" style=\"width:200px\" srcset=\"https:\/\/www.prozorivrata.com\/hr\/wp-content\/uploads\/sites\/4\/2022\/09\/Ambienta-sajam-logo.jpg 500w, https:\/\/www.prozorivrata.com\/hr\/wp-content\/uploads\/sites\/4\/2022\/09\/Ambienta-sajam-logo-300x62.jpg 300w\" sizes=\"(max-width: 500px) 100vw, 500px\" \/><\/figure>\n\n\n\n<p>ZAGREBA\u010cKI VELESAJAM, d.o.o.<br>Avenija Dubrovnik 15, 10020 Zagreb, Hrvatska<br>T. +385 1 6503 111<br><a href=\"http:\/\/www.zv.hr\" target=\"_blank\" rel=\"noreferrer noopener\">www.zv.hr<\/a><br><a href=\"mailto:zv.ambienta@zv.hr\" target=\"_blank\" rel=\"noreferrer noopener\">zv.ambienta@zv.hr<\/a><\/p>\n","protected":false},"excerpt":{"rendered":"<p>Ambienta, vode\u0107i nacionalni doga\u0111aj za sve ljubitelje namje\u0161taja, dizajna interijera i opremanja prostora, odr\u017eat \u0107e se na Zagreba\u010dkom velesajmu od 17. do 20. listopada! Kroz \u010detiri dana, Ambienta okuplja klju\u010dne dionike iz drvne i industrije namje\u0161taja \u2013 proizvo\u0111a\u010de, dizajnere, poslovne ljude i krajnje kupce \u2013 na jednom mjestu, stvaraju\u0107i priliku za otkrivanje najnovijih trendova koji [&hellip;]<\/p>\n","protected":false},"author":3,"featured_media":7737,"comment_status":"closed","ping_status":"closed","sticky":false,"template":"","format":"standard","meta":{"_FSMCFIC_featured_image_caption":"","_FSMCFIC_featured_image_nocaption":"","_FSMCFIC_featured_image_hide":"","footnotes":""},"categories":[47],"tags":[508,914,777,775],"class_list":["post-7736","post","type-post","status-publish","format-standard","has-post-thumbnail","hentry","category-novosti","tag-ambienta","tag-opremanje-doma","tag-sajam-namjestaja","tag-zagrebacki-velesajam"],"_links":{"self":[{"href":"https:\/\/www.prozorivrata.com\/hr\/wp-json\/wp\/v2\/posts\/7736","targetHints":{"allow":["GET"]}}],"collection":[{"href":"https:\/\/www.prozorivrata.com\/hr\/wp-json\/wp\/v2\/posts"}],"about":[{"href":"https:\/\/www.prozorivrata.com\/hr\/wp-json\/wp\/v2\/types\/post"}],"author":[{"embeddable":true,"href":"https:\/\/www.prozorivrata.com\/hr\/wp-json\/wp\/v2\/users\/3"}],"replies":[{"embeddable":true,"href":"https:\/\/www.prozorivrata.com\/hr\/wp-json\/wp\/v2\/comments?post=7736"}],"version-history":[{"count":2,"href":"https:\/\/www.prozorivrata.com\/hr\/wp-json\/wp\/v2\/posts\/7736\/revisions"}],"predecessor-version":[{"id":7745,"href":"https:\/\/www.prozorivrata.com\/hr\/wp-json\/wp\/v2\/posts\/7736\/revisions\/7745"}],"wp:featuredmedia":[{"embeddable":true,"href":"https:\/\/www.prozorivrata.com\/hr\/wp-json\/wp\/v2\/media\/7737"}],"wp:attachment":[{"href":"https:\/\/www.prozorivrata.com\/hr\/wp-json\/wp\/v2\/media?parent=7736"}],"wp:term":[{"taxonomy":"category","embeddable":true,"href":"https:\/\/www.prozorivrata.com\/hr\/wp-json\/wp\/v2\/categories?post=7736"},{"taxonomy":"post_tag","embeddable":true,"href":"https:\/\/www.prozorivrata.com\/hr\/wp-json\/wp\/v2\/tags?post=7736"}],"curies":[{"name":"wp","href":"https:\/\/api.w.org\/{rel}","templated":true}]}}