{"id":768,"date":"2019-10-24T07:13:55","date_gmt":"2019-10-24T07:13:55","guid":{"rendered":"https:\/\/www.prozorivrata.com\/hr\/12-dani-pasivne-kuce-u-hrvatskoj-energetski-visokoucinkovita-arhitektura-i-gradnja\/"},"modified":"2024-09-27T19:54:49","modified_gmt":"2024-09-27T18:54:49","slug":"12-dani-pasivne-kuce-u-hrvatskoj-energetski-visokoucinkovita-arhitektura-i-gradnja","status":"publish","type":"post","link":"https:\/\/www.prozorivrata.com\/hr\/12-dani-pasivne-kuce-u-hrvatskoj-energetski-visokoucinkovita-arhitektura-i-gradnja\/","title":{"rendered":"12. dani pasivne ku\u0107e u Hrvatskoj &#8211; Energetski visokou\u010dinkovita arhitektura i gradnja"},"content":{"rendered":"\n<h4 class=\"wp-block-heading\">8.- 10. studeni 2019.<br>Arhitektonski fakultet \/ Faculty of Architecture, Fra A. Ka\u010dida Mio\u0161ida 26, 10 000 Zagreb, HR<\/h4>\n\n\n\n<p>Po\u0161tovani,<\/p>\n\n\n\n<p>Obavje\u0161tavamo Vas o odr\u017eavanju<strong> trodnevnog me\u0111unarodnog skupa s izlo\u017ebom i stru\u010dnim obilascima<\/strong>. Dvanaestu godinu zaredom \u0107emo govoriti o najnaprednijoj <strong>energetski visoko u\u010dinkovitoj arhitekturi i gradnji energetskog standarda pasivne ku\u0107e, odnosno energetskog razreda A+ novogradnje i obnove do <\/strong><strong>&#8220;faktora 10&#8221;<\/strong>. Skup se organizira pod najvi\u0161im pokroviteljstvima u suradnji s vode\u0107im institucijama i stru\u010dnim udrugama.<\/p>\n\n\n\n<p><strong>12. Dani pasivne ku\u0107e u Hrvatskoj<\/strong> su ishodi\u0161te stru\u010dno utemeljenih spoznaja i ostvarenih najboljih praksi novih i obnovljenih zgrada u Hrvatskoj i inozemstvu, uskla\u0111enih s definicijama novih tipova pasivnih ku\u0107a plus i premium, njihovoj certifikaciji i odnosu prema definiciji energetski gotovo nulte gradnje.<\/p>\n\n\n\n<p><strong>Prikazat \u0107e se<\/strong> funkcionalno razli\u010diti projekti i ostvarenja, promovirat \u0107e se novi gra\u0111evinski materijali i instalacijski sustavi te oprema visoke<a href=\"https:\/\/www.prozorivrata.com\/lineal-savrsene-energetski-ucinkovite-prozore-i-vrata\/\" target=\"_blank\" rel=\"noopener noreferrer\"> energetske u\u010dinkovitosti<\/a>. Trajne su i teme zakonskog okvira RH i EU te modeli investiranja uklju\u010duju\u0107i poticaje i potpore. Izvorna iskustva planiranja, projektiranja i ostvarenja u Hrvatskoj prikazujemo i komentiramo iz regionalnalnih centara.<\/p>\n\n\n\n<p><strong>Pozivamo<\/strong> stru\u010dnjake, nastavnike, studente i u\u010denike, projektante, izvo\u0111a\u010de, proizvo\u0111a\u010de, izlaga\u010de, investitore, banke, predstavnike gradova, \u017eupanija, lokalne uprave, fondova, udruge i institucije te sve zainteresirane gra\u0111ane na aktivno sudjelovanje, kako bi i 12. Dani pasivne ku\u0107e postigli visoku razinu razmjene i stjecanja novih znanja uz kolegijalno dru\u017eenje.<\/p>\n\n\n\n<p>S po\u0161tovanjem,<\/p>\n\n\n\n<p>Za Organizacijski odbor<br>Red.prof.art. Ljubomir Mi\u0161\u010devi\u0107, dipl.ing.arh.<br>Voditelj Konzorcija pasivna ku\u0107a Hrvatska<\/p>\n\n\n\n<p>Online prijavnica: <a href=\"https:\/\/www.kpk.hr\/\" target=\"_blank\" rel=\"noreferrer noopener\">www.kpk.hr<\/a><\/p>\n\n\n\n<p>Sudjelovanje na stru\u010dnom skupu boduje se u sklopu Programa stalnog stru\u010dnog usavr\u0161avanja Hrvatske komore arhitekata s 2 boda.<\/p>\n\n\n\n<p><a href=\"http:\/\/info@kpk.hr\" target=\"_blank\" rel=\"noopener noreferrer\">info@kpk.hr<\/a><br><a href=\"http:\/\/miscevic@arhitekt.hr\" target=\"_blank\" rel=\"noopener noreferrer\">miscevic@arhitekt.hr<\/a><br><a href=\"http:\/\/sunarh@sunarh.hr\" target=\"_blank\" rel=\"noopener noreferrer\">sunarh@sunarh.hr<\/a><\/p>\n\n\n\n<p><a href=\"https:\/\/www.kpk.hr\/\" target=\"_blank\" rel=\"noreferrer noopener\">www.kpk.hr <\/a><br><a href=\"https:\/\/www.arhitekt.hr\/\" target=\"_blank\" rel=\"noreferrer noopener\">www.arhitekt.hr<\/a><br>tel.: (+385) 1 4639394, 1 4639628, 098230940<\/p>\n\n\n\n<p><\/p>\n","protected":false},"excerpt":{"rendered":"<p>8.- 10. studeni 2019.Arhitektonski fakultet \/ Faculty of Architecture, Fra A. Ka\u010dida Mio\u0161ida 26, 10 000 Zagreb, HR Po\u0161tovani, Obavje\u0161tavamo Vas o odr\u017eavanju trodnevnog me\u0111unarodnog skupa s izlo\u017ebom i stru\u010dnim obilascima. Dvanaestu godinu zaredom \u0107emo govoriti o najnaprednijoj energetski visoko u\u010dinkovitoj arhitekturi i gradnji energetskog standarda pasivne ku\u0107e, odnosno energetskog razreda A+ novogradnje i obnove [&hellip;]<\/p>\n","protected":false},"author":3,"featured_media":769,"comment_status":"open","ping_status":"open","sticky":false,"template":"","format":"standard","meta":{"_FSMCFIC_featured_image_caption":"","_FSMCFIC_featured_image_nocaption":"","_FSMCFIC_featured_image_hide":"","footnotes":""},"categories":[47],"tags":[246,240,245,242],"class_list":["post-768","post","type-post","status-publish","format-standard","has-post-thumbnail","hentry","category-novosti","tag-dani-pasivne-kuce","tag-edukacija","tag-konzorcij-pasivna-kuca-hrvatska","tag-ljubomir-miscevic"],"_links":{"self":[{"href":"https:\/\/www.prozorivrata.com\/hr\/wp-json\/wp\/v2\/posts\/768","targetHints":{"allow":["GET"]}}],"collection":[{"href":"https:\/\/www.prozorivrata.com\/hr\/wp-json\/wp\/v2\/posts"}],"about":[{"href":"https:\/\/www.prozorivrata.com\/hr\/wp-json\/wp\/v2\/types\/post"}],"author":[{"embeddable":true,"href":"https:\/\/www.prozorivrata.com\/hr\/wp-json\/wp\/v2\/users\/3"}],"replies":[{"embeddable":true,"href":"https:\/\/www.prozorivrata.com\/hr\/wp-json\/wp\/v2\/comments?post=768"}],"version-history":[{"count":2,"href":"https:\/\/www.prozorivrata.com\/hr\/wp-json\/wp\/v2\/posts\/768\/revisions"}],"predecessor-version":[{"id":7822,"href":"https:\/\/www.prozorivrata.com\/hr\/wp-json\/wp\/v2\/posts\/768\/revisions\/7822"}],"wp:featuredmedia":[{"embeddable":true,"href":"https:\/\/www.prozorivrata.com\/hr\/wp-json\/wp\/v2\/media\/769"}],"wp:attachment":[{"href":"https:\/\/www.prozorivrata.com\/hr\/wp-json\/wp\/v2\/media?parent=768"}],"wp:term":[{"taxonomy":"category","embeddable":true,"href":"https:\/\/www.prozorivrata.com\/hr\/wp-json\/wp\/v2\/categories?post=768"},{"taxonomy":"post_tag","embeddable":true,"href":"https:\/\/www.prozorivrata.com\/hr\/wp-json\/wp\/v2\/tags?post=768"}],"curies":[{"name":"wp","href":"https:\/\/api.w.org\/{rel}","templated":true}]}}