{"id":7376,"date":"2024-07-16T14:43:13","date_gmt":"2024-07-16T13:43:13","guid":{"rendered":"https:\/\/www.prozorivrata.com\/hr\/?p=7376"},"modified":"2024-07-16T14:43:20","modified_gmt":"2024-07-16T13:43:20","slug":"fensterbau-frontale-holz-handwerk-2024","status":"publish","type":"post","link":"https:\/\/www.prozorivrata.com\/hr\/fensterbau-frontale-holz-handwerk-2024\/","title":{"rendered":"FENSTERBAU FRONTALE &amp; HOLZ-HANDWERK 2024"},"content":{"rendered":"\n<p><strong><br>Sajamska kombinacija HOLZ-HANDWERK i FENSTERBAU FRONTALE <\/strong>sada se vratila na svoj uobi\u010dajeni proljetni datum &#8211; i to sa velikim uspjehom.<br>Tijekom<strong> \u010detiri dana, ukupno oko 75.000 posjetitelja iz 112 zemalja <\/strong>okupilo se na <strong>Sajmu u N\u00fcrnbergu<\/strong> kako bi se sastali sa <strong>973 izlaga\u010da iz 44 zemlje<\/strong> i razgovarali o <strong>najnovijim trendovima u gra\u0111evinarstvu prozora, vrata i fasada, kao i obradi drveta<\/strong>. Oba sajma pratile su sveobuhvatni prate\u0107i programi koji su ponudili mnogo pametnih ideja o temama industrije koje su trenutno relevantne.<\/p>\n\n\n<div class=\"wp-block-image\">\n<figure class=\"aligncenter size-large\"><img decoding=\"async\" width=\"1024\" height=\"683\" src=\"https:\/\/www.prozorivrata.com\/hr\/wp-content\/uploads\/sites\/4\/2024\/07\/fensterbau-frontale-ulazni-dio-foto-nurnberg-messe-1024x683.jpg\" alt=\"Fensterbau Frontale 2024\" class=\"wp-image-7386\" srcset=\"https:\/\/www.prozorivrata.com\/hr\/wp-content\/uploads\/sites\/4\/2024\/07\/fensterbau-frontale-ulazni-dio-foto-nurnberg-messe-1024x683.jpg 1024w, https:\/\/www.prozorivrata.com\/hr\/wp-content\/uploads\/sites\/4\/2024\/07\/fensterbau-frontale-ulazni-dio-foto-nurnberg-messe-300x200.jpg 300w, https:\/\/www.prozorivrata.com\/hr\/wp-content\/uploads\/sites\/4\/2024\/07\/fensterbau-frontale-ulazni-dio-foto-nurnberg-messe-768x512.jpg 768w, https:\/\/www.prozorivrata.com\/hr\/wp-content\/uploads\/sites\/4\/2024\/07\/fensterbau-frontale-ulazni-dio-foto-nurnberg-messe-750x500.jpg 750w, https:\/\/www.prozorivrata.com\/hr\/wp-content\/uploads\/sites\/4\/2024\/07\/fensterbau-frontale-ulazni-dio-foto-nurnberg-messe-1140x760.jpg 1140w, https:\/\/www.prozorivrata.com\/hr\/wp-content\/uploads\/sites\/4\/2024\/07\/fensterbau-frontale-ulazni-dio-foto-nurnberg-messe.jpg 1200w\" sizes=\"(max-width: 1024px) 100vw, 1024px\" \/><figcaption class=\"wp-element-caption\">Fensterbau Frontale 2024. \/ Foto: N\u00fcrnberg-Messe<\/figcaption><\/figure>\n<\/div>\n\n\n<p>Upoznavanje sa novim proizvodima i tehnologijama, uspostavljanje vrijednih industrijskih kontakata i suo\u010davanje sa aktualnim izazovima poput odr\u017eivosti, za\u0161tite od klimatskih ekstrema, serijske gradnje i renoviranja i nedostatka kvalificirane radne snage. Bez obzira na izazovnu situaciju u gra\u0111evinskoj industriji, sajamska kombinacija<strong> FENSTERBAU FRONTALE i HOLZ-HANDWERK ponovo je bila veoma popularna <\/strong>i ove godine je privukla posjetioce iz sektora stolarije, arhitekture i proizvodnje prozora i fasada u N\u00fcrnbergu iz cijelog svijeta. Odli\u010dna atmosfera, \u017eive panel rasprave u izlo\u017ebenim halama i izuzetno pozitivne povratne informacije sa svih strana omogu\u0107avaju organizatorima da se sa velikim zadovoljstvom osvrnu na \u010detiri uspje\u0161na dana na sajmu. Nezavisno istra\u017eivanje posjetitelja tako\u0111er je potvrdilo kvalitetu posjetitelja sajma i visok postotak prisutnih donosioca odluka<\/p>\n\n\n\n<h2 class=\"wp-block-heading\">FENSTERBAU FRONTALE impresionira mnogim inovacijama i programskim vrhuncima<\/h2>\n\n\n\n<p>Najnoviji profilni sistemi, staklo u arhitekturi, tehnologija ugradnje, sigurnosni sistemi, ma\u0161ine, sistemi i mnogo vi\u0161e \u010dekalo je otkrivanje na \u0161tandovima 644 izlaga\u010da na FENSTERBAU FRONTALE 2024.<\/p>\n\n\n\n<blockquote class=\"wp-block-quote is-layout-flow wp-block-quote-is-layout-flow\">\n<p>\u201eFENSTERBAU FRONTALE je jo\u0161 jednom jasno dokazao svoju poziciju kao vode\u0107i svjetski sajam za prozore, vrata i fasade i bio je centralno mjesto susreta posjetitelja iz cijelog svijeta u potrazi za najnovijim trendovima i rje\u0161enjima za klju\u010dne izazove industrije, \u0161to se odra\u017eava u klju\u010dnim sajamskim brojkama\u201c<\/p>\n<cite>, ka\u017ee <strong>Elke Harrei\u00df, i<\/strong>zvr\u0161na direktorica FENSTERBAU FRONTALE, N\u00fcrnbergMesse.<\/cite><\/blockquote>\n\n\n\n<blockquote class=\"wp-block-quote is-layout-flow wp-block-quote-is-layout-flow\">\n<p>\u201e\u0160tandovi izlaga\u010da, neki od kojih su bili veoma impresivni, predstavili su uzbudljive proizvode, uklju\u010duju\u0107i mnoge svjetske premijere kako klju\u010dnih igra\u010da tako i start-upova.\u201c<\/p>\n\n\n\n<figure class=\"wp-block-gallery has-nested-images columns-default is-cropped wp-block-gallery-1 is-layout-flex wp-block-gallery-is-layout-flex\">\n<figure class=\"wp-block-image size-large\"><img decoding=\"async\" width=\"1024\" height=\"683\" data-id=\"7384\" src=\"https:\/\/www.prozorivrata.com\/hr\/wp-content\/uploads\/sites\/4\/2024\/07\/fensterbau-frontale-posjetitelji-foto-nurnberg-messe-1024x683.jpg\" alt=\"Fensterbau Frontale 2024.\" class=\"wp-image-7384\" srcset=\"https:\/\/www.prozorivrata.com\/hr\/wp-content\/uploads\/sites\/4\/2024\/07\/fensterbau-frontale-posjetitelji-foto-nurnberg-messe-1024x683.jpg 1024w, https:\/\/www.prozorivrata.com\/hr\/wp-content\/uploads\/sites\/4\/2024\/07\/fensterbau-frontale-posjetitelji-foto-nurnberg-messe-300x200.jpg 300w, https:\/\/www.prozorivrata.com\/hr\/wp-content\/uploads\/sites\/4\/2024\/07\/fensterbau-frontale-posjetitelji-foto-nurnberg-messe-768x512.jpg 768w, https:\/\/www.prozorivrata.com\/hr\/wp-content\/uploads\/sites\/4\/2024\/07\/fensterbau-frontale-posjetitelji-foto-nurnberg-messe-750x500.jpg 750w, https:\/\/www.prozorivrata.com\/hr\/wp-content\/uploads\/sites\/4\/2024\/07\/fensterbau-frontale-posjetitelji-foto-nurnberg-messe-1140x760.jpg 1140w, https:\/\/www.prozorivrata.com\/hr\/wp-content\/uploads\/sites\/4\/2024\/07\/fensterbau-frontale-posjetitelji-foto-nurnberg-messe.jpg 1200w\" sizes=\"(max-width: 1024px) 100vw, 1024px\" \/><figcaption class=\"wp-element-caption\">Fensterbau Frontale 2024. \/ Foto: N\u00fcrnberg-Messe<\/figcaption><\/figure>\n\n\n\n<figure class=\"wp-block-image size-large\"><img decoding=\"async\" width=\"1024\" height=\"683\" data-id=\"7385\" src=\"https:\/\/www.prozorivrata.com\/hr\/wp-content\/uploads\/sites\/4\/2024\/07\/fensterbau-frontale-posjete-foto-nurnberg-messe-1024x683.jpg\" alt=\"Fensterbau Frontale 2024\" class=\"wp-image-7385\" srcset=\"https:\/\/www.prozorivrata.com\/hr\/wp-content\/uploads\/sites\/4\/2024\/07\/fensterbau-frontale-posjete-foto-nurnberg-messe-1024x683.jpg 1024w, https:\/\/www.prozorivrata.com\/hr\/wp-content\/uploads\/sites\/4\/2024\/07\/fensterbau-frontale-posjete-foto-nurnberg-messe-300x200.jpg 300w, https:\/\/www.prozorivrata.com\/hr\/wp-content\/uploads\/sites\/4\/2024\/07\/fensterbau-frontale-posjete-foto-nurnberg-messe-768x512.jpg 768w, https:\/\/www.prozorivrata.com\/hr\/wp-content\/uploads\/sites\/4\/2024\/07\/fensterbau-frontale-posjete-foto-nurnberg-messe-750x500.jpg 750w, https:\/\/www.prozorivrata.com\/hr\/wp-content\/uploads\/sites\/4\/2024\/07\/fensterbau-frontale-posjete-foto-nurnberg-messe-1140x760.jpg 1140w, https:\/\/www.prozorivrata.com\/hr\/wp-content\/uploads\/sites\/4\/2024\/07\/fensterbau-frontale-posjete-foto-nurnberg-messe.jpg 1200w\" sizes=\"(max-width: 1024px) 100vw, 1024px\" \/><figcaption class=\"wp-element-caption\">Fensterbau Frontale 2024. \/ Foto: N\u00fcrnberg-Messe<\/figcaption><\/figure>\n<\/figure>\n<\/blockquote>\n\n\n\n<p>Posebni vrhunci u prate\u0107em programu uklju\u010divali su <strong>FENSTERBAU FRONTALE FORUM<\/strong>, Forum arhitekture-prozora-fasade sa prate\u0107im vo\u0111enim turama i forum <strong>\u201ePRAKTI\u010cNI VODI\u010c ZA DIGITALIZACIJU\u201c<\/strong>, pored brojnih specijalnih prikaza poput <a href=\"https:\/\/www.prozorivrata.com\/hr\/posebni-panel-klima-sigurnost-gradnja-na-sajmu-fensterbau-frontale-2024\/\" target=\"_blank\" rel=\"noreferrer noopener\">\u201eclima.safe.building\u201c<\/a>, MetallbauTREFF, \u201eFokus na unutra\u0161nja vrata\u201c i Okus prozora. \u0160tand JobMatch-a, forum \u201ePRAKTI\u010cNI VODI\u010c ZA DIGITALIZACIJU\u201c i paviljon \u201eMladi inovatori\u201c, koji su zajedni\u010dki realizirali za FENSTERBAU FRONTALE i HOLZ-HANDWERK, tako\u0111er su bili izuzetno dobro posje\u0107eni.<\/p>\n\n\n\n<p><strong>HOLZ-HANDWERK<\/strong> tako\u0111er izrazito popularan na HOLZ-HANDWERK-u, <strong>329 izlaga\u010da prikazalo je najnovije trendove i inovacije<\/strong> u industriji obrade drveta, od ma\u0161ina za rezanje i bru\u0161enje do obradnih ma\u0161ina i sistema za ekstrakciju.<\/p>\n\n\n<div class=\"wp-block-image\">\n<figure class=\"aligncenter size-large\"><img decoding=\"async\" width=\"1024\" height=\"683\" src=\"https:\/\/www.prozorivrata.com\/hr\/wp-content\/uploads\/sites\/4\/2024\/07\/fensterbau-frontale-foto-nurnberg-messe-1024x683.jpg\" alt=\"Fensterbau Frontale 2024.\" class=\"wp-image-7378\" srcset=\"https:\/\/www.prozorivrata.com\/hr\/wp-content\/uploads\/sites\/4\/2024\/07\/fensterbau-frontale-foto-nurnberg-messe-1024x683.jpg 1024w, https:\/\/www.prozorivrata.com\/hr\/wp-content\/uploads\/sites\/4\/2024\/07\/fensterbau-frontale-foto-nurnberg-messe-300x200.jpg 300w, https:\/\/www.prozorivrata.com\/hr\/wp-content\/uploads\/sites\/4\/2024\/07\/fensterbau-frontale-foto-nurnberg-messe-768x512.jpg 768w, https:\/\/www.prozorivrata.com\/hr\/wp-content\/uploads\/sites\/4\/2024\/07\/fensterbau-frontale-foto-nurnberg-messe-750x500.jpg 750w, https:\/\/www.prozorivrata.com\/hr\/wp-content\/uploads\/sites\/4\/2024\/07\/fensterbau-frontale-foto-nurnberg-messe-1140x760.jpg 1140w, https:\/\/www.prozorivrata.com\/hr\/wp-content\/uploads\/sites\/4\/2024\/07\/fensterbau-frontale-foto-nurnberg-messe.jpg 1200w\" sizes=\"(max-width: 1024px) 100vw, 1024px\" \/><figcaption class=\"wp-element-caption\">Fensterbau Frontale 2024. \/ Foto: N\u00fcrnberg-Messe<\/figcaption><\/figure>\n<\/div>\n\n\n<blockquote class=\"wp-block-quote is-layout-flow wp-block-quote-is-layout-flow\">\n<p>\u201eIzuzetno smo zadovoljni \u0161to je HOLZ-HANDWERK bio toliko dobro posje\u0107en unato\u010d ekonomskim uvjetima u gra\u0111evinskoj industriji i \u0161to smo ponovo mogli predstaviti sve operativne zahtjeve stolarske industrije i time cjelokupni lanac vrijednosti obrade drveta\u201c<\/p>\n<cite> ,ka\u017ee <strong>Stefan Dittrich<\/strong>, izvr\u0161ni direktor HOLZ-HANDWERK, N\u00fcrnbergMesse.<\/cite><\/blockquote>\n\n\n\n<blockquote class=\"wp-block-quote is-layout-flow wp-block-quote-is-layout-flow\">\n<p>\u201eUspjeh doga\u0111aja jasno pokazuje: I u izazovnim vremenima, platforma industrije kao \u0161to je HOLZ-HANDWERK postaje jo\u0161 va\u017enija.\u201c<\/p>\n<\/blockquote>\n\n\n\n<p>Dodatni vrhunci uklju\u010divali su specijalni <strong>prikaz Bavarskog udru\u017eenja stolara (FSH) \u201eDesignObjekt \u2013 ObjektDesign\u201c<\/strong> i HOLZ-HANDWERK KAMPUS, gdje su razli\u010diti stru\u010dni centri za obuku i druge ustanove za naprednu obuku predstavile svoje objekte.<\/p>\n\n\n\n<p>Pro\u0161irenje sajamskog iskustva<strong> digitalno Predavanja iz specijalnog programa<\/strong>, zajedno sa dojmovima i izjavama izlaga\u010da i posjetitelja, dostupni su na na\u0161im YouTube kanalima izvan vremenskog okvira samog doga\u0111aja. Tako\u0111er mo\u017eete ostati a\u017eurirani digitalno i prakti\u010dno putem LinkedIn-a, Facebook-a i Instagram-a i uvijek primati vijesti, trendove i a\u017euriranja o odgovaraju\u0107im sajmovima.<\/p>\n\n\n\n<h2 class=\"wp-block-heading\">Fensterbau Frontale ili sajam koji smo \u010dekali \u0161est godina<\/h2>\n\n\n\n<p><strong>Gu\u017eva, spektakularni \u0161tandovi i CO2 &#8211; dojmovi sa sajma<\/strong><\/p>\n\n\n\n<p><strong>Redakcija na\u0161eg \u010dasopisa je i ove godine posjetila Fensterbau Frontale i u\u017eivali smo sa ljudima iz struke na jednom mjestu<\/strong>. Velika gu\u017eva na ulazu, u svakoj hali i na svakom \u0161tandu nam govori da su se posjetioci za\u017eeljeli ove manifestacije. Ako ne ra\u010dunamo onaj \u201epoku\u0161aj\u201c da se organizira Fensterbau u periodu poslije corone, posljednji ovakav sajam koji smo posjetili bio je 2018. godine, pa mo\u017eemo re\u0107i da je \u0161est godina izuzetno duga\u010dak period i da je struka \u201eokupirala\u201c sajam i sve \u0161tandove. <strong>Dva dana na Sajmu je bilo malo da obi\u0111emo sve izlaga\u010de i popri\u010damo sa njima, ali smo se mi kao i do sada fokusirali na na\u0161e klijente.<\/strong><\/p>\n\n\n<div class=\"wp-block-image\">\n<figure class=\"aligncenter size-large\"><img decoding=\"async\" width=\"683\" height=\"1024\" src=\"https:\/\/www.prozorivrata.com\/hr\/wp-content\/uploads\/sites\/4\/2024\/07\/predrag-radjen-urednik-casopis-prozori-vrata-683x1024.jpg\" alt=\"Fensterbau Frontale 2024\" class=\"wp-image-7377\" srcset=\"https:\/\/www.prozorivrata.com\/hr\/wp-content\/uploads\/sites\/4\/2024\/07\/predrag-radjen-urednik-casopis-prozori-vrata-683x1024.jpg 683w, https:\/\/www.prozorivrata.com\/hr\/wp-content\/uploads\/sites\/4\/2024\/07\/predrag-radjen-urednik-casopis-prozori-vrata-200x300.jpg 200w, https:\/\/www.prozorivrata.com\/hr\/wp-content\/uploads\/sites\/4\/2024\/07\/predrag-radjen-urednik-casopis-prozori-vrata-768x1152.jpg 768w, https:\/\/www.prozorivrata.com\/hr\/wp-content\/uploads\/sites\/4\/2024\/07\/predrag-radjen-urednik-casopis-prozori-vrata-750x1125.jpg 750w, https:\/\/www.prozorivrata.com\/hr\/wp-content\/uploads\/sites\/4\/2024\/07\/predrag-radjen-urednik-casopis-prozori-vrata.jpg 800w\" sizes=\"(max-width: 683px) 100vw, 683px\" \/><figcaption class=\"wp-element-caption\">Predrag Ra\u0111en, urednik i osniva\u010d, \u010dasopisa &#8220;Prozori+Vrata&#8221;<\/figcaption><\/figure>\n<\/div>\n\n\n<p><strong>Europski brendovi su<\/strong> zaista <strong>ulo\u017eili veliki novac <\/strong>u prezentaciju na ovom sajmu i <strong>\u0161tandovi su bili <\/strong>zaista <strong>\u201egrandiozni\u201c<\/strong>, a na ve\u0107ini njih ste imali osje\u0107aj kao da se nalazite sa klijentom u restoranu. Mogli ste sjesti, naru\u010diti pi\u0107e ili hranu i na jednom mjestu se upoznati sa trendovima i novitetima, ali isto tako i vidjeti na jednom mjestu neke ljude iz \u201ebran\u0161e\u201c koje susre\u0107ete samo na nekim manifestacijama poput ove.<\/p>\n\n\n<div class=\"wp-block-image\">\n<figure class=\"aligncenter size-large\"><img decoding=\"async\" width=\"1024\" height=\"683\" src=\"https:\/\/www.prozorivrata.com\/hr\/wp-content\/uploads\/sites\/4\/2024\/07\/fensterbau-frontale-stand-foto-nurnberg-messe-1024x683.jpg\" alt=\"Fensterbau Frontale 2024.\" class=\"wp-image-7381\" srcset=\"https:\/\/www.prozorivrata.com\/hr\/wp-content\/uploads\/sites\/4\/2024\/07\/fensterbau-frontale-stand-foto-nurnberg-messe-1024x683.jpg 1024w, https:\/\/www.prozorivrata.com\/hr\/wp-content\/uploads\/sites\/4\/2024\/07\/fensterbau-frontale-stand-foto-nurnberg-messe-300x200.jpg 300w, https:\/\/www.prozorivrata.com\/hr\/wp-content\/uploads\/sites\/4\/2024\/07\/fensterbau-frontale-stand-foto-nurnberg-messe-768x512.jpg 768w, https:\/\/www.prozorivrata.com\/hr\/wp-content\/uploads\/sites\/4\/2024\/07\/fensterbau-frontale-stand-foto-nurnberg-messe-750x500.jpg 750w, https:\/\/www.prozorivrata.com\/hr\/wp-content\/uploads\/sites\/4\/2024\/07\/fensterbau-frontale-stand-foto-nurnberg-messe-1140x760.jpg 1140w, https:\/\/www.prozorivrata.com\/hr\/wp-content\/uploads\/sites\/4\/2024\/07\/fensterbau-frontale-stand-foto-nurnberg-messe.jpg 1200w\" sizes=\"(max-width: 1024px) 100vw, 1024px\" \/><figcaption class=\"wp-element-caption\">Fensterbau Frontale 2024. \/ Foto: N\u00fcrnberg-Messe<\/figcaption><\/figure>\n<\/div>\n\n\n<p><strong>Razmjena mi\u0161ljenja, networking i dogovori su uvijek su\u0161tina svakog sajma<\/strong>. Naravno o\u010dekivano, <strong>puno se razgovaralo o izuzetno va\u017enoj temi.<\/strong> Radi se naravno <strong>o CO2.<\/strong> <strong>Carbon footprint<\/strong> odnosno<strong> karbonski otisak <\/strong>predstavlja ukupnu emisiju plinova sa efektom staklenika koji je direktno i indirektno izazvan od strane pojedinca, organizacije, doga\u0111aja ili proizvoda. Pojednostavljeno re\u010deno, karbonski otisak je mjera ljudskog utjecaja na \u017eivotnu sredinu i klimatske promjene.<\/p>\n\n\n<div class=\"wp-block-image\">\n<figure class=\"aligncenter size-large\"><img decoding=\"async\" width=\"1024\" height=\"683\" src=\"https:\/\/www.prozorivrata.com\/hr\/wp-content\/uploads\/sites\/4\/2024\/07\/fensterbau-frontale-networking-foto-nurnberg-messe-1024x683.jpg\" alt=\"Fensterbau Frontale 2024.\" class=\"wp-image-7383\" srcset=\"https:\/\/www.prozorivrata.com\/hr\/wp-content\/uploads\/sites\/4\/2024\/07\/fensterbau-frontale-networking-foto-nurnberg-messe-1024x683.jpg 1024w, https:\/\/www.prozorivrata.com\/hr\/wp-content\/uploads\/sites\/4\/2024\/07\/fensterbau-frontale-networking-foto-nurnberg-messe-300x200.jpg 300w, https:\/\/www.prozorivrata.com\/hr\/wp-content\/uploads\/sites\/4\/2024\/07\/fensterbau-frontale-networking-foto-nurnberg-messe-768x512.jpg 768w, https:\/\/www.prozorivrata.com\/hr\/wp-content\/uploads\/sites\/4\/2024\/07\/fensterbau-frontale-networking-foto-nurnberg-messe-750x500.jpg 750w, https:\/\/www.prozorivrata.com\/hr\/wp-content\/uploads\/sites\/4\/2024\/07\/fensterbau-frontale-networking-foto-nurnberg-messe-1140x760.jpg 1140w, https:\/\/www.prozorivrata.com\/hr\/wp-content\/uploads\/sites\/4\/2024\/07\/fensterbau-frontale-networking-foto-nurnberg-messe.jpg 1200w\" sizes=\"(max-width: 1024px) 100vw, 1024px\" \/><figcaption class=\"wp-element-caption\">Fensterbau Frontale 2024. \/ Foto: N\u00fcrnberg-Messe<\/figcaption><\/figure>\n<\/div>\n\n\n<p><strong>Kako potro\u0161a\u010di postaju svjesniji svojeg karbonskog otiska, sve je ve\u0107a potra\u017enja za robom i uslugama sa smanjenim \u0161tetnim utjecajem na \u017eivotnu sredinu. <\/strong>Ekolo\u0161ki zahtjevi koji se postavljaju u sektoru gra\u0111evinske stolarije, kao uostalom i u svim ostalim sektorima industrije, sve su ve\u0107i. <strong>Emisije CO2 tijekom proizvodnog procesa \u0107e direktno utjecati na cijenu gotovih proizvoda zbog uvo\u0111enja poreza na emisije<\/strong>. Europske kompanije se ve\u0107 spremaju za ono \u0161to nas \u010deka u budu\u0107nosti i ve\u0107 su po\u010deli prora\u010duni CO2 koji se odnose na njihovu proizvodnju i finalni proizvod.<\/p>\n\n\n<div class=\"wp-block-image\">\n<figure class=\"aligncenter size-large\"><img decoding=\"async\" width=\"1024\" height=\"683\" src=\"https:\/\/www.prozorivrata.com\/hr\/wp-content\/uploads\/sites\/4\/2024\/07\/fensterbau-frontale-2024-foto-nurnberg-messe-1024x683.jpg\" alt=\"Fensterbau Frontale 2024.\" class=\"wp-image-7379\" srcset=\"https:\/\/www.prozorivrata.com\/hr\/wp-content\/uploads\/sites\/4\/2024\/07\/fensterbau-frontale-2024-foto-nurnberg-messe-1024x683.jpg 1024w, https:\/\/www.prozorivrata.com\/hr\/wp-content\/uploads\/sites\/4\/2024\/07\/fensterbau-frontale-2024-foto-nurnberg-messe-300x200.jpg 300w, https:\/\/www.prozorivrata.com\/hr\/wp-content\/uploads\/sites\/4\/2024\/07\/fensterbau-frontale-2024-foto-nurnberg-messe-768x512.jpg 768w, https:\/\/www.prozorivrata.com\/hr\/wp-content\/uploads\/sites\/4\/2024\/07\/fensterbau-frontale-2024-foto-nurnberg-messe-750x500.jpg 750w, https:\/\/www.prozorivrata.com\/hr\/wp-content\/uploads\/sites\/4\/2024\/07\/fensterbau-frontale-2024-foto-nurnberg-messe-1140x760.jpg 1140w, https:\/\/www.prozorivrata.com\/hr\/wp-content\/uploads\/sites\/4\/2024\/07\/fensterbau-frontale-2024-foto-nurnberg-messe.jpg 1200w\" sizes=\"(max-width: 1024px) 100vw, 1024px\" \/><figcaption class=\"wp-element-caption\">Fensterbau Frontale 2024. \/ Foto: N\u00fcrnberg-Messe<\/figcaption><\/figure>\n<\/div>\n\n\n<p>Zabilje\u017eite datum! <strong>FENSTERBAU FRONTALE i HOLZ-HANDWERK<\/strong> ponovo \u0107e se odr\u017eati prema planiranom rasporedu <strong>od 24. do 27. o\u017eujka 2026. godine u Sajamskom centru N\u00fcrnbergMesse.<\/strong><\/p>\n\n\n\n<p><\/p>\n","protected":false},"excerpt":{"rendered":"<p>Sajamska kombinacija HOLZ-HANDWERK i FENSTERBAU FRONTALE sada se vratila na svoj uobi\u010dajeni proljetni datum &#8211; i to sa velikim uspjehom.Tijekom \u010detiri dana, ukupno oko 75.000 posjetitelja iz 112 zemalja okupilo se na Sajmu u N\u00fcrnbergu kako bi se sastali sa 973 izlaga\u010da iz 44 zemlje i razgovarali o najnovijim trendovima u gra\u0111evinarstvu prozora, vrata i [&hellip;]<\/p>\n","protected":false},"author":120,"featured_media":7382,"comment_status":"closed","ping_status":"closed","sticky":false,"template":"","format":"standard","meta":{"_FSMCFIC_featured_image_caption":"","_FSMCFIC_featured_image_nocaption":"","_FSMCFIC_featured_image_hide":"","footnotes":""},"categories":[47,2],"tags":[848,70,847,71,344],"class_list":["post-7376","post","type-post","status-publish","format-standard","has-post-thumbnail","hentry","category-novosti","category-svijet-prozora","tag-co2","tag-fensterbau-frontale","tag-nurnbergmesse","tag-sajam","tag-strucni-skup"],"_links":{"self":[{"href":"https:\/\/www.prozorivrata.com\/hr\/wp-json\/wp\/v2\/posts\/7376","targetHints":{"allow":["GET"]}}],"collection":[{"href":"https:\/\/www.prozorivrata.com\/hr\/wp-json\/wp\/v2\/posts"}],"about":[{"href":"https:\/\/www.prozorivrata.com\/hr\/wp-json\/wp\/v2\/types\/post"}],"author":[{"embeddable":true,"href":"https:\/\/www.prozorivrata.com\/hr\/wp-json\/wp\/v2\/users\/120"}],"replies":[{"embeddable":true,"href":"https:\/\/www.prozorivrata.com\/hr\/wp-json\/wp\/v2\/comments?post=7376"}],"version-history":[{"count":5,"href":"https:\/\/www.prozorivrata.com\/hr\/wp-json\/wp\/v2\/posts\/7376\/revisions"}],"predecessor-version":[{"id":7391,"href":"https:\/\/www.prozorivrata.com\/hr\/wp-json\/wp\/v2\/posts\/7376\/revisions\/7391"}],"wp:featuredmedia":[{"embeddable":true,"href":"https:\/\/www.prozorivrata.com\/hr\/wp-json\/wp\/v2\/media\/7382"}],"wp:attachment":[{"href":"https:\/\/www.prozorivrata.com\/hr\/wp-json\/wp\/v2\/media?parent=7376"}],"wp:term":[{"taxonomy":"category","embeddable":true,"href":"https:\/\/www.prozorivrata.com\/hr\/wp-json\/wp\/v2\/categories?post=7376"},{"taxonomy":"post_tag","embeddable":true,"href":"https:\/\/www.prozorivrata.com\/hr\/wp-json\/wp\/v2\/tags?post=7376"}],"curies":[{"name":"wp","href":"https:\/\/api.w.org\/{rel}","templated":true}]}}