{"id":7287,"date":"2024-07-04T09:00:00","date_gmt":"2024-07-04T08:00:00","guid":{"rendered":"https:\/\/www.prozorivrata.com\/hr\/?p=7287"},"modified":"2024-10-30T09:58:56","modified_gmt":"2024-10-30T08:58:56","slug":"ljubenkovic-rjesenja-za-leto-rolete-zaluzine","status":"publish","type":"post","link":"https:\/\/www.prozorivrata.com\/hr\/ljubenkovic-rjesenja-za-leto-rolete-zaluzine\/","title":{"rendered":"LJUBENKOVI\u0106 GRUPA: Odredi\u0161te za kreativna rje\u0161enja"},"content":{"rendered":"\n<p><br><strong>Dobrodo\u0161li u tvrtku Ljubenkovi\u0107<\/strong>, va\u0161eg pouzdanog partnera za sve prate\u0107e proizvode koji \u0107e uljep\u0161ati va\u0161e prozore i vrata. S ponosom<strong> isti\u010demo<\/strong> na\u0161u <strong>vode\u0107u poziciju u regiji, s bogatom povije\u0161\u0107u u proizvodnji roleta, komarnika, \u017ealuzina, rolo gara\u017enih vrata, trakastih zavjesa, plastifikaciji aluminijskih i \u010deli\u010dnih profila, sublimaciji alu profila u drvo-dekor <\/strong>i dr.<strong> Preko 200 stru\u010dnih djelatnika<\/strong> posve\u0107eno je pru\u017eanju vrhunske kvalitete i izvrsne usluge na\u0161im komitentima.<\/p>\n\n\n\n<h2 class=\"wp-block-heading\">Na\u0161a misija<\/h2>\n\n\n\n<p>Jednostavno &#8211; pru\u017eiti vam <strong>proizvode i usluge sa savr\u0161enim odnosom kvalitete i cijene<\/strong> koji \u0107e pobolj\u0161ati va\u0161 dom ili poslovni prostor. Svaki proizvod koji izlazi iz na\u0161ih proizvodnih pogona rezultat je pa\u017eljivog rada, stru\u010dnosti i posve\u0107enosti na\u0161ega tima. Bez obzira gdje se nalazite, <strong>mo\u017eete ra\u010dunati na brzu i pouzdanu dostavu na\u0161ih proizvoda kao i tehni\u010dku podr\u0161ku stru\u010dnih djelatnika<\/strong>. Na\u0161a mre\u017ea partnera osigurava da budemo uvijek blizu vas i spremni odgovoriti na va\u0161e potrebe.<\/p>\n\n\n\n<h2 class=\"wp-block-heading\">ROLETE &#8211; Sigurnost i privatnost va\u0161ega doma<\/h2>\n\n\n\n<p><strong>Roletama firme Ljubenkovi\u0107<\/strong> osiguravate ne samo sigurnost va\u0161eg doma, ve\u0107 i udobnost i estetiku. Na\u0161a paleta nudi <strong>\u0161irok raspon boja i opcija <a href=\"https:\/\/www.prozorivrata.com\/hr\/pvc-i-aluminijske-rolete\/\" target=\"_blank\" rel=\"noreferrer noopener\">roleta u ALU I PVC <\/a>izvedbi, od klasi\u010dnih roleta do modernih i pametnih sustava<\/strong>. Bez obzira jeste li u potrazi za roletama koje \u0107e vam pru\u017eiti <strong>potpunu za\u0161titu od sunca, dodatnu sigurnost<\/strong> ili jednostavno <strong>estetski dodatak va\u0161em domu<\/strong>, tvrtka Ljubenkovi\u0107 ima rje\u0161enje za vas. Izra\u0111ene od visokokvalitetnih materijala i opremljene najnovijom tehnologijom, na\u0161e rolete su <strong>simbol kvalitete i pouzdanosti.<\/strong><\/p>\n\n\n<div class=\"wp-block-image\">\n<figure class=\"aligncenter size-full is-resized\"><img decoding=\"async\" width=\"800\" height=\"1200\" src=\"https:\/\/www.prozorivrata.com\/hr\/wp-content\/uploads\/sites\/4\/2024\/07\/rolete-ljubenkovic.jpg\" alt=\"presjek roleta\" class=\"wp-image-7291\" style=\"width:500px\" srcset=\"https:\/\/www.prozorivrata.com\/hr\/wp-content\/uploads\/sites\/4\/2024\/07\/rolete-ljubenkovic.jpg 800w, https:\/\/www.prozorivrata.com\/hr\/wp-content\/uploads\/sites\/4\/2024\/07\/rolete-ljubenkovic-200x300.jpg 200w, https:\/\/www.prozorivrata.com\/hr\/wp-content\/uploads\/sites\/4\/2024\/07\/rolete-ljubenkovic-683x1024.jpg 683w, https:\/\/www.prozorivrata.com\/hr\/wp-content\/uploads\/sites\/4\/2024\/07\/rolete-ljubenkovic-768x1152.jpg 768w, https:\/\/www.prozorivrata.com\/hr\/wp-content\/uploads\/sites\/4\/2024\/07\/rolete-ljubenkovic-750x1125.jpg 750w\" sizes=\"(max-width: 800px) 100vw, 800px\" \/><figcaption class=\"wp-element-caption\">Rolete Ljubenkovi\u0107\/ Foto: Ljubenkovi\u0107<\/figcaption><\/figure>\n<\/div>\n\n\n<h2 class=\"wp-block-heading\">KOMARNICI &#8211; U\u017eivanje u svje\u017eem zraku bez insekata<\/h2>\n\n\n\n<p><strong>Plisse i rolo komarnici<\/strong> va\u0161 su <strong>saveznik protiv dosadnih insekata<\/strong>, omogu\u0107avaju\u0107i vam u\u017eivanje u svje\u017eem zraku bez brige o njihovom ulasku u va\u0161 dom. Na\u0161a <strong>ponuda<\/strong> komarnika <strong>nudi razli\u010dite stilove, veli\u010dine i materijale<\/strong> kako bi se savr\u0161eno uklopili u va\u0161e prozore i vrata. Izra\u0111eni od izdr\u017eljivih materijala, s lako\u0107om se odr\u017eavaju. Na\u0161i komarnici su prakti\u010dno i estetsko rje\u0161enje za va\u0161 dom ili poslovni prostor.<\/p>\n\n\n<div class=\"wp-block-image\">\n<figure class=\"aligncenter size-large is-resized\"><img decoding=\"async\" width=\"683\" height=\"1024\" src=\"https:\/\/www.prozorivrata.com\/hr\/wp-content\/uploads\/sites\/4\/2024\/07\/komarnici-ljubenkovic-683x1024.jpg\" alt=\"komarnik na prozoru\" class=\"wp-image-7290\" style=\"width:500px\" srcset=\"https:\/\/www.prozorivrata.com\/hr\/wp-content\/uploads\/sites\/4\/2024\/07\/komarnici-ljubenkovic-683x1024.jpg 683w, https:\/\/www.prozorivrata.com\/hr\/wp-content\/uploads\/sites\/4\/2024\/07\/komarnici-ljubenkovic-200x300.jpg 200w, https:\/\/www.prozorivrata.com\/hr\/wp-content\/uploads\/sites\/4\/2024\/07\/komarnici-ljubenkovic-768x1152.jpg 768w, https:\/\/www.prozorivrata.com\/hr\/wp-content\/uploads\/sites\/4\/2024\/07\/komarnici-ljubenkovic-750x1125.jpg 750w, https:\/\/www.prozorivrata.com\/hr\/wp-content\/uploads\/sites\/4\/2024\/07\/komarnici-ljubenkovic.jpg 800w\" sizes=\"(max-width: 683px) 100vw, 683px\" \/><figcaption class=\"wp-element-caption\">Komarnici Ljubenkovi\u0107 \/ Foto: Ljubenkovi\u0107<\/figcaption><\/figure>\n<\/div>\n\n\n<h2 class=\"wp-block-heading\">\u017dALUZINE &#8211; Prilagodite svjetlost i privatnost po svojoj \u017eelji<\/h2>\n\n\n\n<p><strong>\u017daluzine tvrtke Ljubenkovi\u0107<\/strong> nude savr\u0161enu kontrolu svjetlosti i privatnosti u domu ili poslovnom prostoru, stvaraju\u0107i ugodan ambijent. Svi na\u0161i <strong>proizvodi su izra\u0111eni od visokokvalitetnih materijala i pru\u017eaju dugotrajnu funkcionalnost i estetiku<\/strong>. U\u017eivajte u savr\u0161enom balansu funkcionalnosti i ljepote s na\u0161im \u017ealuzinama, stvaraju\u0107i prostor koji je jednako udoban i elegantan.<\/p>\n\n\n<div class=\"wp-block-image\">\n<figure class=\"aligncenter size-large is-resized\"><img decoding=\"async\" width=\"683\" height=\"1024\" src=\"https:\/\/www.prozorivrata.com\/hr\/wp-content\/uploads\/sites\/4\/2024\/07\/zaluzine-ljubenkovic-683x1024.jpg\" alt=\"presjek \u017ealuzina\" class=\"wp-image-7292\" style=\"width:500px\" srcset=\"https:\/\/www.prozorivrata.com\/hr\/wp-content\/uploads\/sites\/4\/2024\/07\/zaluzine-ljubenkovic-683x1024.jpg 683w, https:\/\/www.prozorivrata.com\/hr\/wp-content\/uploads\/sites\/4\/2024\/07\/zaluzine-ljubenkovic-200x300.jpg 200w, https:\/\/www.prozorivrata.com\/hr\/wp-content\/uploads\/sites\/4\/2024\/07\/zaluzine-ljubenkovic-768x1152.jpg 768w, https:\/\/www.prozorivrata.com\/hr\/wp-content\/uploads\/sites\/4\/2024\/07\/zaluzine-ljubenkovic-750x1125.jpg 750w, https:\/\/www.prozorivrata.com\/hr\/wp-content\/uploads\/sites\/4\/2024\/07\/zaluzine-ljubenkovic.jpg 800w\" sizes=\"(max-width: 683px) 100vw, 683px\" \/><figcaption class=\"wp-element-caption\">\u017daluzine Ljubenkovi\u0107\/ Foto: Ljubenkovi\u0107<\/figcaption><\/figure>\n<\/div>\n\n\n<h2 class=\"wp-block-heading\">BOJANJE PROFILA<\/h2>\n\n\n\n<p>Tvrtka Ljubenkovi\u0107 omogu\u0107uje vam da personalizirate sve na\u0161e proizvode prema svojim \u017eeljama i potrebama. Na\u0161a <strong>usluga bojanja profila nudi \u0161irok spektar boja i fini\u0161a<\/strong>, omogu\u0107uju\u0107i vam da stvorite prostor koji odra\u017eava va\u0161 osobni stil i estetiku. Bez obzira tra\u017eite li <strong>klasi\u010dne ili moderne boje,<\/strong> <strong>mat ili sjajni fini\u0161<\/strong>, na\u0161a paleta boja zadovoljit \u0107e va\u0161e zahtjeve. Kombinirajte boje s na\u0161im proizvodima kako biste stvorili prostor koji se isti\u010de i impresionira.<\/p>\n\n\n\n<h2 class=\"wp-block-heading\">SUBLIMACIJA (DRVO-DEKOR)<\/h2>\n\n\n\n<p>Ljubenkovi\u0107 grupa omogu\u0107uje eleganciju i stil ve\u0107 u svojim proizvodnim pogonima. Na\u0161a tehnika sublimacije omogu\u0107uje precizno preno\u0161enje dizajna i uzorka na profile, stvaraju\u0107i jedinstvene i atraktivne povr\u0161ine. Bez obzira tra\u017eite li <strong>drvo-dekor ili neki drugi uzorak<\/strong>, na\u0161a usluga sublimacije pru\u017ea vam neograni\u010dene mogu\u0107nosti za personalizaciju i estetiku. Stvorite prostor koji odra\u017eava va\u0161u osobnost i stil uz pomo\u0107 sublimacije profila.<\/p>\n\n\n<div class=\"wp-block-image\">\n<figure class=\"aligncenter size-large is-resized\"><img decoding=\"async\" width=\"683\" height=\"1024\" src=\"https:\/\/www.prozorivrata.com\/hr\/wp-content\/uploads\/sites\/4\/2024\/07\/drvo-dekor-sublimacija-ljubenkovic-683x1024.jpg\" alt=\"drveni profil ,maketa\" class=\"wp-image-7289\" style=\"width:500px\" srcset=\"https:\/\/www.prozorivrata.com\/hr\/wp-content\/uploads\/sites\/4\/2024\/07\/drvo-dekor-sublimacija-ljubenkovic-683x1024.jpg 683w, https:\/\/www.prozorivrata.com\/hr\/wp-content\/uploads\/sites\/4\/2024\/07\/drvo-dekor-sublimacija-ljubenkovic-200x300.jpg 200w, https:\/\/www.prozorivrata.com\/hr\/wp-content\/uploads\/sites\/4\/2024\/07\/drvo-dekor-sublimacija-ljubenkovic-768x1152.jpg 768w, https:\/\/www.prozorivrata.com\/hr\/wp-content\/uploads\/sites\/4\/2024\/07\/drvo-dekor-sublimacija-ljubenkovic-750x1125.jpg 750w, https:\/\/www.prozorivrata.com\/hr\/wp-content\/uploads\/sites\/4\/2024\/07\/drvo-dekor-sublimacija-ljubenkovic.jpg 800w\" sizes=\"(max-width: 683px) 100vw, 683px\" \/><figcaption class=\"wp-element-caption\">Profil u drvo dekoru \/Foto: Ljubenkovi\u0107 <\/figcaption><\/figure>\n<\/div>\n\n\n<p><strong>Kontaktirajte nas ve\u0107 danas<\/strong><\/p>\n\n\n\n<p>Za vi\u0161e informacija o na\u0161oj ponudi proizvoda, usluga ili za individualne zahtjeve, kontaktirajte nas putem maila ili mobitela. Na\u0161 stru\u010dni tim stoji vam na raspolaganju za sva pitanja i savjete. Tvrtka Ljubenkovi\u0107 je va\u0161 pouzdani partner za sve va\u0161e potrebe, vezano za na\u0161u proizvodnju.<\/p>\n\n\n\n<figure class=\"wp-block-image size-full\"><img decoding=\"async\" width=\"250\" height=\"64\" src=\"https:\/\/www.prozorivrata.com\/hr\/wp-content\/uploads\/sites\/4\/2024\/07\/Ljubenkovic-logo.jpg\" alt=\"\" class=\"wp-image-7288\"><\/figure>\n\n\n\n<p>Ljubenkovi\u0107 d.o.o.<br>Flanati\u010dka 25, 52100 Pula<br>Prodaja:<br>+385 99 52 77 269<br><a href=\"mailto:ljubenkovicrolete@gmail.com\" target=\"_blank\" rel=\"noreferrer noopener\">ljubenkovicrolete@gmail.com<\/a><br><\/p>\n","protected":false},"excerpt":{"rendered":"<p>Dobrodo\u0161li u tvrtku Ljubenkovi\u0107, va\u0161eg pouzdanog partnera za sve prate\u0107e proizvode koji \u0107e uljep\u0161ati va\u0161e prozore i vrata. S ponosom isti\u010demo na\u0161u vode\u0107u poziciju u regiji, s bogatom povije\u0161\u0107u u proizvodnji roleta, komarnika, \u017ealuzina, rolo gara\u017enih vrata, trakastih zavjesa, plastifikaciji aluminijskih i \u010deli\u010dnih profila, sublimaciji alu profila u drvo-dekor i dr. Preko 200 stru\u010dnih djelatnika [&hellip;]<\/p>\n","protected":false},"author":120,"featured_media":7295,"comment_status":"closed","ping_status":"closed","sticky":false,"template":"","format":"standard","meta":{"_FSMCFIC_featured_image_caption":"","_FSMCFIC_featured_image_nocaption":"","_FSMCFIC_featured_image_hide":"","footnotes":""},"categories":[54,44],"tags":[837,836,835,834,377,378],"class_list":["post-7287","post","type-post","status-publish","format-standard","has-post-thumbnail","hentry","category-promo","category-rolete-i-komarnici","tag-bojanje-profila","tag-drve-dekor","tag-komarnici","tag-ljubenkovic-d-o-o","tag-rolete","tag-zaluzine"],"_links":{"self":[{"href":"https:\/\/www.prozorivrata.com\/hr\/wp-json\/wp\/v2\/posts\/7287","targetHints":{"allow":["GET"]}}],"collection":[{"href":"https:\/\/www.prozorivrata.com\/hr\/wp-json\/wp\/v2\/posts"}],"about":[{"href":"https:\/\/www.prozorivrata.com\/hr\/wp-json\/wp\/v2\/types\/post"}],"author":[{"embeddable":true,"href":"https:\/\/www.prozorivrata.com\/hr\/wp-json\/wp\/v2\/users\/120"}],"replies":[{"embeddable":true,"href":"https:\/\/www.prozorivrata.com\/hr\/wp-json\/wp\/v2\/comments?post=7287"}],"version-history":[{"count":7,"href":"https:\/\/www.prozorivrata.com\/hr\/wp-json\/wp\/v2\/posts\/7287\/revisions"}],"predecessor-version":[{"id":7983,"href":"https:\/\/www.prozorivrata.com\/hr\/wp-json\/wp\/v2\/posts\/7287\/revisions\/7983"}],"wp:featuredmedia":[{"embeddable":true,"href":"https:\/\/www.prozorivrata.com\/hr\/wp-json\/wp\/v2\/media\/7295"}],"wp:attachment":[{"href":"https:\/\/www.prozorivrata.com\/hr\/wp-json\/wp\/v2\/media?parent=7287"}],"wp:term":[{"taxonomy":"category","embeddable":true,"href":"https:\/\/www.prozorivrata.com\/hr\/wp-json\/wp\/v2\/categories?post=7287"},{"taxonomy":"post_tag","embeddable":true,"href":"https:\/\/www.prozorivrata.com\/hr\/wp-json\/wp\/v2\/tags?post=7287"}],"curies":[{"name":"wp","href":"https:\/\/api.w.org\/{rel}","templated":true}]}}