{"id":7111,"date":"2024-06-15T08:00:00","date_gmt":"2024-06-15T07:00:00","guid":{"rendered":"https:\/\/www.prozorivrata.com\/hr\/?p=7111"},"modified":"2024-06-18T10:28:04","modified_gmt":"2024-06-18T09:28:04","slug":"ambienta-2024-popusti-za-izlagace-za-prijavu-do-5-srpnja","status":"publish","type":"post","link":"https:\/\/www.prozorivrata.com\/hr\/ambienta-2024-popusti-za-izlagace-za-prijavu-do-5-srpnja\/","title":{"rendered":"Ambienta 2024- popusti za izlaga\u010de za prijavu do 5.srpnja 2024."},"content":{"rendered":"\n<p><br><strong>Ambienta<\/strong> &#8211; najzna\u010dajniji nacionalni sajam namje\u0161taja, unutarnjeg ure\u0111enja i prate\u0107e industrije i ove godine <strong>na Zagreba\u010dkom velesajmu<\/strong>. U terminu od <strong>17. do 20. listopada, po 51. put, <\/strong>uz brojna koncepcijska osvje\u017eenja, okuplja eminentne izlaga\u010de iz zemlje i inozemstva<\/p>\n\n\n\n<p>Zanimljive i atraktivne <strong>zone izlaganja<\/strong>, od <strong>namje\u0161taja <\/strong>i <strong>dizajna <\/strong>preko <strong>ure\u0111enja interijera i eksterijera do galerija, umjetnina i stanovanja,<\/strong> pripremaju se prema najvi\u0161im standardima sajamske industrije.<\/p>\n\n\n<div class=\"wp-block-image\">\n<figure class=\"aligncenter size-large\"><img decoding=\"async\" width=\"1024\" height=\"667\" src=\"https:\/\/www.prozorivrata.com\/hr\/wp-content\/uploads\/sites\/4\/2024\/06\/Ambienta-vizual-2024-1024x667.jpg\" alt=\"ambienta 2024\" class=\"wp-image-7113\" srcset=\"https:\/\/www.prozorivrata.com\/hr\/wp-content\/uploads\/sites\/4\/2024\/06\/Ambienta-vizual-2024-1024x667.jpg 1024w, https:\/\/www.prozorivrata.com\/hr\/wp-content\/uploads\/sites\/4\/2024\/06\/Ambienta-vizual-2024-300x195.jpg 300w, https:\/\/www.prozorivrata.com\/hr\/wp-content\/uploads\/sites\/4\/2024\/06\/Ambienta-vizual-2024-768x500.jpg 768w, https:\/\/www.prozorivrata.com\/hr\/wp-content\/uploads\/sites\/4\/2024\/06\/Ambienta-vizual-2024-750x488.jpg 750w, https:\/\/www.prozorivrata.com\/hr\/wp-content\/uploads\/sites\/4\/2024\/06\/Ambienta-vizual-2024-1140x742.jpg 1140w, https:\/\/www.prozorivrata.com\/hr\/wp-content\/uploads\/sites\/4\/2024\/06\/Ambienta-vizual-2024.jpg 1229w\" sizes=\"(max-width: 1024px) 100vw, 1024px\" \/><figcaption class=\"wp-element-caption\">Ambienta 2024 &#8211; listopad 17. do 20.<\/figcaption><\/figure>\n<\/div>\n\n\n<p>Za vrijeme <strong>Ambiente, jednog od najve\u0107ih sajamskih brendova<\/strong>, paviljoni \u0107e se pretvoriti u mjesta istinske inspiracije za stvaranje doma s vlastitim dizajnerskim potpisom, za otkrivanje trendova i inovativnih rje\u0161enja.<\/p>\n\n\n\n<h2 class=\"wp-block-heading\">Noviteti na ovogodi\u0161njem Ambienta sajmu<\/h2>\n\n\n\n<p>Najve\u0107i novitet ovogodi\u0161nje Ambiente je izlazak izvan okvira Velesajma. U<strong> suradnji s muzejima partnerima, u njihovim foajeima, otvaraju se dodatni showroom-ovi izlaga\u010da koji izla\u017eu na Ambienti.Uz Design box i Design zone<\/strong>, najavljuje se po prvi put postavljanje <strong>Izlo\u017ebe velikih formata<\/strong> na kojoj \u0107e se predstaviti <strong>100 hrvatskih slikara 21. stolje\u0107a<\/strong>.<\/p>\n\n\n\n<figure class=\"wp-block-gallery has-nested-images columns-default is-cropped wp-block-gallery-1 is-layout-flex wp-block-gallery-is-layout-flex\">\n<figure class=\"wp-block-image size-large\"><a href=\"https:\/\/www.prozorivrata.com\/hr\/wp-content\/uploads\/sites\/4\/2024\/06\/B2B-susreti-ambienta-2024.jpg\"><img decoding=\"async\" width=\"1024\" height=\"682\" data-id=\"7121\" src=\"https:\/\/www.prozorivrata.com\/hr\/wp-content\/uploads\/sites\/4\/2024\/06\/B2B-susreti-ambienta-2024.jpg\" alt=\"ambienta 2024\" class=\"wp-image-7121\" srcset=\"https:\/\/www.prozorivrata.com\/hr\/wp-content\/uploads\/sites\/4\/2024\/06\/B2B-susreti-ambienta-2024.jpg 1024w, https:\/\/www.prozorivrata.com\/hr\/wp-content\/uploads\/sites\/4\/2024\/06\/B2B-susreti-ambienta-2024-300x200.jpg 300w, https:\/\/www.prozorivrata.com\/hr\/wp-content\/uploads\/sites\/4\/2024\/06\/B2B-susreti-ambienta-2024-768x512.jpg 768w, https:\/\/www.prozorivrata.com\/hr\/wp-content\/uploads\/sites\/4\/2024\/06\/B2B-susreti-ambienta-2024-750x500.jpg 750w\" sizes=\"(max-width: 1024px) 100vw, 1024px\" \/><\/a><figcaption class=\"wp-element-caption\">Ambienta 2024 &#8211; B2B susreti<\/figcaption><\/figure>\n\n\n\n<figure data-wp-context=\"{&quot;imageId&quot;:&quot;69f3ad5bca098&quot;}\" data-wp-interactive=\"core\/image\" data-wp-key=\"69f3ad5bca098\" class=\"wp-block-image size-large wp-lightbox-container\"><img decoding=\"async\" width=\"1024\" height=\"682\" data-wp-class--hide=\"state.isContentHidden\" data-wp-class--show=\"state.isContentVisible\" data-wp-init=\"callbacks.setButtonStyles\" data-wp-on--click=\"actions.showLightbox\" data-wp-on--load=\"callbacks.setButtonStyles\" data-wp-on-window--resize=\"callbacks.setButtonStyles\" data-id=\"7120\" src=\"https:\/\/www.prozorivrata.com\/hr\/wp-content\/uploads\/sites\/4\/2024\/06\/sajam-namjestaja-ambienta-2024.jpg\" alt=\"ambienta 2024\" class=\"wp-image-7120\" srcset=\"https:\/\/www.prozorivrata.com\/hr\/wp-content\/uploads\/sites\/4\/2024\/06\/sajam-namjestaja-ambienta-2024.jpg 1024w, https:\/\/www.prozorivrata.com\/hr\/wp-content\/uploads\/sites\/4\/2024\/06\/sajam-namjestaja-ambienta-2024-300x200.jpg 300w, https:\/\/www.prozorivrata.com\/hr\/wp-content\/uploads\/sites\/4\/2024\/06\/sajam-namjestaja-ambienta-2024-768x512.jpg 768w, https:\/\/www.prozorivrata.com\/hr\/wp-content\/uploads\/sites\/4\/2024\/06\/sajam-namjestaja-ambienta-2024-750x500.jpg 750w\" sizes=\"(max-width: 1024px) 100vw, 1024px\" \/><button\n\t\t\tclass=\"lightbox-trigger\"\n\t\t\ttype=\"button\"\n\t\t\taria-haspopup=\"dialog\"\n\t\t\taria-label=\"Uve\u0107aj\"\n\t\t\tdata-wp-init=\"callbacks.initTriggerButton\"\n\t\t\tdata-wp-on--click=\"actions.showLightbox\"\n\t\t\tdata-wp-style--right=\"state.imageButtonRight\"\n\t\t\tdata-wp-style--top=\"state.imageButtonTop\"\n\t\t>\n\t\t\t<svg xmlns=\"http:\/\/www.w3.org\/2000\/svg\" width=\"12\" height=\"12\" fill=\"none\" viewBox=\"0 0 12 12\">\n\t\t\t\t<path fill=\"#fff\" d=\"M2 0a2 2 0 0 0-2 2v2h1.5V2a.5.5 0 0 1 .5-.5h2V0H2Zm2 10.5H2a.5.5 0 0 1-.5-.5V8H0v2a2 2 0 0 0 2 2h2v-1.5ZM8 12v-1.5h2a.5.5 0 0 0 .5-.5V8H12v2a2 2 0 0 1-2 2H8Zm2-12a2 2 0 0 1 2 2v2h-1.5V2a.5.5 0 0 0-.5-.5H8V0h2Z\" \/>\n\t\t\t<\/svg>\n\t\t<\/button><figcaption class=\"wp-element-caption\">Ambienta 2024 sajam namje\u0161taja<\/figcaption><\/figure>\n\n\n\n<figure class=\"wp-block-image size-large\"><a href=\"https:\/\/www.prozorivrata.com\/hr\/wp-content\/uploads\/sites\/4\/2024\/06\/uredjenje-interijera-ambijenta-2024.jpg\"><img decoding=\"async\" width=\"1024\" height=\"683\" data-id=\"7115\" src=\"https:\/\/www.prozorivrata.com\/hr\/wp-content\/uploads\/sites\/4\/2024\/06\/uredjenje-interijera-ambijenta-2024-1024x683.jpg\" alt=\"ambienta 2024\" class=\"wp-image-7115\" srcset=\"https:\/\/www.prozorivrata.com\/hr\/wp-content\/uploads\/sites\/4\/2024\/06\/uredjenje-interijera-ambijenta-2024-1024x683.jpg 1024w, https:\/\/www.prozorivrata.com\/hr\/wp-content\/uploads\/sites\/4\/2024\/06\/uredjenje-interijera-ambijenta-2024-300x200.jpg 300w, https:\/\/www.prozorivrata.com\/hr\/wp-content\/uploads\/sites\/4\/2024\/06\/uredjenje-interijera-ambijenta-2024-768x512.jpg 768w, https:\/\/www.prozorivrata.com\/hr\/wp-content\/uploads\/sites\/4\/2024\/06\/uredjenje-interijera-ambijenta-2024-750x500.jpg 750w, https:\/\/www.prozorivrata.com\/hr\/wp-content\/uploads\/sites\/4\/2024\/06\/uredjenje-interijera-ambijenta-2024-1140x760.jpg 1140w, https:\/\/www.prozorivrata.com\/hr\/wp-content\/uploads\/sites\/4\/2024\/06\/uredjenje-interijera-ambijenta-2024.jpg 1200w\" sizes=\"(max-width: 1024px) 100vw, 1024px\" \/><\/a><figcaption class=\"wp-element-caption\">Ambienta 2024 &#8211; ure\u0111enje interijera<\/figcaption><\/figure>\n<\/figure>\n\n\n\n<p><strong>Trademark<\/strong> <a href=\"https:\/\/www.prozorivrata.com\/hr\/jubilarna-50-ambienta-u-novom-sjaju\/\" target=\"_blank\" rel=\"noreferrer noopener\">sajma Ambienta<\/a> je izuzetno zanimljiv i sadr\u017eajni popratni program. Posjetitelje \u0107e zasigurno razveseliti atraktivni proizvodi na\u0161ih izlaga\u010da &#8211; sponzora<strong> Nagradne igre Ambienta 2024.<\/strong><\/p>\n\n\n\n<figure class=\"wp-block-gallery has-nested-images columns-default is-cropped wp-block-gallery-2 is-layout-flex wp-block-gallery-is-layout-flex\">\n<figure class=\"wp-block-image size-large\"><img decoding=\"async\" width=\"751\" height=\"501\" data-id=\"7119\" src=\"https:\/\/www.prozorivrata.com\/hr\/wp-content\/uploads\/sites\/4\/2024\/06\/dizajn-interijera-ambienta-2024.jpg\" alt=\"ambienta 2024\" class=\"wp-image-7119\" srcset=\"https:\/\/www.prozorivrata.com\/hr\/wp-content\/uploads\/sites\/4\/2024\/06\/dizajn-interijera-ambienta-2024.jpg 751w, https:\/\/www.prozorivrata.com\/hr\/wp-content\/uploads\/sites\/4\/2024\/06\/dizajn-interijera-ambienta-2024-300x200.jpg 300w\" sizes=\"(max-width: 751px) 100vw, 751px\" \/><figcaption class=\"wp-element-caption\">Ambienta 2024 &#8211; dizajn interijera<\/figcaption><\/figure>\n\n\n\n<figure class=\"wp-block-image size-large\"><img decoding=\"async\" width=\"1024\" height=\"788\" data-id=\"7114\" src=\"https:\/\/www.prozorivrata.com\/hr\/wp-content\/uploads\/sites\/4\/2024\/06\/ambienta-2024-1024x788.jpg\" alt=\"ambienta 2024\" class=\"wp-image-7114\" srcset=\"https:\/\/www.prozorivrata.com\/hr\/wp-content\/uploads\/sites\/4\/2024\/06\/ambienta-2024-1024x788.jpg 1024w, https:\/\/www.prozorivrata.com\/hr\/wp-content\/uploads\/sites\/4\/2024\/06\/ambienta-2024-300x231.jpg 300w, https:\/\/www.prozorivrata.com\/hr\/wp-content\/uploads\/sites\/4\/2024\/06\/ambienta-2024-768x591.jpg 768w, https:\/\/www.prozorivrata.com\/hr\/wp-content\/uploads\/sites\/4\/2024\/06\/ambienta-2024-750x577.jpg 750w, https:\/\/www.prozorivrata.com\/hr\/wp-content\/uploads\/sites\/4\/2024\/06\/ambienta-2024.jpg 1040w\" sizes=\"(max-width: 1024px) 100vw, 1024px\" \/><figcaption class=\"wp-element-caption\">Ambienta 2024 <\/figcaption><\/figure>\n\n\n\n<figure class=\"wp-block-image size-large\"><img decoding=\"async\" width=\"1024\" height=\"682\" data-id=\"7122\" src=\"https:\/\/www.prozorivrata.com\/hr\/wp-content\/uploads\/sites\/4\/2024\/06\/showroom-ambeinta-2024.jpg\" alt=\"ambienta 2024\" class=\"wp-image-7122\" srcset=\"https:\/\/www.prozorivrata.com\/hr\/wp-content\/uploads\/sites\/4\/2024\/06\/showroom-ambeinta-2024.jpg 1024w, https:\/\/www.prozorivrata.com\/hr\/wp-content\/uploads\/sites\/4\/2024\/06\/showroom-ambeinta-2024-300x200.jpg 300w, https:\/\/www.prozorivrata.com\/hr\/wp-content\/uploads\/sites\/4\/2024\/06\/showroom-ambeinta-2024-768x512.jpg 768w, https:\/\/www.prozorivrata.com\/hr\/wp-content\/uploads\/sites\/4\/2024\/06\/showroom-ambeinta-2024-750x500.jpg 750w\" sizes=\"(max-width: 1024px) 100vw, 1024px\" \/><figcaption class=\"wp-element-caption\">Ambienta 2024.<\/figcaption><\/figure>\n<\/figure>\n\n\n\n<p>Ve\u0107 danas rezervirajte svoje mjesto na AMBIENTI, poslovnom, kulturnom i marketin\u0161kom doga\u0111aju godine! Priu\u0161tite si nezamjenjive B2B susrete u okru\u017eenju brojnih posjetitelja i medija.<\/p>\n\n\n<div class=\"wp-block-image\">\n<figure class=\"aligncenter size-large\"><img decoding=\"async\" width=\"1024\" height=\"683\" src=\"https:\/\/www.prozorivrata.com\/hr\/wp-content\/uploads\/sites\/4\/2024\/06\/ambienta-sajam-namjestaja-1024x683.jpg\" alt=\"ambienta 2024\" class=\"wp-image-7117\" srcset=\"https:\/\/www.prozorivrata.com\/hr\/wp-content\/uploads\/sites\/4\/2024\/06\/ambienta-sajam-namjestaja-1024x683.jpg 1024w, https:\/\/www.prozorivrata.com\/hr\/wp-content\/uploads\/sites\/4\/2024\/06\/ambienta-sajam-namjestaja-300x200.jpg 300w, https:\/\/www.prozorivrata.com\/hr\/wp-content\/uploads\/sites\/4\/2024\/06\/ambienta-sajam-namjestaja-768x512.jpg 768w, https:\/\/www.prozorivrata.com\/hr\/wp-content\/uploads\/sites\/4\/2024\/06\/ambienta-sajam-namjestaja-750x500.jpg 750w, https:\/\/www.prozorivrata.com\/hr\/wp-content\/uploads\/sites\/4\/2024\/06\/ambienta-sajam-namjestaja-1140x760.jpg 1140w, https:\/\/www.prozorivrata.com\/hr\/wp-content\/uploads\/sites\/4\/2024\/06\/ambienta-sajam-namjestaja.jpg 1200w\" sizes=\"(max-width: 1024px) 100vw, 1024px\" \/><figcaption class=\"wp-element-caption\">Ambienta 2024 sajam namje\u0161taja<\/figcaption><\/figure>\n<\/div>\n\n\n<h2 class=\"wp-block-heading\">Posebna pogodnost<\/h2>\n\n\n\n<p>Iskoristite pogodnost za nastup na Ambienti: <a href=\"https:\/\/www.zv.hr\/sajmovi-7\/ambienta-63\/izlagaci-2541\/prijava-izlaganja-2536\/2536\" target=\"_blank\" rel=\"noreferrer noopener\">prijave po najpovoljnijim cijenama<\/a> traju do 5. srpnja 2024.<\/p>\n\n\n\n<figure class=\"wp-block-image size-full is-resized\"><img decoding=\"async\" width=\"500\" height=\"103\" src=\"https:\/\/www.prozorivrata.com\/hr\/wp-content\/uploads\/sites\/4\/2022\/09\/Ambienta-sajam-logo.jpg\" alt=\"Ambienta logo\" class=\"wp-image-5304\" style=\"width:200px\" srcset=\"https:\/\/www.prozorivrata.com\/hr\/wp-content\/uploads\/sites\/4\/2022\/09\/Ambienta-sajam-logo.jpg 500w, https:\/\/www.prozorivrata.com\/hr\/wp-content\/uploads\/sites\/4\/2022\/09\/Ambienta-sajam-logo-300x62.jpg 300w\" sizes=\"(max-width: 500px) 100vw, 500px\" \/><\/figure>\n\n\n\n<p>ZAGREBA\u010cKI VELESAJAM, d.o.o.<br>Avenija Dubrovnik 15, 10020 Zagreb, Hrvatska<br>T. +385 1 6503 111<br><a href=\"http:\/\/www.zv.hr\" target=\"_blank\" rel=\"noreferrer noopener\">www.zv.hr<\/a><br><a href=\"mailto:zv.ambienta@zv.hr\" target=\"_blank\" rel=\"noreferrer noopener\">zv.ambienta@zv.hr<\/a><\/p>\n","protected":false},"excerpt":{"rendered":"<p>Ambienta &#8211; najzna\u010dajniji nacionalni sajam namje\u0161taja, unutarnjeg ure\u0111enja i prate\u0107e industrije i ove godine na Zagreba\u010dkom velesajmu. U terminu od 17. do 20. listopada, po 51. put, uz brojna koncepcijska osvje\u017eenja, okuplja eminentne izlaga\u010de iz zemlje i inozemstva Zanimljive i atraktivne zone izlaganja, od namje\u0161taja i dizajna preko ure\u0111enja interijera i eksterijera do galerija, umjetnina [&hellip;]<\/p>\n","protected":false},"author":120,"featured_media":7116,"comment_status":"closed","ping_status":"closed","sticky":false,"template":"","format":"standard","meta":{"_FSMCFIC_featured_image_caption":"","_FSMCFIC_featured_image_nocaption":"","_FSMCFIC_featured_image_hide":"","footnotes":""},"categories":[47],"tags":[508,404,777,567,775],"class_list":["post-7111","post","type-post","status-publish","format-standard","has-post-thumbnail","hentry","category-novosti","tag-ambienta","tag-dizajn","tag-sajam-namjestaja","tag-uredenje-interijera","tag-zagrebacki-velesajam"],"_links":{"self":[{"href":"https:\/\/www.prozorivrata.com\/hr\/wp-json\/wp\/v2\/posts\/7111","targetHints":{"allow":["GET"]}}],"collection":[{"href":"https:\/\/www.prozorivrata.com\/hr\/wp-json\/wp\/v2\/posts"}],"about":[{"href":"https:\/\/www.prozorivrata.com\/hr\/wp-json\/wp\/v2\/types\/post"}],"author":[{"embeddable":true,"href":"https:\/\/www.prozorivrata.com\/hr\/wp-json\/wp\/v2\/users\/120"}],"replies":[{"embeddable":true,"href":"https:\/\/www.prozorivrata.com\/hr\/wp-json\/wp\/v2\/comments?post=7111"}],"version-history":[{"count":7,"href":"https:\/\/www.prozorivrata.com\/hr\/wp-json\/wp\/v2\/posts\/7111\/revisions"}],"predecessor-version":[{"id":7140,"href":"https:\/\/www.prozorivrata.com\/hr\/wp-json\/wp\/v2\/posts\/7111\/revisions\/7140"}],"wp:featuredmedia":[{"embeddable":true,"href":"https:\/\/www.prozorivrata.com\/hr\/wp-json\/wp\/v2\/media\/7116"}],"wp:attachment":[{"href":"https:\/\/www.prozorivrata.com\/hr\/wp-json\/wp\/v2\/media?parent=7111"}],"wp:term":[{"taxonomy":"category","embeddable":true,"href":"https:\/\/www.prozorivrata.com\/hr\/wp-json\/wp\/v2\/categories?post=7111"},{"taxonomy":"post_tag","embeddable":true,"href":"https:\/\/www.prozorivrata.com\/hr\/wp-json\/wp\/v2\/tags?post=7111"}],"curies":[{"name":"wp","href":"https:\/\/api.w.org\/{rel}","templated":true}]}}