{"id":704,"date":"2018-06-08T07:51:04","date_gmt":"2018-06-08T07:51:04","guid":{"rendered":"https:\/\/www.prozorivrata.com\/hr\/profine-na-fensterbau-frontale-2018\/"},"modified":"2021-12-29T11:22:12","modified_gmt":"2021-12-29T11:22:12","slug":"profine-na-fensterbau-frontale-2018","status":"publish","type":"post","link":"https:\/\/www.prozorivrata.com\/hr\/profine-na-fensterbau-frontale-2018\/","title":{"rendered":"PROFINE na FENSTERBAU FRONTALE 2018"},"content":{"rendered":"Zavr\u0161eno je jo\u0161 jedno izdanje najve\u0107eg svjetskog doga\u0111aja u bran\u0161i, sajma Fensterbau Frontale 2018 u N\u00fcrnbergu. I dok se zbrajaju dojmovi, jedan od najve\u0107ih proizvo\u0111a\u010da PVC sustava u svijetu &#8211; profine Grupa mo\u017ee biti i vi\u0161e nego zadovoljna: sa svojim markama KBE, K\u00f6mmerling i Trocal opet je bila najve\u0107i izlaga\u010d, a njen izlo\u017ebeni prostor i inovativni proizvodi me\u0111u najatraktivnijim i najposje\u0107enijim sadr\u017eajima na sajmu.\n\nA noviteta je bilo mnogo&#8230; navest \u0107emo samo neke od njih.\n<h2>PremiSlide 76<\/h2>\nPremiSlide 76 je idealan dodatak premium podizno \/ kliznim stijenama PremiDoor &#8211; robustan, kompaktan, u\u010dinkovit i svestran sustav za izradu kliznih prozora i vrata. Temelji se na 76 mm platformi u verziji dvostrukog brtvljenja, nude\u0107i proizvo\u0111a\u010dima KBE, K\u00f6mmerling ili Trocal stolarije visoku razinu kompatibilnosti, uz brojne prednosti kao \u0161to je kori\u0161tenje vrlo malo prostora prilikom otvaranja. <strong>Otvor vrata omogu\u0107ava iznimno u\u010dinkovitu ventilaciju. Uf vrijednost od 1,4 W\/(m\u00b2K) u standardnoj verziji i Uw vrijednost do 0,7 W\/(m\u00b2K) izvrsna je za klizne sustave.<\/strong> Brtva, koja se komprimira sa svih strana, \u010dini sustav jo\u0161 savr\u0161enijim.\n\n<figure id=\"attachment_15094\" aria-describedby=\"caption-attachment-15094\" style=\"width: 1200px\" class=\"wp-caption alignnone\"><a href=\"https:\/\/www.prozorivrata.com\/wp-content\/uploads\/2018\/06\/Profine-grupa-PremiSlide-76-je-idealan-dodatak-premium-podizno-kliznim-stijenama-PremiDoor.jpg\"><img decoding=\"async\" class=\"size-full wp-image-15094\" src=\"https:\/\/www.prozorivrata.com\/wp-content\/uploads\/2018\/06\/Profine-grupa-PremiSlide-76-je-idealan-dodatak-premium-podizno-kliznim-stijenama-PremiDoor.jpg\" alt=\"PremiSlide 76 je idealan dodatak premium podizno \/ kliznim stijenama PremiDoor\" width=\"1200\" height=\"713\" \/><\/a><figcaption id=\"caption-attachment-15094\" class=\"wp-caption-text\">Foto: profine grupa, PremiSlide 76 je idealan dodatak premium podizno \/ kliznim stijenama PremiDoor<\/figcaption><\/figure>\n\n\u0160to se ti\u010de dizajna, <a href=\"https:\/\/www.prozorivrata.com\/profine-partner-akademija-2018-u-susret-izazovima\/\" target=\"_blank\" rel=\"noopener noreferrer\">PremiSlide 76<\/a> nudi veliku raznolikost, budu\u0107i da se sheme konstrukcije temelje na sustavima podizno \/ kliznih stijena PremiDoor 76. Bogat izbor boja, uz klasi\u010dnu bijelu, nudi \u0161iroku paletu drvo-dekor i metalik laminata, a uklju\u010duje i AluClip verziju. Ekskluzivno za PremiSlide 76 razvijen je okov &#8220;Eco Slide&#8221; renomiranog proizvo\u0111a\u010da Siegenia.\n<h2>PremiFold 76<\/h2>\nPremiFold 76, poseban klizno &#8211; zaokretni sklopivi sustav za prozore i vrata, najnovija je u profine-ovom dugom slijedu inovacija. Sustav dolazi s vrlo posebnim na\u010dinom na koji se mogu otvoriti prozori ili vrata kako bi se maksimalno pove\u0107ao otvor i dovod svje\u017eeg zraka bez ugro\u017eavanja sigurnosti. K\u00f6mmerling, Trocal ili KBE <a href=\"https:\/\/www.prozorivrata.com\/premifold-76-profine\/\" target=\"_blank\" rel=\"noopener noreferrer\">PremiFold 76<\/a> se mo\u017ee koristiti za vrlo velike otvore, a dom ili poslovni prostor dobit \u0107e jedinstven individualni izgled i kroz \u0161irok raspon boja i dekora. <strong>Za proizvo\u0111a\u010da, novi sustav nudi isplativost kroz kompatibilnost jer se temelji na 76 mm platformi. PremiFold prozori i vrata mogu biti ostakljeni dvostrukim i trostrukim staklom, omogu\u0107avaju\u0107i vrhunsku energetsku efikasnost.<\/strong>\n\n<figure id=\"attachment_15095\" aria-describedby=\"caption-attachment-15095\" style=\"width: 1200px\" class=\"wp-caption alignnone\"><a href=\"https:\/\/www.prozorivrata.com\/wp-content\/uploads\/2018\/06\/Profine-grupa-PremiFold-76-poseban-klizno-zaokretni-sklopivi-sustav-za-prozore-i-vrata.jpg\"><img decoding=\"async\" class=\"size-full wp-image-15095\" src=\"https:\/\/www.prozorivrata.com\/wp-content\/uploads\/2018\/06\/Profine-grupa-PremiFold-76-poseban-klizno-zaokretni-sklopivi-sustav-za-prozore-i-vrata.jpg\" alt=\"PremiFold 76, poseban klizno - zaokretni sklopivi sustav za prozore i vrata\" width=\"1200\" height=\"851\" \/><\/a><figcaption id=\"caption-attachment-15095\" class=\"wp-caption-text\">Foto: profine grupa, PremiFold 76, poseban klizno &#8211; zaokretni sklopivi sustav za prozore i vrata<\/figcaption><\/figure>\n<h2>AluClip Zero ulazna vrata<\/h2>\nUspjeh dizajnerski jedinstvenog AluClip Zero sustava naveo je profine Grupu na pro\u0161irenje programa i na ulazna vrata. <strong>Tehnolo\u0161ka karakteristika sustava je slobodni spoj panela \u010dime se sprje\u010dava savijanje zbog toplinskih optere\u0107enja.<\/strong> Osim toga, ina\u010dica vrata od 76 mm AluClip Zero sada omogu\u0107uje i umetanje panela debljine 48 do 78 mm.\n\n<figure id=\"attachment_15096\" aria-describedby=\"caption-attachment-15096\" style=\"width: 838px\" class=\"wp-caption alignnone\"><a href=\"https:\/\/www.prozorivrata.com\/wp-content\/uploads\/2018\/06\/Profine-grupa-AluClip_Zero-ulazna_vrata.jpg\"><img decoding=\"async\" class=\"size-full wp-image-15096\" src=\"https:\/\/www.prozorivrata.com\/wp-content\/uploads\/2018\/06\/Profine-grupa-AluClip_Zero-ulazna_vrata.jpg\" alt=\"AluClip Zero ulazna vrata\" width=\"838\" height=\"1200\" \/><\/a><figcaption id=\"caption-attachment-15096\" class=\"wp-caption-text\">Foto: profine grupa, AluClip Zero ulazna vrata<\/figcaption><\/figure>\n\nObje varijante, s u\u010dvr\u0161\u0107enim i umetnutim panelima, sada su dostupne i u sustavu 88 marki Trocal, KBE i K\u00f6mmerling. Debljina panela kre\u0107e se od 48 do 78 mm za ugra\u0111eni panel i 70 do 100 mm za panel za pri\u010dvr\u0161\u0107ivanje. Kao i uvijek, profine pridaje veliku va\u017enost kompatibilnosti, tako da se mogu koristiti mnoge osnovne komponente iz sustava 76 i 88. <strong>AluClip Zero znatno \u0161iri raspon primjena ovih sustava, posebno u arhitektonski zahtjevnim gra\u0111evinskim projektima, gdje su na cijeni kako aluminijski izgled profila, tako i funkcionalne prednosti PVC-a.<\/strong>\n<h2>ProCoverTec<\/h2>\nZahvaljuju\u0107i patentiranoj povr\u0161inskoj proCoverTec tehnologiji, profili su savr\u0161eno za\u0161ti\u0107eni od vanjskih utjecaja i impresioniraju svojim izgledom svilenkastog sjaja i ugodnom, laganom teksturom. <strong>Kupac mo\u017ee birati izme\u0111u 26 atraktivnih boja i \u201eigrati se\u201c s opcijama &#8211; obojeno izvana i neutralne bijele boje iznutra ili sve u boji.<\/strong> Na dodjeli pro-K nagrade proCoverTec je, kad je tehnologija tek predstavljena, bio pobjednik u kategoriji povr\u0161inskih sustava, impresioniraju\u0107i stru\u010dni \u017eiri svojim &#8220;fleksibilnim dizajnom boja zajedno s inovativnom zavr\u0161nom obradom povr\u0161ine&#8221;.\n\n<figure id=\"attachment_15097\" aria-describedby=\"caption-attachment-15097\" style=\"width: 1200px\" class=\"wp-caption alignnone\"><a href=\"https:\/\/www.prozorivrata.com\/wp-content\/uploads\/2018\/06\/Profine-grupa-nove-metalik-boje-proCoverTec.jpg\"><img decoding=\"async\" class=\"size-full wp-image-15097\" src=\"https:\/\/www.prozorivrata.com\/wp-content\/uploads\/2018\/06\/Profine-grupa-nove-metalik-boje-proCoverTec.jpg\" alt=\"profine Grupa predstavila je \u010detiri nove metalik boje proCoverTec \" width=\"1200\" height=\"542\" \/><\/a><figcaption id=\"caption-attachment-15097\" class=\"wp-caption-text\">profine Grupa predstavila je \u010detiri nove metalik boje proCoverTec<\/figcaption><\/figure>\n\nNa Fensterbau Frontale 2018 profine Grupa predstavila je \u010detiri nove metalik boje proCoverTec u svom programu &#8211; titan, srebro, \u017eeljezo i bronca.\n<h2>Profine ProDoor<\/h2>\nProfine ProDoor ulazna vrata su na Fensterbau Frontale 2018 izazivala posebnu pozornost. Temeljena na sustavu 88, kombiniraju sigurnost, udobnost i dizajn s izrazito visokokvalitetnim izgledom u samo jednom proizvodu.\n\n<figure id=\"attachment_15098\" aria-describedby=\"caption-attachment-15098\" style=\"width: 1000px\" class=\"wp-caption alignnone\"><a href=\"https:\/\/www.prozorivrata.com\/wp-content\/uploads\/2018\/06\/Profine-ProDoor-ulazna-vrata.jpg\"><img decoding=\"async\" class=\"size-full wp-image-15098\" src=\"https:\/\/www.prozorivrata.com\/wp-content\/uploads\/2018\/06\/Profine-ProDoor-ulazna-vrata.jpg\" alt=\"Profine ProDoor ulazna vrata\" width=\"1000\" height=\"938\" \/><\/a><figcaption id=\"caption-attachment-15098\" class=\"wp-caption-text\">Profine ProDoor ulazna vrata<\/figcaption><\/figure>\n\n<strong>ProDoor sustav ulaznih vrata mo\u017ee se lako opremiti dodatnim komponentama kao \u0161to su automatska brava, prepoznavanje otiska prsta, LED diode, ukrasni detalji od nehr\u0111aju\u0107eg \u010delika, za\u0161tita od ogrebotina, kompozitni prag bez barijera za pristup bez zapreka i dodatne elemente protuprovalne za\u0161tite koja dose\u017ee razinu sigurnosti RC2.<\/strong> Profine ProDoor \u010dini svako pro\u010delje vrlo posebnim mjestom i uz brojne prednosti, tako\u0111er impresionira svojim izvrsnim omjerom cijene i kvalitete.\n<h2>Partnerski jubileji<\/h2>\nOvdje je, dakako, opisan samo dio proizvoda profine Grupe predstavljenih na ovogodi\u0161njem najve\u0107em sajmu prozora i prozorske tehnike u svijetu.\n\nFensterbau Frontale je bio dobar povod i za veliku proslavu godi\u0161njice partnera profine Grupe. Vlasnik i izvr\u0161ni direktor tvrtke <a href=\"https:\/\/www.prozorivrata.com\/profine-croatia-prvih-20-godina\/\" target=\"_blank\" rel=\"noopener noreferrer\">dr. Peter Mrosik<\/a> osobno je zahvalio predstavnicima 87 partnera s ukupno 2.425 godina partnerstva za njihovu lojalnost dobavlja\u010du sustava &#8211; radi se o proizvo\u0111a\u010dima koji su od 10 do 50 godina vjerni suradnji s jednom od profine robnih marki &#8211; KBE, K\u00f6mmerling ili Trocal. &#8220;Jubilarci&#8221; dolaze iz ukupno 26 zemalja.\n\n\n\n<em>&#8220;Uistinu cijenimo povjerenje na\u0161ih kupaca. U na\u0161im brzim vremenima, dugoro\u010dne i lojalne veze s poslovnim partnerom su prili\u010dno iznimka od pravila&#8221;<\/em>, rekao je dr. Mrosik i istaknuo: <em>&#8220;Samo na\u0161i kupci \u010dine nas ono \u0161to jesmo&#8221;<\/em>.\n\n<strong>S aspekta profine Croatia raduje prisustvo brojnih partnera iz Hrvatske, \u0161to nedvojbeno ukazuje na njihovu profesionalnost i \u017eelju za pra\u0107enjem tehnolo\u0161kih noviteta u poslu kojim se uspje\u0161no bave.<\/strong>\n\nNe\u0161to od noviteta i atmosfere mo\u017eete vidjeti na prilo\u017eenim fotografijama, a jo\u0161 vi\u0161e na stranicama <a href=\"http:\/\/profine-croatia.hr\" target=\"_blank\" rel=\"noopener noreferrer\">profine-croatia.hr<\/a>\n\n\n<figure class=\"wp-block-image size-full is-resized\"><img decoding=\"async\" class=\"wp-image-3980\" src=\"https:\/\/www.prozorivrata.com\/hr\/wp-content\/uploads\/sites\/4\/2021\/12\/profine-logo.png\" alt=\"profine logo\" width=\"258\" height=\"94\" srcset=\"https:\/\/www.prozorivrata.com\/hr\/wp-content\/uploads\/sites\/4\/2021\/12\/profine-logo.png 488w, https:\/\/www.prozorivrata.com\/hr\/wp-content\/uploads\/sites\/4\/2021\/12\/profine-logo-300x109.png 300w\" sizes=\"(max-width: 258px) 100vw, 258px\" \/><\/figure>\n \n\nprofine Croatia d.o.o.\nVukomeri\u010dka 3\nHR \u2013 10410 Velika Gorica\nT. +385 1 6253 100\nF. 385 1 6253 357\n<a href=\"mailto:jasmina.gudeljevic@profine-group.com\" target=\"_blank\" rel=\"noreferrer noopener\">jasmina.gudeljevic@profine-group.com<\/a>\n<a href=\"http:\/\/www.profine-group.com\" target=\"_blank\" rel=\"noreferrer noopener\">www.profine-group.com<\/a>\n\n","protected":false},"excerpt":{"rendered":"<p>Zavr\u0161eno je jo\u0161 jedno izdanje najve\u0107eg svjetskog doga\u0111aja u bran\u0161i, sajma Fensterbau Frontale 2018 u N\u00fcrnbergu. I dok se zbrajaju dojmovi, jedan od najve\u0107ih proizvo\u0111a\u010da PVC sustava u svijetu &#8211; profine Grupa mo\u017ee biti i vi\u0161e nego zadovoljna: sa svojim markama KBE, K\u00f6mmerling i Trocal opet je bila najve\u0107i izlaga\u010d, a njen izlo\u017ebeni prostor i [&hellip;]<\/p>\n","protected":false},"author":3,"featured_media":705,"comment_status":"open","ping_status":"open","sticky":false,"template":"","format":"standard","meta":{"_FSMCFIC_featured_image_caption":"","_FSMCFIC_featured_image_nocaption":"","_FSMCFIC_featured_image_hide":"","footnotes":""},"categories":[47],"tags":[],"class_list":["post-704","post","type-post","status-publish","format-standard","has-post-thumbnail","hentry","category-novosti"],"_links":{"self":[{"href":"https:\/\/www.prozorivrata.com\/hr\/wp-json\/wp\/v2\/posts\/704","targetHints":{"allow":["GET"]}}],"collection":[{"href":"https:\/\/www.prozorivrata.com\/hr\/wp-json\/wp\/v2\/posts"}],"about":[{"href":"https:\/\/www.prozorivrata.com\/hr\/wp-json\/wp\/v2\/types\/post"}],"author":[{"embeddable":true,"href":"https:\/\/www.prozorivrata.com\/hr\/wp-json\/wp\/v2\/users\/3"}],"replies":[{"embeddable":true,"href":"https:\/\/www.prozorivrata.com\/hr\/wp-json\/wp\/v2\/comments?post=704"}],"version-history":[{"count":3,"href":"https:\/\/www.prozorivrata.com\/hr\/wp-json\/wp\/v2\/posts\/704\/revisions"}],"predecessor-version":[{"id":3982,"href":"https:\/\/www.prozorivrata.com\/hr\/wp-json\/wp\/v2\/posts\/704\/revisions\/3982"}],"wp:featuredmedia":[{"embeddable":true,"href":"https:\/\/www.prozorivrata.com\/hr\/wp-json\/wp\/v2\/media\/705"}],"wp:attachment":[{"href":"https:\/\/www.prozorivrata.com\/hr\/wp-json\/wp\/v2\/media?parent=704"}],"wp:term":[{"taxonomy":"category","embeddable":true,"href":"https:\/\/www.prozorivrata.com\/hr\/wp-json\/wp\/v2\/categories?post=704"},{"taxonomy":"post_tag","embeddable":true,"href":"https:\/\/www.prozorivrata.com\/hr\/wp-json\/wp\/v2\/tags?post=704"}],"curies":[{"name":"wp","href":"https:\/\/api.w.org\/{rel}","templated":true}]}}