{"id":7020,"date":"2024-05-09T09:08:57","date_gmt":"2024-05-09T08:08:57","guid":{"rendered":"https:\/\/www.prozorivrata.com\/hr\/?p=7020"},"modified":"2024-05-09T09:09:01","modified_gmt":"2024-05-09T08:09:01","slug":"gealan-inovacije-gealan-kontur-sa-gealan-acrylcolor","status":"publish","type":"post","link":"https:\/\/www.prozorivrata.com\/hr\/gealan-inovacije-gealan-kontur-sa-gealan-acrylcolor\/","title":{"rendered":"Nove mogu\u0107nosti: GEALAN-KONTUR\u00ae sada s GEALAN-acrylcolor\u00ae"},"content":{"rendered":"\n<p><br>Novi koraci s na\u0161om povr\u0161inskom obradom <strong>GEALAN-acrylcolor<sup>\u00ae<\/sup><\/strong>: prvi prozorski elementi na\u0161eg <strong>GEALAN-KONTUR<sup>\u00ae<\/sup><\/strong><sup> <\/sup>sustava s vrhunskom povr\u0161inskom obradom ve\u0107 su <strong>bili izlo\u017eeni na vode\u0107em svjetskom sajmu Fensterbau Frontale u o\u017eujku<\/strong>. Na\u0161 visokou\u010dinkovit i vizualno izvanredan <strong>sustav od 82,5 mm u <a href=\"https:\/\/www.prozorivrata.com\/hr\/gealan-acrylcolor-povrsinska-tehnologija\/\">GEALAN-acrylcolor<sup>\u00ae<\/sup> <\/a><\/strong>sada je <strong>dostupan na tr\u017ei\u0161tu.<\/strong> Pro\u0161ireni asortiman proizvoda s dokazanom povr\u0161inom uklju\u010duje razli\u010dite geometrije okvira, krila, stupova i prednjih plo\u010da za prozore, francuske prozore i ulazna vrata.<\/p>\n\n\n\n<p><strong>GEALAN-acrylcolor<sup>\u00ae<\/sup><\/strong> predstavlja izvanrednu <strong>raznolikost dizajna i boja<\/strong>. Mi u <strong>GEALAN<\/strong>-u dosljedno <strong>razvijamo na\u0161u povr\u0161insku tehnologiju vi\u0161e od 40 godina<\/strong> i <strong>kontinuirano pro\u0161irujemo na\u0161 asortiman novim proizvodima, atraktivnim bojama i opcijom tamnog profila osnovnog tijela<\/strong><\/p>\n\n\n<div class=\"wp-block-image\">\n<figure class=\"aligncenter size-full\"><img decoding=\"async\" width=\"900\" height=\"675\" src=\"https:\/\/www.prozorivrata.com\/hr\/wp-content\/uploads\/sites\/4\/2024\/05\/gealan-kontur-profil.jpg\" alt=\"prozor s tamno sivim profilom\" class=\"wp-image-7026\" srcset=\"https:\/\/www.prozorivrata.com\/hr\/wp-content\/uploads\/sites\/4\/2024\/05\/gealan-kontur-profil.jpg 900w, https:\/\/www.prozorivrata.com\/hr\/wp-content\/uploads\/sites\/4\/2024\/05\/gealan-kontur-profil-300x225.jpg 300w, https:\/\/www.prozorivrata.com\/hr\/wp-content\/uploads\/sites\/4\/2024\/05\/gealan-kontur-profil-768x576.jpg 768w, https:\/\/www.prozorivrata.com\/hr\/wp-content\/uploads\/sites\/4\/2024\/05\/gealan-kontur-profil-750x563.jpg 750w\" sizes=\"(max-width: 900px) 100vw, 900px\" \/><figcaption class=\"wp-element-caption\"> GEALAN-KONTUR\u00ae sa  GEALAN-acrylcolor\u00ae \/ Foto: Gealan <\/figcaption><\/figure>\n<\/div>\n\n\n<p><a href=\"https:\/\/www.grenef.com\/dr-filip-krcmar-ce-odrzati-predavanje-citanje-grada\/\" target=\"_blank\" rel=\"noopener\">Vi\u0161e o GEALAN-KONTUR<sup>\u00ae<\/sup> sustavu<\/a><\/p>\n\n\n\n<h2 class=\"wp-block-heading\">GEALAN-acrylcolor<sup>\u00ae<\/sup> Extended: Pro\u0161ireni asortiman proizvoda<\/h2>\n\n\n\n<p>S <strong>GEALAN-acrylcolor<sup>\u00ae <\/sup>Extended<\/strong>, na\u0161 raspon povr\u0161inskih boja jo\u0161 je jednom pro\u0161iren. Dostupan je <strong>u sustavima GEALAN-KONTUR<sup>\u00ae<\/sup><\/strong>, <strong>GEALAN-KUBUS<sup>\u00ae<\/sup>,<\/strong> <strong>S 9000 i S 9000 NL.<\/strong><\/p>\n\n\n\n<p>GEALAN-acrylcolor<sup>\u00ae<\/sup> Extended omogu\u0107uje ponudu <strong>dodatnih devet boja <\/strong>na\u0161e vrhunske povr\u0161ine u gore navedenim sustavima bez minimalnih koli\u010dina i <strong>s kra\u0107im rokovima isporuke<\/strong> za \u0161iroku paletu projekata. Ukidanje minimalnih zahtjeva za kupnju GEALAN-acrylcolor<sup>\u00ae<\/sup> Extended zna\u010di da se mogu realizirati sve veli\u010dine projekta &#8211; bilo da se radi o novogradnji ili renoviranju.<\/p>\n\n\n\n<p><strong>GEALAN-acrylcolor<sup>\u00ae<\/sup> Extended asortiman<\/strong> uklju\u010duje <strong>provjerene boje<\/strong> kao \u0161to su <strong>crno sme\u0111a<\/strong> \/ RAL 8022, <strong>prometno bijela<\/strong> \/ RAL 9016, <strong>ahat siva<\/strong> \/ RAL 7038 ili <strong>bijeli aluminij<\/strong> \/ RAL 9006 kao i <strong>trendi boje<\/strong> kao \u0161to su <strong>sivo be\u017e <\/strong>\/ RAL 1019, <strong>be\u017e siva<\/strong> \/ RAL 7006, <strong>crno siva<\/strong> \/ RAL 7021, a zaokru\u017euju je na\u0161e <strong>uspje\u0161ne metalik boje<\/strong> <strong>bron\u010dana i biserno be\u017e<\/strong> \/ RAL 1035.<\/p>\n\n\n<div class=\"wp-block-image\">\n<figure class=\"aligncenter size-full\"><img decoding=\"async\" width=\"800\" height=\"600\" src=\"https:\/\/www.prozorivrata.com\/hr\/wp-content\/uploads\/sites\/4\/2024\/05\/gealan-acrylcolor.jpg\" alt=\"prozorski profili u razli\u010ditim bojama, od bijele, preko be\u017e, sme\u0111e do svijetlo i tamno sive\" class=\"wp-image-7025\" srcset=\"https:\/\/www.prozorivrata.com\/hr\/wp-content\/uploads\/sites\/4\/2024\/05\/gealan-acrylcolor.jpg 800w, https:\/\/www.prozorivrata.com\/hr\/wp-content\/uploads\/sites\/4\/2024\/05\/gealan-acrylcolor-300x225.jpg 300w, https:\/\/www.prozorivrata.com\/hr\/wp-content\/uploads\/sites\/4\/2024\/05\/gealan-acrylcolor-768x576.jpg 768w, https:\/\/www.prozorivrata.com\/hr\/wp-content\/uploads\/sites\/4\/2024\/05\/gealan-acrylcolor-750x563.jpg 750w\" sizes=\"(max-width: 800px) 100vw, 800px\" \/><figcaption class=\"wp-element-caption\">GEALAN-acrylcolor\u00ae\/ Foto: Gealan<\/figcaption><\/figure>\n<\/div>\n\n\n<p><a href=\"https:\/\/www.gealan.de\/hr\/inovacije\/gealan-acrylcolor\/?utm_source=newsletter&amp;utm_medium=email&amp;utm_campaign=HR+%7C+Newsletter+%7C+GEALAN+NEWS_5_24+%7C+B2B+%26+B2C\" target=\"_blank\" rel=\"noopener\">Sve informacije o GEALAN-acrylcolor<sup>\u00ae<\/sup><\/a><\/p>\n\n\n\n<h2 class=\"wp-block-heading\">Prozori u boji su trend<\/h2>\n\n\n\n<p>\u0160to se ti\u010de vanjskog izgleda, prozori sve vi\u0161e slu\u017ee kao estetski privla\u010dan pogled, a ne samo kao obavezni dio fasade. To je zato \u0161to su <strong>moderni prozori<\/strong> dizajnirani <strong>kombiniraju\u0107i<\/strong> ciljanu <strong>funkcionalnost s privla\u010dnom estetikom<\/strong>. To zna\u010di da impresioniraju svojim <strong>izvrsnim izolacijskim svojstvima<\/strong> i podjednako <strong>\u0161tite <\/strong>stambene <strong>prostore od buke i provala.<\/strong> Ali nisu samo njihove zna\u010dajke performansi ono \u0161to ide u korak s vremenom; <strong>njihov izgled tako\u0111er odra\u017eava trenutne trendove.<\/strong><\/p>\n\n\n\n<p>\u017delite li neke primjere? Metalne nijanse kao \u0161to su biserno be\u017e, bron\u010dana ili zlatna daju dugotrajan, sjajan izgled. Nadopunjen pojedina\u010dnim \u0161arenim namje\u0161tajem u nostalgi\u010dnim bojama kao \u0161to su vatreno-crvena ili duboko-pono\u0107no plava, metalik izgled koji stvara sofisticiranu \u017eivotnu atmosferu. Tamni prozorski okviri tako\u0111er ostaju u trendu.<\/p>\n\n\n\n<p><a href=\"https:\/\/www.gealan.de\/hr\/price\/suvremeni-prozori-ovo-su-trendovi-za-2024-godinu\/?utm_source=newsletter&amp;utm_medium=email&amp;utm_campaign=HR+%7C+Newsletter+%7C+GEALAN+NEWS_5_24+%7C+B2B+%26+B2C\" target=\"_blank\" rel=\"noopener\">Vi\u0161e o aktualnim trendovima boja<\/a><\/p>\n\n\n\n<figure class=\"wp-block-image size-full is-resized\"><img decoding=\"async\" width=\"500\" height=\"162\" src=\"https:\/\/www.prozorivrata.com\/hr\/wp-content\/uploads\/sites\/4\/2024\/05\/image-2.png\" alt=\"\" class=\"wp-image-7021\" style=\"object-fit:cover;width:250px;height:81px\" srcset=\"https:\/\/www.prozorivrata.com\/hr\/wp-content\/uploads\/sites\/4\/2024\/05\/image-2.png 500w, https:\/\/www.prozorivrata.com\/hr\/wp-content\/uploads\/sites\/4\/2024\/05\/image-2-300x97.png 300w\" sizes=\"(max-width: 500px) 100vw, 500px\" \/><\/figure>\n\n\n\n<p><strong>GEALAN d.o.o. \u2013 predstavni\u0161tvo za Hrvatsku<\/strong><br>Omladinska 11, \u017derjavinec 10360 Sesvete, Hrvatska<br>T: +385 1 2040 670<br>F: +385 1 2040 679<br>E.&nbsp;<a href=\"mailto:info@gealan.hr\" target=\"_blank\" rel=\"noreferrer noopener\">info@gealan.hr<\/a><br>W.&nbsp;<a href=\"http:\/\/www.gealan.hr\/\" target=\"_blank\" rel=\"noreferrer noopener\">www.gealan.hr<\/a><\/p>\n","protected":false},"excerpt":{"rendered":"<p>Novi koraci s na\u0161om povr\u0161inskom obradom GEALAN-acrylcolor\u00ae: prvi prozorski elementi na\u0161eg GEALAN-KONTUR\u00ae sustava s vrhunskom povr\u0161inskom obradom ve\u0107 su bili izlo\u017eeni na vode\u0107em svjetskom sajmu Fensterbau Frontale u o\u017eujku. Na\u0161 visokou\u010dinkovit i vizualno izvanredan sustav od 82,5 mm u GEALAN-acrylcolor\u00ae sada je dostupan na tr\u017ei\u0161tu. Pro\u0161ireni asortiman proizvoda s dokazanom povr\u0161inom uklju\u010duje razli\u010dite geometrije okvira, [&hellip;]<\/p>\n","protected":false},"author":120,"featured_media":7024,"comment_status":"closed","ping_status":"closed","sticky":false,"template":"","format":"standard","meta":{"_FSMCFIC_featured_image_caption":"","_FSMCFIC_featured_image_nocaption":"","_FSMCFIC_featured_image_hide":"","footnotes":""},"categories":[2,47],"tags":[59,778,310,487,75,779,780,752],"class_list":["post-7020","post","type-post","status-publish","format-standard","has-post-thumbnail","hentry","category-svijet-prozora","category-novosti","tag-gealan","tag-gealan-acrylcolor-extended","tag-gealan-acrylcolor","tag-gealan-kontur","tag-gealan-kubus","tag-s-9000","tag-s-9000-nl","tag-sustavi"],"_links":{"self":[{"href":"https:\/\/www.prozorivrata.com\/hr\/wp-json\/wp\/v2\/posts\/7020","targetHints":{"allow":["GET"]}}],"collection":[{"href":"https:\/\/www.prozorivrata.com\/hr\/wp-json\/wp\/v2\/posts"}],"about":[{"href":"https:\/\/www.prozorivrata.com\/hr\/wp-json\/wp\/v2\/types\/post"}],"author":[{"embeddable":true,"href":"https:\/\/www.prozorivrata.com\/hr\/wp-json\/wp\/v2\/users\/120"}],"replies":[{"embeddable":true,"href":"https:\/\/www.prozorivrata.com\/hr\/wp-json\/wp\/v2\/comments?post=7020"}],"version-history":[{"count":3,"href":"https:\/\/www.prozorivrata.com\/hr\/wp-json\/wp\/v2\/posts\/7020\/revisions"}],"predecessor-version":[{"id":7028,"href":"https:\/\/www.prozorivrata.com\/hr\/wp-json\/wp\/v2\/posts\/7020\/revisions\/7028"}],"wp:featuredmedia":[{"embeddable":true,"href":"https:\/\/www.prozorivrata.com\/hr\/wp-json\/wp\/v2\/media\/7024"}],"wp:attachment":[{"href":"https:\/\/www.prozorivrata.com\/hr\/wp-json\/wp\/v2\/media?parent=7020"}],"wp:term":[{"taxonomy":"category","embeddable":true,"href":"https:\/\/www.prozorivrata.com\/hr\/wp-json\/wp\/v2\/categories?post=7020"},{"taxonomy":"post_tag","embeddable":true,"href":"https:\/\/www.prozorivrata.com\/hr\/wp-json\/wp\/v2\/tags?post=7020"}],"curies":[{"name":"wp","href":"https:\/\/api.w.org\/{rel}","templated":true}]}}