{"id":7002,"date":"2024-05-07T08:11:01","date_gmt":"2024-05-07T07:11:01","guid":{"rendered":"https:\/\/www.prozorivrata.com\/hr\/?p=7002"},"modified":"2024-05-07T08:11:05","modified_gmt":"2024-05-07T07:11:05","slug":"danas-konferencija-pristupacnost-izgradene-okoline","status":"publish","type":"post","link":"https:\/\/www.prozorivrata.com\/hr\/danas-konferencija-pristupacnost-izgradene-okoline\/","title":{"rendered":"DANAS: Godi\u0161nja konferencija &#8211; Pristupa\u010dnost izgra\u0111ene okoline u Hrvatskoj"},"content":{"rendered":"\n<p>U organizaciji konzorcija AccessibleEU se po prvi put u Hrvatskoj organizira sredi\u0161nja <strong>nacionalna godi\u0161nja konferencija s me\u0111unarodnim sudjelovanjem<\/strong>, na temu <strong>pristupa\u010dnosti unutarnjih i vanjskih prostora izgra\u0111ene okoline<\/strong>. Glavni <strong>suorganizatori<\/strong> su <strong>Hrvatska komora arhitekata, Arhitektonski fakultet Sveu\u010dili\u0161ta u Zagrebu, Savez osoba s invaliditetom Hrvatske, Ministarstvo prostornoga ure\u0111enja, graditeljstva i dr\u017eavne imovine, Ministarstvo turizma i sporta, Grad Zagreb, Javna vatrogasna postrojba Grada Zagreba<\/strong>, a sudjeluju i druge in\u017eenjerske komore, udruge osoba s invaliditetom, fakulteti, stru\u010dne organizacije i pojedinci specijalizirani za temu konferencije naziva:<\/p>\n\n\n\n<h2 class=\"wp-block-heading\">Pristupa\u010dnost izgra\u0111ene okoline u Hrvatskoj \u2013 Od pravilnika do tehni\u010dkog propisa<\/h2>\n\n\n\n<p>Accessibility of built environment in Croatia &#8211; from the Ordinance to the Technical Regulation<\/p>\n\n\n\n<p>Konferencija se odr\u017eava <strong>danas 7. svibnja 2024. godine u novoj zgradi Regionalnog centra kompetentnosti (RCK) Ru\u0111era Bo\u0161kovi\u0107a u Getaldi\u0107evoj ulici 4 u Zagrebu,<\/strong> u\u017eivo za ograni\u010den broj sudionika i online na digitalnoj platformi uz prijevod znakovnim govorom.<\/p>\n\n\n\n<p>Konferencija je prvenstveno namijenjena projektantima \u2013 ovla\u0161tenim \u010dlanovima i budu\u0107im \u010dlanovima Hrvatske komore arhitekata i drugih in\u017eenjerskih komora, kao i neovla\u0161tenima, predstavnicima institucija dr\u017eavne uprave, \u010dlanovima akademske zajednice, svim dionicima u temi pristupa\u010dnosti izgra\u0111ene okoline, proizvo\u0111a\u010dima i distributerima elemenata pristupa\u010dne opreme i osobama s invaliditetom i smanjene pokretljivosti kao krajnjim korisnicima Pravilnika, odnosno budu\u0107eg Tehni\u010dkog propisa.<\/p>\n\n\n<div class=\"wp-block-image\">\n<figure class=\"aligncenter size-large\"><img decoding=\"async\" width=\"717\" height=\"1024\" src=\"https:\/\/www.prozorivrata.com\/hr\/wp-content\/uploads\/sites\/4\/2024\/04\/pristupaccnost-izgradjene-okoline-u-hrvatskoj-717x1024.webp\" alt=\"najava doga\u0111aja\" class=\"wp-image-6981\" srcset=\"https:\/\/www.prozorivrata.com\/hr\/wp-content\/uploads\/sites\/4\/2024\/04\/pristupaccnost-izgradjene-okoline-u-hrvatskoj-717x1024.webp 717w, https:\/\/www.prozorivrata.com\/hr\/wp-content\/uploads\/sites\/4\/2024\/04\/pristupaccnost-izgradjene-okoline-u-hrvatskoj-210x300.webp 210w, https:\/\/www.prozorivrata.com\/hr\/wp-content\/uploads\/sites\/4\/2024\/04\/pristupaccnost-izgradjene-okoline-u-hrvatskoj-768x1097.webp 768w, https:\/\/www.prozorivrata.com\/hr\/wp-content\/uploads\/sites\/4\/2024\/04\/pristupaccnost-izgradjene-okoline-u-hrvatskoj-750x1072.webp 750w, https:\/\/www.prozorivrata.com\/hr\/wp-content\/uploads\/sites\/4\/2024\/04\/pristupaccnost-izgradjene-okoline-u-hrvatskoj-jpg.webp 800w\" sizes=\"(max-width: 717px) 100vw, 717px\" \/><figcaption class=\"wp-element-caption\">Godi\u0161nja konferencija &#8211; Pristupa\u010dnost izgra\u0111ene okoline u Hrvatskoj<\/figcaption><\/figure>\n<\/div>\n\n\n<p>Predavanjima i radionicom s umre\u017eenjem sudionika, tema pristupa\u010dnosti \u0107e se predstaviti i obra\u0111ivati u najve\u0107oj mjeri vezano na pristupa\u010dnost vanjske i unutarnje izgra\u0111ene okoline, ali ujedno i vezano na transport, ICT, zakonski okvir i regulativu te standardizaciju, a sve s naglaskom na ljudska prava.<\/p>\n\n\n\n<p>Konferencija je organizirana kao cjelodnevni program. <strong>Po\u010dinje u 10:00 sati.<\/strong> Predvi\u0111ena su dva trosatna bloka predavanja s odmorima i ru\u010dkom. U drugom dijelu \u0107e biti predavanja predstavnika i \u010dlanova udruga osoba s invaliditetom i drugih te interakcija sudionika umre\u017eavanjem (networking).<\/p>\n\n\n\n<p>Tre\u0107i dio programa je koncipiran kao svojevrsna prakti\u010dna edukacijska inovacija. To \u0107e biti od 16:00 sati pokazna vje\u017eba simulacije evakuacije osoba smanjene pokretljivosti i u invalidskim kolicima i sl. Vje\u017eba se organizira u suradnji s Civilnom za\u0161titom i s Javnom vatrogasnom postrojbom Grada Zagreba.<\/p>\n\n\n\n<p>S obzirom da je sve ve\u0107i broj pitanja pojedinaca, udruga osoba s invaliditetom, predstavnika institucija, projektnih ureda pa i medija, jer kao \u0161to vjerojatno znate, Pravilnik o osiguranju pristupa\u010dnosti zgrada osobama s invaliditetom i smanjene pokretljivosti kojeg sam suautor u dijelu teksta i autor svih crte\u017ea, nacrta i piktograma, koji je dvadesetak godina u uporabi, od 28. lipnja 2025. godine postaje istoimeni Tehni\u010dki propis pa je sudionicima konferencije potrebno stru\u010dno obrazlo\u017eiti sadr\u017eajne promjene i na\u010din primjene, a ujedno analizirati recentne probleme i predlo\u017eiti na\u010dine njihovih rje\u0161avanja.<\/p>\n\n\n\n<p><a href=\"https:\/\/accessible-eu-centre.ec.europa.eu\/content-corner\/events\/accessibleeu-croatia-accessibility-built-environment-croatia-ordinance-technical-regulation-24-ws-hr-2024-05-07_en?prefLang=hr&amp;etrans=hr\" target=\"_blank\" rel=\"noopener\">AccessibleEU Hrvatska &#8211; Pristupa\u010dnost izgra\u0111enog okoli\u0161a u Hrvatskoj, od Pravilnika do Tehni\u010dkog propisa (24-WS-HR-01)<\/a><\/p>\n\n\n\n<p><strong>Radionica AccessibleEU organizirana je u suradnji s Hrvatskom komorom arhitekata i Arhitektonskim fakultetom Sveu\u010dili\u0161ta u Zagrebu<\/strong>. Glavna tema je pristupa\u010dnost izgra\u0111enog okoli\u0161a.<\/p>\n\n\n\n<p>Ciljevi konferencije su edukacijski, stru\u010dno-analiti\u010dki i implementacijski-operativni za pobolj\u0161anje svakodnevne prakse in\u017eenjera, edukatora u \u0161kolama i sveu\u010dili\u0161tima te raznim odjelnim institucijama, predstavnicima udruga i osobama s invaliditetom.<\/p>\n\n\n\n<p>Ciljevi su i u preno\u0161enju najnovijih informacija o nacionalnim i EU propisima, koje u svim tematskim podru\u010djima (izgra\u0111eni okoli\u0161, promet, IT i pravno-zakonodavni okvir EU) AccessibleEU izvrsno distribuira nacionalnim stru\u010dnjacima, koji ga dalje sinergijski prenose odgovaraju\u0107im institucijama i svim pravnim i fizi\u010dkim dionicima za uklju\u010divost<\/p>\n\n\n\n<p><strong>Pojedinosti o doga\u0111anju:<\/strong><\/p>\n\n\n\n<p><strong>Ciljana publika<\/strong>: Licencirani arhitekti i drugi in\u017eenjeri, \u010dlanovi udruga, djelatnici ministarstava i drugih upravnih tijela, profesori i studenti, predstavnici medija i drugi.<\/p>\n\n\n\n<p><strong>Kada:<\/strong> Utorak, <strong>7. svibnja 2024. od 10:00 (prijava od 9:00)<\/strong><\/p>\n\n\n\n<p><strong>Gdje:<\/strong> Regionalni centar kompetentnosti \/ Regionalni centar kompetencija, Getaldi\u0107eva ulica 4, Zagreb. Prilaz iz dvori\u0161ta preko \u0161kolskog trga.<\/p>\n\n\n\n<p><strong>Zemlja:<\/strong> Hrvatska<\/p>\n\n\n\n<p><strong>Format: <\/strong>Hibridno. Poveznica za uklju\u010denje u YouTube stream \u0107e biti objavljena dan prije po\u010detka konferencije, u ponedjeljak, 6. svibnja od 10:00 sati na stranici www.kpk.hr, a u funkciji od po\u010detka konferencije u utorak, 7. svibnja od 10:00 sati<\/p>\n\n\n\n<p><strong>Vrsta doga\u0111anja:<\/strong> Radionica i sesija uzajamnog u\u010denja<\/p>\n\n\n\n<p><strong>Jezik:<\/strong> Hrvatski i engleski jezik<\/p>\n\n\n\n<p><strong>Kako sudjelovati:<\/strong> Besplatna registracija<\/p>\n\n\n\n<p><strong>Informacije o pristupa\u010dnosti:<\/strong> Pristupa\u010dno mjesto. Prevo\u0111enje znakova na hrvatski jezik.<\/p>\n\n\n\n<p>arhitektura, uklju\u010divanje<\/p>\n\n\n\n<p><a href=\"https:\/\/docs.google.com\/forms\/d\/e\/1FAIpQLScJjJC3FRxdTGYJb0IEEDyjN9XquOXDLWL9SsomTyzHCaFGYQ\/viewform\" target=\"_blank\" rel=\"noopener\">Registrirajte se ovdje<\/a><\/p>\n\n\n\n<p>Broj sudionika za sudjelovanje u\u017eivo je ograni\u010den, a <strong>za online tako\u0111er uz prijave je neograni\u010den<\/strong>.<\/p>\n\n\n\n<h2 class=\"wp-block-heading\">Za organizatora:<\/h2>\n\n\n\n<p><strong>Red. prof. art. Ljubomir Mi\u0161\u010devi\u0107, dipl. ing. arh.<\/strong><br>UIA, UHA, DAZ, HKA, KPKHR, ISES, CERES<br>Ovla\u0161teni arhitekt i ovla\u0161teni arhitekt urbanist<br>Ovla\u0161ten za rad na za\u0161ti\u0107enom kulturnom dobru<br>Nacionalni ekspert za pristupa\u010dnost<br>Voditelj Konzorcija pasivna ku\u0107a Hrvatska<\/p>\n\n\n\n<figure class=\"wp-block-image size-full is-resized\"><img decoding=\"async\" width=\"471\" height=\"113\" src=\"https:\/\/www.prozorivrata.com\/hr\/wp-content\/uploads\/sites\/4\/2024\/05\/image.png\" alt=\"\" class=\"wp-image-7003\" style=\"width:auto;height:80px\" srcset=\"https:\/\/www.prozorivrata.com\/hr\/wp-content\/uploads\/sites\/4\/2024\/05\/image.png 471w, https:\/\/www.prozorivrata.com\/hr\/wp-content\/uploads\/sites\/4\/2024\/05\/image-300x72.png 300w\" sizes=\"(max-width: 471px) 100vw, 471px\" \/><\/figure>\n\n\n\n<p>Sveu\u010dili\u0161te u Zagrebu \/ University of Zagreb<br>Arhitektonski fakultet \/ Faculty of Architecture<br>Zavod za arhitekturu \/ Department for Architecture<\/p>\n\n\n\n<p>Ka\u010di\u0107eva 26, HR-10000 Zagreb, Croatia<br>T. +385 98 230940<\/p>\n\n\n\n<p><a href=\"mailto:info@kpk.hr\">info@kpk.hr<\/a><br><a href=\"mailto:miscevic@arhitekt.hr\">miscevic@arhitekt.hr<\/a><\/p>\n\n\n\n<p><a href=\"http:\/\/www.kpk.hr\" target=\"_blank\" rel=\"noopener\">www.kpk.hr<\/a><br><a href=\"http:\/\/www.arhitekt.hr\" target=\"_blank\" rel=\"noopener\">www.arhitekt.hr<\/a><\/p>\n","protected":false},"excerpt":{"rendered":"<p>U organizaciji konzorcija AccessibleEU se po prvi put u Hrvatskoj organizira sredi\u0161nja nacionalna godi\u0161nja konferencija s me\u0111unarodnim sudjelovanjem, na temu pristupa\u010dnosti unutarnjih i vanjskih prostora izgra\u0111ene okoline. Glavni suorganizatori su Hrvatska komora arhitekata, Arhitektonski fakultet Sveu\u010dili\u0161ta u Zagrebu, Savez osoba s invaliditetom Hrvatske, Ministarstvo prostornoga ure\u0111enja, graditeljstva i dr\u017eavne imovine, Ministarstvo turizma i sporta, Grad [&hellip;]<\/p>\n","protected":false},"author":120,"featured_media":7005,"comment_status":"closed","ping_status":"closed","sticky":false,"template":"","format":"standard","meta":{"_FSMCFIC_featured_image_caption":"","_FSMCFIC_featured_image_nocaption":"","_FSMCFIC_featured_image_hide":"","footnotes":""},"categories":[47],"tags":[773,241,421,232,245,344],"class_list":["post-7002","post","type-post","status-publish","format-standard","has-post-thumbnail","hentry","category-novosti","tag-accessible-eu","tag-arhitektonski-fakultet","tag-hrvatska-komora-arhitekata","tag-konferencija","tag-konzorcij-pasivna-kuca-hrvatska","tag-strucni-skup"],"_links":{"self":[{"href":"https:\/\/www.prozorivrata.com\/hr\/wp-json\/wp\/v2\/posts\/7002","targetHints":{"allow":["GET"]}}],"collection":[{"href":"https:\/\/www.prozorivrata.com\/hr\/wp-json\/wp\/v2\/posts"}],"about":[{"href":"https:\/\/www.prozorivrata.com\/hr\/wp-json\/wp\/v2\/types\/post"}],"author":[{"embeddable":true,"href":"https:\/\/www.prozorivrata.com\/hr\/wp-json\/wp\/v2\/users\/120"}],"replies":[{"embeddable":true,"href":"https:\/\/www.prozorivrata.com\/hr\/wp-json\/wp\/v2\/comments?post=7002"}],"version-history":[{"count":3,"href":"https:\/\/www.prozorivrata.com\/hr\/wp-json\/wp\/v2\/posts\/7002\/revisions"}],"predecessor-version":[{"id":7007,"href":"https:\/\/www.prozorivrata.com\/hr\/wp-json\/wp\/v2\/posts\/7002\/revisions\/7007"}],"wp:featuredmedia":[{"embeddable":true,"href":"https:\/\/www.prozorivrata.com\/hr\/wp-json\/wp\/v2\/media\/7005"}],"wp:attachment":[{"href":"https:\/\/www.prozorivrata.com\/hr\/wp-json\/wp\/v2\/media?parent=7002"}],"wp:term":[{"taxonomy":"category","embeddable":true,"href":"https:\/\/www.prozorivrata.com\/hr\/wp-json\/wp\/v2\/categories?post=7002"},{"taxonomy":"post_tag","embeddable":true,"href":"https:\/\/www.prozorivrata.com\/hr\/wp-json\/wp\/v2\/tags?post=7002"}],"curies":[{"name":"wp","href":"https:\/\/api.w.org\/{rel}","templated":true}]}}