{"id":6979,"date":"2024-04-29T08:56:31","date_gmt":"2024-04-29T07:56:31","guid":{"rendered":"https:\/\/www.prozorivrata.com\/hr\/?p=6979"},"modified":"2024-04-29T08:56:35","modified_gmt":"2024-04-29T07:56:35","slug":"konferencija-pristupacnost-izgradene-okoline-u-hrvatskoj","status":"publish","type":"post","link":"https:\/\/www.prozorivrata.com\/hr\/konferencija-pristupacnost-izgradene-okoline-u-hrvatskoj\/","title":{"rendered":"Uskoro: Konzorcij Accessible EU organizira godi\u0161nju konferenciju Pristupa\u010dnost izgra\u0111ene okoline u Hrvatskoj"},"content":{"rendered":"\n<p>U <strong>organizaciji konzorcija Accessible EU <\/strong>se po <strong>prvi put u Hrvatskoj organizira sredi\u0161nja nacionalna godi\u0161nja konferencija s me\u0111unarodnim sudjelovanjem<\/strong>, na temu pristupa\u010dnosti unutarnjih i vanjskih prostora izgra\u0111ene okoline. Glavni <strong>suorganizatori su<\/strong>: <strong>Hrvatska komora arhitekata, Arhitektonski fakultet Sveu\u010dili\u0161ta u Zagrebu i Zajednica saveza osoba s invaliditetom Hrvatske (SOIH) i dr.<\/strong><\/p>\n\n\n\n<p><strong>Pristupa\u010dnost izgra\u0111ene okoline u Hrvatskoj \u2013 od pravilnika do tehni\u010dkog propisa<br><\/strong>Accessibility of the built environment in Croatia \u2013 from the Ordinance to the Technical Regulation<\/p>\n\n\n<div class=\"wp-block-image\">\n<figure class=\"aligncenter size-large\"><img decoding=\"async\" width=\"717\" height=\"1024\" src=\"https:\/\/www.prozorivrata.com\/hr\/wp-content\/uploads\/sites\/4\/2024\/04\/pristupaccnost-izgradjene-okoline-u-hrvatskoj-717x1024.webp\" alt=\"najava doga\u0111aja\" class=\"wp-image-6981\" srcset=\"https:\/\/www.prozorivrata.com\/hr\/wp-content\/uploads\/sites\/4\/2024\/04\/pristupaccnost-izgradjene-okoline-u-hrvatskoj-717x1024.webp 717w, https:\/\/www.prozorivrata.com\/hr\/wp-content\/uploads\/sites\/4\/2024\/04\/pristupaccnost-izgradjene-okoline-u-hrvatskoj-210x300.webp 210w, https:\/\/www.prozorivrata.com\/hr\/wp-content\/uploads\/sites\/4\/2024\/04\/pristupaccnost-izgradjene-okoline-u-hrvatskoj-768x1097.webp 768w, https:\/\/www.prozorivrata.com\/hr\/wp-content\/uploads\/sites\/4\/2024\/04\/pristupaccnost-izgradjene-okoline-u-hrvatskoj-750x1072.webp 750w, https:\/\/www.prozorivrata.com\/hr\/wp-content\/uploads\/sites\/4\/2024\/04\/pristupaccnost-izgradjene-okoline-u-hrvatskoj-jpg.webp 800w\" sizes=\"(max-width: 717px) 100vw, 717px\" \/><figcaption class=\"wp-element-caption\">Godi\u0161nja konferencija &#8211; Pristupa\u010dnost izgra\u0111ene okoline u Hrvatskoj<\/figcaption><\/figure>\n<\/div>\n\n\n<p>Konferencija \u0107e se <strong>odr\u017eati 7. svibnja 2024. godine<\/strong> u novoj zgradi <strong>Regionalnog centra kompetentnosti (RCK) Ru\u0111era Bo\u0161kovi\u0107a u Getaldi\u0107evoj ulici 4 u Zagrebu<\/strong>, <strong>u\u017eivo<\/strong> za ograni\u010den broj sudionika <strong>i online<\/strong> na digitalnoj platformi uz prijevod znakovnim govorom.<\/p>\n\n\n\n<p>Uklju\u010divanje je putem web stranice Konzorcija pasivna ku\u0107a Hrvatska: <a href=\"http:\/\/www.kpk.hr\" target=\"_blank\" rel=\"noreferrer noopener\">www.kpk.hr<\/a><\/p>\n\n\n\n<p><a href=\"https:\/\/docs.google.com\/forms\/d\/e\/1FAIpQLScJjJC3FRxdTGYJb0IEEDyjN9XquOXDLWL9SsomTyzHCaFGYQ\/viewform\" target=\"_blank\" rel=\"noopener\">Prijavnica<\/a> za sudjelovanje na doga\u0111aju.<\/p>\n\n\n\n<p>Za organizatora:<br>red.prof. Ljubomir Mi\u0161\u010devi\u0107<br>Nacionalni stru\u010dnjak za pristupa\u010dnost<br>AccessibleEU national expert \u2013 Croatia<br>miscevic@arhitekt.hr 098 230940<\/p>\n\n\n\n<figure class=\"wp-block-image size-full is-resized\"><img decoding=\"async\" width=\"1000\" height=\"251\" src=\"https:\/\/www.prozorivrata.com\/hr\/wp-content\/uploads\/sites\/4\/2024\/04\/accessible-eu-organizator.png\" alt=\"\" class=\"wp-image-6982\" style=\"width:1170px;height:auto\" srcset=\"https:\/\/www.prozorivrata.com\/hr\/wp-content\/uploads\/sites\/4\/2024\/04\/accessible-eu-organizator.png 1000w, https:\/\/www.prozorivrata.com\/hr\/wp-content\/uploads\/sites\/4\/2024\/04\/accessible-eu-organizator-300x75.png 300w, https:\/\/www.prozorivrata.com\/hr\/wp-content\/uploads\/sites\/4\/2024\/04\/accessible-eu-organizator-768x193.png 768w, https:\/\/www.prozorivrata.com\/hr\/wp-content\/uploads\/sites\/4\/2024\/04\/accessible-eu-organizator-750x188.png 750w\" sizes=\"(max-width: 1000px) 100vw, 1000px\" \/><\/figure>\n","protected":false},"excerpt":{"rendered":"<p>U organizaciji konzorcija Accessible EU se po prvi put u Hrvatskoj organizira sredi\u0161nja nacionalna godi\u0161nja konferencija s me\u0111unarodnim sudjelovanjem, na temu pristupa\u010dnosti unutarnjih i vanjskih prostora izgra\u0111ene okoline. Glavni suorganizatori su: Hrvatska komora arhitekata, Arhitektonski fakultet Sveu\u010dili\u0161ta u Zagrebu i Zajednica saveza osoba s invaliditetom Hrvatske (SOIH) i dr. Pristupa\u010dnost izgra\u0111ene okoline u Hrvatskoj \u2013 [&hellip;]<\/p>\n","protected":false},"author":120,"featured_media":6987,"comment_status":"closed","ping_status":"closed","sticky":false,"template":"","format":"standard","meta":{"_FSMCFIC_featured_image_caption":"","_FSMCFIC_featured_image_nocaption":"","_FSMCFIC_featured_image_hide":"","footnotes":""},"categories":[47],"tags":[773,241,421,232,245,772,344],"class_list":["post-6979","post","type-post","status-publish","format-standard","has-post-thumbnail","hentry","category-novosti","tag-accessible-eu","tag-arhitektonski-fakultet","tag-hrvatska-komora-arhitekata","tag-konferencija","tag-konzorcij-pasivna-kuca-hrvatska","tag-soih","tag-strucni-skup"],"_links":{"self":[{"href":"https:\/\/www.prozorivrata.com\/hr\/wp-json\/wp\/v2\/posts\/6979","targetHints":{"allow":["GET"]}}],"collection":[{"href":"https:\/\/www.prozorivrata.com\/hr\/wp-json\/wp\/v2\/posts"}],"about":[{"href":"https:\/\/www.prozorivrata.com\/hr\/wp-json\/wp\/v2\/types\/post"}],"author":[{"embeddable":true,"href":"https:\/\/www.prozorivrata.com\/hr\/wp-json\/wp\/v2\/users\/120"}],"replies":[{"embeddable":true,"href":"https:\/\/www.prozorivrata.com\/hr\/wp-json\/wp\/v2\/comments?post=6979"}],"version-history":[{"count":4,"href":"https:\/\/www.prozorivrata.com\/hr\/wp-json\/wp\/v2\/posts\/6979\/revisions"}],"predecessor-version":[{"id":6986,"href":"https:\/\/www.prozorivrata.com\/hr\/wp-json\/wp\/v2\/posts\/6979\/revisions\/6986"}],"wp:featuredmedia":[{"embeddable":true,"href":"https:\/\/www.prozorivrata.com\/hr\/wp-json\/wp\/v2\/media\/6987"}],"wp:attachment":[{"href":"https:\/\/www.prozorivrata.com\/hr\/wp-json\/wp\/v2\/media?parent=6979"}],"wp:term":[{"taxonomy":"category","embeddable":true,"href":"https:\/\/www.prozorivrata.com\/hr\/wp-json\/wp\/v2\/categories?post=6979"},{"taxonomy":"post_tag","embeddable":true,"href":"https:\/\/www.prozorivrata.com\/hr\/wp-json\/wp\/v2\/tags?post=6979"}],"curies":[{"name":"wp","href":"https:\/\/api.w.org\/{rel}","templated":true}]}}