{"id":6961,"date":"2024-04-20T11:29:32","date_gmt":"2024-04-20T10:29:32","guid":{"rendered":"https:\/\/www.prozorivrata.com\/hr\/?p=6961"},"modified":"2024-04-21T07:09:55","modified_gmt":"2024-04-21T06:09:55","slug":"odrzana-je-11-medunarodna-konferencija-dan-prozora-ift-rosenheim-hrvatska","status":"publish","type":"post","link":"https:\/\/www.prozorivrata.com\/hr\/odrzana-je-11-medunarodna-konferencija-dan-prozora-ift-rosenheim-hrvatska\/","title":{"rendered":"Odr\u017eana je 11. me\u0111unarodna konferencija DAN PROZORA ift Rosenheim Hrvatska"},"content":{"rendered":"\n<p>Konferencija je okupila 350 gostiju\/sudionika, stru\u010dnjaka iz bran\u0161e iz 10 zemalja regije.<\/p>\n\n\n\n<p>Na konferenciji su bili proizvo\u0111a\u010di gra\u0111evinske stolarije (i drvene, i PVC i ALU), proizvo\u0111a\u010di prozora, vrata, fasada, proizvo\u0111a\u010di stakla, okova, brtvi, alata, zatim uva\u017eeni arhitekti, projektanti, renomirani dobavlja\u010di PVC i aluminijskih sistema te ostali stru\u010dnjaci iz sektora. <strong>Konferencija <em>DAN PROZORA ift Rosenheim Hrvatska<\/em> od prvog dana osmi\u0161ljena je kao edukativna platforma<\/strong>, event na kojem mi iz vode\u0107eg njema\u010dkog instituta za prozorsku tehnologiju te kao najve\u0107i laboratorij u Europi <em>ift Rosenheim<\/em> prenosimo na\u0161im klijentima novosti iz podru\u010dja legislativa, normi i standardizacije, laboratorijskih ispitivanja, nadzora i certificiranja te aktualnih tema iz bran\u0161e naslonjenih na prozore, vrata, fasade, stakla, okova i sl.<\/p>\n\n\n\n<p>DAN PROZORA tako\u0111er je i mjesto gdje struka izmjenjuje iskustva, mjesto rasprava i networkinga, dru\u017eenje sa svim stru\u010dnjacima iz podru\u010dja gra\u0111evinske stolarije i srodnih ni\u0161a na jednom mjestu. <strong>Tako i na ovoj 11. konferenciji nije falilo interesa, dapa\u010de diskusije i razgovori su se nastavili i nakon slu\u017ebenog dijela.<\/strong><\/p>\n\n\n\n<p>Konferencija DAN PROZORA ponovo se afirmirala kao vode\u0107i edukacijsko strukovni doga\u0111aj u regiji.<\/p>\n\n\n\n<p><strong>DAN PROZORA otvorio je g. Hrvoje Komac (direktor <em>ift Rosenheim Hrvatska<\/em>) te u par rije\u010di pozdravio goste, uveo nas u program. <\/strong>Uvodu se pridru\u017eio i g. Peter Plettenberg iz <em>ift Rosenheim Njema\u010dka<\/em> koji je i ispred njema\u010dkog Instituta pozdravio sve sudionike.<\/p>\n\n\n\n<p>Teme konferencije su pomno izabrane, upravo daju\u0107i odgovor na aktualna pitanja u bran\u0161i i izazovnog tr\u017ei\u0161ta, a prate\u0107i europske trendove i smjernice. Kroz dan su nam predavali stru\u010dnjaci iz instituta <em>ift Rosenheim Njema\u010dka<\/em>, ali i ostali stru\u010dnjaci iz svojih podru\u010dja koji ve\u0107 du\u017ei niz godina sura\u0111uju s nama.<\/p>\n\n\n\n<p>Bilo je govora o ulozi stakla na zgradama temu koju nam je prezentirala <strong>g. Antonija Mu\u0161ovi\u0107<\/strong> iz <em>AGC Glass Europe<\/em>, zatim o laboratorijskom ispitivanju okova predavanje nam je odr\u017eao <strong>g. Konrad Querengaesser<\/strong> iz <em>ift Rosenheima<\/em>, dotakli smo se i vrlo bitne teme certifikacije vrata na evakuacijskim putevima kroz koju nas je proveo <strong>g. Pascal Geiger<\/strong> iz <em>ift Rosenheima<\/em>.<\/p>\n\n\n\n<p>Nakon pauze za kavu i dru\u017eenje, radni dan smo nastavili temom klimatske otpornosti prozora na ekstremne uvijete slikovito prikazano od strane kolege <strong>Robert Krippahla<\/strong> iz <em>ift Rosenheima<\/em>. Nastavili smo vrlo bitnom tematikom od profesora <strong>Zorana Ver\u0161i\u0107a<\/strong> sa <em>Arhitektonskog Fakulteta<\/em> o utjecaju roleta na toplinske i zvu\u010dne karakteristike prozora, &nbsp;a bilo je govora i o profesionalnoj ugradnji prozora u starim zgradama tema <strong>g. Martina Hesslera<\/strong> iz <em>ift Rosenheima<\/em>.<\/p>\n\n\n\n<p>Uslijedila je panel rasprava i osvrt na situaciju tr\u017ei\u0161ta gra\u0111evine op\u0107enito u Njema\u010dkoj \u010dije podatke, brojke, predvi\u0111anja i zaklju\u010dke nam je predstavio <strong>g. Hrvoje Komac<\/strong> iz <em>ift Rosenheim Hrvatska<\/em>. Spomenuli su se i izazovi stavljeni pred proizvo\u0111a\u010de prozora u vidu otvaranja novih tr\u017ei\u0161ta ali i trenutne situacije na hrvatskom tr\u017ei\u0161tu. \u010citav niz korisnih informacija koje su nam prenijeli <strong>g. Kre\u0161imir Posilovi\u0107<\/strong> iz <em>Rehau-a<\/em>, <strong>Robet Kri\u017eanovi\u0107<\/strong> iz <em>Gealan-a<\/em>, <strong>Josip \u0160imunec<\/strong> iz <em>Deceuninck-a t<\/em>e prof Zoran Ver\u0161i\u0107.<\/p>\n\n\n\n<p>Tre\u0107i blok predavanja, nakon pauze za ru\u010dak, zapo\u010deli smo sve u\u010destalijom temom EPD-a i dekarbonizacijskog napretka koju nam je predstavio <strong>g. Christoph Seehauser<\/strong> iz <em>ift Rosenheima<\/em>, nastavili smo temom kontrola karbonizacije u praksi <strong>g. Alexandra Riemera<\/strong> iz <em>Alukoenigstahla Austria<\/em> koji nam je vrlo interesantan na\u010din pojasnio za\u0161to je postizanje klimatske neutralnosti u graditeljstvu najve\u0107i izazov na\u0161eg vremena i kako smanjiti emisiju CO<sub>2<\/sub>.<\/p>\n\n\n\n<p>Moderiranju tre\u0107eg bloka predavanja, vezan na dekarbonizaciju i EPD pridru\u017eila se <strong>g\u0111a Snje\u017eana Turalija<\/strong> iz <em>Greenika-e<\/em>, koja je svojim vi\u0161egodi\u0161njim iskustvom kao stru\u010dnjak u ovom uskom dijelu uvela i provela auditorij u sve aktualniju temu karbonskog otiska. Konferenciju smo zaklju\u010dili temom <strong>g. Petera Plettenberga<\/strong> o vatrootpornosti i mogu\u0107nostima i kapacitetima laboratorija <em>ift Rosenheim<\/em>.<\/p>\n\n\n\n<p>Cijelu konferenciju je vodio na\u0161 dugogodi\u0161nji moderator <strong>g. Marijan Kavran<\/strong>, uz stru\u010dno sumoderiranje<strong> g\u0111e Snje\u017eane Turalije<\/strong> u tre\u0107em blogu predavanja.<\/p>\n\n\n\n<p>Nakon slu\u017ebenog dijela konferencije, dru\u017eenje se nastavilo na after partyju do ve\u010dernjih sati.<\/p>\n\n\n\n<p><strong>Veliko hvala svim sponzorima koji su podr\u017eali ovu 11. me\u0111unarodnu konferenciju DAN PROZORA 2024<\/strong> a to su (abecednim redom):<\/p>\n\n\n\n<p>ALPHACAN,\u00a0 ALUKOENIGSTAHL,\u00a0 ALUMIL CROATIA,\u00a0 ALUPLAST AUSTRIA, ARP\u00a0 + REMMERS,\u00a0 DECEUNINCK,\u00a0 ELUMATEC,\u00a0 EMERUS,\u00a0 FEAL HRVATSKA,\u00a0 GEALAN,\u00a0 HOPPE, ISO-Chemie,\u00a0\u00a0 KRISTAL,\u00a0 LEITZ,\u00a0 LOHMANN Klebebandsysteme,\u00a0 LOKVE,\u00a0 LJUBENKOVI\u0106,\u00a0 NORICA, PROFINE CROATIA,\u00a0 PROMAT,\u00a0 REHAU,\u00a0 SC MEESENBURG,\u00a0 SOUDAL,\u00a0 TEHNOMARKET,\u00a0 Tremco CPG, VEKA AG.<\/p>\n\n\n\n<p><strong>Uz stru\u010dne partnere:<\/strong>\u00a0 AGC GLASS EUROPE,\u00a0 GREENiKA,\u00a0 HRVATSKI DRVNI KLASTER,\u00a0 nZEB\u00a0 i ZAJEDNICA DAVATELJA PVC SUSTAVA ZA GRA\u0110EVINSKU STOLARIJU<\/p>\n\n\n\n<p><strong>Medijski pokrovitelj:<\/strong> <a href=\"https:\/\/www.prozorivrata.com\/hr\/\" data-type=\"link\" data-id=\"https:\/\/www.prozorivrata.com\/hr\/\">\u010casopis PROZORI+VRATA<\/a><\/p>\n\n\n\n<p>Sva predavanja i slu\u017ebene fotografije te zaklju\u010dke mo\u017eete prona\u0107i na web stranici<\/p>\n\n\n\n<p><a href=\"https:\/\/danprozora.hr\" target=\"_blank\" rel=\"noopener\">https:\/\/danprozora.hr<\/a>\u00a0 ili na <a href=\"https:\/\/ift-hrvatska.com\/dogadanja\/dan-prozora-2024\" target=\"_blank\" rel=\"noopener\">https:\/\/ift-hrvatska.com\/dogadanja\/dan-prozora-2024<\/a><\/p>\n\n\n\n<figure class=\"wp-block-image size-full is-resized\"><img decoding=\"async\" width=\"500\" height=\"314\" src=\"https:\/\/www.prozorivrata.com\/hr\/wp-content\/uploads\/sites\/4\/2024\/03\/ift-Hrvatska-logo-ift-Rosenheim-logo-jpg.webp\" alt=\"ift Rosenheim Hrvatska &amp; ift Rosenheim Njema\u010dka logo\" class=\"wp-image-6915\" style=\"width:220px\" srcset=\"https:\/\/www.prozorivrata.com\/hr\/wp-content\/uploads\/sites\/4\/2024\/03\/ift-Hrvatska-logo-ift-Rosenheim-logo-jpg.webp 500w, https:\/\/www.prozorivrata.com\/hr\/wp-content\/uploads\/sites\/4\/2024\/03\/ift-Hrvatska-logo-ift-Rosenheim-logo-300x188.webp 300w\" sizes=\"(max-width: 500px) 100vw, 500px\" \/><\/figure>\n\n\n\n<p>ift Rosenheim Hrvatska<br>Ulica Huga Badali\u0107a 23<br>Hrvatska \u2013 10000 Zagreb<br>T. +385 1 6147 378<br><a href=\"mailto:komac@ift-hrvatska.com\" target=\"_blank\" rel=\"noreferrer noopener\">komac@ift-hrvatska.com<\/a><br><a href=\"mailto:seretin@ift-hrvatska.com\">seretin@ift-hrvatska.com<\/a><br><a href=\"mailto:jakovac@ift-hrvatska.com\">jakovac@ift-hrvatska.com<\/a><br><a href=\"mailto:turk@ift-hrvatska.com\">turk@ift-hrvatska.com<\/a><br><a href=\"http:\/\/www.ift-hrvatska.com\" target=\"_blank\" rel=\"noreferrer noopener\">www.ift-hrvatska.com<\/a><\/p>\n","protected":false},"excerpt":{"rendered":"<p>Konferencija je okupila 350 gostiju\/sudionika, stru\u010dnjaka iz bran\u0161e iz 10 zemalja regije. Na konferenciji su bili proizvo\u0111a\u010di gra\u0111evinske stolarije (i drvene, i PVC i ALU), proizvo\u0111a\u010di prozora, vrata, fasada, proizvo\u0111a\u010di stakla, okova, brtvi, alata, zatim uva\u017eeni arhitekti, projektanti, renomirani dobavlja\u010di PVC i aluminijskih sistema te ostali stru\u010dnjaci iz sektora. Konferencija DAN PROZORA ift Rosenheim Hrvatska [&hellip;]<\/p>\n","protected":false},"author":3,"featured_media":6962,"comment_status":"closed","ping_status":"closed","sticky":false,"template":"","format":"standard","meta":{"_FSMCFIC_featured_image_caption":"","_FSMCFIC_featured_image_nocaption":"","_FSMCFIC_featured_image_hide":"","footnotes":""},"categories":[47],"tags":[241,234,171,233,232,345],"class_list":["post-6961","post","type-post","status-publish","format-standard","has-post-thumbnail","hentry","category-novosti","tag-arhitektonski-fakultet","tag-hrvoje-komac","tag-ift-rosenheim","tag-ift-rosenheim-hrvatska","tag-konferencija","tag-prof-dr-sc-zoran-versic"],"_links":{"self":[{"href":"https:\/\/www.prozorivrata.com\/hr\/wp-json\/wp\/v2\/posts\/6961","targetHints":{"allow":["GET"]}}],"collection":[{"href":"https:\/\/www.prozorivrata.com\/hr\/wp-json\/wp\/v2\/posts"}],"about":[{"href":"https:\/\/www.prozorivrata.com\/hr\/wp-json\/wp\/v2\/types\/post"}],"author":[{"embeddable":true,"href":"https:\/\/www.prozorivrata.com\/hr\/wp-json\/wp\/v2\/users\/3"}],"replies":[{"embeddable":true,"href":"https:\/\/www.prozorivrata.com\/hr\/wp-json\/wp\/v2\/comments?post=6961"}],"version-history":[{"count":2,"href":"https:\/\/www.prozorivrata.com\/hr\/wp-json\/wp\/v2\/posts\/6961\/revisions"}],"predecessor-version":[{"id":6965,"href":"https:\/\/www.prozorivrata.com\/hr\/wp-json\/wp\/v2\/posts\/6961\/revisions\/6965"}],"wp:featuredmedia":[{"embeddable":true,"href":"https:\/\/www.prozorivrata.com\/hr\/wp-json\/wp\/v2\/media\/6962"}],"wp:attachment":[{"href":"https:\/\/www.prozorivrata.com\/hr\/wp-json\/wp\/v2\/media?parent=6961"}],"wp:term":[{"taxonomy":"category","embeddable":true,"href":"https:\/\/www.prozorivrata.com\/hr\/wp-json\/wp\/v2\/categories?post=6961"},{"taxonomy":"post_tag","embeddable":true,"href":"https:\/\/www.prozorivrata.com\/hr\/wp-json\/wp\/v2\/tags?post=6961"}],"curies":[{"name":"wp","href":"https:\/\/api.w.org\/{rel}","templated":true}]}}