{"id":6943,"date":"2024-04-15T11:06:24","date_gmt":"2024-04-15T10:06:24","guid":{"rendered":"https:\/\/www.prozorivrata.com\/hr\/?p=6943"},"modified":"2024-05-02T16:49:09","modified_gmt":"2024-05-02T15:49:09","slug":"lohmann-potpisuje-povelju-o-raznolikosti","status":"publish","type":"post","link":"https:\/\/www.prozorivrata.com\/hr\/lohmann-potpisuje-povelju-o-raznolikosti\/","title":{"rendered":"Lohmann potpisuje Povelju o raznolikosti"},"content":{"rendered":"\n<p><br>Proizvo\u0111a\u010d ljepljivih traka <strong>Lohmann obvezuje se na Povelju raznolikosti<\/strong> i time se vidljivo zala\u017ee za radnu okolinu bez predrasuda i zahvalnosti.<\/p>\n\n\n\n<p>Kako bi obilje\u017eili ovu prigodu, <strong>direktori dr. J\u00f6rg Pohlman i dr. Carsten Herzhoff<\/strong> pozdravili su <strong>gradona\u010delnika Neuwieda Jana Einiga i gradona\u010delnika Petera Junga<\/strong> u TEC centru u glavnom sjedi\u0161tu tvrtke. Posjet se poklopio sa sudjelovanjem Neuwieda u Me\u0111unarodnim tjednima borbe protiv rasizma, tijekom kojih su u gradu odr\u017eane razli\u010dite manifestacije institucija i organizacija pod motom <strong>&#8220;Ljudska prava za sve&#8221;<\/strong>.<\/p>\n\n\n\n<p>Pro\u0161logodi\u0161njim potpisivanjem povelje u ime gradske uprave, <strong>Einig <\/strong>je slu\u017ebeno dokumentirao dugoro\u010dnu potporu Neuwieda integraciji i promicanju razli\u010ditosti u svijetu rada: <\/p>\n\n\n\n<blockquote class=\"wp-block-quote is-layout-flow wp-block-quote-is-layout-flow\">\n<p>\u201eRazli\u010ditost u na\u0161em gradu Neuwiedu je snaga koju tako\u0111er \u017eelimo promovirati. Stoga sam odu\u0161evljen \u0161to je Lohmann potpisao Povelju o raznolikosti i stoga je predan otvorenom i tolerantnom radnom okru\u017eenju. Na\u0161 grad zajedno naprijed!&#8221;<\/p>\n<\/blockquote>\n\n\n\n<p>Povelja raznolikosti je inicijativa za promicanje raznolikosti u tvrtkama i institucijama pod pokroviteljstvom saveznog kancelara Olafa Scholza.<\/p>\n\n\n\n<p><strong>Potpisivanjem Povelje o raznolikosti Lohmann \u0161alje jasan signal za razli\u010ditost i toleranciju <\/strong>u svijetu rada te pokazuje da cijeni sve zaposlenike bez obzira na dob, etni\u010dko podrijetlo i nacionalnost, spol i rodni identitet, fizi\u010dke i mentalne sposobnosti, vjeru i ideologiju , seksualnu orijentaciju i socijalno porijeklo.<\/p>\n\n\n\n<blockquote class=\"wp-block-quote is-layout-flow wp-block-quote-is-layout-flow\">\n<p>&#8220;Na\u0161 radni svijet se stalno mijenja&#8221;, <strong>ka\u017ee dr. J\u00f6rg Pohlman, izvr\u0161ni direktor tvrtke Lohmann.<\/strong> &#8220;Od na\u0161eg osnutka 1851. godine, odr\u017eivo dru\u0161tveno djelovanje i dru\u0161tvena odgovornost visoki su prioritet u na\u0161oj tvrtki. Uvjereni smo da su raznolikost i uklju\u010denost osnova Lohmannove konkurentnosti i budu\u0107e odr\u017eivosti. Potpisivanjem Povelje o raznolikosti, tako\u0111er \u0161aljemo jasan signal vanjskom svijetu &#8211; na\u0161im zaposlenicima i poslovnim partnerima.&#8221;<\/p>\n<\/blockquote>\n\n\n\n<blockquote class=\"wp-block-quote is-layout-flow wp-block-quote-is-layout-flow\">\n<p>&#8220;Na\u0161e dru\u0161tvo je raznolikije i diferenciranije nego ikad: zbog toga je jo\u0161 va\u017enije promicati razli\u010ditost i interakciju punu po\u0161tovanja i uva\u017eavanja na radnom mjestu. Potpisivanjem Povelje o raznolikosti, Lohmann se obvezuje prepoznati i po\u0161tivati razli\u010ditost dru\u0161tva i njegovih potreba unutar i izvan organizacije&#8221; , <\/p>\n<cite><strong>ka\u017ee izvr\u0161na direktorica Povelje Corina Christen.<\/strong><\/cite><\/blockquote>\n\n\n\n<blockquote class=\"wp-block-quote is-layout-flow wp-block-quote-is-layout-flow\">\n<p>&#8220;Potpisivanjem povelje jasno pokazujete da se razli\u010dite potrebe zaposlenika moraju uzeti u obzir i \u010dvrsto ukorijeniti u unutarnje strukture organizacije. Na kraju krajeva, razli\u010ditost nije samo stav za koji se vrijedi zalagati svaki dan, ve\u0107 ga treba poduprijeti djelovanjem&#8221;,<\/p>\n<cite><strong>dodaje direktor Chartera Franzi von Kempis.<\/strong><\/cite><\/blockquote>\n\n\n\n<p>Za Lohmann je ova predanost jo\u0161 jedan va\u017ean korak u naporima da organizaciju i lokaciju u Neuwied-Koblenzu u\u010dine odr\u017eivima i spremnima na budu\u0107nost.<\/p>\n\n\n\n<figure class=\"wp-block-image size-medium\"><img decoding=\"async\" width=\"300\" height=\"99\" src=\"https:\/\/www.prozorivrata.com\/hr\/wp-content\/uploads\/sites\/4\/2023\/05\/Lohmann_Logo-300x99.webp\" alt=\"Lohmann Logo\" class=\"wp-image-5923\" srcset=\"https:\/\/www.prozorivrata.com\/hr\/wp-content\/uploads\/sites\/4\/2023\/05\/Lohmann_Logo-300x99.webp 300w, https:\/\/www.prozorivrata.com\/hr\/wp-content\/uploads\/sites\/4\/2023\/05\/Lohmann_Logo-jpg.webp 500w\" sizes=\"(max-width: 300px) 100vw, 300px\" \/><\/figure>\n\n\n\n<p>Lohmann Klebebandsysteme GmbH<br>Wiener Stra\u00dfe 28<br>2000 Stockerau &#8211; Austria<br><a href=\"mailto:info.at@lohmann-tapes.com\" target=\"_blank\" rel=\"noreferrer noopener\">info.at@lohmann-tapes.com<\/a><br><a href=\"http:\/\/www.lohmann-tapes.com\/sdg\" target=\"_blank\" rel=\"noreferrer noopener\">www.lohmann-tapes.com\/sdg<\/a><\/p>\n","protected":false},"excerpt":{"rendered":"<p>Proizvo\u0111a\u010d ljepljivih traka Lohmann obvezuje se na Povelju raznolikosti i time se vidljivo zala\u017ee za radnu okolinu bez predrasuda i zahvalnosti. Kako bi obilje\u017eili ovu prigodu, direktori dr. J\u00f6rg Pohlman i dr. Carsten Herzhoff pozdravili su gradona\u010delnika Neuwieda Jana Einiga i gradona\u010delnika Petera Junga u TEC centru u glavnom sjedi\u0161tu tvrtke. Posjet se poklopio sa [&hellip;]<\/p>\n","protected":false},"author":120,"featured_media":6944,"comment_status":"closed","ping_status":"closed","sticky":false,"template":"","format":"standard","meta":{"_FSMCFIC_featured_image_caption":"","_FSMCFIC_featured_image_nocaption":"","_FSMCFIC_featured_image_hide":"","footnotes":""},"categories":[47],"tags":[766,608,753,764,765],"class_list":["post-6943","post","type-post","status-publish","format-standard","has-post-thumbnail","hentry","category-novosti","tag-buducnost","tag-lohmann","tag-odrzivost","tag-povelja-raznolikosti","tag-raznolikost"],"_links":{"self":[{"href":"https:\/\/www.prozorivrata.com\/hr\/wp-json\/wp\/v2\/posts\/6943","targetHints":{"allow":["GET"]}}],"collection":[{"href":"https:\/\/www.prozorivrata.com\/hr\/wp-json\/wp\/v2\/posts"}],"about":[{"href":"https:\/\/www.prozorivrata.com\/hr\/wp-json\/wp\/v2\/types\/post"}],"author":[{"embeddable":true,"href":"https:\/\/www.prozorivrata.com\/hr\/wp-json\/wp\/v2\/users\/120"}],"replies":[{"embeddable":true,"href":"https:\/\/www.prozorivrata.com\/hr\/wp-json\/wp\/v2\/comments?post=6943"}],"version-history":[{"count":5,"href":"https:\/\/www.prozorivrata.com\/hr\/wp-json\/wp\/v2\/posts\/6943\/revisions"}],"predecessor-version":[{"id":6993,"href":"https:\/\/www.prozorivrata.com\/hr\/wp-json\/wp\/v2\/posts\/6943\/revisions\/6993"}],"wp:featuredmedia":[{"embeddable":true,"href":"https:\/\/www.prozorivrata.com\/hr\/wp-json\/wp\/v2\/media\/6944"}],"wp:attachment":[{"href":"https:\/\/www.prozorivrata.com\/hr\/wp-json\/wp\/v2\/media?parent=6943"}],"wp:term":[{"taxonomy":"category","embeddable":true,"href":"https:\/\/www.prozorivrata.com\/hr\/wp-json\/wp\/v2\/categories?post=6943"},{"taxonomy":"post_tag","embeddable":true,"href":"https:\/\/www.prozorivrata.com\/hr\/wp-json\/wp\/v2\/tags?post=6943"}],"curies":[{"name":"wp","href":"https:\/\/api.w.org\/{rel}","templated":true}]}}