{"id":6904,"date":"2024-03-27T10:39:51","date_gmt":"2024-03-27T09:39:51","guid":{"rendered":"https:\/\/www.prozorivrata.com\/hr\/?p=6904"},"modified":"2024-03-27T10:39:55","modified_gmt":"2024-03-27T09:39:55","slug":"gealan-inovativni-stand-na-fensterbau-frontale","status":"publish","type":"post","link":"https:\/\/www.prozorivrata.com\/hr\/gealan-inovativni-stand-na-fensterbau-frontale\/","title":{"rendered":"Fensterbau Frontale: GEALAN izlazi iz okvira s novim, revolucionarnim pristupom"},"content":{"rendered":"\n<p>Vode\u0107i svjetski sajam <strong>Fensterbau Frontale 2024.<\/strong> bio je posve\u0107en izvanrednom konceptu \u0161tanda u <strong>GEALAN<\/strong>-u: Po prvi put, <strong>izlo\u017ebeni prostor GEALAN-a od gotovo 900 \u010detvornih metara dizajniran je s naglaskom na ciljnu skupinu u pet razli\u010ditih tematskih dijelova.<\/strong> Ovaj neobi\u010dan format bio je vrlo dobro prihva\u0107en od strane posjetitelja sajma.<\/p>\n\n\n\n<p>Ovogodi\u0161nji sajam bio je poseban po tome \u0161to je <strong>GEALAN<\/strong> predstavio svoj izlo\u017ebeni prostor od gotovo 900 \u010detvornih metara s potpuno novim konceptom. Po prvi put, prostor je bio strukturiran u pet razli\u010ditih tematskih dijelova, ciljano usmjerenih prema razli\u010ditim skupinama kupaca.<\/p>\n\n\n\n<blockquote class=\"wp-block-quote is-layout-flow wp-block-quote-is-layout-flow\">\n<p>\u201e<em>Potpuno sam zadovoljan na\u0161om prisutno\u0161\u0107u u Fensterbau Frontale. Svi partneri koji su nas posjetili bili su puni komplimenata za na\u0161 koncept, za rje\u0161enja koja smo predstavili tr\u017ei\u0161tu i za prezentaciju usmjerenu na ciljnu skupinu. Uspjeli smo odr\u017eati stotine vrijednih rasprava tijekom \u010detiri dana, tako da Fensterbau Frontale 2024 mogu samo opisati kao veliki uspjeh za nas u <strong>GEALAN<\/strong>-u. Zahvaljujem svim kolegama koji su omogu\u0107ili ovako fantasti\u010dnu prezentaciju u tjednu sajma, ali i u tjednima i mjesecima koji su prethodili!\u201c <\/em><\/p>\n<cite><strong>Ivica Maurovi\u0107, glasnogovornik uprave GEALAN-a<\/strong>, o vode\u0107em svjetskom sajmu.<\/cite><\/blockquote>\n\n\n<div class=\"wp-block-image\">\n<figure class=\"aligncenter size-large\"><img decoding=\"async\" width=\"1024\" height=\"683\" src=\"https:\/\/www.prozorivrata.com\/hr\/wp-content\/uploads\/sites\/4\/2024\/03\/fensterbau-frontale-gealan-stand-1024x683.webp\" alt=\"poslovni ljudi stoje za stolom nekog izlo\u017ebenog prostora\" class=\"wp-image-6908\" srcset=\"https:\/\/www.prozorivrata.com\/hr\/wp-content\/uploads\/sites\/4\/2024\/03\/fensterbau-frontale-gealan-stand-1024x683.webp 1024w, https:\/\/www.prozorivrata.com\/hr\/wp-content\/uploads\/sites\/4\/2024\/03\/fensterbau-frontale-gealan-stand-300x200.webp 300w, https:\/\/www.prozorivrata.com\/hr\/wp-content\/uploads\/sites\/4\/2024\/03\/fensterbau-frontale-gealan-stand-768x512.webp 768w, https:\/\/www.prozorivrata.com\/hr\/wp-content\/uploads\/sites\/4\/2024\/03\/fensterbau-frontale-gealan-stand-750x500.webp 750w, https:\/\/www.prozorivrata.com\/hr\/wp-content\/uploads\/sites\/4\/2024\/03\/fensterbau-frontale-gealan-stand-1140x760.webp 1140w, https:\/\/www.prozorivrata.com\/hr\/wp-content\/uploads\/sites\/4\/2024\/03\/fensterbau-frontale-gealan-stand-jpg.webp 1200w\" sizes=\"(max-width: 1024px) 100vw, 1024px\" \/><figcaption class=\"wp-element-caption\">Gealanov na Fensterbau Frontale \/ Foto: Gealan<\/figcaption><\/figure>\n<\/div>\n\n\n<p><strong>Od svog<\/strong> prethodnog <strong>sudjelovanja na Fensterbau sajmu 2018. godine, GEALAN je do\u017eivio zna\u010dajan napredak.<\/strong> U proteklom razdoblju ulo\u017eeno je gotovo <strong>100 milijuna eura u modernizaciju infrastrukture i razvoj proizvoda<\/strong>. Ovaj nevjerojatan <strong>napredak primije\u0107en je i na sajmu Fensterbau Frontale 2024.<\/strong>, gdje su posjetitelji s odu\u0161evljenjem prihvatili inovativni koncept izlo\u017ebenog prostora <strong>GEALAN<\/strong>-a.<\/p>\n\n\n\n<p><strong>U pet<\/strong> impresivno <strong>dizajniranih dijelova, GEALAN je strukturirao svoj portfelj proizvoda <\/strong>prema potrebama proizvo\u0111a\u010da prozora, trgovaca i arhitekata. Osim toga, <strong>izlo\u017ebeni prostor opremljen je relevantnim proizvodima i sustavima te podr\u017eava digitalne alate i korisne <a href=\"https:\/\/www.prozorivrata.com\/hr\/gealan-comfort-novi-gealan-premium-prag\/\" target=\"_blank\" rel=\"noreferrer noopener\">usluge u GEALAN svjetovima<\/a><\/strong>. Posebno je istaknuta <strong>odr\u017eivost, s prikazom ekolo\u0161ki prihvatljivih pristupa koji \u0161tede resurse.<\/strong><\/p>\n\n\n<div class=\"wp-block-image\">\n<figure class=\"aligncenter size-large\"><img decoding=\"async\" width=\"1024\" height=\"683\" src=\"https:\/\/www.prozorivrata.com\/hr\/wp-content\/uploads\/sites\/4\/2024\/03\/smart-living-gealan-fensterbau-frontale-1024x683.webp\" alt=\"prostorija u space izgledu sa stolom i stolicama za sjedenje\" class=\"wp-image-6907\" srcset=\"https:\/\/www.prozorivrata.com\/hr\/wp-content\/uploads\/sites\/4\/2024\/03\/smart-living-gealan-fensterbau-frontale-1024x683.webp 1024w, https:\/\/www.prozorivrata.com\/hr\/wp-content\/uploads\/sites\/4\/2024\/03\/smart-living-gealan-fensterbau-frontale-300x200.webp 300w, https:\/\/www.prozorivrata.com\/hr\/wp-content\/uploads\/sites\/4\/2024\/03\/smart-living-gealan-fensterbau-frontale-768x512.webp 768w, https:\/\/www.prozorivrata.com\/hr\/wp-content\/uploads\/sites\/4\/2024\/03\/smart-living-gealan-fensterbau-frontale-750x500.webp 750w, https:\/\/www.prozorivrata.com\/hr\/wp-content\/uploads\/sites\/4\/2024\/03\/smart-living-gealan-fensterbau-frontale-1140x760.webp 1140w, https:\/\/www.prozorivrata.com\/hr\/wp-content\/uploads\/sites\/4\/2024\/03\/smart-living-gealan-fensterbau-frontale-jpg.webp 1200w\" sizes=\"(max-width: 1024px) 100vw, 1024px\" \/><figcaption class=\"wp-element-caption\">Smart living sustav TEXINO na Fensterbau Frontale 2024 \/ Foto: Gealan<\/figcaption><\/figure>\n<\/div>\n\n\n<p><strong>Slogan<\/strong> sajma <strong>&#8220;Designed for You&#8221; <\/strong>odra\u017eava bliskost <strong>GEALAN-<\/strong>a s kupcima i partnerima, te <strong>predstavlja predanost pru\u017eanju inovativnih rje\u0161enja za sve sudionike<\/strong> u vrijednosnom lancu prozora. Ovaj pristup postao je glavni prioritet GEALAN-a, kako na sajmovima, tako i izvan njih.<\/p>\n\n\n\n<p> Vi\u0161e informacija o Gealanovom nastupu na ovom presti\u017enom stru\u010dnom skupu mo\u017eete vidjeti i pro\u010ditati <a href=\"https:\/\/www.gealan.de\/hr\/novosti\/gealan@fensterbau-frontale-2024\/\" target=\"_blank\" rel=\"noreferrer noopener\">ovdje. <\/a><\/p>\n\n\n\n<figure class=\"wp-block-image size-large is-resized\"><img decoding=\"async\" width=\"500\" height=\"162\" src=\"https:\/\/www.prozorivrata.com\/hr\/wp-content\/uploads\/sites\/4\/2020\/12\/GEALAN-logo-new.png\" alt=\"GEALAN logo\" class=\"wp-image-2620\" style=\"width:250px;height:81px\" srcset=\"https:\/\/www.prozorivrata.com\/hr\/wp-content\/uploads\/sites\/4\/2020\/12\/GEALAN-logo-new.png 500w, https:\/\/www.prozorivrata.com\/hr\/wp-content\/uploads\/sites\/4\/2020\/12\/GEALAN-logo-new-300x97.png 300w\" sizes=\"(max-width: 500px) 100vw, 500px\" \/><\/figure>\n\n\n\n<p><strong>GEALAN d.o.o. \u2013 predstavni\u0161tvo za Hrvatsku<\/strong><br>Omladinska 11, \u017derjavinec 10360 Sesvete, Hrvatska<br>T: +385 1 2040 670<br>F: +385 1 2040 679<br>E.&nbsp;<a href=\"mailto:info@gealan.hr\" target=\"_blank\" rel=\"noreferrer noopener\">info@gealan.hr<\/a><br>W.&nbsp;<a href=\"http:\/\/www.gealan.hr\/\" target=\"_blank\" rel=\"noreferrer noopener\">www.gealan.hr<\/a><\/p>\n","protected":false},"excerpt":{"rendered":"<p>Vode\u0107i svjetski sajam Fensterbau Frontale 2024. bio je posve\u0107en izvanrednom konceptu \u0161tanda u GEALAN-u: Po prvi put, izlo\u017ebeni prostor GEALAN-a od gotovo 900 \u010detvornih metara dizajniran je s naglaskom na ciljnu skupinu u pet razli\u010ditih tematskih dijelova. Ovaj neobi\u010dan format bio je vrlo dobro prihva\u0107en od strane posjetitelja sajma. Ovogodi\u0161nji sajam bio je poseban po [&hellip;]<\/p>\n","protected":false},"author":120,"featured_media":6906,"comment_status":"closed","ping_status":"closed","sticky":false,"template":"","format":"standard","meta":{"_FSMCFIC_featured_image_caption":"","_FSMCFIC_featured_image_nocaption":"","_FSMCFIC_featured_image_hide":"","footnotes":""},"categories":[47],"tags":[70,59,761,71,408,344],"class_list":["post-6904","post","type-post","status-publish","format-standard","has-post-thumbnail","hentry","category-novosti","tag-fensterbau-frontale","tag-gealan","tag-nirnberg","tag-sajam","tag-stolarija","tag-strucni-skup"],"_links":{"self":[{"href":"https:\/\/www.prozorivrata.com\/hr\/wp-json\/wp\/v2\/posts\/6904","targetHints":{"allow":["GET"]}}],"collection":[{"href":"https:\/\/www.prozorivrata.com\/hr\/wp-json\/wp\/v2\/posts"}],"about":[{"href":"https:\/\/www.prozorivrata.com\/hr\/wp-json\/wp\/v2\/types\/post"}],"author":[{"embeddable":true,"href":"https:\/\/www.prozorivrata.com\/hr\/wp-json\/wp\/v2\/users\/120"}],"replies":[{"embeddable":true,"href":"https:\/\/www.prozorivrata.com\/hr\/wp-json\/wp\/v2\/comments?post=6904"}],"version-history":[{"count":5,"href":"https:\/\/www.prozorivrata.com\/hr\/wp-json\/wp\/v2\/posts\/6904\/revisions"}],"predecessor-version":[{"id":6912,"href":"https:\/\/www.prozorivrata.com\/hr\/wp-json\/wp\/v2\/posts\/6904\/revisions\/6912"}],"wp:featuredmedia":[{"embeddable":true,"href":"https:\/\/www.prozorivrata.com\/hr\/wp-json\/wp\/v2\/media\/6906"}],"wp:attachment":[{"href":"https:\/\/www.prozorivrata.com\/hr\/wp-json\/wp\/v2\/media?parent=6904"}],"wp:term":[{"taxonomy":"category","embeddable":true,"href":"https:\/\/www.prozorivrata.com\/hr\/wp-json\/wp\/v2\/categories?post=6904"},{"taxonomy":"post_tag","embeddable":true,"href":"https:\/\/www.prozorivrata.com\/hr\/wp-json\/wp\/v2\/tags?post=6904"}],"curies":[{"name":"wp","href":"https:\/\/api.w.org\/{rel}","templated":true}]}}