{"id":6820,"date":"2024-02-28T11:31:26","date_gmt":"2024-02-28T10:31:26","guid":{"rendered":"https:\/\/www.prozorivrata.com\/hr\/?p=6820"},"modified":"2024-02-28T11:31:31","modified_gmt":"2024-02-28T10:31:31","slug":"fensterbau-frontale-znanje-susrece-iskustvo","status":"publish","type":"post","link":"https:\/\/www.prozorivrata.com\/hr\/fensterbau-frontale-znanje-susrece-iskustvo\/","title":{"rendered":"FENSTERBAU FRONTALE: Znanje susre\u0107e iskustvo"},"content":{"rendered":"\n<p><br>Me\u0111unarodni posjetitelji sajma o\u010dekuju prakti\u010dne prilike za profesionalni razvoj, dijalog sa stru\u010dnjacima, kolegama i izlaga\u010dima, kao i brojne prilike da po prvi put do\u017eive i isprobaju inovacije i trendove.<\/p>\n\n\n\n<p><strong>Od 19. do 22. o\u017eujka 2024. FENSTERBAU FRONTALE <\/strong>i ove godine predstavlja <strong>najbolji pregled svjetskog tr\u017ei\u0161ta prozora, vrata i fasada<\/strong> kombinacijom sajma i opse\u017enog programa. Me\u0111unarodne <strong>posjetitelje<\/strong> sajma <strong>o\u010dekuju<\/strong> prakti\u010dne <strong>prilike za profesionalni razvoj, dijalog sa stru\u010dnjacima, kolegama i izlaga\u010dima<\/strong>, kao i brojne prilike da po prvi put do\u017eive i isprobaju inovacije i trendove. Kao i uvijek, <strong>najve\u0107i svjetski sajam odr\u017eat \u0107e se uz HOLZ-HANDWERK<\/strong>, koji se mo\u017ee posjetiti s istom ulaznicom.<\/p>\n\n\n\n<p><strong>FENSTERBAU FRONTALE FORUM<\/strong> <strong>okuplja vi\u0161e od 30<\/strong> uzbudljivih <strong>predavanja i panel rasprava<\/strong> o aktualnim temama industrije. <strong>Tijekom sva \u010detiri dana<\/strong> trajanja sajma <strong>stru\u010dnjaci<\/strong> \u0107e <strong>dr\u017eati predavanja i voditi prakti\u010dne rasprave<\/strong> o tematskim to\u010dkama kao \u0161to su <strong>odr\u017eivost, ekstremni vremenski uvjeti, ventilacija, serijska gradnja i obnova.<\/strong><\/p>\n\n\n\n<p><strong>Svaki dan od 13:30 do 14:15 tribina<\/strong> \u0107e biti mjesto interaktivnog formata <strong>&#8220;Razgovori stru\u010dnjaka&#8221; na teme instalacija, PVC i drvene stolarije i pristupa\u010dnost<\/strong>i. Jo\u0161 jedan naglasak: <strong>u 16:15 u srijedu, 20. o\u017eujka,<\/strong> <strong>influenceri i stru\u010dnjaci iz industrije<\/strong> <strong>pru\u017eit \u0107e <\/strong>uzbudljive <strong>uvide<\/strong> u svijet prodaje <strong>na dru\u0161tvenim mre\u017eama i dru\u0161tvenog umre\u017eavanja pod naslovom &#8220;Influenceri iz svijeta prozora &#8211; Zaposlenici i \u0161efovi osvajaju dru\u0161tvene medije!&#8221;.<\/strong><\/p>\n\n\n<div class=\"wp-block-image\">\n<figure class=\"aligncenter size-large\"><img decoding=\"async\" width=\"1024\" height=\"683\" src=\"https:\/\/www.prozorivrata.com\/hr\/wp-content\/uploads\/sites\/4\/2024\/02\/Fensterbau-Frontale-2024-jpg-1024x683.webp\" alt=\"posjetitelji sajma\" class=\"wp-image-6826\" srcset=\"https:\/\/www.prozorivrata.com\/hr\/wp-content\/uploads\/sites\/4\/2024\/02\/Fensterbau-Frontale-2024-jpg-1024x683.webp 1024w, https:\/\/www.prozorivrata.com\/hr\/wp-content\/uploads\/sites\/4\/2024\/02\/Fensterbau-Frontale-2024-jpg-300x200.webp 300w, https:\/\/www.prozorivrata.com\/hr\/wp-content\/uploads\/sites\/4\/2024\/02\/Fensterbau-Frontale-2024-jpg-768x512.webp 768w, https:\/\/www.prozorivrata.com\/hr\/wp-content\/uploads\/sites\/4\/2024\/02\/Fensterbau-Frontale-2024-jpg-750x500.webp 750w, https:\/\/www.prozorivrata.com\/hr\/wp-content\/uploads\/sites\/4\/2024\/02\/Fensterbau-Frontale-2024-jpg-1140x760.webp 1140w, https:\/\/www.prozorivrata.com\/hr\/wp-content\/uploads\/sites\/4\/2024\/02\/Fensterbau-Frontale-2024-jpg.webp 1200w\" sizes=\"(max-width: 1024px) 100vw, 1024px\" \/><figcaption class=\"wp-element-caption\">Fensterbau Frontale 2024. \/ Foto: N\u00fcrnberg Messe<\/figcaption><\/figure>\n<\/div>\n\n\n<h2 class=\"wp-block-heading\">Pametno kori\u0161tenje i implementacija digitalizacije u trgova\u010dkim dru\u0161tvima<\/h2>\n\n\n\n<p><strong>Forum &#8220;PRAKTI\u010cNI VODI\u010c ZA DIGITIZACIJU&#8221;<\/strong> pru\u017ea vrijedne ideje za pobolj\u0161anje reda, brzine i sigurnosti u svakodnevnom radu. Uzbudljivi intervjui sa stru\u010dnjacima za digitalizaciju i kolegama iz industrije pokazat \u0107e, izme\u0111u ostalog, <strong>kako moderni digitalni sustavi mijenjaju svakodnevnu poslovnu i radnu kulturu<\/strong>, <strong>automatiziraju rutinske zadatke, ubrzavaju procese i pojednostavljuju po\u0161tivanje pravila, propisa i specifikacija kvalitete.<\/strong><\/p>\n\n\n\n<p>Tematski istaknuti sadr\u017eaji uklju\u010duju najnoviju profesionalnu radnu snagu i zapo\u0161ljavanje mladih talenata, marketing na dru\u0161tvenim mre\u017eama, pro\u0161irenu stvarnost i mre\u017ene konfiguratore, kao i urede bez papira. Svaki dan sajma zavr\u0161it \u0107e uzbudljivom panel raspravom stru\u010dnjaka i publike o izazovima kori\u0161tenja najnovije digitalne tehnologije.<\/p>\n\n\n\n<p><strong>Forum \u201eA PRACTICAL GUIDE TO DIGITISATION\u201c<br>Utorak 19. do petak 22. o\u017eujka 2024., cijeli dan, dvorana 7, \u0161tand 7-206<\/strong><\/p>\n\n\n<div class=\"wp-block-image\">\n<figure class=\"aligncenter size-large\"><img decoding=\"async\" width=\"1024\" height=\"685\" src=\"https:\/\/www.prozorivrata.com\/hr\/wp-content\/uploads\/sites\/4\/2022\/07\/Fensterbau-Frontale-2022-1024x685.jpg\" alt=\"Fensterbau Frontale\" class=\"wp-image-5150\" srcset=\"https:\/\/www.prozorivrata.com\/hr\/wp-content\/uploads\/sites\/4\/2022\/07\/Fensterbau-Frontale-2022-1024x685.jpg 1024w, https:\/\/www.prozorivrata.com\/hr\/wp-content\/uploads\/sites\/4\/2022\/07\/Fensterbau-Frontale-2022-300x201.jpg 300w, https:\/\/www.prozorivrata.com\/hr\/wp-content\/uploads\/sites\/4\/2022\/07\/Fensterbau-Frontale-2022-768x514.jpg 768w, https:\/\/www.prozorivrata.com\/hr\/wp-content\/uploads\/sites\/4\/2022\/07\/Fensterbau-Frontale-2022-750x502.jpg 750w, https:\/\/www.prozorivrata.com\/hr\/wp-content\/uploads\/sites\/4\/2022\/07\/Fensterbau-Frontale-2022.jpg 1120w\" sizes=\"(max-width: 1024px) 100vw, 1024px\" \/><figcaption class=\"wp-element-caption\">Fensterbau Frontale <\/figcaption><\/figure>\n<\/div>\n\n\n<h2 class=\"wp-block-heading\">Predavanja i vodstva kroz sajam za arhitekte<\/h2>\n\n\n\n<p>Jedanaesti <strong>Forum Arhitektura-Prozor-Fasada<\/strong> s predavanjima me\u0111unarodno priznatih stru\u010dnjaka ove \u0107e se godine odr\u017eati <strong>pod motom &#8220;Rebuildable&#8221;<\/strong>. U sklopu foruma, \u010diji je kustos AIT-Dialog, po prvi put ove godine <strong>bit \u0107e ponu\u0111ena dva besplatna vodstva kroz sektor arhitekture i planiranja za odabrane izlaga\u010de<\/strong>. Od 15 sati <strong>20. o\u017eujka<\/strong> odr\u017eat \u0107e se gostovanje deset izlaga\u010da iz podru\u010dja modularne gradnje, serijske i sustavne gradnje i prefabrikacije pod nazivom <strong>\u201eSustav: modularno \u2013 serijski\u201c.<\/strong><\/p>\n\n\n\n<p><strong>21. o\u017eujka<\/strong>, fokus drugog vo\u0111enja \u201e<strong>U postoje\u0107im zgradama: obnovi \u2013 prenamijeni\u201c<\/strong>, koji \u0107e tako\u0111er trajati oko dva sata, u potpunosti \u0107e biti usmjeren na izlaga\u010de koji nude rje\u0161enja u pogledu odr\u017eivosti u podru\u010djima trajnosti, fleksibilnosti, o\u010duvanje resursa, nadogradnja, pristupa\u010dnost tj. prijelazi bez pragova, kru\u017ena gradnja i obnovljivi i\/ili recikliraju\u0107i materijali. Za Forum i vodstva potrebna je prijava. Broj mjesta na organiziranim izletima je ograni\u010den.<\/p>\n\n\n\n<p><strong>11. Forum Arhitektura-Prozor-Fasada<br>\u010cetvrtak, 21. o\u017eujka 2024. od 10.30 do 14.00 sati.<br>NCC Ost<\/strong><\/p>\n\n\n\n<p>Registracija na:<a href=\"http:\/\/www.frontale.de\/forumarchitecture\" target=\"_blank\" rel=\"noreferrer noopener\"> www.frontale.de\/forumarchitecture<\/a><\/p>\n\n\n<div class=\"wp-block-image\">\n<figure class=\"aligncenter size-large\"><img decoding=\"async\" width=\"1024\" height=\"683\" src=\"https:\/\/www.prozorivrata.com\/hr\/wp-content\/uploads\/sites\/4\/2024\/02\/Fensterbau-Frontale-Nurnberg-Messe-jpg-1024x683.webp\" alt=\"stru\u010dni skup Fensterbau\" class=\"wp-image-6825\" srcset=\"https:\/\/www.prozorivrata.com\/hr\/wp-content\/uploads\/sites\/4\/2024\/02\/Fensterbau-Frontale-Nurnberg-Messe-jpg-1024x683.webp 1024w, https:\/\/www.prozorivrata.com\/hr\/wp-content\/uploads\/sites\/4\/2024\/02\/Fensterbau-Frontale-Nurnberg-Messe-jpg-300x200.webp 300w, https:\/\/www.prozorivrata.com\/hr\/wp-content\/uploads\/sites\/4\/2024\/02\/Fensterbau-Frontale-Nurnberg-Messe-jpg-768x512.webp 768w, https:\/\/www.prozorivrata.com\/hr\/wp-content\/uploads\/sites\/4\/2024\/02\/Fensterbau-Frontale-Nurnberg-Messe-jpg-750x500.webp 750w, https:\/\/www.prozorivrata.com\/hr\/wp-content\/uploads\/sites\/4\/2024\/02\/Fensterbau-Frontale-Nurnberg-Messe-jpg-1140x760.webp 1140w, https:\/\/www.prozorivrata.com\/hr\/wp-content\/uploads\/sites\/4\/2024\/02\/Fensterbau-Frontale-Nurnberg-Messe-jpg.webp 1200w\" sizes=\"(max-width: 1024px) 100vw, 1024px\" \/><figcaption class=\"wp-element-caption\">Fensterbau Frontale 2024. N\u00fcrnberg Messe \/ Foto: N\u00fcrnberg Messe  <\/figcaption><\/figure>\n<\/div>\n\n\n<p><strong>Vo\u0111ena putovanja za arhitekte i dizajnere<br>Srijeda, 20. o\u017eujka i \u010detvrtak, 21. o\u017eujka 2024. od 15 do 17 sati Polazak iz NCC Ost<\/strong><\/p>\n\n\n\n<h2 class=\"wp-block-heading\">MetallbauTREFF ulazi u sljede\u0107i ciklus<\/h2>\n\n\n\n<p><strong>Koje nove proizvode, inovacije i pionirske tehnologije nudi metalna industrija<\/strong>? Posjetitelji sajma mogu saznati na posebnom izlo\u017ebi MetallbauTREFF, koja je nai\u0161la na pozitivan odjek pri lansiranju 2022., a sada je postala stalna pojava na FENSTERBAU FRONTALE. Uz sedam suizlaga\u010da iz metalne industrije, sajamski \u010dasopis metall-markt.net predstavit \u0107e sve vrste inovacija i pru\u017eiti platformu za umre\u017eavanje i razmjenu informacija.<\/p>\n\n\n\n<p><strong>MetallbauTREFF<\/strong><br><strong>Od utorka 19. do petka 22. o\u017eujka 2024., cijeli dan<br>Dvorana 5, \u0161tand 5-123\/124<\/strong><\/p>\n\n\n\n<h2 class=\"wp-block-heading\">Posebna izlo\u017eba &#8220;climate.safe.building&#8221;<\/h2>\n\n\n\n<p><strong>Teme u\u010dinkovitosti ugljika i za\u0161tite od ekstremnih klimatskih uvjeta s odr\u017eivim prozorima, vratima i fasadama imat \u0107e vode\u0107u ulogu <a href=\"https:\/\/www.prozorivrata.com\/hr\/posebni-panel-klima-sigurnost-gradnja-na-sajmu-fensterbau-frontale-2024\/\" target=\"_blank\" rel=\"noreferrer noopener\">na posebnoj izlo\u017ebi &#8220;climate.safe.building&#8221;<\/a> koju<\/strong> <strong>organiziraju ift Rosenheim i N\u00fcrnbergMesse<\/strong>. Na povr\u0161ini od 300 m\u00b2 izlaga\u010di \u0107e predstaviti svoja inovativna rje\u0161enja za izradu, popravak i odr\u017eavanje prozora, vrata i fasada ove vrste. Primjeri funkcionalnih gra\u0111evinskih elemenata suizlaga\u010da koristit \u0107e se kako bi se pokazalo \u0161to u praksi zna\u010di klimatski sigurna, odr\u017eiva i otporna gradnja. Tako\u0111er, recikliranje ovdje igra sredi\u0161nju ulogu.<\/p>\n\n\n\n<p><strong>Posebna izlo\u017eba &#8220;climate.safe.building&#8221;<br>Od utorka 19. do petka 22. o\u017eujka 2024., cijeli dan<br>Dvorana 1, \u0161tand 1-515<\/strong><\/p>\n\n\n<div class=\"wp-block-image\">\n<figure class=\"aligncenter size-large\"><img decoding=\"async\" width=\"1024\" height=\"683\" src=\"https:\/\/www.prozorivrata.com\/hr\/wp-content\/uploads\/sites\/4\/2024\/02\/Fensterbau-Frontale-izlagaci-jpg-1024x683.webp\" alt=\"skupina ljudi na sajmu Fensterbau Frontale\" class=\"wp-image-6824\" srcset=\"https:\/\/www.prozorivrata.com\/hr\/wp-content\/uploads\/sites\/4\/2024\/02\/Fensterbau-Frontale-izlagaci-jpg-1024x683.webp 1024w, https:\/\/www.prozorivrata.com\/hr\/wp-content\/uploads\/sites\/4\/2024\/02\/Fensterbau-Frontale-izlagaci-jpg-300x200.webp 300w, https:\/\/www.prozorivrata.com\/hr\/wp-content\/uploads\/sites\/4\/2024\/02\/Fensterbau-Frontale-izlagaci-jpg-768x512.webp 768w, https:\/\/www.prozorivrata.com\/hr\/wp-content\/uploads\/sites\/4\/2024\/02\/Fensterbau-Frontale-izlagaci-jpg-750x500.webp 750w, https:\/\/www.prozorivrata.com\/hr\/wp-content\/uploads\/sites\/4\/2024\/02\/Fensterbau-Frontale-izlagaci-jpg-1140x760.webp 1140w, https:\/\/www.prozorivrata.com\/hr\/wp-content\/uploads\/sites\/4\/2024\/02\/Fensterbau-Frontale-izlagaci-jpg.webp 1200w\" sizes=\"(max-width: 1024px) 100vw, 1024px\" \/><figcaption class=\"wp-element-caption\">Fensterbau Frontale izlaga\u010di \/ Foto: N\u00fcrnberg Messe<\/figcaption><\/figure>\n<\/div>\n\n\n<h2 class=\"wp-block-heading\">NOVO: JobMatch \u2013 za tra\u017eitelje posla i poslodavce<\/h2>\n\n\n\n<p><strong>Na \u0161tandu JobMatch-a<\/strong>, koji je organizirao mehrmacher u suradnji s N\u00fcrnbergMesse, <strong>usvojen je novi koncept &#8220;obrnutog zapo\u0161ljavanja&#8221;<\/strong>. Ova metoda uklju\u010duje vode\u0107e poslodavce u industriji koji ogla\u0161avaju svoja slobodna radna mjesta stru\u010dnjacima. Intervjui u\u017eivo omogu\u0107uju kandidatima da steknu bli\u017ei dojam o tvrtkama, nakon \u010dega se mogu prijaviti direktno na licu mjesta uz samo nekoliko klikova, bez potrebe za \u017eivotopisom. Poslodavci tako\u0111er ovdje dobivaju vrijednost: stru\u010dne prezentacije o temama kao \u0161to su &#8220;Optimalno pozicioniranje kao poslodavac&#8221; i &#8220;Bolji na\u010dini za privla\u010denje i zadr\u017eavanje stru\u010dnjaka&#8221; zaokru\u017euju koncept ovog \u0161tanda.<\/p>\n\n\n\n<p><strong>JobMatch<br>Od utorka 19. do petka 22. o\u017eujka 2024., cijeli dan<br>Dvorana 7, \u0161tand 7-118<\/strong><\/p>\n\n\n\n<h2 class=\"wp-block-heading\">Paviljon za mlade inovatore<\/h2>\n\n\n\n<p><strong>Startupi i mlade tvrtke predstavit \u0107e svoje inovativne proizvode stru\u010dnjacima u paviljonu &#8221; Young Innovators &#8221; koji financira njema\u010dko Ministarstvo gospodarstva i za\u0161tite klime (BMWK).<\/strong><\/p>\n\n\n\n<p><strong>Young Innovators<br>Od utorka 19. do petka 22. o\u017eujka 2024., cijeli dan<br>Dvorana 7, \u0161tand 7-218<br><\/strong><\/p>\n\n\n<div class=\"wp-block-image\">\n<figure class=\"aligncenter size-large\"><img decoding=\"async\" width=\"1024\" height=\"683\" src=\"https:\/\/www.prozorivrata.com\/hr\/wp-content\/uploads\/sites\/4\/2024\/02\/Fensterbau-Frontale-dio-za-arhitekte-jpg-1024x683.webp\" alt=\"dio za arkitekte na sajmu\" class=\"wp-image-6823\" srcset=\"https:\/\/www.prozorivrata.com\/hr\/wp-content\/uploads\/sites\/4\/2024\/02\/Fensterbau-Frontale-dio-za-arhitekte-jpg-1024x683.webp 1024w, https:\/\/www.prozorivrata.com\/hr\/wp-content\/uploads\/sites\/4\/2024\/02\/Fensterbau-Frontale-dio-za-arhitekte-jpg-300x200.webp 300w, https:\/\/www.prozorivrata.com\/hr\/wp-content\/uploads\/sites\/4\/2024\/02\/Fensterbau-Frontale-dio-za-arhitekte-jpg-768x512.webp 768w, https:\/\/www.prozorivrata.com\/hr\/wp-content\/uploads\/sites\/4\/2024\/02\/Fensterbau-Frontale-dio-za-arhitekte-jpg-750x500.webp 750w, https:\/\/www.prozorivrata.com\/hr\/wp-content\/uploads\/sites\/4\/2024\/02\/Fensterbau-Frontale-dio-za-arhitekte-jpg-1140x760.webp 1140w, https:\/\/www.prozorivrata.com\/hr\/wp-content\/uploads\/sites\/4\/2024\/02\/Fensterbau-Frontale-dio-za-arhitekte-jpg.webp 1200w\" sizes=\"(max-width: 1024px) 100vw, 1024px\" \/><figcaption class=\"wp-element-caption\">Fensterbau Frontale 2024. dio za arhitekte \/ Foto: N\u00fcrnberg Messe<\/figcaption><\/figure>\n<\/div>\n\n\n<h2 class=\"wp-block-heading\">NOVO: Posebno podru\u010dje &#8220;Fokus sobna vrata&#8221;<\/h2>\n\n\n\n<p>U suradnji sa stru\u010dnim \u010dasopisom BM, vode\u0107i proizvo\u0111a\u010di unutarnjih vrata predstavit \u0107e izbor svojih prvoklasnih proizvoda i inovativnih dizajna u posebnom prostoru te biti dostupni za osobni razgovor.<\/p>\n\n\n\n<p><strong>Posebno podru\u010dje &#8220;Fokus na unutarnja vrata&#8221;<br>Od utorka 19. do petka 22. o\u017eujka 2024., cijeli dan<br>Dvorana 4, \u0161tand 4-118<\/strong><\/p>\n\n\n\n<h2 class=\"wp-block-heading\">Taste of windays: Stru\u010dni seminari o inovacijama iz \u0160vicarske<\/h2>\n\n\n\n<p><strong>Sveu\u010dili\u0161te primijenjenih znanosti u Bernu<\/strong> i ove godine <strong>organizira seriju doga\u0111aja \u201eTaste of windays\u201c u suradnji sa \u0160vicarskim udru\u017eenjem prozora i fasada (FFF), Holzforschung Austria i Tehni\u010dkim sveu\u010dili\u0161tem u Be\u010du, koji \u0107e pru\u017eiti fascinantan uvid u inovacije iz \u0160vicarske.<\/strong><\/p>\n\n\n\n<p><strong>Taste of windays<br>Srijeda, 20. o\u017eujka i \u010detvrtak, 21. o\u017eujka 2024. od 11.00 do 13.00 sati.<br>NCC Ost<\/strong><\/p>\n\n\n<div class=\"wp-block-image\">\n<figure class=\"aligncenter size-large\"><img decoding=\"async\" width=\"1024\" height=\"683\" src=\"https:\/\/www.prozorivrata.com\/hr\/wp-content\/uploads\/sites\/4\/2024\/02\/Fensterbau-Frontale-posjetitelji-jpg-1024x683.webp\" alt=\"\" class=\"wp-image-6827\" srcset=\"https:\/\/www.prozorivrata.com\/hr\/wp-content\/uploads\/sites\/4\/2024\/02\/Fensterbau-Frontale-posjetitelji-jpg-1024x683.webp 1024w, https:\/\/www.prozorivrata.com\/hr\/wp-content\/uploads\/sites\/4\/2024\/02\/Fensterbau-Frontale-posjetitelji-jpg-300x200.webp 300w, https:\/\/www.prozorivrata.com\/hr\/wp-content\/uploads\/sites\/4\/2024\/02\/Fensterbau-Frontale-posjetitelji-jpg-768x512.webp 768w, https:\/\/www.prozorivrata.com\/hr\/wp-content\/uploads\/sites\/4\/2024\/02\/Fensterbau-Frontale-posjetitelji-jpg-750x500.webp 750w, https:\/\/www.prozorivrata.com\/hr\/wp-content\/uploads\/sites\/4\/2024\/02\/Fensterbau-Frontale-posjetitelji-jpg-1140x760.webp 1140w, https:\/\/www.prozorivrata.com\/hr\/wp-content\/uploads\/sites\/4\/2024\/02\/Fensterbau-Frontale-posjetitelji-jpg.webp 1200w\" sizes=\"(max-width: 1024px) 100vw, 1024px\" \/><figcaption class=\"wp-element-caption\">Fensterbau Frontale 2024. posjetitelji \/ Foto: N\u00fcrnberg Messe<\/figcaption><\/figure>\n<\/div>\n\n\n<h2 class=\"wp-block-heading\">Sve\u010dana dodjela nagrada na FENSTERBAU FRONTALE<\/h2>\n\n\n\n<p>Kao i obi\u010dno, bogat <strong>program podr\u0161ke na FENSTERBAU FRONTALE<\/strong> nadopunit \u0107e dvije tradicionalne i visoko cijenjene ceremonije dodjele nagrada. Poka\u017eu li iznimne rezultate u teoretskom i prakti\u010dnom dijelu daljnjeg \u0161kolovanja za magisterij u staklarskoj industriji, mlade magistre o\u010dekuje MeisterAward, koju dodjeljuje strukovna udruga Fachverband Glas Fenster Fassade Baden-W\u00fcrttemberg (GFF).<\/p>\n\n\n\n<p><strong>MeisterAward<br>\u010cetvrtak, 1. o\u017eujka 2024., 16:00 \u2013 16:30 FENSTERBAU FRONTALE FORUM, dvorana 7A, \u0161tand 7A-121<\/strong><\/p>\n\n\n\n<p>Tada \u0107e se, <strong>uz glavnu nagradu za Proizvo\u0111a\u010da prozora 2024. godine za najkreativniju i najinovativniju poduzetni\u010dku osobnost,<\/strong> dodijeliti <strong>jo\u0161 dvije nagrade<\/strong> za iznimna postignu\u0107a u podru\u010djima razvoja i proizvodnje proizvoda te odr\u017eivosti i energetske u\u010dinkovitosti. Ove nagrade dodjeljuju <strong>TSG GmbH, Marke Tischler Schreiner, Holzmann Medien GmbH &amp; Co. KG sa svojim stru\u010dnim \u010dasopisom GFF i EURO Baubeschlag-Handel (EBH) AG.<\/strong><\/p>\n\n\n\n<p><strong>Proizvo\u0111a\u010d prozora 2024<br>\u010cetvrtak, 21. o\u017eujka 2024., 16:30 \u2013 18:00 FENSTERBAU FRONTALE FORUM, dvorana 7A, \u0161tand 7A-121<\/strong><\/p>\n\n\n\n<h1 class=\"wp-block-heading\">FFconnected: programski sadr\u017eaj na zahtjev<\/h1>\n\n\n\n<p><strong>Budite u toku<\/strong> s najva\u017enijim programima tijekom sajma i pratite nas na <strong>Instagramu, Facebooku, LinkedInu i YouTubeu<\/strong>. Osim toga, FENSTERBAU FRONTALE FORUM bit \u0107e dostupan na zahtjev nakon sajma na njema\u010dkom i engleskom jeziku, kao i glavni govori na forumu PRAKTI\u010cNI VODI\u010c ZA DIGITIZACIJU.<\/p>\n\n\n\n<p>Za detaljan sadr\u017eaj programa posjetite <a href=\"http:\/\/www.frontale.de\/programme\" target=\"_blank\" rel=\"noreferrer noopener\">www.frontale.de\/programme<\/a><br>Osigurajte svoju kartu sada: <a href=\"http:\/\/www.frontale.de\/tickets\" target=\"_blank\" rel=\"noreferrer noopener\">www.frontale.de\/tickets<\/a><\/p>\n\n\n\n<p><em>Autor teksta: Prevod i adaptacija uredni\u0161tva \u010dasopisa &#8220;Prozori+Vrata&#8221;<\/em><\/p>\n","protected":false},"excerpt":{"rendered":"<p>Me\u0111unarodni posjetitelji sajma o\u010dekuju prakti\u010dne prilike za profesionalni razvoj, dijalog sa stru\u010dnjacima, kolegama i izlaga\u010dima, kao i brojne prilike da po prvi put do\u017eive i isprobaju inovacije i trendove. Od 19. do 22. o\u017eujka 2024. FENSTERBAU FRONTALE i ove godine predstavlja najbolji pregled svjetskog tr\u017ei\u0161ta prozora, vrata i fasada kombinacijom sajma i opse\u017enog programa. Me\u0111unarodne [&hellip;]<\/p>\n","protected":false},"author":120,"featured_media":5167,"comment_status":"closed","ping_status":"closed","sticky":false,"template":"","format":"standard","meta":{"_FSMCFIC_featured_image_caption":"","_FSMCFIC_featured_image_nocaption":"","_FSMCFIC_featured_image_hide":"","footnotes":""},"categories":[47],"tags":[70,741,740,361,71,344,330],"class_list":["post-6820","post","type-post","status-publish","format-standard","has-post-thumbnail","hentry","category-novosti","tag-fensterbau-frontale","tag-messe","tag-nurnberg","tag-prozori","tag-sajam","tag-strucni-skup","tag-vrata"],"_links":{"self":[{"href":"https:\/\/www.prozorivrata.com\/hr\/wp-json\/wp\/v2\/posts\/6820","targetHints":{"allow":["GET"]}}],"collection":[{"href":"https:\/\/www.prozorivrata.com\/hr\/wp-json\/wp\/v2\/posts"}],"about":[{"href":"https:\/\/www.prozorivrata.com\/hr\/wp-json\/wp\/v2\/types\/post"}],"author":[{"embeddable":true,"href":"https:\/\/www.prozorivrata.com\/hr\/wp-json\/wp\/v2\/users\/120"}],"replies":[{"embeddable":true,"href":"https:\/\/www.prozorivrata.com\/hr\/wp-json\/wp\/v2\/comments?post=6820"}],"version-history":[{"count":3,"href":"https:\/\/www.prozorivrata.com\/hr\/wp-json\/wp\/v2\/posts\/6820\/revisions"}],"predecessor-version":[{"id":6829,"href":"https:\/\/www.prozorivrata.com\/hr\/wp-json\/wp\/v2\/posts\/6820\/revisions\/6829"}],"wp:featuredmedia":[{"embeddable":true,"href":"https:\/\/www.prozorivrata.com\/hr\/wp-json\/wp\/v2\/media\/5167"}],"wp:attachment":[{"href":"https:\/\/www.prozorivrata.com\/hr\/wp-json\/wp\/v2\/media?parent=6820"}],"wp:term":[{"taxonomy":"category","embeddable":true,"href":"https:\/\/www.prozorivrata.com\/hr\/wp-json\/wp\/v2\/categories?post=6820"},{"taxonomy":"post_tag","embeddable":true,"href":"https:\/\/www.prozorivrata.com\/hr\/wp-json\/wp\/v2\/tags?post=6820"}],"curies":[{"name":"wp","href":"https:\/\/api.w.org\/{rel}","templated":true}]}}