{"id":6531,"date":"2023-12-14T07:15:00","date_gmt":"2023-12-14T06:15:00","guid":{"rendered":"https:\/\/www.prozorivrata.com\/hr\/?p=6531"},"modified":"2023-12-13T11:57:54","modified_gmt":"2023-12-13T10:57:54","slug":"save-the-date-konferencija-dan-prozora-2024","status":"publish","type":"post","link":"https:\/\/www.prozorivrata.com\/hr\/save-the-date-konferencija-dan-prozora-2024\/","title":{"rendered":"Save the date! &#8211; Konferencija DAN PROZORA 2024"},"content":{"rendered":"\n<p>Po\u0161tovani partneri,<\/p>\n\n\n\n<p>svake godine ve\u0107 tradicionalno <strong>ift Rosenheim Hrvatska<\/strong> u suradnji s partnerom <strong>ift Rosenheim GmbH Njema\u010dka<\/strong> organizira me\u0111unarodnu konferenciju <strong>DAN PROZORA u Hrvatskoj.<\/strong><\/p>\n\n\n\n<p><strong>Konferencija DAN PROZORA je godi\u0161nje okupljanje sektora na kojem stru\u010dnjaci iz bran\u0161e izmjenjuju informacije o najnovijim trendovima i aktualnostima iz gra\u0111evinskog sektora, te se iz prve ruke prenose relevantna znanja o standardima, tehnologiji i inovacijama.<\/strong><\/p>\n\n\n\n<p><strong>11. Me\u0111unarodna konferencija DAN PROZORA 2024. &#8211; ift Rosenheim Hrvatska <\/strong>odr\u017eat \u0107e se u <strong>kongresnom centru hotela Antunovi\u0107, Zagreb u utorak 16. 04.2024.<\/strong> te \u0107e se kao i do sad sastojati iz dva dijela, edukativnog u obliku predavanja i networkinga odnosno izlaga\u010dkog dijela:<\/p>\n\n\n\n<p><strong>Edukativni dio sastoji se od<\/strong> niza stru\u010dnih predavanja interaktivnog karaktera, panel rasprava i aktualnosti iz sektora te <strong>izlaga\u010dkog dijela<\/strong> koji je zami\u0161ljen kao networking, te zainteresirana poduze\u0107a imaju priliku predstaviti svoje odr\u017eive proizvode, tehnologije i inovacije.<\/p>\n\n\n\n<p>Predavanja \u0107e biti odr\u017eana na hrvatskom jeziku, dijelom na engleskom ili njema\u010dkom jeziku s direktnim simultanim prevo\u0111enjem.<\/p>\n\n\n\n<p>Konferencija okuplja stru\u010dnjake i iz susjednih zemalja iz regije (Slovenija, Srbija, BiH, Njema\u010dka, Austrija, Italija, \u010ce\u0161ka, Poljska, Gr\u010dka\u2026) na kojoj svake godine <strong>sudjeluje preko 300 sudionika sektora<\/strong>, od proizvo\u0111a\u010da gra\u0111evinske stolarije, arhitekata, projektanata, institucija, nadzornih tijela, do stru\u010dnjaka u podru\u010dju prozora, vrata, fasada, stakla, okova materijala za ugradnju, \u0161to <a href=\"https:\/\/www.prozorivrata.com\/hr\/10-medunarodna-konferencija-dan-prozora-2023-ift-rosenheim-hrvatska\/\">Konferenciju DAN PROZORA<\/a> \u010dini izvrsnom platformom za predstavljanje va\u0161eg brenda raznolikoj i anga\u017eiranoj publici. Kao na\u0161 sponzor, va\u0161a tvrtka \u0107e dobiti zna\u010dajnu vidljivost brenda i izlo\u017eenost prije, tijekom i nakon doga\u0111aja, prilika za nove kontakte, networking i upoznavanje, povezivanje sa sudionicima Konferencije (proizvo\u0111a\u010di, arhitekti\u2026).<\/p>\n\n\n\n<h2 class=\"wp-block-heading\">Klju\u010dne teme konferencije:<\/h2>\n\n\n\n<ul class=\"wp-block-list\">\n<li>Certifikacija vrata na evakuacijskim putevima<\/li>\n\n\n\n<li>Profesionalna ugradnja prozora u starim zgradama<\/li>\n\n\n\n<li>CO<sub>2<\/sub>, EPD, LCA trendovi i dekarbonizacijski napredak<\/li>\n\n\n\n<li>Novosti u PVC sektoru<\/li>\n\n\n\n<li>Tematske panel rasprave vezane za aktualnosti kretanja tr\u017ei\u0161ta gra\u0111evinske stolarije<\/li>\n\n\n\n<li>Za\u0161tita od ekstremnih vremenskih uvjeta (pljuskovi, poplave, uragani) prema ift smjernicama FE-07<\/li>\n\n\n\n<li>Ispitivanje prema ASTM standardima (strana tr\u017ei\u0161ta &#8211; USA, UK)<\/li>\n\n\n\n<li>Certifikacija klimatski.sigurne.gradnje kao budu\u0107a predsmjernica<\/li>\n\n\n\n<li>Novosti u vatrootpornosti<\/li>\n\n\n\n<li>Projekcije razvoja tr\u017ei\u0161ta prozora i vrata<\/li>\n<\/ul>\n\n\n\n<p>Konferenciju organiziramo uz potporu Vas klijenata, u ulozi sponzora, vode\u0107ih europskih proizvo\u0111a\u010da prozora i vrata, profila, okova, stakla, pribora za ugradnju i proizvo\u0111a\u010da gotovih proizvoda.<\/p>\n\n\n\n<p>Vjerujemo da je na\u0161a konferencija, DAN PROZORA 2024. savr\u0161eno uskla\u0111ena s vrijednostima i ciljanom publikom va\u0161eg brenda i bila bi nam \u010dast imati va\u0161u tvrtku kao vrijednog sudionika konferencije.<\/p>\n\n\n\n<p>Ukoliko se odlu\u010dite za sponzorstvo na\u0161e konferencije, <a href=\"mailto:seretin@ift-hrvatska.com\">slobodno nam se javite.<\/a><\/p>\n\n\n\n<p>Va\u0161e sponzorstvo pridonijelo bi uspjehu na\u0161eg doga\u0111aja a vama omogu\u0107ilo vidljivost va\u0161eg brenda (proizvoda, tehnologija i inovacija), networking sa potencijalnim partnerima i klijentima.<\/p>\n\n\n\n<p>Uskoro \u0107ete prona\u0107i vi\u0161e informacija na na\u0161oj web stranici <a href=\"http:\/\/www.ift-hrvatska.com\/dogadanja\" target=\"_blank\" rel=\"noopener\">www.ift-hrvatska.com\/dogadanja<\/a><\/p>\n\n\n\n<p>Nadamo se da \u0107ete na\u0107i interes za sudjelovanjem bilo kao posjetitelj ili kao sponzor 11. me\u0111unarodne konferencije \u201eDAN PROZORA 2024. \u2013 ift Rosenheim Hrvatska\u201c i da \u0107emo uspje\u0161no nastaviti zajedni\u010dku suradnju.<\/p>\n\n\n\n<p>Na raspolaganju smo Vam za sva dodatna pitanja.<\/p>\n\n\n\n<figure class=\"wp-block-image is-resized\"><img decoding=\"async\" src=\"https:\/\/www.prozorivrata.com\/wp-content\/uploads\/2019\/02\/ift-Rosenheim-ift-Hrvatska-logo.jpg\" alt=\"ift Rosenheim ift Hrvatska logo\" class=\"wp-image-16482\" style=\"width:200px\"\/><\/figure>\n\n\n\n<p>ift Rosenheim Hrvatska tim<\/p>\n\n\n\n<p>ift Rosenheim Hrvatska<br>Ulica Huga Badali\u0107a 23<br>Hrvatska \u2013 10000 Zagreb<br>T. +385 1 6147 378<br><a href=\"mailto:komac@ift-hrvatska.com\" target=\"_blank\" rel=\"noreferrer noopener\">komac@ift-hrvatska.com<\/a><br><a href=\"mailto:seretin@ift-hrvatska.com\" target=\"_blank\" rel=\"noreferrer noopener\">seretin@ift-hrvatska.com<\/a><br><a href=\"mailto:jakovac@ift-hrvatska.com\" target=\"_blank\" rel=\"noreferrer noopener\">jakovac@ift-hrvatska.com<\/a><br><a href=\"mailto:turk@ift-hrvatska.com\" target=\"_blank\" rel=\"noreferrer noopener\">turk@ift-hrvatska.com<\/a><br><a href=\"http:\/\/www.ift-hrvatska.com\" target=\"_blank\" rel=\"noopener noreferrer\">www.ift-hrvatska.com<\/a><\/p>\n","protected":false},"excerpt":{"rendered":"<p>Po\u0161tovani partneri, svake godine ve\u0107 tradicionalno ift Rosenheim Hrvatska u suradnji s partnerom ift Rosenheim GmbH Njema\u010dka organizira me\u0111unarodnu konferenciju DAN PROZORA u Hrvatskoj. Konferencija DAN PROZORA je godi\u0161nje okupljanje sektora na kojem stru\u010dnjaci iz bran\u0161e izmjenjuju informacije o najnovijim trendovima i aktualnostima iz gra\u0111evinskog sektora, te se iz prve ruke prenose relevantna znanja o [&hellip;]<\/p>\n","protected":false},"author":3,"featured_media":5141,"comment_status":"closed","ping_status":"closed","sticky":false,"template":"","format":"standard","meta":{"_FSMCFIC_featured_image_caption":"","_FSMCFIC_featured_image_nocaption":"","_FSMCFIC_featured_image_hide":"","footnotes":""},"categories":[47],"tags":[231,694,171,233,232,361,330],"class_list":["post-6531","post","type-post","status-publish","format-standard","has-post-thumbnail","hentry","category-novosti","tag-dan-prozora","tag-dan-prozora-2024","tag-ift-rosenheim","tag-ift-rosenheim-hrvatska","tag-konferencija","tag-prozori","tag-vrata"],"_links":{"self":[{"href":"https:\/\/www.prozorivrata.com\/hr\/wp-json\/wp\/v2\/posts\/6531","targetHints":{"allow":["GET"]}}],"collection":[{"href":"https:\/\/www.prozorivrata.com\/hr\/wp-json\/wp\/v2\/posts"}],"about":[{"href":"https:\/\/www.prozorivrata.com\/hr\/wp-json\/wp\/v2\/types\/post"}],"author":[{"embeddable":true,"href":"https:\/\/www.prozorivrata.com\/hr\/wp-json\/wp\/v2\/users\/3"}],"replies":[{"embeddable":true,"href":"https:\/\/www.prozorivrata.com\/hr\/wp-json\/wp\/v2\/comments?post=6531"}],"version-history":[{"count":2,"href":"https:\/\/www.prozorivrata.com\/hr\/wp-json\/wp\/v2\/posts\/6531\/revisions"}],"predecessor-version":[{"id":6534,"href":"https:\/\/www.prozorivrata.com\/hr\/wp-json\/wp\/v2\/posts\/6531\/revisions\/6534"}],"wp:featuredmedia":[{"embeddable":true,"href":"https:\/\/www.prozorivrata.com\/hr\/wp-json\/wp\/v2\/media\/5141"}],"wp:attachment":[{"href":"https:\/\/www.prozorivrata.com\/hr\/wp-json\/wp\/v2\/media?parent=6531"}],"wp:term":[{"taxonomy":"category","embeddable":true,"href":"https:\/\/www.prozorivrata.com\/hr\/wp-json\/wp\/v2\/categories?post=6531"},{"taxonomy":"post_tag","embeddable":true,"href":"https:\/\/www.prozorivrata.com\/hr\/wp-json\/wp\/v2\/tags?post=6531"}],"curies":[{"name":"wp","href":"https:\/\/api.w.org\/{rel}","templated":true}]}}