{"id":6367,"date":"2023-10-10T15:36:35","date_gmt":"2023-10-10T14:36:35","guid":{"rendered":"https:\/\/www.prozorivrata.com\/hr\/?p=6367"},"modified":"2023-10-10T15:38:07","modified_gmt":"2023-10-10T14:38:07","slug":"gealan-zabljesnuo-na-indizajnu","status":"publish","type":"post","link":"https:\/\/www.prozorivrata.com\/hr\/gealan-zabljesnuo-na-indizajnu\/","title":{"rendered":"U svijetu najkreativnijih ideja: GEALAN zabljesnuo na InDizajnu s GEALAN-acrylcolor\u00ae inovacijom"},"content":{"rendered":"\n<p><strong>Na InDizajnu, sajmu interijera posve\u0107enog dizajnu i kreativnosti, od 6.10. do 8.10.2023. u Areni Zagreb tvrtka GEALAN predstavila je impresivne inovacije u gra\u0111evinskoj industriji, postavljaju\u0107i nove standarde u dizajnu i funkcionalnosti prozora i vrata.<\/strong><\/p>\n\n\n\n<figure class=\"wp-block-image size-large\"><img decoding=\"async\" width=\"766\" height=\"1024\" src=\"https:\/\/www.prozorivrata.com\/hr\/wp-content\/uploads\/sites\/4\/2023\/10\/Sajam-enterijera-1-766x1024.webp\" alt=\"Gealan na InDizajnu sajmu interijera posve\u0107enom dizajnu i kreativnosti\" class=\"wp-image-6371\" srcset=\"https:\/\/www.prozorivrata.com\/hr\/wp-content\/uploads\/sites\/4\/2023\/10\/Sajam-enterijera-1-766x1024.webp 766w, https:\/\/www.prozorivrata.com\/hr\/wp-content\/uploads\/sites\/4\/2023\/10\/Sajam-enterijera-1-225x300.webp 225w, https:\/\/www.prozorivrata.com\/hr\/wp-content\/uploads\/sites\/4\/2023\/10\/Sajam-enterijera-1-768x1026.webp 768w, https:\/\/www.prozorivrata.com\/hr\/wp-content\/uploads\/sites\/4\/2023\/10\/Sajam-enterijera-1-750x1002.webp 750w, https:\/\/www.prozorivrata.com\/hr\/wp-content\/uploads\/sites\/4\/2023\/10\/Sajam-enterijera-1-jpg.webp 800w\" sizes=\"(max-width: 766px) 100vw, 766px\" \/><figcaption class=\"wp-element-caption\">foto: Gealan<\/figcaption><\/figure>\n\n\n\n<p>GEALAN-ov \u0161tand na InDizajnu bio je mjesto gdje su se susreli arhitekti, dizajneri i gra\u0111evinski stru\u010dnjaci kako bi razgovarali o mogu\u0107nostima koje ovi proizvodi nude, dok su krajnji kupci u procesu renovacije starije gradnje ili izgradnje nove nekretnine dobili adekvatne informacije o svim prozorskim sustavima, kao i o <a href=\"https:\/\/www.gealan.de\/hr\/inovacije\/gealan-acrylcolor\/\" target=\"_blank\" rel=\"noreferrer noopener\">GEALAN-acrylcolor<sup>\u00ae<\/sup> inovaciji<\/a> koja ispunjava najvi\u0161e tehni\u010dke i funkcionalne zahtjeve za inovativne povr\u0161ine u boji. Predstavnici GEALAN-a stru\u010dno su obja\u0161njavali prednosti i mogu\u0107nosti kori\u0161tenja GEALAN-acrylcolor<sup>\u00ae<\/sup> u razli\u010ditim projektima.<\/p>\n\n\n\n<figure class=\"wp-block-image size-large\"><img decoding=\"async\" width=\"768\" height=\"1024\" src=\"https:\/\/www.prozorivrata.com\/hr\/wp-content\/uploads\/sites\/4\/2023\/10\/Sajam-enterijera-2-768x1024.webp\" alt=\"Gealan na InDizajnu sajmu interijera posve\u0107enom dizajnu i kreativnosti\" class=\"wp-image-6372\" srcset=\"https:\/\/www.prozorivrata.com\/hr\/wp-content\/uploads\/sites\/4\/2023\/10\/Sajam-enterijera-2-768x1023.webp 768w, https:\/\/www.prozorivrata.com\/hr\/wp-content\/uploads\/sites\/4\/2023\/10\/Sajam-enterijera-2-225x300.webp 225w, https:\/\/www.prozorivrata.com\/hr\/wp-content\/uploads\/sites\/4\/2023\/10\/Sajam-enterijera-2-750x999.webp 750w, https:\/\/www.prozorivrata.com\/hr\/wp-content\/uploads\/sites\/4\/2023\/10\/Sajam-enterijera-2-jpg.webp 800w\" sizes=\"(max-width: 768px) 100vw, 768px\" \/><figcaption class=\"wp-element-caption\">foto: Gealan<\/figcaption><\/figure>\n\n\n\n<p>GEALAN-acrylcolor<sup>\u00ae<\/sup> je rezultat \u010detiri desetlje\u0107a istra\u017eivanja i in\u017eenjeringa koje je tvrtka GEALAN ulagala kako bi stvorila proizvod koji se isti\u010de svojom estetikom i izdr\u017eljivo\u0161\u0107u. Ova inovativna povr\u0161inska tehnologija donosi nevjerojatnu paletu boja i tekstura koja se dosad nije vi\u0111ala u industriji, \u0161to omogu\u0107uje arhitektima i dizajnerima stavljanje naglaska na dubinu, karakter i individualnost u svojim projektima.<\/p>\n\n\n\n<p>Tako\u0111er je predstavljen <a href=\"https:\/\/www.gealan.de\/hr\/sustavi\/gealan-linear\/\" target=\"_blank\" rel=\"noreferrer noopener\">GEALAN-LINEAR<sup>\u00ae<\/sup> sustav<\/a> u kombinaciji s automatiziranim prozorskim rje\u0161enjem koje nudi TEXINO. Aplikacija prilago\u0111ena korisniku omogu\u0107uje pra\u0107enje ili upravljanje pametnim prozorima, vratima i rje\u0161enjima za sjen\u010danje s bilo kojeg mjesta, sto je savr\u0161eno rje\u0161enje kada putujete, kada nema nikoga kod ku\u0107e ili kod neo\u010dekivane promjene vremena.<\/p>\n\n\n\n<figure class=\"wp-block-image size-large\"><img decoding=\"async\" width=\"766\" height=\"1024\" src=\"https:\/\/www.prozorivrata.com\/hr\/wp-content\/uploads\/sites\/4\/2023\/10\/Sajam-enterijera-3-766x1024.webp\" alt=\"Gealan na InDizajnu sajmu interijera posve\u0107enom dizajnu i kreativnosti\" class=\"wp-image-6373\" srcset=\"https:\/\/www.prozorivrata.com\/hr\/wp-content\/uploads\/sites\/4\/2023\/10\/Sajam-enterijera-3-766x1024.webp 766w, https:\/\/www.prozorivrata.com\/hr\/wp-content\/uploads\/sites\/4\/2023\/10\/Sajam-enterijera-3-225x300.webp 225w, https:\/\/www.prozorivrata.com\/hr\/wp-content\/uploads\/sites\/4\/2023\/10\/Sajam-enterijera-3-768x1026.webp 768w, https:\/\/www.prozorivrata.com\/hr\/wp-content\/uploads\/sites\/4\/2023\/10\/Sajam-enterijera-3-750x1002.webp 750w, https:\/\/www.prozorivrata.com\/hr\/wp-content\/uploads\/sites\/4\/2023\/10\/Sajam-enterijera-3-jpg.webp 800w\" sizes=\"(max-width: 766px) 100vw, 766px\" \/><figcaption class=\"wp-element-caption\">foto: Gealan<\/figcaption><\/figure>\n\n\n\n<p>Listopad 2023. ozna\u010dio je GEALAN-ovu posve\u0107enost inovacijama u gra\u0111evinskoj industriji i njihovu \u017eelju da podupru kreativce u stvaranju prostora koji su izvanredni i odr\u017eivi.<\/p>\n\n\n\n<p>Vi\u0161e o uvjerljivim svojstvima proizvoda GEALAN-acrylcolor<sup>\u00ae<\/sup>: <a href=\"https:\/\/www.gealan.de\/hr\/inovacije\/gealan-acrylcolor\/\" target=\"_blank\" rel=\"noreferrer noopener\">https:\/\/www.gealan.de\/hr\/inovacije\/gealan-acrylcolor\/<\/a><\/p>\n\n\n\n<figure class=\"wp-block-image size-large is-resized\"><img decoding=\"async\" src=\"https:\/\/www.prozorivrata.com\/hr\/wp-content\/uploads\/sites\/4\/2020\/12\/GEALAN-logo-new.png\" alt=\"GEALAN logo\" class=\"wp-image-2620\" style=\"width:250px;height:81px\" width=\"250\" height=\"81\" srcset=\"https:\/\/www.prozorivrata.com\/hr\/wp-content\/uploads\/sites\/4\/2020\/12\/GEALAN-logo-new.png 500w, https:\/\/www.prozorivrata.com\/hr\/wp-content\/uploads\/sites\/4\/2020\/12\/GEALAN-logo-new-300x97.png 300w\" sizes=\"(max-width: 250px) 100vw, 250px\" \/><\/figure>\n\n\n\n<p><strong>GEALAN d.o.o. \u2013 predstavni\u0161tvo za Hrvatsku<\/strong><br>Omladinska 11, \u017derjavinec 10360 Sesvete, Hrvatska<br>T: +385 1 2040 670<br>F: +385 1 2040 679<br>E.&nbsp;<a href=\"mailto:info@gealan.hr\" target=\"_blank\" rel=\"noreferrer noopener\">info@gealan.hr<\/a><br>W.&nbsp;<a href=\"http:\/\/www.gealan.hr\/\" target=\"_blank\" rel=\"noreferrer noopener\">www.gealan.hr<\/a><\/p>\n","protected":false},"excerpt":{"rendered":"<p>Na InDizajnu, sajmu interijera posve\u0107enog dizajnu i kreativnosti, od 6.10. do 8.10.2023. u Areni Zagreb tvrtka GEALAN predstavila je impresivne inovacije u gra\u0111evinskoj industriji, postavljaju\u0107i nove standarde u dizajnu i funkcionalnosti prozora i vrata. GEALAN-ov \u0161tand na InDizajnu bio je mjesto gdje su se susreli arhitekti, dizajneri i gra\u0111evinski stru\u010dnjaci kako bi razgovarali o mogu\u0107nostima [&hellip;]<\/p>\n","protected":false},"author":124,"featured_media":6370,"comment_status":"closed","ping_status":"closed","sticky":false,"template":"","format":"standard","meta":{"_FSMCFIC_featured_image_caption":"","_FSMCFIC_featured_image_nocaption":"","_FSMCFIC_featured_image_hide":"","footnotes":""},"categories":[47],"tags":[59,310,99,668],"class_list":["post-6367","post","type-post","status-publish","format-standard","has-post-thumbnail","hentry","category-novosti","tag-gealan","tag-gealan-acrylcolor","tag-gealan-linear","tag-inovacija"],"_links":{"self":[{"href":"https:\/\/www.prozorivrata.com\/hr\/wp-json\/wp\/v2\/posts\/6367","targetHints":{"allow":["GET"]}}],"collection":[{"href":"https:\/\/www.prozorivrata.com\/hr\/wp-json\/wp\/v2\/posts"}],"about":[{"href":"https:\/\/www.prozorivrata.com\/hr\/wp-json\/wp\/v2\/types\/post"}],"author":[{"embeddable":true,"href":"https:\/\/www.prozorivrata.com\/hr\/wp-json\/wp\/v2\/users\/124"}],"replies":[{"embeddable":true,"href":"https:\/\/www.prozorivrata.com\/hr\/wp-json\/wp\/v2\/comments?post=6367"}],"version-history":[{"count":4,"href":"https:\/\/www.prozorivrata.com\/hr\/wp-json\/wp\/v2\/posts\/6367\/revisions"}],"predecessor-version":[{"id":6375,"href":"https:\/\/www.prozorivrata.com\/hr\/wp-json\/wp\/v2\/posts\/6367\/revisions\/6375"}],"wp:featuredmedia":[{"embeddable":true,"href":"https:\/\/www.prozorivrata.com\/hr\/wp-json\/wp\/v2\/media\/6370"}],"wp:attachment":[{"href":"https:\/\/www.prozorivrata.com\/hr\/wp-json\/wp\/v2\/media?parent=6367"}],"wp:term":[{"taxonomy":"category","embeddable":true,"href":"https:\/\/www.prozorivrata.com\/hr\/wp-json\/wp\/v2\/categories?post=6367"},{"taxonomy":"post_tag","embeddable":true,"href":"https:\/\/www.prozorivrata.com\/hr\/wp-json\/wp\/v2\/tags?post=6367"}],"curies":[{"name":"wp","href":"https:\/\/api.w.org\/{rel}","templated":true}]}}