{"id":6343,"date":"2023-10-03T09:40:46","date_gmt":"2023-10-03T08:40:46","guid":{"rendered":"https:\/\/www.prozorivrata.com\/hr\/?p=6343"},"modified":"2023-10-03T09:40:49","modified_gmt":"2023-10-03T08:40:49","slug":"50-rosenheim-prozorifasade-konferencija-klima-sigurnost-gradnja","status":"publish","type":"post","link":"https:\/\/www.prozorivrata.com\/hr\/50-rosenheim-prozorifasade-konferencija-klima-sigurnost-gradnja\/","title":{"rendered":"50. Rosenheim Prozori&#038;Fasade konferencija \u201cklima.sigurnost.gradnja\u201d"},"content":{"rendered":"\n<p>Klimatske promjene ostaju najva\u017eniji izazov na\u0161eg vremena, budu\u0107i da se smjer za budu\u0107nost mora postaviti do 2030. Iz tog razloga, \u201enema alternative&#8221; smanjenju CO<sub>2<\/sub> u postoje\u0107im zgradama boljom izolacijom zgrada i tehnologijom grijanja, \u010dak i uz porast cijena, postoji manjak kvalificiranih radnika, ali i sve manji broj novih zgrada \u010dine se va\u017enijim problemom. <strong>Osim toga, moramo se suo\u010diti sa stvarno\u0161\u0107u sve ve\u0107ih klimatskih ekstrema. <\/strong><\/p>\n\n\n\n<p>Od posebne su va\u017enosti za na\u0161u industriju te\u0161ke vremenske nepogode, tornada, poplave i toplinski valovi, koji se i dalje zanemaruju, iako uzrokuju do 10 000 smrtnih slu\u010dajeva povezanih s vru\u0107inom prema studiji*1 Instituta Robert Koch. <strong>Zato \u0107e se 50. Rosenheim konferencija o prozorima i fasadama odr\u017eati od 11. do 12. listopada 2023. godine pod motom \u201eklima.sigurnost.gradnja\u201c. <\/strong>Ovaj tematski fokus bit \u0107e dopunjen prakti\u010dnim savjetima, na primjer dokazima o odr\u017eivosti, dimenzioniranju stakla i ljetnoj toplinskoj izolaciji prema novom DIN 4108-2, kao i zvu\u010dnoj izolaciji ili rje\u0161avanju \u201eudara ptica&#8221; na staklene povr\u0161ine. Bavarska blagdanska ve\u010der u srijedu nudi optimalne mogu\u0107nosti razmjene, ali i iznena\u0111enja za 50. obljetnicu.<\/p>\n\n\n\n<p>&#8220;Nikada nije bila tako vrijedna kao danas&#8221; bio je slogan kojim se desetlje\u0107ima reklamirao Klosterfrau Melissengeist. Ova se izjava odnosi i na Konferenciju o prozorima i fasadama u Rosenheimu, koja od 1972. predstavlja relevantne novosti iz standardizacije, tehnologije i znanosti, tako da donositelji odluka u industriji prozora, fasada i stakla dobiju potrebne informacije za vlastito planiranje. Osobito u vrijeme la\u017enih vijesti, preoptere\u0107enosti informacijama i proturje\u010dnih politi\u010dkih izjava, pouzdane informacije iz prve ruke posebno su vrijedne.<\/p>\n\n\n\n<p>Ovo su definitivno turbulentna vremena, budu\u0107i da su nedostatak kvalificiranih radnika, inflacija, pad broja novih zgrada i kontradiktorni vladini planovi za optimizaciju energetske u\u010dinkovitosti postoje\u0107ih zgrada (uklju\u010duju\u0107i pravila o subvencijama) poput gledanja u \u201estaklenu kuglu&#8221; za donositelje odluka u industriji prozora, fasada i stakla. Istovremeno, izgledi za budu\u0107nost su u osnovi pozitivni, budu\u0107i da bi energetski u\u010dinkovite obnove i velika potra\u017enja za stambenim zgradama mogli industriji osigurati pune knjige narud\u017ebi u godinama koje dolaze. <strong>Me\u0111utim, novi izazov je prilago\u0111avanje zgrada sve ve\u0107im klimatskim ekstremima kao \u0161to su tornada, poplave i toplinski valovi.<\/strong> No, to jo\u0161 uvijek nije dovoljno prisutno u politici i dru\u0161tvu kao hitan problem, iako RKI studija [1] jasno pokazuje da toplinski val uzrokuje do 10 000 smrtnih slu\u010dajeva povezanih s vru\u0107inom.<\/p>\n\n\n\n<figure class=\"wp-block-image size-large\"><img decoding=\"async\" width=\"1024\" height=\"683\" src=\"https:\/\/www.prozorivrata.com\/hr\/wp-content\/uploads\/sites\/4\/2023\/10\/Pexels-pew-nguyen-klimatske-promjene-1024x683.webp\" alt=\"Klimatske promjene\" class=\"wp-image-6347\" srcset=\"https:\/\/www.prozorivrata.com\/hr\/wp-content\/uploads\/sites\/4\/2023\/10\/Pexels-pew-nguyen-klimatske-promjene-1024x683.webp 1024w, https:\/\/www.prozorivrata.com\/hr\/wp-content\/uploads\/sites\/4\/2023\/10\/Pexels-pew-nguyen-klimatske-promjene-300x200.webp 300w, https:\/\/www.prozorivrata.com\/hr\/wp-content\/uploads\/sites\/4\/2023\/10\/Pexels-pew-nguyen-klimatske-promjene-768x512.webp 768w, https:\/\/www.prozorivrata.com\/hr\/wp-content\/uploads\/sites\/4\/2023\/10\/Pexels-pew-nguyen-klimatske-promjene-750x500.webp 750w, https:\/\/www.prozorivrata.com\/hr\/wp-content\/uploads\/sites\/4\/2023\/10\/Pexels-pew-nguyen-klimatske-promjene-1140x760.webp 1140w, https:\/\/www.prozorivrata.com\/hr\/wp-content\/uploads\/sites\/4\/2023\/10\/Pexels-pew-nguyen-klimatske-promjene-jpg.webp 1200w\" sizes=\"(max-width: 1024px) 100vw, 1024px\" \/><figcaption class=\"wp-element-caption\">Klimatske promjene \/ foto: pexels.com<\/figcaption><\/figure>\n\n\n\n<p>Zato c\u0301e se 50. Rosenheim konferencija o prozorima i fasadama od 11. do 12. listopada 2023. godine odr\u017eati pod motom \u201eklima.sigurnost.gradnja\u201c, a koju \u0107e direktor Instituta <strong>prof. J\u00f6rn Peter Lass<\/strong> detaljno objasniti u plenarnom predavanju <strong>\u201eKlimatski sigurna gradnja za budu\u0107nost \u2013 zahtjevi i metode procjene za odr\u017eive i klimatski otporne gra\u0111evinske proizvode\u201c.<\/strong> Daljnja plenarna predavanja na programu odr\u017eat \u0107e <strong>Martin Langen<\/strong> (B+L Langen Marktdaten) s temom <strong>\u201eKada \u0107e val renoviranja sti\u0107i na tr\u017ei\u0161te prozora? Predvi\u0111anja tr\u017ei\u0161ta novogradnje i obnove u 2024.&#8221;<\/strong>, <strong>\u201eSvijet nakon 2030. &#8211; pogled na \u017eivot, \u017eivljenje i rad temeljen na aktualnoj futurologiji&#8221; Matthiasa Horxa<\/strong> (Zukunftinstitut GmbH) i <strong>\u201ePreporuke za izradu ugovora o proizvodnji prozora i fasada\u201c prof. Christian Niem\u00f6ller<\/strong> (SMNG Rechtsanvaltsgesellschaft mbH).<\/p>\n\n\n\n<p><strong>U srijedu<\/strong> \u0107e se u bloku \u201eklima.sigurnost.gradnja&#8221; pokazati kako prozori i vrata mogu postati otporniji na klimu i imati bolju za\u0161titu od jakih ki\u0161a, poplava, tu\u010de i uragana (Robert Krippahl, ift Rosenheim) te koje mogu\u0107nosti za br\u017eu i isplativiju energetsku optimizaciju le\u017ee u \u201eserijskoj izgradnji&#8221; (Sophia Oberhuber, Energiesprong, powered by dena). U sljede\u0107em krugu rasprave, koju \u0107e moderirati <strong>Olaf V\u00f6gele<\/strong> (4mediatechnologies UG), bit \u0107e istaknute implikacije za industriju.<\/p>\n\n\n\n<p>U drugom bloku \u201eGra\u0111evinska praksa + gra\u0111evinska fizika\u201c prof. dr. Harald Krause (TH Rosenheim) opisuje kako bi trebala izgledati interakcija in\u017eenjeringa proizvodnje i ovojnice zgrade kako bi se postigao klimatski neutralan gra\u0111evinski fond. Florian Stich (GROPIUS Technologies GmbH) obja\u0161njava \u0161to je potrebno u\u010diniti kako bi se postigao pe\u010dat kvalitete za odr\u017eive zgrade, a time i optimalno financiranje BEG-a. <strong>Dr.-Ing. Stephan Schlitzberger<\/strong> (Ingenieurb\u00fcro Prof. Dr. Hauser GmbH) predstavlja reviziju DIN 4108-2 \u201eLjetna toplinska izolacija&#8221;, koja uzima u obzir promijenjene zahtjeve uslijed klimatskih promjena.<\/p>\n\n\n\n<p><strong>Za \u010detvrtak<\/strong> su zakazane \u010detiri sjednice. U bloku \u201eSerijska gradnja\u201c opisan je potencijal serijske gradnje u smislu odr\u017eivosti, brzine i tro\u0161kova sa stajali\u0161ta vlasnika, planera i izvo\u0111a\u010da radova na primjeru nove cjeline visokih zgrada \u201e\u010cetiri\u201c u Frankfurtu.<\/p>\n\n\n\n<ul class=\"wp-block-list\">\n<li>U bloku \u201eStaklo, prozori i fasade&#8221;, Michael Elstner (Bundesverband Flachglas BF) obja\u0161njava koja rje\u0161enja postoje za problem udara ptica u ve\u0107e staklene fasade. Dr. Joachim Hessinger (ift Rosenheim) informira o novim razvojima u metodama provjere zvu\u010dne izolacije zgrada.<\/li>\n\n\n\n<li>U bloku \u201eArhitektura i tehnologija&#8221; Wolfgang Frey (Frey Architekten) predstavlja \u201ePorsche City&#8221; u Korntal-M\u00fcnchingenu kao inovativan i odr\u017eiv projekt za budu\u0107nost. Martin He\u00dfler (ift Rosenheim) dat \u0107e prakti\u010dan pregled tehni\u010dkih zahtjeva i rje\u0161enja u va\u017enoj temi energetske optimizacije prozora u postoje\u0107im zgradama.<\/li>\n\n\n\n<li>U bloku \u201eTr\u017ei\u0161te i tehnologija\u201c budu\u0107e prozore s vakuum staklom predstavit \u0107e dr. Julia Bachinger (Holzforschung Austria, HFA), a u \u201eBerlinskom razgovoru\u201c Frank Lange (VFF), Thomas Drinkuth (Repr\u00e4sentanz Transparente Geb\u00e4udeh\u00fclle, RTG ) i Jochen Gr\u00f6negr\u00e4s (Bundesverband Flachglas, BF) raspravljat \u0107e o aktualnim politi\u010dkim temama i njihovom utjecaju na industriju.<\/li>\n<\/ul>\n\n\n\n<p>Stru\u010dna radionica za proizvo\u0111a\u010de prozora u utorak poslijepodne (10.10.2023.) nudi dragocjene prakti\u010dne savjete o jednostavnom i pravno sigurnom dimenzioniranju stakla pomo\u0107u stati\u010dki ispitanog tipa (Norbert Sack, ift Rosenheim), o povezanosti gra\u0111evinske konstrukcije elemenata prozora i vrata od poda do stropa (Torsten Neuenh\u00f6fer, Ingenieurb\u00fcro Klaus Hafer), parametri i verifikacije odr\u017eivosti (Christoph Seehauser, ift Rosenheim) i kriteriji odlu\u010divanja za zamjenu ili naknadnu ugradnju prozora u energetskoj obnovi zgrada (Torsten Voigt, ift Rosenheim).<\/p>\n\n\n\n<p>U \u010detvrtak poslijepodne (12. listopada 2023.) bit \u0107e jo\u0161 zanimljivosti za vidjeti u obilasku ift laboratorija za akustiku i fasade zgrada te Tehnolo\u0161kog centra.<\/p>\n\n\n\n<p>Osim predavanja, na popularnom Meeting Pointu bit \u0107e dovoljno vremena, prostora i prave atmosfere da gosti me\u0111usobno ili s ift stru\u010dnjacima razmijene ideje.<\/p>\n\n\n\n<p><a href=\"http:\/\/www.ift-rosenheim.de\/en\/rosenheim-window-facade-conference\" target=\"_blank\" rel=\"noreferrer noopener\">Kompletan program i registracija<\/a><\/p>\n\n\n\n<figure class=\"wp-block-image\"><img decoding=\"async\" src=\"https:\/\/www.prozorivrata.com\/wp-content\/uploads\/2017\/02\/ift-Rosenheim-logo.jpg\" alt=\"\" class=\"wp-image-10816\"><\/figure>\n\n\n\n<p><strong>ift Rosenheim<\/strong><br>Theodor-Gietl-Stra\u00dfe 7-9, 83026 Rosenheim, Germany<br>T +49 (08031) 261 0<br>F +49 (08031) 261 290<br><a href=\"mailto:info@ift-rosenheim.de\" target=\"_blank\" rel=\"noopener noreferrer\">info@ift-rosenheim.de<\/a><br><a href=\"http:\/\/www.ift-rosenheim.de\/\" target=\"_blank\" rel=\"noopener noreferrer\">www.ift-rosenheim.de<\/a><\/p>\n\n\n\n<p><em>[1] Claudia Winklmayr, Dr. Matthias an der Heiden, Hitzebedingte Mortalit\u00e4t in Deutschland (Heat-related mortality in Germany) 2022, RKI \u2013 Epidemiologisches Bulletin 42, Berlin 10\/2022<\/em><\/p>\n","protected":false},"excerpt":{"rendered":"<p>Klimatske promjene ostaju najva\u017eniji izazov na\u0161eg vremena, budu\u0107i da se smjer za budu\u0107nost mora postaviti do 2030. Iz tog razloga, \u201enema alternative&#8221; smanjenju CO2 u postoje\u0107im zgradama boljom izolacijom zgrada i tehnologijom grijanja, \u010dak i uz porast cijena, postoji manjak kvalificiranih radnika, ali i sve manji broj novih zgrada \u010dine se va\u017enijim problemom. Osim toga, [&hellip;]<\/p>\n","protected":false},"author":3,"featured_media":6346,"comment_status":"closed","ping_status":"closed","sticky":false,"template":"","format":"standard","meta":{"_FSMCFIC_featured_image_caption":"","_FSMCFIC_featured_image_nocaption":"","_FSMCFIC_featured_image_hide":"","footnotes":""},"categories":[47],"tags":[240,171,232],"class_list":["post-6343","post","type-post","status-publish","format-standard","has-post-thumbnail","hentry","category-novosti","tag-edukacija","tag-ift-rosenheim","tag-konferencija"],"_links":{"self":[{"href":"https:\/\/www.prozorivrata.com\/hr\/wp-json\/wp\/v2\/posts\/6343","targetHints":{"allow":["GET"]}}],"collection":[{"href":"https:\/\/www.prozorivrata.com\/hr\/wp-json\/wp\/v2\/posts"}],"about":[{"href":"https:\/\/www.prozorivrata.com\/hr\/wp-json\/wp\/v2\/types\/post"}],"author":[{"embeddable":true,"href":"https:\/\/www.prozorivrata.com\/hr\/wp-json\/wp\/v2\/users\/3"}],"replies":[{"embeddable":true,"href":"https:\/\/www.prozorivrata.com\/hr\/wp-json\/wp\/v2\/comments?post=6343"}],"version-history":[{"count":2,"href":"https:\/\/www.prozorivrata.com\/hr\/wp-json\/wp\/v2\/posts\/6343\/revisions"}],"predecessor-version":[{"id":6348,"href":"https:\/\/www.prozorivrata.com\/hr\/wp-json\/wp\/v2\/posts\/6343\/revisions\/6348"}],"wp:featuredmedia":[{"embeddable":true,"href":"https:\/\/www.prozorivrata.com\/hr\/wp-json\/wp\/v2\/media\/6346"}],"wp:attachment":[{"href":"https:\/\/www.prozorivrata.com\/hr\/wp-json\/wp\/v2\/media?parent=6343"}],"wp:term":[{"taxonomy":"category","embeddable":true,"href":"https:\/\/www.prozorivrata.com\/hr\/wp-json\/wp\/v2\/categories?post=6343"},{"taxonomy":"post_tag","embeddable":true,"href":"https:\/\/www.prozorivrata.com\/hr\/wp-json\/wp\/v2\/tags?post=6343"}],"curies":[{"name":"wp","href":"https:\/\/api.w.org\/{rel}","templated":true}]}}