{"id":6266,"date":"2023-09-07T09:40:54","date_gmt":"2023-09-07T08:40:54","guid":{"rendered":"https:\/\/www.prozorivrata.com\/hr\/?p=6266"},"modified":"2023-09-07T09:40:56","modified_gmt":"2023-09-07T08:40:56","slug":"novo-ekolosko-izvjesce-za-2023-odrzivost-u-sredistu-gealan-a","status":"publish","type":"post","link":"https:\/\/www.prozorivrata.com\/hr\/novo-ekolosko-izvjesce-za-2023-odrzivost-u-sredistu-gealan-a\/","title":{"rendered":"Novo ekolo\u0161ko izvje\u0161\u0107e za 2023: Odr\u017eivost u sredi\u0161tu GEALAN-a"},"content":{"rendered":"\n<p>Objava ovogodi\u0161njeg izvje\u0161\u0107a o za\u0161titi okoli\u0161a jasno nagla\u0161ava \u010dinjenicu da se ekonomska uspje\u0161nost u GEALAN-u posti\u017ee samo kroz odgovornu brigu o okoli\u0161u. Na 28 informativnih stranica detaljno su dokumentirani uvjeti rada i poduzete mjere odr\u017eivosti.<\/p>\n\n\n\n<p><strong>Kako bismo uspje\u0161no ukorijenili temu odr\u017eivosti u cijeloj tvrtki, klju\u010dno je povezati tri klju\u010dna podru\u010dja: ekonomiju, ekologiju i socijalna pitanja.<\/strong> U na\u0161oj tvrtki, ova integracija postaje sve uspje\u0161nija iz godine u godinu jer se sva pitanja rje\u0161avaju na na\u010din da budu ekonomski efikasna, ekolo\u0161ki odr\u017eiva i socijalno pravedna.<\/p>\n\n\n\n<h2 class=\"wp-block-heading\">Ve\u0107 gotovo 30 godina: EMAS certifikat<\/h2>\n\n\n\n<p>GEALAN se smatra pionirom u industriji proizvodnje PVC profila za prozore kada je u pitanju odr\u017eivost. Na\u0161a tvrtka bila je me\u0111u prvima u PVC industriji koja je prepoznala svoju odgovornost prema dru\u0161tvu i podvrgla se reviziji obje svoje lokacije. Od 1996. godine, obje lokacije, Oberkotzau i Tanna, su certificirane prema EMAS-u (EC Eco-Audit Uredba), a od 1997. godine posjeduju i ISO 14001 certifikat. Gotovo tri desetlje\u0107a, interni uvjeti zadovoljavaju zahtjevne standarde europskog sustava za upravljanje okoli\u0161em, EMAS.<\/p>\n\n\n\n<h2 class=\"wp-block-heading\">Konkretni koraci prema energetskoj u\u010dinkovitosti, recikliranju i smanjenju emisija<\/h2>\n\n\n\n<p>Svake godine implementiramo nove mjere, neke od njih vrlo skupe, kako bismo na\u0161i procesi postali jo\u0161 ekolo\u0161ki prihvatljiviji. Slijede\u0107i principe smanjenja emisija, energetske u\u010dinkovitosti, o\u010duvanja resursa i odr\u017eivosti, redovito pregledavamo i optimiziramo sve proizvodne procese gdje je to mogu\u0107e.<\/p>\n\n\n\n<figure class=\"wp-block-image size-full\"><img decoding=\"async\" width=\"800\" height=\"600\" src=\"https:\/\/www.prozorivrata.com\/hr\/wp-content\/uploads\/sites\/4\/2023\/09\/GEALAN-reciklirani-materijal-jpg.webp\" alt=\"vi\u0161e od 30 posto PVC-a koji se koristi u GEALAN-u je reciklirani materijal\" class=\"wp-image-6267\" srcset=\"https:\/\/www.prozorivrata.com\/hr\/wp-content\/uploads\/sites\/4\/2023\/09\/GEALAN-reciklirani-materijal-jpg.webp 800w, https:\/\/www.prozorivrata.com\/hr\/wp-content\/uploads\/sites\/4\/2023\/09\/GEALAN-reciklirani-materijal-300x225.webp 300w, https:\/\/www.prozorivrata.com\/hr\/wp-content\/uploads\/sites\/4\/2023\/09\/GEALAN-reciklirani-materijal-768x576.webp 768w, https:\/\/www.prozorivrata.com\/hr\/wp-content\/uploads\/sites\/4\/2023\/09\/GEALAN-reciklirani-materijal-750x563.webp 750w\" sizes=\"(max-width: 800px) 100vw, 800px\" \/><figcaption class=\"wp-element-caption\">Vi\u0161e od 30 posto PVC-a koji se koristi u GEALAN-u je reciklirani materijal \/ foto: GEALAN<\/figcaption><\/figure>\n\n\n\n<p>Na primjer, ne samo da smo u 2022. godini smanjili potro\u0161nju energije po zaposleniku na obje lokacije u odnosu na prethodnu godinu, ve\u0107 ve\u0107 tre\u0107u godinu za redom elektri\u010dnu energiju nabavljamo na potpuno CO<sub>2<\/sub> neutralan na\u010din.<\/p>\n\n\n\n<p>Trenutno, vi\u0161e od 30 posto PVC-a koji se koristi u GEALAN-u je reciklirani materijal. <strong>Da bismo pove\u0107ali tu udio u budu\u0107nosti, na lokacijama Oberkotzau i Tanna smo instalirali dodatne silose za skladi\u0161tenje reciklata. <\/strong>Tako\u0111er, u 2022. godini smo postavili nove granulatore koji mogu pretvoriti proizvodni otpad ili povratne materijale u jezgru novih profila.<\/p>\n\n\n\n<p><strong>Izgradnjom potpuno automatiziranog visokoregalnog skladi\u0161ta u Tanni, od 2024. godine \u0107emo u\u0161tedjeti 10.000 radnih sati vili\u010darima, \u0161to \u0107e smanjiti emisiju CO<sub>2<\/sub> za 17,8 kg\/h.<\/strong><\/p>\n\n\n\n<h2 class=\"wp-block-heading\">Budu\u0107nost uspje\u0161ne odr\u017eivosti<\/h2>\n\n\n\n<p>Kako bismo i u budu\u0107nosti ostali usko povezani s klju\u010dnom rije\u010dju &#8220;odr\u017eivost&#8221;, GEALAN ne samo da obu\u010dava svoje zaposlenike u kontekstu daljnjeg usavr\u0161avanja u podru\u010dju za\u0161tite okoli\u0161a, ve\u0107 tako\u0111er aktivno sudjelujemo u mnogim inicijativama kao \u0161to su VinylPlus<sup>\u00ae<\/sup>, EPPA, Thuringia Sustainability Sporazum, ISCC, Bavarski pakt za okoli\u0161 ili tvrtka Rewindo za recikliranje starih prozora. <strong>GEALAN predano ispunjava sve zahtjeve koje su definirali ovi partneri, dobrovoljno i s uspjehom.<\/strong><\/p>\n\n\n\n<p>Vi\u0161e uzbudljivih informacija o GEALAN-ovoj predanosti u ovom podru\u010dju mo\u017eete prona\u0107i u novom <a href=\"https:\/\/www.gealan.de\/getmedia\/dad7d3f4-483b-405a-a0da-2f3232013511\/Umwelterklarung-2023_eng-GB.pdf\" target=\"_blank\" rel=\"noopener\">Ekolo\u0161kom izvje\u0161\u0107u 2023.<\/a><\/p>\n\n\n\n<figure class=\"wp-block-image size-large is-resized\"><img decoding=\"async\" src=\"https:\/\/www.prozorivrata.com\/hr\/wp-content\/uploads\/sites\/4\/2020\/12\/GEALAN-logo-new.png\" alt=\"GEALAN logo\" class=\"wp-image-2620\" style=\"width:250px;height:81px\" width=\"250\" height=\"81\" srcset=\"https:\/\/www.prozorivrata.com\/hr\/wp-content\/uploads\/sites\/4\/2020\/12\/GEALAN-logo-new.png 500w, https:\/\/www.prozorivrata.com\/hr\/wp-content\/uploads\/sites\/4\/2020\/12\/GEALAN-logo-new-300x97.png 300w\" sizes=\"(max-width: 250px) 100vw, 250px\" \/><\/figure>\n\n\n\n<p><strong>GEALAN d.o.o. \u2013 predstavni\u0161tvo za Hrvatsku<\/strong><br>Omladinska 11, \u017derjavinec 10360 Sesvete, Hrvatska<br>T: +385 1 2040 670<br>F: +385 1 2040 679<br>E.\u00a0<a href=\"mailto:info@gealan.hr\" target=\"_blank\" rel=\"noreferrer noopener\">info@gealan.hr<\/a><br>W.\u00a0<a href=\"http:\/\/www.gealan.hr\/\" target=\"_blank\" rel=\"noreferrer noopener\">www.gealan.hr<\/a><\/p>\n","protected":false},"excerpt":{"rendered":"<p>Objava ovogodi\u0161njeg izvje\u0161\u0107a o za\u0161titi okoli\u0161a jasno nagla\u0161ava \u010dinjenicu da se ekonomska uspje\u0161nost u GEALAN-u posti\u017ee samo kroz odgovornu brigu o okoli\u0161u. Na 28 informativnih stranica detaljno su dokumentirani uvjeti rada i poduzete mjere odr\u017eivosti. Kako bismo uspje\u0161no ukorijenili temu odr\u017eivosti u cijeloj tvrtki, klju\u010dno je povezati tri klju\u010dna podru\u010dja: ekonomiju, ekologiju i socijalna pitanja. [&hellip;]<\/p>\n","protected":false},"author":3,"featured_media":6268,"comment_status":"closed","ping_status":"closed","sticky":false,"template":"","format":"standard","meta":{"_FSMCFIC_featured_image_caption":"","_FSMCFIC_featured_image_nocaption":"","_FSMCFIC_featured_image_hide":"","footnotes":""},"categories":[47],"tags":[59,258],"class_list":["post-6266","post","type-post","status-publish","format-standard","has-post-thumbnail","hentry","category-novosti","tag-gealan","tag-reciklaza"],"_links":{"self":[{"href":"https:\/\/www.prozorivrata.com\/hr\/wp-json\/wp\/v2\/posts\/6266","targetHints":{"allow":["GET"]}}],"collection":[{"href":"https:\/\/www.prozorivrata.com\/hr\/wp-json\/wp\/v2\/posts"}],"about":[{"href":"https:\/\/www.prozorivrata.com\/hr\/wp-json\/wp\/v2\/types\/post"}],"author":[{"embeddable":true,"href":"https:\/\/www.prozorivrata.com\/hr\/wp-json\/wp\/v2\/users\/3"}],"replies":[{"embeddable":true,"href":"https:\/\/www.prozorivrata.com\/hr\/wp-json\/wp\/v2\/comments?post=6266"}],"version-history":[{"count":1,"href":"https:\/\/www.prozorivrata.com\/hr\/wp-json\/wp\/v2\/posts\/6266\/revisions"}],"predecessor-version":[{"id":6269,"href":"https:\/\/www.prozorivrata.com\/hr\/wp-json\/wp\/v2\/posts\/6266\/revisions\/6269"}],"wp:featuredmedia":[{"embeddable":true,"href":"https:\/\/www.prozorivrata.com\/hr\/wp-json\/wp\/v2\/media\/6268"}],"wp:attachment":[{"href":"https:\/\/www.prozorivrata.com\/hr\/wp-json\/wp\/v2\/media?parent=6266"}],"wp:term":[{"taxonomy":"category","embeddable":true,"href":"https:\/\/www.prozorivrata.com\/hr\/wp-json\/wp\/v2\/categories?post=6266"},{"taxonomy":"post_tag","embeddable":true,"href":"https:\/\/www.prozorivrata.com\/hr\/wp-json\/wp\/v2\/tags?post=6266"}],"curies":[{"name":"wp","href":"https:\/\/api.w.org\/{rel}","templated":true}]}}