{"id":6209,"date":"2023-09-06T08:31:19","date_gmt":"2023-09-06T07:31:19","guid":{"rendered":"https:\/\/www.prozorivrata.com\/hr\/?p=6209"},"modified":"2023-09-06T08:31:22","modified_gmt":"2023-09-06T07:31:22","slug":"elegant-grando-tradicija-koja-oplemenjuje-svaki-stil-gradnje","status":"publish","type":"post","link":"https:\/\/www.prozorivrata.com\/hr\/elegant-grando-tradicija-koja-oplemenjuje-svaki-stil-gradnje\/","title":{"rendered":"Elegant Grando &#8211; Tradicija koja oplemenjuje svaki stil gradnje"},"content":{"rendered":"\n<p>Razmi\u0161ljaju\u0107i o stilu gradnje i ure\u0111enja ku\u0107a i prostora, \u010desto se pitamo mogu li zajedno tradicionalno i moderno, kako i kojim elementima pomiriti ova dva stila koja jednako volimo i cijenimo. <strong>Odgovor mo\u017eete potra\u017eiti u Deceuninck liniji Elegant prozora, u kojoj su ve\u0107 etabliranu, minimalisti\u010dku liniju sada upotpunili tradicionalnim dizajnom prozorskog krila \u2013 Elegant Grando, koji se odlikuje tradicionalnim izgledom.<\/strong><\/p>\n\n\n\n<p>Svojim nagla\u0161enim vanjskim rubom profila skladno se uklapa u sve zamislive stilove gradnje, a optimalan je za projekte renoviranja u tradicijskom stilu gradnje pozicioniraju\u0107i se tako kao svestrani talent u \u0161irokoj paleti dizajna sustava Elegant.<\/p>\n\n\n\n<figure class=\"wp-block-image size-large\"><img decoding=\"async\" width=\"805\" height=\"1024\" src=\"https:\/\/www.prozorivrata.com\/hr\/wp-content\/uploads\/sites\/4\/2023\/08\/Deceuninck-Elegant-GRANDO-PVC-prozori-805x1024.webp\" alt=\"Profil Elegant Grando\" class=\"wp-image-6211\" srcset=\"https:\/\/www.prozorivrata.com\/hr\/wp-content\/uploads\/sites\/4\/2023\/08\/Deceuninck-Elegant-GRANDO-PVC-prozori-805x1024.webp 805w, https:\/\/www.prozorivrata.com\/hr\/wp-content\/uploads\/sites\/4\/2023\/08\/Deceuninck-Elegant-GRANDO-PVC-prozori-236x300.webp 236w, https:\/\/www.prozorivrata.com\/hr\/wp-content\/uploads\/sites\/4\/2023\/08\/Deceuninck-Elegant-GRANDO-PVC-prozori-768x977.webp 768w, https:\/\/www.prozorivrata.com\/hr\/wp-content\/uploads\/sites\/4\/2023\/08\/Deceuninck-Elegant-GRANDO-PVC-prozori-750x954.webp 750w, https:\/\/www.prozorivrata.com\/hr\/wp-content\/uploads\/sites\/4\/2023\/08\/Deceuninck-Elegant-GRANDO-PVC-prozori-jpg.webp 943w\" sizes=\"(max-width: 805px) 100vw, 805px\" \/><figcaption class=\"wp-element-caption\">Profil Elegant Grando \/ foto: Deceuninck<\/figcaption><\/figure>\n\n\n\n<p>Elegant Grando dostupan je u \u0161irokoj paleti folija za sva\u010diji stil i ukus. Boje su podijeljene u \u010detiri kategorije: prirodno drvo, obojeno drvo, puni ton i metalik. Krilo Grando mo\u017ee se kombinirati s novim okvirom od 84 mm ili okvirom od 76 mm te je, zahvaljuju\u0107i maloj dubini ugradnje, pogodan za projekte renoviranja u tradicijskom na\u010dinu gradnje. Dodatno, u novi okvir s dubinom ugradnje 84 mm mo\u017ee se integrirati i toplinsko oja\u010danje Forthex, a<a href=\"https:\/\/www.prozorivrata.com\/hr\/icor-osvaja-german-design-award-2021-kao-pobjednik\/\"> u skladu s principom iCOR<\/a> mogu\u0107e je kombinirati okvir s krilom Infinity oja\u010danim staklenim vlaknima. <\/p>\n\n\n\n<p>Uz standardno prozorsko krilo, u svojoj liniji Elegant Grando, Deceuninck nudi i krila balkonskih vrata koja se mogu otvarati prema unutra i prema van ili u varijanti s pre\u010dkom. Mogu\u0107nosti, kao i palete boja su brojne kako bi zadovoljile razli\u010dite stilove i ukuse. Ako niste sigurni koji dizajn i boju odabrati, poslu\u017eite se s Deceuninckovim interaktivnim konfiguratorom za prozore.<\/p>\n\n\n<div class=\"wp-block-image\">\n<figure class=\"aligncenter size-full is-resized\"><img decoding=\"async\" src=\"https:\/\/www.prozorivrata.com\/hr\/wp-content\/uploads\/sites\/4\/2021\/12\/FS_73185203-Elegant-Grando-Deceuninck.jpg\" alt=\"Elegant Grando\" class=\"wp-image-3958\" style=\"width:227px;height:392px\" width=\"227\" height=\"392\" srcset=\"https:\/\/www.prozorivrata.com\/hr\/wp-content\/uploads\/sites\/4\/2021\/12\/FS_73185203-Elegant-Grando-Deceuninck.jpg 463w, https:\/\/www.prozorivrata.com\/hr\/wp-content\/uploads\/sites\/4\/2021\/12\/FS_73185203-Elegant-Grando-Deceuninck-174x300.jpg 174w\" sizes=\"(max-width: 227px) 100vw, 227px\" \/><figcaption class=\"wp-element-caption\">Elegant Grando<\/figcaption><\/figure>\n<\/div>\n\n\n<p>Posjetite stranicu <a href=\"https:\/\/winspirator.deceuninck.com\/\" target=\"_blank\" rel=\"noopener\">winspirator.deceuninck.com<\/a> i odaberite \u017eeljeni dizajn i boju te kreirajte prozore i vrata koji \u0107e savr\u0161eno odgovarati va\u0161em stilu!<\/p>\n\n\n\n<figure class=\"wp-block-image\"><img decoding=\"async\" width=\"150\" height=\"77\" src=\"https:\/\/www.prozorivrata.com\/hr\/wp-content\/uploads\/sites\/4\/2020\/05\/Deceuninck-logo-e1590485084605.jpg\" alt=\"Deceuninck logo\" class=\"wp-image-1530\"\/><\/figure>\n\n\n\n<p><strong>Deceuninck d.o.o.<\/strong><br>Gospodarska ulica 11<br>10298 Donja Bistra, Hrvatska<br>T. +385 1 2781 350<br>F. +385 1 2781 351<br><a href=\"mailto:info@deceuninck.hr\" target=\"_blank\" rel=\"noreferrer noopener\">info@deceuninck.hr<\/a><br><a href=\"http:\/\/www.deceuninck.hr\/\" target=\"_blank\" rel=\"noreferrer noopener\">www.deceuninck.hr<\/a><\/p>\n","protected":false},"excerpt":{"rendered":"<p>Razmi\u0161ljaju\u0107i o stilu gradnje i ure\u0111enja ku\u0107a i prostora, \u010desto se pitamo mogu li zajedno tradicionalno i moderno, kako i kojim elementima pomiriti ova dva stila koja jednako volimo i cijenimo. Odgovor mo\u017eete potra\u017eiti u Deceuninck liniji Elegant prozora, u kojoj su ve\u0107 etabliranu, minimalisti\u010dku liniju sada upotpunili tradicionalnim dizajnom prozorskog krila \u2013 Elegant Grando, [&hellip;]<\/p>\n","protected":false},"author":3,"featured_media":6212,"comment_status":"closed","ping_status":"closed","sticky":false,"template":"","format":"standard","meta":{"_FSMCFIC_featured_image_caption":"","_FSMCFIC_featured_image_nocaption":"","_FSMCFIC_featured_image_hide":"","footnotes":""},"categories":[54,3],"tags":[79,309],"class_list":["post-6209","post","type-post","status-publish","format-standard","has-post-thumbnail","hentry","category-promo","category-pvc-stolarija","tag-deceuninck","tag-elegant-grando"],"_links":{"self":[{"href":"https:\/\/www.prozorivrata.com\/hr\/wp-json\/wp\/v2\/posts\/6209","targetHints":{"allow":["GET"]}}],"collection":[{"href":"https:\/\/www.prozorivrata.com\/hr\/wp-json\/wp\/v2\/posts"}],"about":[{"href":"https:\/\/www.prozorivrata.com\/hr\/wp-json\/wp\/v2\/types\/post"}],"author":[{"embeddable":true,"href":"https:\/\/www.prozorivrata.com\/hr\/wp-json\/wp\/v2\/users\/3"}],"replies":[{"embeddable":true,"href":"https:\/\/www.prozorivrata.com\/hr\/wp-json\/wp\/v2\/comments?post=6209"}],"version-history":[{"count":3,"href":"https:\/\/www.prozorivrata.com\/hr\/wp-json\/wp\/v2\/posts\/6209\/revisions"}],"predecessor-version":[{"id":6218,"href":"https:\/\/www.prozorivrata.com\/hr\/wp-json\/wp\/v2\/posts\/6209\/revisions\/6218"}],"wp:featuredmedia":[{"embeddable":true,"href":"https:\/\/www.prozorivrata.com\/hr\/wp-json\/wp\/v2\/media\/6212"}],"wp:attachment":[{"href":"https:\/\/www.prozorivrata.com\/hr\/wp-json\/wp\/v2\/media?parent=6209"}],"wp:term":[{"taxonomy":"category","embeddable":true,"href":"https:\/\/www.prozorivrata.com\/hr\/wp-json\/wp\/v2\/categories?post=6209"},{"taxonomy":"post_tag","embeddable":true,"href":"https:\/\/www.prozorivrata.com\/hr\/wp-json\/wp\/v2\/tags?post=6209"}],"curies":[{"name":"wp","href":"https:\/\/api.w.org\/{rel}","templated":true}]}}