{"id":6198,"date":"2023-08-17T08:24:00","date_gmt":"2023-08-17T07:24:00","guid":{"rendered":"https:\/\/www.prozorivrata.com\/hr\/?p=6198"},"modified":"2023-08-18T09:02:14","modified_gmt":"2023-08-18T08:02:14","slug":"rt-turkey-jedini-medunarodni-sajam-na-podrucju-euroazije-u-podrucju-zastite-od-sunca-i-sustava-automatskih-vrata","status":"publish","type":"post","link":"https:\/\/www.prozorivrata.com\/hr\/rt-turkey-jedini-medunarodni-sajam-na-podrucju-euroazije-u-podrucju-zastite-od-sunca-i-sustava-automatskih-vrata\/","title":{"rendered":"R+T Turkey jedini me\u0111unarodni sajam na podru\u010dju Euroazije u podru\u010dju za\u0161tite od sunca i sustava automatskih vrata"},"content":{"rendered":"\n<p>Odbrojavanje je u tijeku za R+T Turkey, jedini me\u0111unarodni sajam za za\u0161titu od sunca i sustave automatskih vrata na podru\u010dju Euroazije, Bliskog istoka i Sjeverne Afrike.<\/p>\n\n\n\n<p><strong>Sajam \u0107e se odr\u017eati u Istanbulskom izlo\u017ebenom centru od 14. do 16. rujna 2023. godine.<\/strong> Ukupno 110 izlaga\u010dkih tvrtki iz Njema\u010dke, Italije, Rumunjske, Kine, Pakistana i Turske zauzeli su svoja mjesta. Sajam, koji \u0107e ove godine \u0161esti put organizirati Messe Stuttgart Ares Fuarc\u0131l\u0131k, ugostit \u0107e posjetitelje iz 90 zemalja i pru\u017eiti va\u017enu platformu za nova tr\u017ei\u0161ta.<\/p>\n\n\n\n<p>R+T Turkey, koja \u0107e se odr\u017eati uz sudjelovanje 110 vode\u0107ih tvrtki u sektoru na ukupnoj povr\u0161ini od 11 tisu\u0107a \u010detvornih metara u Halama 9 i 10 IFM (Istanbulski izlo\u017ebeni centar), ve\u0107 je uvr\u0161tena u kalendar mnogih nacionalnih i me\u0111unarodnih tvrtki i kupaca.<\/p>\n\n\n\n<p>Sajam, na kojem sudjeluju vode\u0107e tvrtke iz sektora, okupit \u0107e sve zainteresirane strane sektora poput investitora, proizvo\u0111a\u010da, trgovaca, distributera, prodavaonica, veletrgovaca, arhitekata, unutarnjih arhitekata, gra\u0111evinskih in\u017eenjera na jedinoj me\u0111unarodnoj trgovinskoj platformi sektora.<\/p>\n\n\n\n<p><strong>R+T Turkey, jedini me\u0111unarodni sajam na podru\u010dju Euroazije u podru\u010dju za\u0161tite od sunca i sustava automatskih vrata, ve\u0107 \u0161esti put ponudit \u0107e va\u017enu platformu za nova izvozna vrata. <\/strong><\/p>\n\n\n\n<blockquote class=\"wp-block-quote is-layout-flow wp-block-quote-is-layout-flow\">\n<p>&#8220;Otkako smo prvi put organizirali R+T Tursku 2013. godine, doprinijeli smo pove\u0107anju izvoznog potencijala mnogih na\u0161ih izlaga\u010da u sektoru. A za nas kao organizatore, to potvr\u0111uje da je R+T Turska donijela poslovni uspjeh na visoku razinu&#8221;, <\/p>\n<cite>ka\u017ee Ufuk Alt\u0131ntop, izvr\u0161ni direktor Messe Stuttgart Ares Fuarc\u0131l\u0131k.<\/cite><\/blockquote>\n\n\n<div class=\"wp-block-image\">\n<figure class=\"aligncenter size-large\"><img decoding=\"async\" width=\"1024\" height=\"683\" src=\"https:\/\/www.prozorivrata.com\/hr\/wp-content\/uploads\/sites\/4\/2023\/08\/UFUK-ALTINTOP-1024x683.webp\" alt=\"Ufuk Alt\u0131ntop, izvr\u0161ni direktor Messe Stuttgart Ares Fuarc\u0131l\u0131k\" class=\"wp-image-6199\" srcset=\"https:\/\/www.prozorivrata.com\/hr\/wp-content\/uploads\/sites\/4\/2023\/08\/UFUK-ALTINTOP-1024x683.webp 1024w, https:\/\/www.prozorivrata.com\/hr\/wp-content\/uploads\/sites\/4\/2023\/08\/UFUK-ALTINTOP-300x200.webp 300w, https:\/\/www.prozorivrata.com\/hr\/wp-content\/uploads\/sites\/4\/2023\/08\/UFUK-ALTINTOP-768x512.webp 768w, https:\/\/www.prozorivrata.com\/hr\/wp-content\/uploads\/sites\/4\/2023\/08\/UFUK-ALTINTOP-750x500.webp 750w, https:\/\/www.prozorivrata.com\/hr\/wp-content\/uploads\/sites\/4\/2023\/08\/UFUK-ALTINTOP-1140x760.webp 1140w, https:\/\/www.prozorivrata.com\/hr\/wp-content\/uploads\/sites\/4\/2023\/08\/UFUK-ALTINTOP-jpg.webp 1200w\" sizes=\"(max-width: 1024px) 100vw, 1024px\" \/><figcaption class=\"wp-element-caption\">Ufuk Alt\u0131ntop, izvr\u0161ni direktor Messe Stuttgart Ares Fuarc\u0131l\u0131k<\/figcaption><\/figure>\n<\/div>\n\n\n<p>Nagla\u0161avaju\u0107i da su pro\u0161le godine pove\u0107ali broj stranih posjetitelja na rekordnu razinu, Alt\u0131ntop ovaj uspjeh sa\u017eima ovim rije\u010dima: <\/p>\n\n\n\n<blockquote class=\"wp-block-quote is-layout-flow wp-block-quote-is-layout-flow\">\n<p>&#8220;42 posto na\u0161ih posjetitelja bili su strani predstavnici za nabavu. Vjerujemo da ova situacija nudi vrlo pozitivne mogu\u0107nosti za izvozne ciljeve na\u0161ih izlaga\u010da. Sajam nudi prilike za pro\u0161irenje postoje\u0107e suradnje i uspostavljanje suradnje na novim i nastaju\u0107im tr\u017ei\u0161tima. Deset zemalja s najvi\u0161e posjetitelja u 2022. godini bile su Rumunjska, Rusija, Bugarska, Gr\u010dka, Njema\u010dka, Izrael, Iran, Maroko, Ujedinjeno Kraljevstvo i Jordan. Ostale zemlje s europskog tr\u017ei\u0161ta koje su pokazale interes za na\u0161 sajam uklju\u010duju Norve\u0161ku, \u0160vedsku, Dansku, Nizozemsku, Francusku, Austriju, \u0160panjolsku, Italiju, Portugal, Poljsku.&#8221;<\/p>\n<cite>Ufuk Alt\u0131ntop<\/cite><\/blockquote>\n\n\n\n<p>Kao rezultat me\u0111unarodnih marketin\u0161kih aktivnosti koje su provedene putem predstavni\u0161tava i ata\u0161ea Messe Stuttgart \u0161irom svijeta, kao i Messe Stuttgart Ares Fuarc\u0131l\u0131k, sajam se priprema da ugosti posjetitelje s udaljenih tr\u017ei\u0161ta 2023. godine. O\u010dekuje se da \u0107e sajam privu\u0107i 7.000 profesionalnih posjetitelja iz 90 zemalja, uklju\u010duju\u0107i Sjedinjene Ameri\u010dke Dr\u017eave, Urugvaj, Venezuelu, Singapur i Australiju. Alt\u0131ntop isti\u010de da \u0107e ove zemlje biti doma\u0107ini u Turskoj u okviru sajma, koji su organizirali poduzimaju\u0107i akcije prema strategijama Ministarstva trgovine radi pove\u0107anja izvoza u udaljene zemlje. Posjetitelji, koji \u0107e se susresti s izlaga\u010dima R+T Turkey tijekom cijelog sajma, donosit \u0107e odluke o ulaganjima za najpogodnije proizvode i rje\u0161enja.<\/p>\n\n\n\n<p>R+T Turkey odr\u017eava se \u0161esti put. Istanbul kao epicentar izme\u0111u Europe i Azije, savr\u0161eno je mjesto za ovu izlo\u017ebu. R+T Turska je prava adresa za dono\u0161enje odluka o kupovini i finaliziranju narud\u017ebi izravno na licu mjesta u sektorima koje pokriva.<\/p>\n\n\n\n<figure class=\"wp-block-image size-full\"><img decoding=\"async\" width=\"202\" height=\"105\" src=\"https:\/\/www.prozorivrata.com\/hr\/wp-content\/uploads\/sites\/4\/2023\/08\/RT-Turkey-logo-jpg.webp\" alt=\"R+T Turkey logo\" class=\"wp-image-6200\"\/><\/figure>\n\n\n\n<p>R+T Turkey<br>+90 212 284 11 10<br><a href=\"mailto:info@messe-stuttgart.com.tr\" target=\"_blank\" rel=\"noreferrer noopener\">info@messe-stuttgart.com.tr<\/a><br><a href=\"https:\/\/www.rt-turkey.com\/en\/startseite\/\" target=\"_blank\" rel=\"noreferrer noopener\">www.rt-turkey.com<\/a><\/p>\n\n\n\n<p><strong><em>O R+T Turkey:<\/em><\/strong><\/p>\n\n\n\n<p><em>R+T Turkey je jedini me\u0111unarodni sajam u podru\u010dju za\u0161tite od sunca i sustava automatskih vrata na podru\u010dju Euroazije, Bliskog istoka i Sjeverne Afrike. Sajam obuhva\u0107a unutarnje i vanjske sustave za\u0161tite od sunca, tende, rolete, \u0161iroke lamele, pergole, rolo zavjese, tehni\u010dke tekstilne proizvode i druge srodne proizvode i tehnologije.<\/em><\/p>\n","protected":false},"excerpt":{"rendered":"<p>Odbrojavanje je u tijeku za R+T Turkey, jedini me\u0111unarodni sajam za za\u0161titu od sunca i sustave automatskih vrata na podru\u010dju Euroazije, Bliskog istoka i Sjeverne Afrike. Sajam \u0107e se odr\u017eati u Istanbulskom izlo\u017ebenom centru od 14. do 16. rujna 2023. godine. Ukupno 110 izlaga\u010dkih tvrtki iz Njema\u010dke, Italije, Rumunjske, Kine, Pakistana i Turske zauzeli su [&hellip;]<\/p>\n","protected":false},"author":3,"featured_media":6202,"comment_status":"closed","ping_status":"closed","sticky":false,"template":"","format":"standard","meta":{"_FSMCFIC_featured_image_caption":"","_FSMCFIC_featured_image_nocaption":"","_FSMCFIC_featured_image_hide":"","footnotes":""},"categories":[47],"tags":[],"class_list":["post-6198","post","type-post","status-publish","format-standard","has-post-thumbnail","hentry","category-novosti"],"_links":{"self":[{"href":"https:\/\/www.prozorivrata.com\/hr\/wp-json\/wp\/v2\/posts\/6198","targetHints":{"allow":["GET"]}}],"collection":[{"href":"https:\/\/www.prozorivrata.com\/hr\/wp-json\/wp\/v2\/posts"}],"about":[{"href":"https:\/\/www.prozorivrata.com\/hr\/wp-json\/wp\/v2\/types\/post"}],"author":[{"embeddable":true,"href":"https:\/\/www.prozorivrata.com\/hr\/wp-json\/wp\/v2\/users\/3"}],"replies":[{"embeddable":true,"href":"https:\/\/www.prozorivrata.com\/hr\/wp-json\/wp\/v2\/comments?post=6198"}],"version-history":[{"count":1,"href":"https:\/\/www.prozorivrata.com\/hr\/wp-json\/wp\/v2\/posts\/6198\/revisions"}],"predecessor-version":[{"id":6203,"href":"https:\/\/www.prozorivrata.com\/hr\/wp-json\/wp\/v2\/posts\/6198\/revisions\/6203"}],"wp:featuredmedia":[{"embeddable":true,"href":"https:\/\/www.prozorivrata.com\/hr\/wp-json\/wp\/v2\/media\/6202"}],"wp:attachment":[{"href":"https:\/\/www.prozorivrata.com\/hr\/wp-json\/wp\/v2\/media?parent=6198"}],"wp:term":[{"taxonomy":"category","embeddable":true,"href":"https:\/\/www.prozorivrata.com\/hr\/wp-json\/wp\/v2\/categories?post=6198"},{"taxonomy":"post_tag","embeddable":true,"href":"https:\/\/www.prozorivrata.com\/hr\/wp-json\/wp\/v2\/tags?post=6198"}],"curies":[{"name":"wp","href":"https:\/\/api.w.org\/{rel}","templated":true}]}}