{"id":6070,"date":"2023-08-01T14:52:32","date_gmt":"2023-08-01T13:52:32","guid":{"rendered":"https:\/\/www.prozorivrata.com\/hr\/?p=6070"},"modified":"2023-08-01T14:52:37","modified_gmt":"2023-08-01T13:52:37","slug":"gealan-acrylcolor-povrsinska-tehnologija","status":"publish","type":"post","link":"https:\/\/www.prozorivrata.com\/hr\/gealan-acrylcolor-povrsinska-tehnologija\/","title":{"rendered":"GEALAN-acrylcolor\u00ae &#8211; povr\u0161inska tehnologija"},"content":{"rendered":"\n<p>GEALAN-acrylcolor<sup>\u00ae<\/sup> povr\u0161ine nude se za razli\u010dite sustave profila u svim dubinama gradnje. Bilo povijesne stare zgrade ili moderna arhitektura; bez obzira jesu li prozori, ku\u0107na vrata, balkonska vrata ili klizna rje\u0161enja. Proizvodnja GEALAN-acrylcolor<sup>\u00ae<\/sup> profila neprestano se nadogra\u0111uje i pro\u0161iruje, tako da <strong>GEALAN danas nudi rje\u0161enja za \u0161irok spektar gra\u0111evinskih situacija.<\/strong><\/p>\n\n\n\n<h2 class=\"wp-block-heading\">Revolucija u za\u0161titi PVC prozora i vrata<\/h2>\n\n\n\n<figure class=\"wp-block-image size-large\"><img decoding=\"async\" width=\"682\" height=\"1024\" src=\"https:\/\/www.prozorivrata.com\/hr\/wp-content\/uploads\/sites\/4\/2023\/07\/GEALAN-acrylcolor-PVC-u-boji-682x1024.webp\" alt=\"Sustav S 9000, GEALAN-acrylcolor\u00ae RAL 7016\" class=\"wp-image-6079\" srcset=\"https:\/\/www.prozorivrata.com\/hr\/wp-content\/uploads\/sites\/4\/2023\/07\/GEALAN-acrylcolor-PVC-u-boji-682x1024.webp 682w, https:\/\/www.prozorivrata.com\/hr\/wp-content\/uploads\/sites\/4\/2023\/07\/GEALAN-acrylcolor-PVC-u-boji-200x300.webp 200w, https:\/\/www.prozorivrata.com\/hr\/wp-content\/uploads\/sites\/4\/2023\/07\/GEALAN-acrylcolor-PVC-u-boji-768x1153.webp 768w, https:\/\/www.prozorivrata.com\/hr\/wp-content\/uploads\/sites\/4\/2023\/07\/GEALAN-acrylcolor-PVC-u-boji-750x1126.webp 750w, https:\/\/www.prozorivrata.com\/hr\/wp-content\/uploads\/sites\/4\/2023\/07\/GEALAN-acrylcolor-PVC-u-boji-jpg.webp 799w\" sizes=\"(max-width: 682px) 100vw, 682px\" \/><figcaption class=\"wp-element-caption\">Sustav S 9000, GEALAN-acrylcolor\u00ae RAL 7016<\/figcaption><\/figure>\n\n\n\n<p>Kori\u0161tenjem nove tehnike bojanja prozora, GEALAN stvara nove standarde na tr\u017ei\u0161tu. <strong>Prozori iz acrylcolor profila zadovoljavaju najstro\u017ee tehni\u010dke i funkcionalne zahtjeve. <\/strong>Imaju odli\u010dna svojstva i nenadma\u0161ivu dugotrajnost boja.<\/p>\n\n\n\n<h2 class=\"wp-block-heading\">\u0160to je acrylcolor?<\/h2>\n\n\n\n<p>Proces koekstruzije neodvojivo spaja osnovno bijelo PVC tijelo i acrylstaklo u boji. Takvim procesom spajanja dva materijela stvara se odli\u010dna povr\u0161ina u boji koja je vrlo otporna na sve vanjske vremenske uvjete. I to kroz mnogo godina. Otporan na ogrebotine, vremenske uvjete i jednostavan za odr\u017eavanje, bez blije\u0111enja razli\u010ditih boja.<\/p>\n\n\n\n<h2 class=\"wp-block-heading\">Upoznajte eleganciju GEALAN-acrylcolor<sup>\u00ae<\/sup> antracit sive boje<\/h2>\n\n\n\n<h3 class=\"wp-block-heading\">Sustav S 9000, GEALAN-acrylcolor<sup>\u00ae<\/sup> RAL 7016<\/h3>\n\n\n\n<p>Tamo gdje sustav GEALAN S 9000 u GEALAN-acrylcolor<sup>\u00ae<\/sup> antracit sivoj boji sa skrivenim elementima nagla\u0161ava modernost i prakti\u010dnost zgrade i unosi obilje dnevnog svjetla u interijer &#8211; za svijetlu i prijateljsku radnu atmosferu.<\/p>\n\n\n\n<figure class=\"wp-block-image size-large\"><img decoding=\"async\" width=\"680\" height=\"1024\" src=\"https:\/\/www.prozorivrata.com\/hr\/wp-content\/uploads\/sites\/4\/2023\/07\/Gealan-Prozor-u-grad-680x1024.webp\" alt=\"Stambeni objekt, Hanover\" class=\"wp-image-6075\" srcset=\"https:\/\/www.prozorivrata.com\/hr\/wp-content\/uploads\/sites\/4\/2023\/07\/Gealan-Prozor-u-grad-680x1024.webp 680w, https:\/\/www.prozorivrata.com\/hr\/wp-content\/uploads\/sites\/4\/2023\/07\/Gealan-Prozor-u-grad-199x300.webp 199w, https:\/\/www.prozorivrata.com\/hr\/wp-content\/uploads\/sites\/4\/2023\/07\/Gealan-Prozor-u-grad-768x1156.webp 768w, https:\/\/www.prozorivrata.com\/hr\/wp-content\/uploads\/sites\/4\/2023\/07\/Gealan-Prozor-u-grad-750x1129.webp 750w, https:\/\/www.prozorivrata.com\/hr\/wp-content\/uploads\/sites\/4\/2023\/07\/Gealan-Prozor-u-grad-jpg.webp 797w\" sizes=\"(max-width: 680px) 100vw, 680px\" \/><figcaption class=\"wp-element-caption\">Stambeni objekt, Hanover \/ foto: GEALAN<\/figcaption><\/figure>\n\n\n\n<p>Vrsta objekta &#8211; Poslovna zgrada<br>Lokacija &#8211; Koblenz-Metternich \/ Deutschland<br>Godina &#8211; 2019 \/ 2020.<br>Arhitekt &#8211; TERNES architekten BDA, Koblenz<br>Graditelj &#8211; Sparkasse Koblenz<br>Proizvo\u0111a\u010d &#8211; Helmut Meeth GmbH &amp; Co. KG, Wittlic<\/p>\n\n\n\n<p>Izuzetno moderne tamne balkonske ograde i prozori s tamnim dizajnom \u010dine pandan svijetloj fasadi od opeke u krem boji.<\/p>\n\n\n\n<figure class=\"wp-block-image size-large\"><img decoding=\"async\" width=\"1024\" height=\"683\" src=\"https:\/\/www.prozorivrata.com\/hr\/wp-content\/uploads\/sites\/4\/2023\/07\/Gealan-PVC-prozori-antracit-jakog-kontrasta-1024x683.webp\" alt=\"Stambeno poslovni objekt \/ Kerpen-Sindorf\" class=\"wp-image-6076\" srcset=\"https:\/\/www.prozorivrata.com\/hr\/wp-content\/uploads\/sites\/4\/2023\/07\/Gealan-PVC-prozori-antracit-jakog-kontrasta-1024x683.webp 1024w, https:\/\/www.prozorivrata.com\/hr\/wp-content\/uploads\/sites\/4\/2023\/07\/Gealan-PVC-prozori-antracit-jakog-kontrasta-300x200.webp 300w, https:\/\/www.prozorivrata.com\/hr\/wp-content\/uploads\/sites\/4\/2023\/07\/Gealan-PVC-prozori-antracit-jakog-kontrasta-768x512.webp 768w, https:\/\/www.prozorivrata.com\/hr\/wp-content\/uploads\/sites\/4\/2023\/07\/Gealan-PVC-prozori-antracit-jakog-kontrasta-750x500.webp 750w, https:\/\/www.prozorivrata.com\/hr\/wp-content\/uploads\/sites\/4\/2023\/07\/Gealan-PVC-prozori-antracit-jakog-kontrasta-1140x760.webp 1140w, https:\/\/www.prozorivrata.com\/hr\/wp-content\/uploads\/sites\/4\/2023\/07\/Gealan-PVC-prozori-antracit-jakog-kontrasta-jpg.webp 1200w\" sizes=\"(max-width: 1024px) 100vw, 1024px\" \/><figcaption class=\"wp-element-caption\">Stambeno poslovni objekt, Kerpen-Sindorf \/ foto: GEALAN<\/figcaption><\/figure>\n\n\n\n<p>Vrsta objekta &#8211; Stambeno poslovni objekt<br>Lokacija &#8211; Kerpen-Sindorf<br>Godina &#8211; 2020 \/ 2021.<br>Arhitekt &#8211; HOERSCH ARCHITEKTEN, K\u00f6ln<br>Graditelj &#8211; H. Kautschur Immobilien &#8211; und Bautr\u00e4gergesellschaft mbH<br>Proizvo\u0111a\u010d &#8211; Fenster Schmitt GmbH &amp; Co.KG, Bad Neuenahr-Ahrweiler<\/p>\n\n\n\n<p>Gradski prozori neobi\u010dnih formata \u2013 s prozorskim prorezima od poda do stropa \u0161iroki tek 20 centimetara.<\/p>\n\n\n\n<figure class=\"wp-block-image size-large\"><img decoding=\"async\" width=\"1024\" height=\"683\" src=\"https:\/\/www.prozorivrata.com\/hr\/wp-content\/uploads\/sites\/4\/2023\/07\/Gealan-PVC-stolarija-u-boji-antracit-1024x683.webp\" alt=\"\" class=\"wp-image-6077\" srcset=\"https:\/\/www.prozorivrata.com\/hr\/wp-content\/uploads\/sites\/4\/2023\/07\/Gealan-PVC-stolarija-u-boji-antracit-1024x683.webp 1024w, https:\/\/www.prozorivrata.com\/hr\/wp-content\/uploads\/sites\/4\/2023\/07\/Gealan-PVC-stolarija-u-boji-antracit-300x200.webp 300w, https:\/\/www.prozorivrata.com\/hr\/wp-content\/uploads\/sites\/4\/2023\/07\/Gealan-PVC-stolarija-u-boji-antracit-768x512.webp 768w, https:\/\/www.prozorivrata.com\/hr\/wp-content\/uploads\/sites\/4\/2023\/07\/Gealan-PVC-stolarija-u-boji-antracit-750x500.webp 750w, https:\/\/www.prozorivrata.com\/hr\/wp-content\/uploads\/sites\/4\/2023\/07\/Gealan-PVC-stolarija-u-boji-antracit-1140x760.webp 1140w, https:\/\/www.prozorivrata.com\/hr\/wp-content\/uploads\/sites\/4\/2023\/07\/Gealan-PVC-stolarija-u-boji-antracit-jpg.webp 1200w\" sizes=\"(max-width: 1024px) 100vw, 1024px\" \/><figcaption class=\"wp-element-caption\">Poslovna zgrada, Koblenz-Metternich, Deutschland \/ foto: GEALAN<\/figcaption><\/figure>\n\n\n\n<p>Vrsta objekta &#8211; Stambeni objekt<br>Lokacija &#8211; Hannover<br>Godina &#8211; 2020.<br>Arhitekt &#8211; Lindener Baukontor, Hannover<br>Graditelj &#8211; St. Nikolai Stift zu Hannover<br>Proizvo\u0111a\u010d &#8211; TH. Zink GmbH Fenster und T\u00fcren<\/p>\n\n\n\n<figure class=\"wp-block-image size-large is-resized\"><img decoding=\"async\" src=\"https:\/\/www.prozorivrata.com\/hr\/wp-content\/uploads\/sites\/4\/2020\/12\/GEALAN-logo-new.png\" alt=\"GEALAN logo\" class=\"wp-image-2620\" width=\"250\" height=\"81\" srcset=\"https:\/\/www.prozorivrata.com\/hr\/wp-content\/uploads\/sites\/4\/2020\/12\/GEALAN-logo-new.png 500w, https:\/\/www.prozorivrata.com\/hr\/wp-content\/uploads\/sites\/4\/2020\/12\/GEALAN-logo-new-300x97.png 300w\" sizes=\"(max-width: 250px) 100vw, 250px\" \/><\/figure>\n\n\n\n<p><strong>GEALAN d.o.o. \u2013 predstavni\u0161tvo za Hrvatsku<\/strong><br>Omladinska 11, \u017derjavinec 10360 Sesvete, Hrvatska<br>T: +385 1 2040 670<br>F: +385 1 2040 679<br>E.&nbsp;<a href=\"mailto:info@gealan.hr\" target=\"_blank\" rel=\"noreferrer noopener\">info@gealan.hr<\/a><br>W.&nbsp;<a href=\"http:\/\/www.gealan.hr\/\" target=\"_blank\" rel=\"noreferrer noopener\">www.gealan.hr<\/a><\/p>\n","protected":false},"excerpt":{"rendered":"<p>GEALAN-acrylcolor\u00ae povr\u0161ine nude se za razli\u010dite sustave profila u svim dubinama gradnje. Bilo povijesne stare zgrade ili moderna arhitektura; bez obzira jesu li prozori, ku\u0107na vrata, balkonska vrata ili klizna rje\u0161enja. Proizvodnja GEALAN-acrylcolor\u00ae profila neprestano se nadogra\u0111uje i pro\u0161iruje, tako da GEALAN danas nudi rje\u0161enja za \u0161irok spektar gra\u0111evinskih situacija. Revolucija u za\u0161titi PVC prozora [&hellip;]<\/p>\n","protected":false},"author":3,"featured_media":6078,"comment_status":"closed","ping_status":"closed","sticky":false,"template":"","format":"standard","meta":{"_FSMCFIC_featured_image_caption":"","_FSMCFIC_featured_image_nocaption":"","_FSMCFIC_featured_image_hide":"","footnotes":""},"categories":[46,3],"tags":[629,59,529,310,536],"class_list":["post-6070","post","type-post","status-publish","format-standard","has-post-thumbnail","hentry","category-arhitektura","category-pvc-stolarija","tag-antracit","tag-gealan","tag-gealan-s-9000","tag-gealan-acrylcolor","tag-pvc-u-boji"],"_links":{"self":[{"href":"https:\/\/www.prozorivrata.com\/hr\/wp-json\/wp\/v2\/posts\/6070","targetHints":{"allow":["GET"]}}],"collection":[{"href":"https:\/\/www.prozorivrata.com\/hr\/wp-json\/wp\/v2\/posts"}],"about":[{"href":"https:\/\/www.prozorivrata.com\/hr\/wp-json\/wp\/v2\/types\/post"}],"author":[{"embeddable":true,"href":"https:\/\/www.prozorivrata.com\/hr\/wp-json\/wp\/v2\/users\/3"}],"replies":[{"embeddable":true,"href":"https:\/\/www.prozorivrata.com\/hr\/wp-json\/wp\/v2\/comments?post=6070"}],"version-history":[{"count":4,"href":"https:\/\/www.prozorivrata.com\/hr\/wp-json\/wp\/v2\/posts\/6070\/revisions"}],"predecessor-version":[{"id":6123,"href":"https:\/\/www.prozorivrata.com\/hr\/wp-json\/wp\/v2\/posts\/6070\/revisions\/6123"}],"wp:featuredmedia":[{"embeddable":true,"href":"https:\/\/www.prozorivrata.com\/hr\/wp-json\/wp\/v2\/media\/6078"}],"wp:attachment":[{"href":"https:\/\/www.prozorivrata.com\/hr\/wp-json\/wp\/v2\/media?parent=6070"}],"wp:term":[{"taxonomy":"category","embeddable":true,"href":"https:\/\/www.prozorivrata.com\/hr\/wp-json\/wp\/v2\/categories?post=6070"},{"taxonomy":"post_tag","embeddable":true,"href":"https:\/\/www.prozorivrata.com\/hr\/wp-json\/wp\/v2\/tags?post=6070"}],"curies":[{"name":"wp","href":"https:\/\/api.w.org\/{rel}","templated":true}]}}