{"id":6045,"date":"2023-06-15T07:20:00","date_gmt":"2023-06-15T06:20:00","guid":{"rendered":"https:\/\/www.prozorivrata.com\/hr\/?p=6045"},"modified":"2023-06-15T08:14:59","modified_gmt":"2023-06-15T07:14:59","slug":"predstavljamo-vam-arhibau-hr-2023","status":"publish","type":"post","link":"https:\/\/www.prozorivrata.com\/hr\/predstavljamo-vam-arhibau-hr-2023\/","title":{"rendered":"Predstavljamo vam ArhiBau.hr 2023!"},"content":{"rendered":"\n<p>ArhiBau.hr, sajam arhitekture i graditeljstva, u organizaciji Dru\u0161tva arhitekata Zagreba, odr\u017eat \u0107e se od 26. rujna do 1. listopada 2023. godine na Zagreba\u010dkom velesajmu. U svom tre\u0107em izdanju, ArhiBau.hr nastavlja svoju misiju promicanja kulture gra\u0111enja i odr\u017eivog razvoja, i najve\u0107i je sajam ovog tipa u regiji.<\/p>\n\n\n\n<figure class=\"wp-block-image size-large\"><img decoding=\"async\" width=\"1024\" height=\"683\" src=\"https:\/\/www.prozorivrata.com\/hr\/wp-content\/uploads\/sites\/4\/2023\/06\/ArhiBau.hr-PR-7-1024x683.webp\" alt=\"ArhiBau.hr, sajam arhitekture i graditeljstva\" class=\"wp-image-6043\" srcset=\"https:\/\/www.prozorivrata.com\/hr\/wp-content\/uploads\/sites\/4\/2023\/06\/ArhiBau.hr-PR-7-1024x683.webp 1024w, https:\/\/www.prozorivrata.com\/hr\/wp-content\/uploads\/sites\/4\/2023\/06\/ArhiBau.hr-PR-7-300x200.webp 300w, https:\/\/www.prozorivrata.com\/hr\/wp-content\/uploads\/sites\/4\/2023\/06\/ArhiBau.hr-PR-7-768x512.webp 768w, https:\/\/www.prozorivrata.com\/hr\/wp-content\/uploads\/sites\/4\/2023\/06\/ArhiBau.hr-PR-7-750x500.webp 750w, https:\/\/www.prozorivrata.com\/hr\/wp-content\/uploads\/sites\/4\/2023\/06\/ArhiBau.hr-PR-7-1140x760.webp 1140w, https:\/\/www.prozorivrata.com\/hr\/wp-content\/uploads\/sites\/4\/2023\/06\/ArhiBau.hr-PR-7-jpg.webp 1200w\" sizes=\"(max-width: 1024px) 100vw, 1024px\" \/><figcaption class=\"wp-element-caption\">ArhiBau.hr, sajam arhitekture i graditeljstva<\/figcaption><\/figure>\n\n\n\n<p><strong>Na sajmu \u0107e se predstaviti vi\u0161e od 100 vode\u0107ih proizvo\u0111a\u010da i dobavlja\u010da najnovijih gra\u0111evinskih materijala i tehnologija za odr\u017eivo planiranje, arhitekturu i graditeljstvo, odr\u017eavanje i obnovu zgrada te prostora oko nas.<\/strong> Kao mjesto susreta struke i prakse, ArhiBau.hr je jedinstveno mjesto za direktan, osobni kontakt te zanimljive i korisne informacije brojnim zainteresiranim stranama: od arhitekata i projektanata, gra\u0111evinskih tvrtki i obrtnika, trgovaca gra\u0111evinskim materijalom i opremom, do investitora i uradi-sam entuzijasta, kao i naj\u0161ire publike koju zanima suvremena arhitektura i graditeljstvo.<\/p>\n\n\n\n<figure class=\"wp-block-image size-large\"><img decoding=\"async\" width=\"1024\" height=\"683\" src=\"https:\/\/www.prozorivrata.com\/hr\/wp-content\/uploads\/sites\/4\/2023\/06\/ArhiBau.hr-PR-2-1024x683.webp\" alt=\"ArhiBau.hr, sajam arhitekture i graditeljstva\" class=\"wp-image-6040\" srcset=\"https:\/\/www.prozorivrata.com\/hr\/wp-content\/uploads\/sites\/4\/2023\/06\/ArhiBau.hr-PR-2-1024x683.webp 1024w, https:\/\/www.prozorivrata.com\/hr\/wp-content\/uploads\/sites\/4\/2023\/06\/ArhiBau.hr-PR-2-300x200.webp 300w, https:\/\/www.prozorivrata.com\/hr\/wp-content\/uploads\/sites\/4\/2023\/06\/ArhiBau.hr-PR-2-768x512.webp 768w, https:\/\/www.prozorivrata.com\/hr\/wp-content\/uploads\/sites\/4\/2023\/06\/ArhiBau.hr-PR-2-750x500.webp 750w, https:\/\/www.prozorivrata.com\/hr\/wp-content\/uploads\/sites\/4\/2023\/06\/ArhiBau.hr-PR-2-1140x760.webp 1140w, https:\/\/www.prozorivrata.com\/hr\/wp-content\/uploads\/sites\/4\/2023\/06\/ArhiBau.hr-PR-2-jpg.webp 1200w\" sizes=\"(max-width: 1024px) 100vw, 1024px\" \/><figcaption class=\"wp-element-caption\">ArhiBau.hr, sajam arhitekture i graditeljstva<\/figcaption><\/figure>\n\n\n\n<p>Posjetitelji \u0107e na sajmu imati priliku prona\u0107i inspiraciju za vlastite projekte gradnje, preure\u0111enja ili renovacije, osvje\u017eiti svoje znanje o najnovijim tehnologijama kroz korisne stru\u010dne prezentacije, upoznati proizvo\u0111a\u010de i izvo\u0111a\u010de radova te isprobati najsuvremenije materijale, kao i ostvariti brojne sajamske popuste.<\/p>\n\n\n\n<p>U sklopu sajma odr\u017eat \u0107e se i prate\u0107a stru\u010dna konferencija s temom \u201cProstor budu\u0107nosti \/ Budu\u0107nost prostora\u201c na kojoj \u0107e doma\u0107i i inozemni arhitekti, urbanisti, gra\u0111evinari te drugi stru\u010dnjaci raspravljati o ulozi arhitekture i graditeljstva u oblikovanju \u017eivotnih i radnih prostora budu\u0107nosti. <strong>Raznolikost izlo\u017eenih proizvoda i tehnologija, zanimljivi seminari, prezentacije, okrugli stolovi stavljaju ArhiBau.hr u sredi\u0161te najnovijih trendova u arhitekturi i graditeljstvu.<\/strong><\/p>\n\n\n\n<figure class=\"wp-block-image size-large\"><img decoding=\"async\" width=\"1024\" height=\"683\" src=\"https:\/\/www.prozorivrata.com\/hr\/wp-content\/uploads\/sites\/4\/2023\/06\/ArhiBau.hr-PR-3-1024x683.webp\" alt=\"ArhiBau.hr, sajam arhitekture i graditeljstva\" class=\"wp-image-6041\" srcset=\"https:\/\/www.prozorivrata.com\/hr\/wp-content\/uploads\/sites\/4\/2023\/06\/ArhiBau.hr-PR-3-1024x683.webp 1024w, https:\/\/www.prozorivrata.com\/hr\/wp-content\/uploads\/sites\/4\/2023\/06\/ArhiBau.hr-PR-3-300x200.webp 300w, https:\/\/www.prozorivrata.com\/hr\/wp-content\/uploads\/sites\/4\/2023\/06\/ArhiBau.hr-PR-3-768x512.webp 768w, https:\/\/www.prozorivrata.com\/hr\/wp-content\/uploads\/sites\/4\/2023\/06\/ArhiBau.hr-PR-3-750x500.webp 750w, https:\/\/www.prozorivrata.com\/hr\/wp-content\/uploads\/sites\/4\/2023\/06\/ArhiBau.hr-PR-3-1140x760.webp 1140w, https:\/\/www.prozorivrata.com\/hr\/wp-content\/uploads\/sites\/4\/2023\/06\/ArhiBau.hr-PR-3-jpg.webp 1200w\" sizes=\"(max-width: 1024px) 100vw, 1024px\" \/><figcaption class=\"wp-element-caption\">ArhiBau.hr, sajam arhitekture i graditeljstva<\/figcaption><\/figure>\n\n\n\n<p>Posebna zanimljivost ove godine je istovremeno odr\u017eavanje s festivalom Zagreb Design Week i te sajmovima Ambijenta, Art Zagreb i Hotel &amp; Gastrotech. Zajedni\u010dki nastup u povezanim paviljonima Zagreba\u010dkog velesajma omogu\u0107it \u0107e posjetiteljima da na jednom mjestu, uz jednu zajedni\u010dku ulaznicu, saznaju sve novosti iz podru\u010dja arhitekture, graditeljstva, unutarnjeg ure\u0111enja, dizajna i umjetnosti.<\/p>\n\n\n\n<p>\u017delite li saznati vi\u0161e o sajmu, prijaviti se kao izlaga\u010d ili pak sudjelovati u konferenciji, posjetite stranice <a href=\"http:\/\/www.ArhiBau.hr\" target=\"_blank\" rel=\"noreferrer noopener\">www.ArhiBau.hr<\/a>.<\/p>\n\n\n\n<p><strong>Na dan otvorenja, ulaz \u0107e biti besplatan za sve posjetitelje.<\/strong> Tijekom ostalih dana sajma, cijena ulaznice bit \u0107e 7 eura. Srednjo\u0161kolci, studenti, umirovljenici, i grupe mo\u0107i \u0107e ostvariti popuste na cijenu ulaznica.<\/p>\n\n\n\n<p>Budite dio najzna\u010dajnijeg sajamskog doga\u0111aja u zemlji, koji \u0107e ove godine svojim sadr\u017eajem zasigurno zainteresirati i struku i \u0161iroku publiku!<\/p>\n\n\n\n<figure class=\"wp-block-image size-full is-resized\"><img decoding=\"async\" src=\"https:\/\/www.prozorivrata.com\/hr\/wp-content\/uploads\/sites\/4\/2023\/06\/ArhiBau-logo-jpg.webp\" alt=\"ArhiBau logo\" class=\"wp-image-6037\" width=\"172\" height=\"132\" srcset=\"https:\/\/www.prozorivrata.com\/hr\/wp-content\/uploads\/sites\/4\/2023\/06\/ArhiBau-logo-jpg.webp 500w, https:\/\/www.prozorivrata.com\/hr\/wp-content\/uploads\/sites\/4\/2023\/06\/ArhiBau-logo-300x230.webp 300w\" sizes=\"(max-width: 172px) 100vw, 172px\" \/><\/figure>\n","protected":false},"excerpt":{"rendered":"<p>ArhiBau.hr, sajam arhitekture i graditeljstva, u organizaciji Dru\u0161tva arhitekata Zagreba, odr\u017eat \u0107e se od 26. rujna do 1. listopada 2023. godine na Zagreba\u010dkom velesajmu. U svom tre\u0107em izdanju, ArhiBau.hr nastavlja svoju misiju promicanja kulture gra\u0111enja i odr\u017eivog razvoja, i najve\u0107i je sajam ovog tipa u regiji. Na sajmu \u0107e se predstaviti vi\u0161e od 100 vode\u0107ih [&hellip;]<\/p>\n","protected":false},"author":3,"featured_media":6038,"comment_status":"closed","ping_status":"closed","sticky":false,"template":"","format":"standard","meta":{"_FSMCFIC_featured_image_caption":"","_FSMCFIC_featured_image_nocaption":"","_FSMCFIC_featured_image_hide":"","footnotes":""},"categories":[47,46],"tags":[508,625,626,71],"class_list":["post-6045","post","type-post","status-publish","format-standard","has-post-thumbnail","hentry","category-novosti","category-arhitektura","tag-ambienta","tag-arhibau","tag-graditeljstvo","tag-sajam"],"_links":{"self":[{"href":"https:\/\/www.prozorivrata.com\/hr\/wp-json\/wp\/v2\/posts\/6045","targetHints":{"allow":["GET"]}}],"collection":[{"href":"https:\/\/www.prozorivrata.com\/hr\/wp-json\/wp\/v2\/posts"}],"about":[{"href":"https:\/\/www.prozorivrata.com\/hr\/wp-json\/wp\/v2\/types\/post"}],"author":[{"embeddable":true,"href":"https:\/\/www.prozorivrata.com\/hr\/wp-json\/wp\/v2\/users\/3"}],"replies":[{"embeddable":true,"href":"https:\/\/www.prozorivrata.com\/hr\/wp-json\/wp\/v2\/comments?post=6045"}],"version-history":[{"count":1,"href":"https:\/\/www.prozorivrata.com\/hr\/wp-json\/wp\/v2\/posts\/6045\/revisions"}],"predecessor-version":[{"id":6046,"href":"https:\/\/www.prozorivrata.com\/hr\/wp-json\/wp\/v2\/posts\/6045\/revisions\/6046"}],"wp:featuredmedia":[{"embeddable":true,"href":"https:\/\/www.prozorivrata.com\/hr\/wp-json\/wp\/v2\/media\/6038"}],"wp:attachment":[{"href":"https:\/\/www.prozorivrata.com\/hr\/wp-json\/wp\/v2\/media?parent=6045"}],"wp:term":[{"taxonomy":"category","embeddable":true,"href":"https:\/\/www.prozorivrata.com\/hr\/wp-json\/wp\/v2\/categories?post=6045"},{"taxonomy":"post_tag","embeddable":true,"href":"https:\/\/www.prozorivrata.com\/hr\/wp-json\/wp\/v2\/tags?post=6045"}],"curies":[{"name":"wp","href":"https:\/\/api.w.org\/{rel}","templated":true}]}}