{"id":6024,"date":"2023-06-15T13:37:00","date_gmt":"2023-06-15T12:37:00","guid":{"rendered":"https:\/\/www.prozorivrata.com\/hr\/?p=6024"},"modified":"2023-06-14T12:25:32","modified_gmt":"2023-06-14T11:25:32","slug":"medunarodni-forum-buducnosti-2023-gealan-uvodi-svoje-partnere-u-trendove-u-industriji","status":"publish","type":"post","link":"https:\/\/www.prozorivrata.com\/hr\/medunarodni-forum-buducnosti-2023-gealan-uvodi-svoje-partnere-u-trendove-u-industriji\/","title":{"rendered":"Me\u0111unarodni forum budu\u0107nosti 2023: GEALAN uvodi svoje partnere u trendove u industriji"},"content":{"rendered":"\n<p><strong>\u010cetiri uzbudljiva stru\u010dna predavanja s pogledom na budu\u0107nost tr\u017ei\u0161ta prozora, prevedena u\u017eivo na osam jezika &#8211; pripremljena za GEALAN partnere i zainteresirane strane iz cijele Europe koji su ili dobili informacije na licu mjesta ili se virtualno povezali: Me\u0111unarodni forum budu\u0107nosti 2023. imao je mogu\u0107nost saznanja za razmjenu noviteta i novosti, kao i vrhunskih pogleda na budu\u0107e izazove i mogu\u0107nosti industrije. Povrh toga, postojao je dojam odabranih istaknutih proizvoda i daljnjeg razvoja GEALAN-a. Oko 400 gostiju iz 14 zemalja iz cijele Europe bilo je u\u017eivo na mjestu doga\u0111aja na GEALAN-ovoj glavnoj lokaciji u Oberkotzau, a daljnjih 300 sudionika uklju\u010dilo se putem live streama.<\/strong><\/p>\n\n\n\n<p>U svom izdanju za 2023., GEALAN-ov uspje\u0161an niz doga\u0111aja jo\u0161 je jednom\u00a0pru\u017eio uvid izbliza u\u00a0va\u017ene trendove u industriji: kompetentno osvijetljeno od strane \u0161est stru\u010dnjaka u \u010detiri uzbudljiva predavanja;\u00a0specijalizirana publika mogla je baciti pogled na europsko tr\u017ei\u0161te prozora budu\u0107nost. I to na devet jezika u isto vrijeme &#8211; jer su se predavanja i moderacije Me\u0111unarodnog foruma budu\u0107nosti 2023. prevodile\u00a0simultano i za goste na licu mjesta i za online goste.<\/p>\n\n\n\n<blockquote class=\"wp-block-quote is-layout-flow wp-block-quote-is-layout-flow\">\n<p>\u201eOpet smo ga u\u010dinili maksimalno fleksibilnim i jednostavnim: oni koji nisu bili prisutni mogli su lako pratiti na\u0161e uzbudljive prezentacije u live streamu. Mislim da je za sve na\u0161e goste bilo pone\u0161to: na\u0161i su stru\u010dnjaci istaknuli strate\u0161ke teme i izvukli korisne savjete za svakodnevno poslovanje, razgovarali smo o premium proizvodima i fokusirali se na budu\u0107u temu usluge. Na taj na\u010din isporu\u010dujemo stvarnu dodanu vrijednost za na\u0161e partnere koji su bili prisutni na Me\u0111unarodnom forumu budu\u0107nosti 2023. Sve povratne informacije koje sam dosad dobio od na\u0161ih partnera na Future Forumu bile su izuzetno pozitivne.\u201d<\/p>\n<cite>Generalni direktor GEALAN-a Ivica Maurovi\u0107 vrlo je zadovoljan drugim izdanjem <strong>Future Foruma<\/strong> u hibridnom formatu<\/cite><\/blockquote>\n\n\n\n<figure class=\"wp-block-image size-full\"><img decoding=\"async\" width=\"800\" height=\"533\" src=\"https:\/\/www.prozorivrata.com\/hr\/wp-content\/uploads\/sites\/4\/2023\/06\/Generalni-direktor-Gealan-a-Ivica-Maurovic-jpg.webp\" alt=\"Generalni direktor Gealan-a Ivica Maurovi\u0107\" class=\"wp-image-6029\" srcset=\"https:\/\/www.prozorivrata.com\/hr\/wp-content\/uploads\/sites\/4\/2023\/06\/Generalni-direktor-Gealan-a-Ivica-Maurovic-jpg.webp 800w, https:\/\/www.prozorivrata.com\/hr\/wp-content\/uploads\/sites\/4\/2023\/06\/Generalni-direktor-Gealan-a-Ivica-Maurovic-300x200.webp 300w, https:\/\/www.prozorivrata.com\/hr\/wp-content\/uploads\/sites\/4\/2023\/06\/Generalni-direktor-Gealan-a-Ivica-Maurovic-768x512.webp 768w, https:\/\/www.prozorivrata.com\/hr\/wp-content\/uploads\/sites\/4\/2023\/06\/Generalni-direktor-Gealan-a-Ivica-Maurovic-750x500.webp 750w\" sizes=\"(max-width: 800px) 100vw, 800px\" \/><figcaption class=\"wp-element-caption\">Generalni direktor Gealan-a Ivica Maurovi\u0107 \/ foto: Gealan<\/figcaption><\/figure>\n\n\n\n<h2 class=\"wp-block-heading\">Strate\u0161ke teme susre\u0107u se s uvidima u proizvode<\/h2>\n\n\n\n<p>Generalni direktor GEALAN-a osobno je najavio dan doga\u0111aja &#8211; Ivica Maurovi\u0107 pripremio je nekoliko rije\u010di i\u0161\u010dekivanja za nadolaze\u0107e zajedni\u010dke sate na po\u010detku <a href=\"https:\/\/www.prozorivrata.com\/hr\/gealan-ov-medunarodni-forum-buducnosti-2023\/\" target=\"_blank\" rel=\"noreferrer noopener\">Me\u0111unarodnog foruma budu\u0107nosti 2023.<\/a> za goste iz cijele Europe.<\/p>\n\n\n\n<p>U sljede\u0107im predavanjima, sveobuhvatne teme iz industrije izmjenjivale su se s pogledom na konkretna rje\u0161enja proizvoda i usluga. <strong>Martin Langen<\/strong>, direktor instituta za istra\u017eivanje tr\u017ei\u0161ta B+L Marktdaten iz Bonna, zapo\u010deo je tehni\u010dki sa svojim uvodnim govorom &#8220;<strong>Tr\u017ei\u0161ta u tranziciji<\/strong>&#8220;. U svom izgledu za nadolaze\u0107e godine, predstavio je industrijsku publiku s gospodarskim o\u010dekivanjima, mogu\u0107im razvojem cijena i nadolaze\u0107im trendovima &#8211; prvo u stambenoj izgradnji op\u0107enito, zatim i za mjere obnove kao \u0161to je zamjena prozora u odre\u0111enim terminima.<\/p>\n\n\n\n<h2 class=\"wp-block-heading\">Predstavljen je trenutni razvoj proizvoda<\/h2>\n\n\n\n<p>Druga prezentacija zatim se fokusirala na premium proizvode tvrtke <strong>GEALAN<\/strong>. Kako bi stru\u010dnoj publici pru\u017eili realisti\u010dne dojmove tijekom cijelog dana, \u0161atori za doga\u0111anja bili su unaprijed opremljeni detaljnim izlo\u0161cima brojnih GEALAN proizvoda i sustavnih rje\u0161enja.<\/p>\n\n\n\n<p><strong>Andr\u00e9 Wunsch<\/strong>, voditelj odjela za upravljanje proizvodima \/ inovacije \/ centar za korisni\u010dku podr\u0161ku u GEALAN-u, u svom je izlaganju najprije iznio povijest razvoja vrhunske povr\u0161inske tehnologije <strong>GEALAN-acrylcolor<sup>\u00ae<\/sup><\/strong>, koja se kontinuirano razvija i nakon vi\u0161e od 40 godina. Po prvi put na Me\u0111unarodnom&nbsp;forumu&nbsp;budu\u0107nosti 2023. mogao je predstaviti skoru mogu\u0107u kombinaciju PMMA povr\u0161ine s tamno sivim profilnim tijelom i izborom odgovaraju\u0107ih dekor&nbsp;folija.<\/p>\n\n\n<div class=\"wp-block-image\">\n<figure class=\"aligncenter size-full\"><img decoding=\"async\" width=\"494\" height=\"331\" src=\"https:\/\/www.prozorivrata.com\/hr\/wp-content\/uploads\/sites\/4\/2023\/06\/Andre-Wunsch-jpg.webp\" alt=\"Andr\u00e9 Wunsch \/ foto: Gealan\" class=\"wp-image-6030\" srcset=\"https:\/\/www.prozorivrata.com\/hr\/wp-content\/uploads\/sites\/4\/2023\/06\/Andre-Wunsch-jpg.webp 494w, https:\/\/www.prozorivrata.com\/hr\/wp-content\/uploads\/sites\/4\/2023\/06\/Andre-Wunsch-300x201.webp 300w\" sizes=\"(max-width: 494px) 100vw, 494px\" \/><figcaption class=\"wp-element-caption\">Andr\u00e9 Wunsch \/ foto: Gealan<\/figcaption><\/figure>\n<\/div>\n\n\n<p>U drugom stru\u010dnom predavanju istaknute su uzbudljive mogu\u0107nosti vezane uz prozore budu\u0107nosti: GEALAN-ova inteligentna rje\u0161enja za automatizaciju, objedinjena pod novim brendom pametne ku\u0107e <strong>TEXINO<\/strong>, bila su jednako bitna tema kao i inovativna ventilacija i izvrsna GEALAN-ova rje\u0161enja za planiranje. <strong>Karl Dietrich Wellsow<\/strong>, direktor GEALAN-ove sestrinske tvrtke <strong>DBS (Digital Building Solutions)<\/strong>, svojim je programima za vizualizaciju prozora predlo\u017eio nove, nekomplicirane opcije za odre\u0111ivanje prikladnih prozora s prikladnim dizajnom i ostvarivom veli\u010dinom za zadane gra\u0111evinske projekte. Na kraju, ali ne manje va\u017eno, na programu je bilo i drugo uvodno predavanje: prof. Stefan Wengler, sveu\u010dili\u0161ni profesor i konzultant za marketing i prodaju na B2B tr\u017ei\u0161tima, u svojem je predavanju &#8220;<strong>Servitizacija<\/strong>&#8221; jasno istaknuo da se mnoga o\u010dekivanja kupaca unutar industrije mijenjaju u smislu da se od proizvoda uvijek o\u010dekuje usluga koja prepoznaje stvarne potrebe kupaca.<\/p>\n\n\n\n<p>&#8220;Razmi\u0161ljati u smislu dodane vrijednosti umjesto tro\u0161kova&#8221; bila je jedna od njegovih krilatica i ujedno dobronamjeran savjet donositeljima odluka u industriji.<\/p>\n\n\n<div class=\"wp-block-image\">\n<figure class=\"aligncenter size-full\"><img decoding=\"async\" width=\"500\" height=\"331\" src=\"https:\/\/www.prozorivrata.com\/hr\/wp-content\/uploads\/sites\/4\/2023\/06\/Stefan-Wengler-jpg.webp\" alt=\"Stefan Wengler\/ foto: Gealan\" class=\"wp-image-6031\" srcset=\"https:\/\/www.prozorivrata.com\/hr\/wp-content\/uploads\/sites\/4\/2023\/06\/Stefan-Wengler-jpg.webp 500w, https:\/\/www.prozorivrata.com\/hr\/wp-content\/uploads\/sites\/4\/2023\/06\/Stefan-Wengler-300x199.webp 300w\" sizes=\"(max-width: 500px) 100vw, 500px\" \/><figcaption class=\"wp-element-caption\">Stefan Wengler\/ foto: Gealan<\/figcaption><\/figure>\n<\/div>\n\n\n<h2 class=\"wp-block-heading\">Vo\u0111ena putovanja, prakti\u010dni savjeti i me\u0111unarodne teme<\/h2>\n\n\n\n<p>Prezentacije specifi\u010dne za tr\u017ei\u0161te zemalja nadopunile su GEALAN doga\u0111aj na zna\u010dajan na\u010din: s jedne strane, kolege iz Nizozemske predstavili su <strong>GEALAN Hafen-City-Window<sup>\u00ae<\/sup><\/strong> i njegove izvanredne mogu\u0107nosti zvu\u010dne izolacije, au drugoj prezentaciji posebno su govorili o odr\u017eivim materijalima, va\u017enoj&nbsp;temi&nbsp;kru\u017enog gospodarstva&nbsp;i mogu\u0107nosti ekolo\u0161ki osvije\u0161tene gradnje. \u0160panjolska prezentacija istaknula je razli\u010dite prednosti <strong>PVC&nbsp;elemenata<\/strong> i objasnila kako proizvo\u0111a\u010di prozora koriste te argumente kako bi svoje kupce uvjerili u dodanu vrijednost PVC prozora. Francuski su gosti mogli vidjeti varijantu potpuno staklenog sustava specifi\u010dnu za zemlju, koja bi trebala omogu\u0107iti i prednosti dizajnerski usmjerenog prozorskog sustava s ugradbenom dubinom od 74 mm. <\/p>\n\n\n<div class=\"wp-block-image\">\n<figure class=\"aligncenter size-full\"><img decoding=\"async\" width=\"488\" height=\"331\" src=\"https:\/\/www.prozorivrata.com\/hr\/wp-content\/uploads\/sites\/4\/2023\/06\/Medunarodni-forum-buducnosti-20232-jpg.webp\" alt=\"Me\u0111unarodni forum budu\u0107nosti 2023 \/ foto: Gealan\" class=\"wp-image-6032\" srcset=\"https:\/\/www.prozorivrata.com\/hr\/wp-content\/uploads\/sites\/4\/2023\/06\/Medunarodni-forum-buducnosti-20232-jpg.webp 488w, https:\/\/www.prozorivrata.com\/hr\/wp-content\/uploads\/sites\/4\/2023\/06\/Medunarodni-forum-buducnosti-20232-300x203.webp 300w\" sizes=\"(max-width: 488px) 100vw, 488px\" \/><figcaption class=\"wp-element-caption\">Me\u0111unarodni forum budu\u0107nosti 2023 \/ foto: Gealan<\/figcaption><\/figure>\n<\/div>\n\n\n<p>Obilasci tvornica na dvije njema\u010dke lokacije Oberkotzau i Tanna zaokru\u017eili su Me\u0111unarodni forum budu\u0107nosti 2023. Po potrebi, gosti su mogli ste\u0107i dojam o proizvodnim pogonima i raznim gra\u0111evinskim mjerama kao \u0161to su visokoregalno skladi\u0161te u Tanni i vlastita digitalizirana alatnica u Oberkotzau. GEALAN-ov Me\u0111unarodni forum budu\u0107nosti 2023. jo\u0161 je jednom vje\u0161to spojio profesionalnu i osobnu razmjenu: uzbudljiva znanja i va\u017eni trendovi iz gra\u0111evinske industrije susreli su se u opu\u0161tenoj atmosferi s vrijednim raspravama preko nacionalnih granica.<\/p>\n\n\n\n<p><a href=\"https:\/\/www.gealan.de\/hr\/iff\/\" target=\"_blank\" rel=\"noreferrer noopener\">Stranica doga\u0111aja<\/a><\/p>\n\n\n\n<figure class=\"wp-block-image size-large is-resized\"><img decoding=\"async\" src=\"https:\/\/www.prozorivrata.com\/hr\/wp-content\/uploads\/sites\/4\/2020\/12\/GEALAN-logo-new.png\" alt=\"GEALAN logo\" class=\"wp-image-2620\" width=\"250\" height=\"81\" srcset=\"https:\/\/www.prozorivrata.com\/hr\/wp-content\/uploads\/sites\/4\/2020\/12\/GEALAN-logo-new.png 500w, https:\/\/www.prozorivrata.com\/hr\/wp-content\/uploads\/sites\/4\/2020\/12\/GEALAN-logo-new-300x97.png 300w\" sizes=\"(max-width: 250px) 100vw, 250px\" \/><\/figure>\n\n\n\n<p><strong>GEALAN d.o.o. \u2013 predstavni\u0161tvo za Hrvatsku<\/strong><br>Omladinska 11, \u017derjavinec 10360 Sesvete, Hrvatska<br>T: +385 1 2040 670<br>F: +385 1 2040 679<br>E.&nbsp;<a href=\"mailto:info@gealan.hr\" target=\"_blank\" rel=\"noreferrer noopener\">info@gealan.hr<\/a><br>W.&nbsp;<a href=\"http:\/\/www.gealan.hr\/\" target=\"_blank\" rel=\"noreferrer noopener\">www.gealan.hr<\/a><\/p>\n","protected":false},"excerpt":{"rendered":"<p>\u010cetiri uzbudljiva stru\u010dna predavanja s pogledom na budu\u0107nost tr\u017ei\u0161ta prozora, prevedena u\u017eivo na osam jezika &#8211; pripremljena za GEALAN partnere i zainteresirane strane iz cijele Europe koji su ili dobili informacije na licu mjesta ili se virtualno povezali: Me\u0111unarodni forum budu\u0107nosti 2023. imao je mogu\u0107nost saznanja za razmjenu noviteta i novosti, kao i vrhunskih pogleda [&hellip;]<\/p>\n","protected":false},"author":124,"featured_media":6028,"comment_status":"closed","ping_status":"closed","sticky":false,"template":"","format":"standard","meta":{"_FSMCFIC_featured_image_caption":"","_FSMCFIC_featured_image_nocaption":"","_FSMCFIC_featured_image_hide":"","footnotes":""},"categories":[47],"tags":[240,59,310,487,75,99],"class_list":["post-6024","post","type-post","status-publish","format-standard","has-post-thumbnail","hentry","category-novosti","tag-edukacija","tag-gealan","tag-gealan-acrylcolor","tag-gealan-kontur","tag-gealan-kubus","tag-gealan-linear"],"_links":{"self":[{"href":"https:\/\/www.prozorivrata.com\/hr\/wp-json\/wp\/v2\/posts\/6024","targetHints":{"allow":["GET"]}}],"collection":[{"href":"https:\/\/www.prozorivrata.com\/hr\/wp-json\/wp\/v2\/posts"}],"about":[{"href":"https:\/\/www.prozorivrata.com\/hr\/wp-json\/wp\/v2\/types\/post"}],"author":[{"embeddable":true,"href":"https:\/\/www.prozorivrata.com\/hr\/wp-json\/wp\/v2\/users\/124"}],"replies":[{"embeddable":true,"href":"https:\/\/www.prozorivrata.com\/hr\/wp-json\/wp\/v2\/comments?post=6024"}],"version-history":[{"count":6,"href":"https:\/\/www.prozorivrata.com\/hr\/wp-json\/wp\/v2\/posts\/6024\/revisions"}],"predecessor-version":[{"id":6048,"href":"https:\/\/www.prozorivrata.com\/hr\/wp-json\/wp\/v2\/posts\/6024\/revisions\/6048"}],"wp:featuredmedia":[{"embeddable":true,"href":"https:\/\/www.prozorivrata.com\/hr\/wp-json\/wp\/v2\/media\/6028"}],"wp:attachment":[{"href":"https:\/\/www.prozorivrata.com\/hr\/wp-json\/wp\/v2\/media?parent=6024"}],"wp:term":[{"taxonomy":"category","embeddable":true,"href":"https:\/\/www.prozorivrata.com\/hr\/wp-json\/wp\/v2\/categories?post=6024"},{"taxonomy":"post_tag","embeddable":true,"href":"https:\/\/www.prozorivrata.com\/hr\/wp-json\/wp\/v2\/tags?post=6024"}],"curies":[{"name":"wp","href":"https:\/\/api.w.org\/{rel}","templated":true}]}}