{"id":6012,"date":"2023-06-14T07:19:24","date_gmt":"2023-06-14T06:19:24","guid":{"rendered":"https:\/\/www.prozorivrata.com\/hr\/?p=6012"},"modified":"2023-06-14T07:19:28","modified_gmt":"2023-06-14T06:19:28","slug":"jubilarna-50-ambienta-na-zagrebackom-velesajmu","status":"publish","type":"post","link":"https:\/\/www.prozorivrata.com\/hr\/jubilarna-50-ambienta-na-zagrebackom-velesajmu\/","title":{"rendered":"Jubilarna 50. Ambienta na Zagreba\u010dkom velesajmu!"},"content":{"rendered":"\n<p>I nakon 50 godina Sajam Ambienta ove jeseni na Zagreba\u010dkom velesajmu! Sve je zapo\u010delo davne 1973. godine, a nastavlja se i dalje, od 26. rujna do 1. listopada u pro\u0161irenom izdanju.<\/p>\n\n\n\n<p>Sinergijski efekt zajedni\u010dkog nastupa tijekom 6 dana rezultirat \u0107e s \u010dak 5 sajamskih projekata na jednom mjestu. Zajedno s na\u0161im partnerima ArhiBau.hr i Zagreb Design Week, Zagreba\u010dki velesajam \u0107e otvoriti \u010dak osam paviljona na vi\u0161e od 18.000 kvadrata. Pri\u010du o unutarnjem i vanjskom ure\u0111enju, namje\u0161taju, dizajnu, arhitekturi, urbanizmu, graditeljstvu te odr\u017eivom razvoju, zaokru\u017eujemo sajmom umjetnina Art Zagreb te sajmom Hotel&amp;Gastroteh, ugostiteljsko-hotelijerskom opremom HoReCa programa, koji se tematski i sadr\u017eajno nadovezuje na Ambientu.<\/p>\n\n\n\n<figure class=\"wp-block-image size-large\"><img decoding=\"async\" width=\"1024\" height=\"683\" src=\"https:\/\/www.prozorivrata.com\/hr\/wp-content\/uploads\/sites\/4\/2023\/06\/Ambienta-sajam-namestaja-i-opreme-2023-zagreb-1024x683.webp\" alt=\"Sajam Ambienta ove jeseni na Zagreba\u010dkom velesajmu!\" class=\"wp-image-6013\" srcset=\"https:\/\/www.prozorivrata.com\/hr\/wp-content\/uploads\/sites\/4\/2023\/06\/Ambienta-sajam-namestaja-i-opreme-2023-zagreb-1024x683.webp 1024w, https:\/\/www.prozorivrata.com\/hr\/wp-content\/uploads\/sites\/4\/2023\/06\/Ambienta-sajam-namestaja-i-opreme-2023-zagreb-300x200.webp 300w, https:\/\/www.prozorivrata.com\/hr\/wp-content\/uploads\/sites\/4\/2023\/06\/Ambienta-sajam-namestaja-i-opreme-2023-zagreb-768x512.webp 768w, https:\/\/www.prozorivrata.com\/hr\/wp-content\/uploads\/sites\/4\/2023\/06\/Ambienta-sajam-namestaja-i-opreme-2023-zagreb-750x500.webp 750w, https:\/\/www.prozorivrata.com\/hr\/wp-content\/uploads\/sites\/4\/2023\/06\/Ambienta-sajam-namestaja-i-opreme-2023-zagreb-1140x760.webp 1140w, https:\/\/www.prozorivrata.com\/hr\/wp-content\/uploads\/sites\/4\/2023\/06\/Ambienta-sajam-namestaja-i-opreme-2023-zagreb-jpg.webp 1200w\" sizes=\"(max-width: 1024px) 100vw, 1024px\" \/><figcaption class=\"wp-element-caption\">Sajam Ambienta ove jeseni na Zagreba\u010dkom velesajmu!<\/figcaption><\/figure>\n\n\n\n<p>Reprezentativan i bogat izlo\u017ebeni program upotpunjen je prezentacijama, konferencijama, izlo\u017ebama, stru\u010dnim skupom arhitekata, ali i brojnim eventima do kasnih ve\u010dernjih sati.<\/p>\n\n\n\n<p><a href=\"https:\/\/www.zv.hr\/sajmovi-7\/ambienta-63\/63\" target=\"_blank\" rel=\"noreferrer noopener\">Sajam Ambienta idealna je platforma<\/a> za predstavljanje snage i potencijala doma\u0107e industrije, uz prezentaciju inozemnih brandova kroz komplementarne tematske cjeline: Namje\u0161taj i unutarnje ure\u0111enje, Produkt Dizajn Zona, Gra\u0111enje i opremanje te trendovi ure\u0111enja eksterijera.<\/p>\n\n\n\n<figure class=\"wp-block-image size-large\"><img decoding=\"async\" width=\"1024\" height=\"1024\" src=\"https:\/\/www.prozorivrata.com\/hr\/wp-content\/uploads\/sites\/4\/2023\/06\/AMBIENTA-zagrebacki-velesajam-namestaja-i-opreme-1024x1024.webp\" alt=\"Sajam Ambienta\" class=\"wp-image-6016\" srcset=\"https:\/\/www.prozorivrata.com\/hr\/wp-content\/uploads\/sites\/4\/2023\/06\/AMBIENTA-zagrebacki-velesajam-namestaja-i-opreme-1024x1024.webp 1024w, https:\/\/www.prozorivrata.com\/hr\/wp-content\/uploads\/sites\/4\/2023\/06\/AMBIENTA-zagrebacki-velesajam-namestaja-i-opreme-300x300.webp 300w, https:\/\/www.prozorivrata.com\/hr\/wp-content\/uploads\/sites\/4\/2023\/06\/AMBIENTA-zagrebacki-velesajam-namestaja-i-opreme-150x150.webp 150w, https:\/\/www.prozorivrata.com\/hr\/wp-content\/uploads\/sites\/4\/2023\/06\/AMBIENTA-zagrebacki-velesajam-namestaja-i-opreme-768x768.webp 768w, https:\/\/www.prozorivrata.com\/hr\/wp-content\/uploads\/sites\/4\/2023\/06\/AMBIENTA-zagrebacki-velesajam-namestaja-i-opreme-75x75.webp 75w, https:\/\/www.prozorivrata.com\/hr\/wp-content\/uploads\/sites\/4\/2023\/06\/AMBIENTA-zagrebacki-velesajam-namestaja-i-opreme-350x350.webp 350w, https:\/\/www.prozorivrata.com\/hr\/wp-content\/uploads\/sites\/4\/2023\/06\/AMBIENTA-zagrebacki-velesajam-namestaja-i-opreme-750x750.webp 750w, https:\/\/www.prozorivrata.com\/hr\/wp-content\/uploads\/sites\/4\/2023\/06\/AMBIENTA-zagrebacki-velesajam-namestaja-i-opreme-jpg.webp 1080w\" sizes=\"(max-width: 1024px) 100vw, 1024px\" \/><figcaption class=\"wp-element-caption\">Sajam Ambienta<\/figcaption><\/figure>\n\n\n\n<p>Ovako udru\u017eeni o\u010dekujemo preko 25.000 posjetitelja te Vas pozivamo da budete dio najzna\u010dajnijeg poslovnog doga\u0111aja u regiji.<\/p>\n\n\n\n<p>Radno vrijeme sajma je od 11:00 do 20:00 sati, a svih doga\u0111anja na otvorenom do pono\u0107i. Cijena jedinstvene ulaznice iznosi 7 eura \/ 52,73 kn.<\/p>\n\n\n\n<p>Uz kupnju ulaznice pripremili smo i bogatu nagradnu igru za posjetitelje.<\/p>\n\n\n\n<figure class=\"wp-block-image size-large\"><img decoding=\"async\" width=\"1024\" height=\"683\" src=\"https:\/\/www.prozorivrata.com\/hr\/wp-content\/uploads\/sites\/4\/2023\/06\/Ambienta-sajam-namestaja-2023-zagreb-1024x683.webp\" alt=\"Namje\u0161taj i unutarnje ure\u0111enje\" class=\"wp-image-6015\" srcset=\"https:\/\/www.prozorivrata.com\/hr\/wp-content\/uploads\/sites\/4\/2023\/06\/Ambienta-sajam-namestaja-2023-zagreb-1024x683.webp 1024w, https:\/\/www.prozorivrata.com\/hr\/wp-content\/uploads\/sites\/4\/2023\/06\/Ambienta-sajam-namestaja-2023-zagreb-300x200.webp 300w, https:\/\/www.prozorivrata.com\/hr\/wp-content\/uploads\/sites\/4\/2023\/06\/Ambienta-sajam-namestaja-2023-zagreb-768x512.webp 768w, https:\/\/www.prozorivrata.com\/hr\/wp-content\/uploads\/sites\/4\/2023\/06\/Ambienta-sajam-namestaja-2023-zagreb-750x500.webp 750w, https:\/\/www.prozorivrata.com\/hr\/wp-content\/uploads\/sites\/4\/2023\/06\/Ambienta-sajam-namestaja-2023-zagreb-1140x760.webp 1140w, https:\/\/www.prozorivrata.com\/hr\/wp-content\/uploads\/sites\/4\/2023\/06\/Ambienta-sajam-namestaja-2023-zagreb-jpg.webp 1200w\" sizes=\"(max-width: 1024px) 100vw, 1024px\" \/><figcaption class=\"wp-element-caption\">Namje\u0161taj i unutarnje ure\u0111enje<\/figcaption><\/figure>\n\n\n\n<p><strong>U utorak, 26. rujna ulaz je besplatan za sve posjetitelje.<\/strong><\/p>\n\n\n\n<p>Osigurajte svoje mjesto na vrijeme, budite i vi dio jubilarne 50. Ambiente te iskoristite popust za raniju prijavu.<\/p>\n\n\n\n<figure class=\"wp-block-image size-full is-resized\"><img decoding=\"async\" src=\"https:\/\/www.prozorivrata.com\/hr\/wp-content\/uploads\/sites\/4\/2022\/09\/Ambienta-sajam-logo.jpg\" alt=\"Ambienta logo\" class=\"wp-image-5304\" width=\"250\" height=\"52\" srcset=\"https:\/\/www.prozorivrata.com\/hr\/wp-content\/uploads\/sites\/4\/2022\/09\/Ambienta-sajam-logo.jpg 500w, https:\/\/www.prozorivrata.com\/hr\/wp-content\/uploads\/sites\/4\/2022\/09\/Ambienta-sajam-logo-300x62.jpg 300w\" sizes=\"(max-width: 250px) 100vw, 250px\" \/><\/figure>\n\n\n\n<p>ZAGREBA\u010cKI VELESAJAM, d.o.o.<br>Avenija Dubrovnik 15, 10020 Zagreb, Hrvatska<br>T. +385 1 6503 111<br><a href=\"mailto:zv@zv.hr\" target=\"_blank\" rel=\"noreferrer noopener\">zv@zv.hr<\/a><br><a href=\"https:\/\/www.zv.hr\/\" target=\"_blank\" rel=\"noreferrer noopener\">www.zv.hr<\/a><\/p>\n\n\n\n<h2 class=\"wp-block-heading\">Dolazi\u0161 i ti?<\/h2>\n","protected":false},"excerpt":{"rendered":"<p>I nakon 50 godina Sajam Ambienta ove jeseni na Zagreba\u010dkom velesajmu! Sve je zapo\u010delo davne 1973. godine, a nastavlja se i dalje, od 26. rujna do 1. listopada u pro\u0161irenom izdanju. Sinergijski efekt zajedni\u010dkog nastupa tijekom 6 dana rezultirat \u0107e s \u010dak 5 sajamskih projekata na jednom mjestu. Zajedno s na\u0161im partnerima ArhiBau.hr i Zagreb [&hellip;]<\/p>\n","protected":false},"author":3,"featured_media":6014,"comment_status":"closed","ping_status":"closed","sticky":false,"template":"","format":"standard","meta":{"_FSMCFIC_featured_image_caption":"","_FSMCFIC_featured_image_nocaption":"","_FSMCFIC_featured_image_hide":"","footnotes":""},"categories":[47],"tags":[508,240,524,71],"class_list":["post-6012","post","type-post","status-publish","format-standard","has-post-thumbnail","hentry","category-novosti","tag-ambienta","tag-edukacija","tag-namjestaj","tag-sajam"],"_links":{"self":[{"href":"https:\/\/www.prozorivrata.com\/hr\/wp-json\/wp\/v2\/posts\/6012","targetHints":{"allow":["GET"]}}],"collection":[{"href":"https:\/\/www.prozorivrata.com\/hr\/wp-json\/wp\/v2\/posts"}],"about":[{"href":"https:\/\/www.prozorivrata.com\/hr\/wp-json\/wp\/v2\/types\/post"}],"author":[{"embeddable":true,"href":"https:\/\/www.prozorivrata.com\/hr\/wp-json\/wp\/v2\/users\/3"}],"replies":[{"embeddable":true,"href":"https:\/\/www.prozorivrata.com\/hr\/wp-json\/wp\/v2\/comments?post=6012"}],"version-history":[{"count":1,"href":"https:\/\/www.prozorivrata.com\/hr\/wp-json\/wp\/v2\/posts\/6012\/revisions"}],"predecessor-version":[{"id":6017,"href":"https:\/\/www.prozorivrata.com\/hr\/wp-json\/wp\/v2\/posts\/6012\/revisions\/6017"}],"wp:featuredmedia":[{"embeddable":true,"href":"https:\/\/www.prozorivrata.com\/hr\/wp-json\/wp\/v2\/media\/6014"}],"wp:attachment":[{"href":"https:\/\/www.prozorivrata.com\/hr\/wp-json\/wp\/v2\/media?parent=6012"}],"wp:term":[{"taxonomy":"category","embeddable":true,"href":"https:\/\/www.prozorivrata.com\/hr\/wp-json\/wp\/v2\/categories?post=6012"},{"taxonomy":"post_tag","embeddable":true,"href":"https:\/\/www.prozorivrata.com\/hr\/wp-json\/wp\/v2\/tags?post=6012"}],"curies":[{"name":"wp","href":"https:\/\/api.w.org\/{rel}","templated":true}]}}