{"id":5925,"date":"2023-05-23T07:05:00","date_gmt":"2023-05-23T06:05:00","guid":{"rendered":"https:\/\/www.prozorivrata.com\/hr\/?p=5925"},"modified":"2023-05-22T14:55:38","modified_gmt":"2023-05-22T13:55:38","slug":"budite-s-gealan-om-preko-live-streama","status":"publish","type":"post","link":"https:\/\/www.prozorivrata.com\/hr\/budite-s-gealan-om-preko-live-streama\/","title":{"rendered":"Budite s GEALAN-om preko live-streama!"},"content":{"rendered":"\n<p>Za dva dana GEALAN-ov Me\u0111unarodni forum budu\u0107nosti 2023. ponovno otvara svoja virtualna vrata: 25.5. na\u0161i stru\u010dnjaci predstavljaju trendove u industriji i uzbudljiva rje\u0161enja proizvoda i sustava.<\/p>\n\n\n\n<p>Prijenos putem live streama za cijelu Europu. Program je raznovrstan i prilago\u0111en ciljanoj publici proizvo\u0111a\u010da prozora.<\/p>\n\n\n\n<p>O\u010dekuju vas sljede\u0107e uzbudljive teme:<\/p>\n\n\n\n<h2 class=\"wp-block-heading\">Promjenjiva tr\u017ei\u0161ta<\/h2>\n\n\n\n<p>Tr\u017ei\u0161ta u Europi su dinami\u010dnija nego ikada: gdje je gra\u0111evinska industrija u ovom trenutku, u kojem smjeru idu novogradnja i obnove, \u0161to pokre\u0107e ta kretanja? Mijenjaju li se strukture iz temelja? Koji se jasni trendovi pojavljuju na slo\u017eenim europskim tr\u017ei\u0161tima? I na kraju, ali ne manje va\u017eno: \u0161to svi ti okvirni uvjeti konkretno zna\u010de za konstrukciju prozora? Na\u0161 glavni govornik Martin Langen, direktor instituta za istra\u017eivanje tr\u017ei\u0161ta B+L iz Bonna, ima spremne prave odgovore.<\/p>\n\n\n\n<figure class=\"wp-block-image size-full\"><img decoding=\"async\" width=\"958\" height=\"423\" src=\"https:\/\/www.prozorivrata.com\/hr\/wp-content\/uploads\/sites\/4\/2023\/05\/GEALAN-medjunarodni-forum-buducnosti-2023-Thema-2-jpg.webp\" alt=\"\u010cinjenice, trendovi i perspektive na europskom tr\u017ei\u0161tu prozora\" class=\"wp-image-5926\" srcset=\"https:\/\/www.prozorivrata.com\/hr\/wp-content\/uploads\/sites\/4\/2023\/05\/GEALAN-medjunarodni-forum-buducnosti-2023-Thema-2-jpg.webp 958w, https:\/\/www.prozorivrata.com\/hr\/wp-content\/uploads\/sites\/4\/2023\/05\/GEALAN-medjunarodni-forum-buducnosti-2023-Thema-2-300x132.webp 300w, https:\/\/www.prozorivrata.com\/hr\/wp-content\/uploads\/sites\/4\/2023\/05\/GEALAN-medjunarodni-forum-buducnosti-2023-Thema-2-768x339.webp 768w, https:\/\/www.prozorivrata.com\/hr\/wp-content\/uploads\/sites\/4\/2023\/05\/GEALAN-medjunarodni-forum-buducnosti-2023-Thema-2-750x331.webp 750w\" sizes=\"(max-width: 958px) 100vw, 958px\" \/><figcaption class=\"wp-element-caption\">\u010cinjenice, trendovi i perspektive na europskom tr\u017ei\u0161tu prozora<\/figcaption><\/figure>\n\n\n\n<h2 class=\"wp-block-heading\">Premium sustavi, premium povr\u0161ine<\/h2>\n\n\n\n<p>GEALAN \u0107e se u budu\u0107nosti i dalje fokusirati na vrhunske proizvode s jasnom konkurentskom predno\u0161\u0107u &#8211; vi\u0161e nego ikada. Dajemo vam pregled trenutnog i budu\u0107eg razvoja proizvoda. Jasno u fokusu: GEALAN-acrylcolor\u00ae. Tako\u0111er \u0107ete dobiti daljnji uvid u pro\u0161irenje GEALAN sustava dizajna, programa povr\u0161inske isporuke i rje\u0161enja pragova.<\/p>\n\n\n\n<h2 class=\"wp-block-heading\">Servitizacija<\/h2>\n\n\n\n<p>Industrija proizvodnje prozora vra\u0107a se na tr\u017ei\u0161te kapaciteta s mnogo intenzivnijom konkurencijom. Tvrtke \u0107e morati ponuditi vi\u0161e od dobrih proizvoda kako bi bile na vrhu. Kupci o\u010dekuju od pru\u017eatelja usluga da opse\u017eno odgovore na njihove potrebe i ponude privla\u010dna rje\u0161enja. \u0160to servisizacija zna\u010di za va\u0161e poslovanje i kako se ona mo\u017ee uspje\u0161no provesti obja\u0161njava prof.dr. Stefan Wengler, sveu\u010dili\u0161ni profesor i stru\u010dnjak za prodajnu izvrsnost.<br>Digitalni prozori<\/p>\n\n\n\n<p>Digitalizacija igra sve va\u017eniju ulogu u poslovanju s prozorima. Demonstrirat \u0107emo rje\u0161enja proizvoda koja inteligentno automatiziraju prozore, vrata i rje\u0161enja za sjenila na temelju situacije. Digitalizacija, me\u0111utim, po\u010dinje puno ranije: GEALAN i njegova digitalna jedinica DBS osiguravaju arhitektima i planerima, proizvo\u0111a\u010dima prozora i distributerima kao i krajnjim kupcima digitalna rje\u0161enja koja pru\u017eaju ciljanu i jednostavnu podr\u0161ku za procese planiranja, proizvodnje i nabave. Saznajte vi\u0161e o aktualnim alatima i nadolaze\u0107im razvojima u podru\u010dju digitalnih usluga.<\/p>\n\n\n\n<p><strong>Sva predavanja mo\u017eete poslu\u0161ati 25. svibnja.<\/strong><\/p>\n\n\n\n<p><strong>Pratite prijenos u\u017eivo izravno na na\u0161oj web stranici doga\u0111aja.<\/strong><\/p>\n\n\n\n<p>Ne govorite njema\u010dki? Na\u0161a predavanja se prevode u\u017eivo na osam jezika i mogu se slu\u0161ati putem aplikacije. Registrirajte se na stranici doga\u0111aja kako ne biste ni\u0161ta propustili.<\/p>\n\n\n\n<p><a href=\"https:\/\/www.gealan.de\/hr\/iff\/\" target=\"_blank\" rel=\"noreferrer noopener\">Stranica doga\u0111aja<\/a><\/p>\n\n\n\n<figure class=\"wp-block-image size-large is-resized\"><img decoding=\"async\" src=\"https:\/\/www.prozorivrata.com\/hr\/wp-content\/uploads\/sites\/4\/2020\/12\/GEALAN-logo-new.png\" alt=\"GEALAN logo\" class=\"wp-image-2620\" width=\"250\" height=\"81\" srcset=\"https:\/\/www.prozorivrata.com\/hr\/wp-content\/uploads\/sites\/4\/2020\/12\/GEALAN-logo-new.png 500w, https:\/\/www.prozorivrata.com\/hr\/wp-content\/uploads\/sites\/4\/2020\/12\/GEALAN-logo-new-300x97.png 300w\" sizes=\"(max-width: 250px) 100vw, 250px\" \/><\/figure>\n\n\n\n<p><strong>GEALAN d.o.o. \u2013 predstavni\u0161tvo za Hrvatsku<\/strong><br>Omladinska 11, \u017derjavinec 10360 Sesvete, Hrvatska<br>T: +385 1 2040 670<br>F: +385 1 2040 679<br>E.&nbsp;<a href=\"mailto:info@gealan.hr\" target=\"_blank\" rel=\"noreferrer noopener\">info@gealan.hr<\/a><br>W.&nbsp;<a href=\"http:\/\/www.gealan.hr\/\" target=\"_blank\" rel=\"noreferrer noopener\">www.gealan.hr<\/a><\/p>\n","protected":false},"excerpt":{"rendered":"<p>Za dva dana GEALAN-ov Me\u0111unarodni forum budu\u0107nosti 2023. ponovno otvara svoja virtualna vrata: 25.5. na\u0161i stru\u010dnjaci predstavljaju trendove u industriji i uzbudljiva rje\u0161enja proizvoda i sustava. Prijenos putem live streama za cijelu Europu. Program je raznovrstan i prilago\u0111en ciljanoj publici proizvo\u0111a\u010da prozora. O\u010dekuju vas sljede\u0107e uzbudljive teme: Promjenjiva tr\u017ei\u0161ta Tr\u017ei\u0161ta u Europi su dinami\u010dnija nego [&hellip;]<\/p>\n","protected":false},"author":3,"featured_media":5886,"comment_status":"closed","ping_status":"closed","sticky":false,"template":"","format":"standard","meta":{"_FSMCFIC_featured_image_caption":"","_FSMCFIC_featured_image_nocaption":"","_FSMCFIC_featured_image_hide":"","footnotes":""},"categories":[47],"tags":[240,59,310,606,324],"class_list":["post-5925","post","type-post","status-publish","format-standard","has-post-thumbnail","hentry","category-novosti","tag-edukacija","tag-gealan","tag-gealan-acrylcolor","tag-medunarodni-forum-buducnosti","tag-predavanje"],"_links":{"self":[{"href":"https:\/\/www.prozorivrata.com\/hr\/wp-json\/wp\/v2\/posts\/5925","targetHints":{"allow":["GET"]}}],"collection":[{"href":"https:\/\/www.prozorivrata.com\/hr\/wp-json\/wp\/v2\/posts"}],"about":[{"href":"https:\/\/www.prozorivrata.com\/hr\/wp-json\/wp\/v2\/types\/post"}],"author":[{"embeddable":true,"href":"https:\/\/www.prozorivrata.com\/hr\/wp-json\/wp\/v2\/users\/3"}],"replies":[{"embeddable":true,"href":"https:\/\/www.prozorivrata.com\/hr\/wp-json\/wp\/v2\/comments?post=5925"}],"version-history":[{"count":1,"href":"https:\/\/www.prozorivrata.com\/hr\/wp-json\/wp\/v2\/posts\/5925\/revisions"}],"predecessor-version":[{"id":5927,"href":"https:\/\/www.prozorivrata.com\/hr\/wp-json\/wp\/v2\/posts\/5925\/revisions\/5927"}],"wp:featuredmedia":[{"embeddable":true,"href":"https:\/\/www.prozorivrata.com\/hr\/wp-json\/wp\/v2\/media\/5886"}],"wp:attachment":[{"href":"https:\/\/www.prozorivrata.com\/hr\/wp-json\/wp\/v2\/media?parent=5925"}],"wp:term":[{"taxonomy":"category","embeddable":true,"href":"https:\/\/www.prozorivrata.com\/hr\/wp-json\/wp\/v2\/categories?post=5925"},{"taxonomy":"post_tag","embeddable":true,"href":"https:\/\/www.prozorivrata.com\/hr\/wp-json\/wp\/v2\/tags?post=5925"}],"curies":[{"name":"wp","href":"https:\/\/api.w.org\/{rel}","templated":true}]}}