{"id":5838,"date":"2023-04-12T14:01:40","date_gmt":"2023-04-12T13:01:40","guid":{"rendered":"https:\/\/www.prozorivrata.com\/hr\/?p=5838"},"modified":"2023-04-12T14:01:44","modified_gmt":"2023-04-12T13:01:44","slug":"10-medunarodna-konferencija-dan-prozora-2023-ift-rosenheim-hrvatska","status":"publish","type":"post","link":"https:\/\/www.prozorivrata.com\/hr\/10-medunarodna-konferencija-dan-prozora-2023-ift-rosenheim-hrvatska\/","title":{"rendered":"10. me\u0111unarodna konferencija DAN PROZORA 2023 &#8211; ift Rosenheim Hrvatska"},"content":{"rendered":"\n<p>Zavr\u0161ena je <strong>10. jubilarna me\u0111unarodna konferencija DAN PROZORA ift Rosenheim Hrvatska<\/strong>. Konferencija je okupila 300 gostiju\/sudionika, stru\u010dnjaka iz bran\u0161e iz 8 zemalja regije.<\/p>\n\n\n\n<figure class=\"wp-block-image size-large\"><img decoding=\"async\" width=\"1024\" height=\"684\" src=\"https:\/\/www.prozorivrata.com\/hr\/wp-content\/uploads\/sites\/4\/2023\/04\/DSC_0652-1024x684.webp\" alt=\"Dan prozora 2023.\" class=\"wp-image-5843\" srcset=\"https:\/\/www.prozorivrata.com\/hr\/wp-content\/uploads\/sites\/4\/2023\/04\/DSC_0652-1024x684.webp 1024w, https:\/\/www.prozorivrata.com\/hr\/wp-content\/uploads\/sites\/4\/2023\/04\/DSC_0652-300x200.webp 300w, https:\/\/www.prozorivrata.com\/hr\/wp-content\/uploads\/sites\/4\/2023\/04\/DSC_0652-768x513.webp 768w, https:\/\/www.prozorivrata.com\/hr\/wp-content\/uploads\/sites\/4\/2023\/04\/DSC_0652-750x501.webp 750w, https:\/\/www.prozorivrata.com\/hr\/wp-content\/uploads\/sites\/4\/2023\/04\/DSC_0652-1140x761.webp 1140w, https:\/\/www.prozorivrata.com\/hr\/wp-content\/uploads\/sites\/4\/2023\/04\/DSC_0652-jpg.webp 1200w\" sizes=\"(max-width: 1024px) 100vw, 1024px\" \/><figcaption class=\"wp-element-caption\">Dan prozora 2023.<\/figcaption><\/figure>\n\n\n\n<p>S nama su bili proizvo\u0111a\u010di gra\u0111evinske stolarije, prozora, vrata, fasada, stakla, okova, brtvi, arhitekti, projektanti, renomirani dobavlja\u010di PVC i aluminijskih sistema te ostali stru\u010dnjaci iz sektora. Konferencija DAN PROZORA ift Rosenheim Hrvatska od prvog dana osmi\u0161ljena je kao <strong>edukativna platforma<\/strong>, event na kojem mi iz instituta ift Rosenheim prenosimo na\u0161im klijentima novosti iz podru\u010dja legislativa, normi i standardizacije, laboratorijskih ispitivanja, nadzora i certificiranja naslonjeno na prozore, vrata, fasade, stakla, okova i sl. Konferencija DAN PROZORA tako\u0111er je i <strong>mjesto gdje struka izmjenjuje iskustva, mjesto rasprava i networkinga, dru\u017eenje sa svim stru\u010dnjacima iz podru\u010dja gra\u0111evinske stolarije i srodnih ni\u0161a na jednom mjestu<\/strong>. Tako i na ovoj jubilarnoj 10. konferenciji nije falilo interesa, dapa\u010de diskusije i razgovori su se nastavili i nakon slu\u017ebenog dijela. Konferenciju DAN PROZORA otvorio je <strong>g. Hrvoje Komac<\/strong> (direktor ift Rosenheim Hrvatska) te u par rije\u010di pozdravio goste, uveo nas u program i teme te se osvrnuo na povijest konferencije od prve 2013. godine do danas 2023. Uvodu se pridru\u017eio i \u010dlan uprave ift Rosenheim Njema\u010dka <strong>g. Michael Breckl-Stock<\/strong> koji je ispred Instituta pozdravio sve goste.<\/p>\n\n\n\n<figure class=\"wp-block-image size-large\"><img decoding=\"async\" width=\"1024\" height=\"582\" src=\"https:\/\/www.prozorivrata.com\/hr\/wp-content\/uploads\/sites\/4\/2023\/04\/Dan-prozora-2023-1024x582.webp\" alt=\"Dan prozora 2023\" class=\"wp-image-5842\" srcset=\"https:\/\/www.prozorivrata.com\/hr\/wp-content\/uploads\/sites\/4\/2023\/04\/Dan-prozora-2023-1024x582.webp 1024w, https:\/\/www.prozorivrata.com\/hr\/wp-content\/uploads\/sites\/4\/2023\/04\/Dan-prozora-2023-300x171.webp 300w, https:\/\/www.prozorivrata.com\/hr\/wp-content\/uploads\/sites\/4\/2023\/04\/Dan-prozora-2023-768x436.webp 768w, https:\/\/www.prozorivrata.com\/hr\/wp-content\/uploads\/sites\/4\/2023\/04\/Dan-prozora-2023-750x426.webp 750w, https:\/\/www.prozorivrata.com\/hr\/wp-content\/uploads\/sites\/4\/2023\/04\/Dan-prozora-2023-1140x648.webp 1140w, https:\/\/www.prozorivrata.com\/hr\/wp-content\/uploads\/sites\/4\/2023\/04\/Dan-prozora-2023-jpg.webp 1200w\" sizes=\"(max-width: 1024px) 100vw, 1024px\" \/><figcaption class=\"wp-element-caption\">Dan prozora 2023<\/figcaption><\/figure>\n\n\n\n<p>Teme dana su pomno izabrane, upravo daju\u0107i odgovor na aktualna pitanja u bran\u0161i i izazovnog tr\u017ei\u0161ta, a prate\u0107i europske trendove i smjernice. Kroz dan su nam predavali stru\u010dnjaci iz instituta<strong> ift Rosenheim Njema\u010dka<\/strong>, ali i ostali stru\u010dnjaci iz svojih podru\u010dja koji ve\u0107 du\u017ei niz godina sura\u0111uju s nama. Bilo je govora o ugradnji prozora i vrata kroz temu koju nam je obradio <strong>g. David Hepp<\/strong> (ift Rosenheim), zatim nastavili smo s novostima u certificiranju stakla \u0161to nam je pribli\u017eila <strong>g\u0111a. Carolin Lamprecht<\/strong> (ift Rosenheim), dotakli smo se i uvijek bitne vatrootpornosti na koju nam je skrenula pa\u017enju <strong>g\u0111a. Christine Schmaus<\/strong> (ift Rosenheim) i nakon prvog bloka predavanja otvorili smo panel raspravu na kojoj su svi sudionici mogli postavljati pitanja. <\/p>\n\n\n\n<p>Na raspravi su sudjelovali<strong> g. Robert Kri\u017eanovi\u0107 (Gealan), g. Aleksandar Terer (Profine), g. Kre\u0161imir Posilovi\u0107 (Rehau), g. Josip Klasi\u0107 (Deceuninck) te arhitekt g. Natko Bili\u0107<\/strong>. Rasprava je potaknula mnoga pitanja iz publike, a pogotovo na temu toplinskih koeficijenata prozora Uw. Nakon pauze za dru\u017eenje i networking, u drugom dijelu dana obradili smo sve prisutniju temu o kru\u017enom gospodarenju i dekarbonizaciji, te je bilo govora o EPD-u, CO<sub>2<\/sub> karbonskom otisku proizvoda, LCA kao preduvjeta za certificiranje zgrada. O odr\u017eivosti zgrada govorio nam je <strong>g. Roland Fischer<\/strong> (ift Rosenheim), o CO<sub>2<\/sub> emisiji u \u017eivotnom vijeku zgrada govorio nam je profesor s Arhitektonskog fakulteta u Zagrebu <strong>g. Zoran Ver\u0161i\u0107<\/strong> a <strong>g. Alexander Riemer<\/strong> (AluK\u00f6nigStahl) na vrlo interesantan i slikovit na\u010din zaokru\u017eio je pri\u010du o EPD-u (Environmental Product Declaration).<\/p>\n\n\n\n<figure class=\"wp-block-image size-large\"><img decoding=\"async\" width=\"1024\" height=\"527\" src=\"https:\/\/www.prozorivrata.com\/hr\/wp-content\/uploads\/sites\/4\/2023\/04\/Dan-prozora-1024x527.webp\" alt=\"Dan prozora 2023\" class=\"wp-image-5845\" srcset=\"https:\/\/www.prozorivrata.com\/hr\/wp-content\/uploads\/sites\/4\/2023\/04\/Dan-prozora-1024x527.webp 1024w, https:\/\/www.prozorivrata.com\/hr\/wp-content\/uploads\/sites\/4\/2023\/04\/Dan-prozora-300x154.webp 300w, https:\/\/www.prozorivrata.com\/hr\/wp-content\/uploads\/sites\/4\/2023\/04\/Dan-prozora-768x395.webp 768w, https:\/\/www.prozorivrata.com\/hr\/wp-content\/uploads\/sites\/4\/2023\/04\/Dan-prozora-750x386.webp 750w, https:\/\/www.prozorivrata.com\/hr\/wp-content\/uploads\/sites\/4\/2023\/04\/Dan-prozora-1140x586.webp 1140w, https:\/\/www.prozorivrata.com\/hr\/wp-content\/uploads\/sites\/4\/2023\/04\/Dan-prozora-jpg.webp 1200w\" sizes=\"(max-width: 1024px) 100vw, 1024px\" \/><figcaption class=\"wp-element-caption\">Dan prozora 2023<\/figcaption><\/figure>\n\n\n\n<p>Na drugoj panel raspravi o EPD-u sudjelovali su dragi gosti <strong>g. Zlatko Franoli\u0107 (KFK), g. Damir \u0160imunovi\u0107 (Feal), g. Antonija \u0160erdoner (Pana Windows) i g. Viktor Segedi (Emerus)<\/strong>. Na\u0161 gost govornik <strong>g. Michel Sieffert (Gealan)<\/strong> pribli\u017eio nam je klimatsku neutralnost, optimizaciju sirovine ka smanjenju CO<sub>2<\/sub> te se dotaknuo recikla\u017ee u PVC profilu. Na kraju g. Stefan Ude (ift Rosenheim) predstavio je nove savjetodavne usluge koje je grupacija ift Rosenheim uvela ove godine.<\/p>\n\n\n\n<p>10. konferenciju DAN PROZORA zavr\u0161ili smo panel raspravom na kojoj su <strong>g. Ivica Maurovi\u0107 (Gealan), g. Michael Breckl-Stock (ift Rosenheim), g. Roland Fischer (ift Rosenheim) i g. Hrvoje Komac (ift Rosenheim Hrvatska)<\/strong> dali svoju zavr\u0161nu rije\u010d i zaklju\u010dke. Nakon slu\u017ebenog dijela konferencije, dru\u017eenje se nastavilo na after partyju do ve\u010dernjih sati.<\/p>\n\n\n\n<figure class=\"wp-block-image size-large\"><img decoding=\"async\" width=\"1024\" height=\"684\" src=\"https:\/\/www.prozorivrata.com\/hr\/wp-content\/uploads\/sites\/4\/2023\/04\/Izlozbeni-materijal-na-Dan-prozora-2023-1024x684.webp\" alt=\"Izlo\u017ebeni materijal \/ Dan prozora 2023\" class=\"wp-image-5846\" srcset=\"https:\/\/www.prozorivrata.com\/hr\/wp-content\/uploads\/sites\/4\/2023\/04\/Izlozbeni-materijal-na-Dan-prozora-2023-1024x684.webp 1024w, https:\/\/www.prozorivrata.com\/hr\/wp-content\/uploads\/sites\/4\/2023\/04\/Izlozbeni-materijal-na-Dan-prozora-2023-300x200.webp 300w, https:\/\/www.prozorivrata.com\/hr\/wp-content\/uploads\/sites\/4\/2023\/04\/Izlozbeni-materijal-na-Dan-prozora-2023-768x513.webp 768w, https:\/\/www.prozorivrata.com\/hr\/wp-content\/uploads\/sites\/4\/2023\/04\/Izlozbeni-materijal-na-Dan-prozora-2023-750x501.webp 750w, https:\/\/www.prozorivrata.com\/hr\/wp-content\/uploads\/sites\/4\/2023\/04\/Izlozbeni-materijal-na-Dan-prozora-2023-1140x761.webp 1140w, https:\/\/www.prozorivrata.com\/hr\/wp-content\/uploads\/sites\/4\/2023\/04\/Izlozbeni-materijal-na-Dan-prozora-2023-jpg.webp 1200w\" sizes=\"(max-width: 1024px) 100vw, 1024px\" \/><figcaption class=\"wp-element-caption\">Izlo\u017ebeni materijal \/ Dan prozora 2023<\/figcaption><\/figure>\n\n\n\n<p><strong>Sva predavanja i slu\u017ebene fotografije te zaklju\u010dke mo\u017eete prona\u0107i na web stranici. Konferencija DAN PROZORA pokazala se jo\u0161 jednom kao vode\u0107i godi\u0161nji doga\u0111aj ovog sektora, bran\u0161e gra\u0111evinske stolarije i srodnih materijala<\/strong>.<\/p>\n\n\n\n<figure class=\"wp-block-image is-resized\"><img decoding=\"async\" src=\"https:\/\/www.prozorivrata.com\/wp-content\/uploads\/2019\/02\/ift-Rosenheim-ift-Hrvatska-logo.jpg\" alt=\"ift Rosenheim ift Hrvatska logo\" class=\"wp-image-16482\" width=\"209\" height=\"120\"\/><\/figure>\n\n\n\n<p>ift Rosenheim Hrvatska<br>Ulica Huga Badali\u0107a 23<br>Hrvatska \u2013 10000 Zagreb<br>T. +385 1 6147 378<br><a href=\"mailto:info@ift-hrvatska.com\" target=\"_blank\" rel=\"noopener noreferrer\">info@ift-hrvatska.com<\/a><br><a href=\"http:\/\/www.ift-hrvatska.com\" target=\"_blank\" rel=\"noopener noreferrer\">www.ift-hrvatska.com<\/a><\/p>\n","protected":false},"excerpt":{"rendered":"<p>Zavr\u0161ena je 10. jubilarna me\u0111unarodna konferencija DAN PROZORA ift Rosenheim Hrvatska. Konferencija je okupila 300 gostiju\/sudionika, stru\u010dnjaka iz bran\u0161e iz 8 zemalja regije. S nama su bili proizvo\u0111a\u010di gra\u0111evinske stolarije, prozora, vrata, fasada, stakla, okova, brtvi, arhitekti, projektanti, renomirani dobavlja\u010di PVC i aluminijskih sistema te ostali stru\u010dnjaci iz sektora. Konferencija DAN PROZORA ift Rosenheim Hrvatska [&hellip;]<\/p>\n","protected":false},"author":3,"featured_media":5841,"comment_status":"closed","ping_status":"closed","sticky":false,"template":"","format":"standard","meta":{"_FSMCFIC_featured_image_caption":"","_FSMCFIC_featured_image_nocaption":"","_FSMCFIC_featured_image_hide":"","footnotes":""},"categories":[47,56],"tags":[598,240,232,361],"class_list":["post-5838","post","type-post","status-publish","format-standard","has-post-thumbnail","hentry","category-novosti","category-izbor-urednika","tag-dan-prozora-2023","tag-edukacija","tag-konferencija","tag-prozori"],"_links":{"self":[{"href":"https:\/\/www.prozorivrata.com\/hr\/wp-json\/wp\/v2\/posts\/5838","targetHints":{"allow":["GET"]}}],"collection":[{"href":"https:\/\/www.prozorivrata.com\/hr\/wp-json\/wp\/v2\/posts"}],"about":[{"href":"https:\/\/www.prozorivrata.com\/hr\/wp-json\/wp\/v2\/types\/post"}],"author":[{"embeddable":true,"href":"https:\/\/www.prozorivrata.com\/hr\/wp-json\/wp\/v2\/users\/3"}],"replies":[{"embeddable":true,"href":"https:\/\/www.prozorivrata.com\/hr\/wp-json\/wp\/v2\/comments?post=5838"}],"version-history":[{"count":6,"href":"https:\/\/www.prozorivrata.com\/hr\/wp-json\/wp\/v2\/posts\/5838\/revisions"}],"predecessor-version":[{"id":5849,"href":"https:\/\/www.prozorivrata.com\/hr\/wp-json\/wp\/v2\/posts\/5838\/revisions\/5849"}],"wp:featuredmedia":[{"embeddable":true,"href":"https:\/\/www.prozorivrata.com\/hr\/wp-json\/wp\/v2\/media\/5841"}],"wp:attachment":[{"href":"https:\/\/www.prozorivrata.com\/hr\/wp-json\/wp\/v2\/media?parent=5838"}],"wp:term":[{"taxonomy":"category","embeddable":true,"href":"https:\/\/www.prozorivrata.com\/hr\/wp-json\/wp\/v2\/categories?post=5838"},{"taxonomy":"post_tag","embeddable":true,"href":"https:\/\/www.prozorivrata.com\/hr\/wp-json\/wp\/v2\/tags?post=5838"}],"curies":[{"name":"wp","href":"https:\/\/api.w.org\/{rel}","templated":true}]}}