{"id":5803,"date":"2023-03-31T08:28:42","date_gmt":"2023-03-31T07:28:42","guid":{"rendered":"https:\/\/www.prozorivrata.com\/hr\/?p=5803"},"modified":"2023-03-30T08:32:49","modified_gmt":"2023-03-30T07:32:49","slug":"znate-li-koja-nijansa-postaje-trend-u-dizajnu-modernih-stambenih-i-poslovnih-zgrada","status":"publish","type":"post","link":"https:\/\/www.prozorivrata.com\/hr\/znate-li-koja-nijansa-postaje-trend-u-dizajnu-modernih-stambenih-i-poslovnih-zgrada\/","title":{"rendered":"Znate li koja nijansa postaje trend u dizajnu modernih stambenih i poslovnih zgrada?"},"content":{"rendered":"\n<p>Trend prema toplijim nijansama za profile prozora i vrata tako\u0111er se odra\u017eava u GEALAN-ovom rasponu boja: popularna nijansa umbra siva RAL 7022 sada je dostupna kao standardna boja unutar GEALAN-acrylcolor\u00ae povr\u0161inske tehnologije. Nova nijansa GEALAN-acrylcolor<sup>\u00ae<\/sup> sive dostupna je u sustavima profila GEALAN s ugradbenom dubinom od 82,5 mm (S 9000, GEALAN-KUBUS<sup>\u00ae<\/sup> i S 9000 NL).<\/p>\n\n\n\n<p><strong>Umbra siva RAL 7022<\/strong> postaje sve popularnija u dizajnu modernih stambenih i poslovnih zgrada, boja je ve\u0107 kori\u0161tena u mnogim objektima u provjerenoj profilnoj povr\u0161ini GEALAN-acrylcolor<sup>\u00ae<\/sup>.<\/p>\n\n\n\n<h2 class=\"wp-block-heading\">Vesele boje na svakoj zgradi dobro stoje<\/h2>\n\n\n\n<p>Prozorski profili GEALAN-acrylcolor\u00ae omogu\u0107uju oblikovanje fasada u mnogim trendovskim bojama: raspon boja ima devet standardnih nijansi, a na zahtjev postoji i 50 drugih posebnih boja. <strong>GEALAN je jedini ponu\u0111a\u010d sustava koji u svojoj ponudi ima PMMA presvu\u010dene povr\u0161ine u metalik nijansama, a uz DB703 i srebrnu postoje \u010dak dvije u standardnoj paleti boja<\/strong>.<\/p>\n\n\n\n<figure class=\"wp-block-image size-large\"><img decoding=\"async\" width=\"1024\" height=\"683\" src=\"https:\/\/www.prozorivrata.com\/hr\/wp-content\/uploads\/sites\/4\/2023\/03\/2-1024x683.webp\" alt=\"GEALAN-acrylcolor\u00ae\" class=\"wp-image-5806\" srcset=\"https:\/\/www.prozorivrata.com\/hr\/wp-content\/uploads\/sites\/4\/2023\/03\/2-1024x683.webp 1024w, https:\/\/www.prozorivrata.com\/hr\/wp-content\/uploads\/sites\/4\/2023\/03\/2-300x200.webp 300w, https:\/\/www.prozorivrata.com\/hr\/wp-content\/uploads\/sites\/4\/2023\/03\/2-768x512.webp 768w, https:\/\/www.prozorivrata.com\/hr\/wp-content\/uploads\/sites\/4\/2023\/03\/2-750x500.webp 750w, https:\/\/www.prozorivrata.com\/hr\/wp-content\/uploads\/sites\/4\/2023\/03\/2-1140x760.webp 1140w, https:\/\/www.prozorivrata.com\/hr\/wp-content\/uploads\/sites\/4\/2023\/03\/2-jpg.webp 1200w\" sizes=\"(max-width: 1024px) 100vw, 1024px\" \/><figcaption class=\"wp-element-caption\">GEALAN-acrylcolor\u00ae<\/figcaption><\/figure>\n\n\n\n<h2 class=\"wp-block-heading\">Dizajn povr\u0161ine GEALAN-acrylcolor<sup>\u00ae<\/sup><\/h2>\n\n\n\n<p>O\u010duvanje povr\u0161ina, oblikovanje \u017eivotnog prostora. Patentirana povr\u0161ina GEALAN-acrylcolor<sup>\u00ae<\/sup> omogu\u0107uje izradu PVC prozora s jedinstvenim svojstvima: postojano\u0161\u0107u boje, trajno\u0161\u0107u, otporno\u0161\u0107u na prljav\u0161tinu. Vanjska svilenkasta mat povr\u0161ina desetlje\u0107ima je otporna na vremenske uvjete i ostaje bezvremenski elegantna.<\/p>\n\n\n\n<figure class=\"wp-block-image size-large is-resized\"><img decoding=\"async\" src=\"https:\/\/www.prozorivrata.com\/hr\/wp-content\/uploads\/sites\/4\/2020\/12\/GEALAN-logo-new.png\" alt=\"GEALAN logo\" class=\"wp-image-2620\" width=\"250\" height=\"81\" srcset=\"https:\/\/www.prozorivrata.com\/hr\/wp-content\/uploads\/sites\/4\/2020\/12\/GEALAN-logo-new.png 500w, https:\/\/www.prozorivrata.com\/hr\/wp-content\/uploads\/sites\/4\/2020\/12\/GEALAN-logo-new-300x97.png 300w\" sizes=\"(max-width: 250px) 100vw, 250px\" \/><\/figure>\n\n\n\n<p><strong>GEALAN d.o.o. \u2013 predstavni\u0161tvo za Hrvatsku<\/strong><br>Omladinska 11, \u017derjavinec 10360 Sesvete, Hrvatska<br>T: +385 1 2040 670<br>F: +385 1 2040 679<br>E.&nbsp;<a href=\"mailto:info@gealan.hr\" target=\"_blank\" rel=\"noreferrer noopener\">info@gealan.hr<\/a><br>W.&nbsp;<a href=\"http:\/\/www.gealan.hr\/\" target=\"_blank\" rel=\"noreferrer noopener\">www.gealan.hr<\/a><\/p>\n","protected":false},"excerpt":{"rendered":"<p>Trend prema toplijim nijansama za profile prozora i vrata tako\u0111er se odra\u017eava u GEALAN-ovom rasponu boja: popularna nijansa umbra siva RAL 7022 sada je dostupna kao standardna boja unutar GEALAN-acrylcolor\u00ae povr\u0161inske tehnologije. Nova nijansa GEALAN-acrylcolor\u00ae sive dostupna je u sustavima profila GEALAN s ugradbenom dubinom od 82,5 mm (S 9000, GEALAN-KUBUS\u00ae i S 9000 NL). [&hellip;]<\/p>\n","protected":false},"author":3,"featured_media":5805,"comment_status":"closed","ping_status":"closed","sticky":false,"template":"","format":"standard","meta":{"_FSMCFIC_featured_image_caption":"","_FSMCFIC_featured_image_nocaption":"","_FSMCFIC_featured_image_hide":"","footnotes":""},"categories":[47],"tags":[59,310,75,384,385,536],"class_list":["post-5803","post","type-post","status-publish","format-standard","has-post-thumbnail","hentry","category-novosti","tag-gealan","tag-gealan-acrylcolor","tag-gealan-kubus","tag-pvc","tag-pvc-prozori","tag-pvc-u-boji"],"_links":{"self":[{"href":"https:\/\/www.prozorivrata.com\/hr\/wp-json\/wp\/v2\/posts\/5803","targetHints":{"allow":["GET"]}}],"collection":[{"href":"https:\/\/www.prozorivrata.com\/hr\/wp-json\/wp\/v2\/posts"}],"about":[{"href":"https:\/\/www.prozorivrata.com\/hr\/wp-json\/wp\/v2\/types\/post"}],"author":[{"embeddable":true,"href":"https:\/\/www.prozorivrata.com\/hr\/wp-json\/wp\/v2\/users\/3"}],"replies":[{"embeddable":true,"href":"https:\/\/www.prozorivrata.com\/hr\/wp-json\/wp\/v2\/comments?post=5803"}],"version-history":[{"count":4,"href":"https:\/\/www.prozorivrata.com\/hr\/wp-json\/wp\/v2\/posts\/5803\/revisions"}],"predecessor-version":[{"id":5809,"href":"https:\/\/www.prozorivrata.com\/hr\/wp-json\/wp\/v2\/posts\/5803\/revisions\/5809"}],"wp:featuredmedia":[{"embeddable":true,"href":"https:\/\/www.prozorivrata.com\/hr\/wp-json\/wp\/v2\/media\/5805"}],"wp:attachment":[{"href":"https:\/\/www.prozorivrata.com\/hr\/wp-json\/wp\/v2\/media?parent=5803"}],"wp:term":[{"taxonomy":"category","embeddable":true,"href":"https:\/\/www.prozorivrata.com\/hr\/wp-json\/wp\/v2\/categories?post=5803"},{"taxonomy":"post_tag","embeddable":true,"href":"https:\/\/www.prozorivrata.com\/hr\/wp-json\/wp\/v2\/tags?post=5803"}],"curies":[{"name":"wp","href":"https:\/\/api.w.org\/{rel}","templated":true}]}}