{"id":5751,"date":"2023-03-16T08:09:00","date_gmt":"2023-03-16T07:09:00","guid":{"rendered":"https:\/\/www.prozorivrata.com\/hr\/?p=5751"},"modified":"2023-03-15T15:10:44","modified_gmt":"2023-03-15T14:10:44","slug":"jubilarna-10-medunarodna-konferencija-dan-prozora-2023","status":"publish","type":"post","link":"https:\/\/www.prozorivrata.com\/hr\/jubilarna-10-medunarodna-konferencija-dan-prozora-2023\/","title":{"rendered":"Jubilarna 10. me\u0111unarodna konferencija DAN PROZORA 2023"},"content":{"rendered":"\n<p>Po\u0161tovani,<\/p>\n\n\n\n<p>pozivamo Vas na jubilarnu 10. me\u0111unarodnu konferenciju DAN PROZORA 2023 \u2013 ift Rosenheim Hrvatska u suradnji s partnerom ift Rosenheim GmbH Njema\u010dka, institutom za ispitivanje i certificiranje gra\u0111evnih proizvoda, sigurnosne tehnike i za\u0161titne opreme.<\/p>\n\n\n\n<p><strong>Konferencija \u0107e se odr\u017eati u novoobnovljenom kongresnom centru hotela Antunovi\u0107 u Zagrebu, u utorak 28.03.2023. godine.<\/strong><\/p>\n\n\n<div class=\"wp-block-image\">\n<figure class=\"aligncenter size-large\"><img decoding=\"async\" width=\"1024\" height=\"567\" src=\"https:\/\/www.prozorivrata.com\/hr\/wp-content\/uploads\/sites\/4\/2023\/03\/10-medjunarodna-konferencija-dan-prozora-2023-Zagreb-ift-Hrvatska-1024x567.webp\" alt=\"Jubilarna 10. me\u0111unarodna konferencija DAN PROZORA 2023\" class=\"wp-image-5752\" srcset=\"https:\/\/www.prozorivrata.com\/hr\/wp-content\/uploads\/sites\/4\/2023\/03\/10-medjunarodna-konferencija-dan-prozora-2023-Zagreb-ift-Hrvatska-1024x567.webp 1024w, https:\/\/www.prozorivrata.com\/hr\/wp-content\/uploads\/sites\/4\/2023\/03\/10-medjunarodna-konferencija-dan-prozora-2023-Zagreb-ift-Hrvatska-300x166.webp 300w, https:\/\/www.prozorivrata.com\/hr\/wp-content\/uploads\/sites\/4\/2023\/03\/10-medjunarodna-konferencija-dan-prozora-2023-Zagreb-ift-Hrvatska-768x426.webp 768w, https:\/\/www.prozorivrata.com\/hr\/wp-content\/uploads\/sites\/4\/2023\/03\/10-medjunarodna-konferencija-dan-prozora-2023-Zagreb-ift-Hrvatska-750x416.webp 750w, https:\/\/www.prozorivrata.com\/hr\/wp-content\/uploads\/sites\/4\/2023\/03\/10-medjunarodna-konferencija-dan-prozora-2023-Zagreb-ift-Hrvatska-1140x632.webp 1140w, https:\/\/www.prozorivrata.com\/hr\/wp-content\/uploads\/sites\/4\/2023\/03\/10-medjunarodna-konferencija-dan-prozora-2023-Zagreb-ift-Hrvatska-jpg.webp 1200w\" sizes=\"(max-width: 1024px) 100vw, 1024px\" \/><figcaption class=\"wp-element-caption\">Jubilarna 10. me\u0111unarodna konferencija DAN PROZORA 2023<\/figcaption><\/figure>\n<\/div>\n\n\n<p>Prema ve\u0107 dosada\u0161njim najavama o\u010dekujemo preko 300 sudionika iz bran\u0161e, od proizvo\u0111a\u010da gra\u0111evinske stolarije, arhitekata, projektanata, institucija, nadzornih tijela, do stru\u010dnjaka u podru\u010dju prozora, vrata, fasada, stakla, okova materijala za ugradnju.<\/p>\n\n\n\n<p>Uz na\u0161e doma\u0107e hrvatske sudionike, s nama \u0107e biti i gosti iz susjednih zemalja regije poput Slovenije, Srbije, BiH ali i iz Njema\u010dke, Italije, Austrije, Gr\u010dke\u2026<\/p>\n\n\n\n<h2 class=\"wp-block-heading\">Konferencija DAN PROZORA 2023 je najve\u0107e godi\u0161nje okupljanje ovog gra\u0111evinskog sektora.<\/h2>\n\n\n\n<p>Pripremili smo i pregr\u0161t aktualnih tema, predavanja interaktivnog karaktera, panel rasprava, aktualnosti iz sektora:<\/p>\n\n\n\n<ul class=\"wp-block-list\">\n<li>Ugradnja prozora i vrata \u2013 Izazovi \u2013 Rje\u0161enja &#8211; Certifikacija<\/li>\n\n\n\n<li>ift &#8211; Product Passport za IZO staklo \u2013 Struktura, sadr\u017eaj, prednosti, preduvjet za certifikaciju<\/li>\n\n\n\n<li>Za\u0161tita od po\u017eara \u2013 jednostavna poja\u0161njenja<\/li>\n\n\n\n<li>Odr\u017eiva gradnja i certifikacija zgrada kroz EPD kao preduvjet<\/li>\n\n\n\n<li>CO<sub>2<\/sub> emisije u \u017eivotnom ciklusu zgrade<\/li>\n\n\n\n<li>Sve o EPD-u<\/li>\n\n\n\n<li>Green Deal \/ CPA (Circular Plastic Alliance)<\/li>\n\n\n\n<li>Klimatska neutralnost, Sirovine optimizirane za smanjenje emisije CO2,<\/li>\n\n\n\n<li>LCA\u2013vrijednost proizvoda za odr\u017eivu gradnju,<\/li>\n\n\n\n<li>Zahtjevi za pove\u0107anim udjelom reciklata u profilima prozora<\/li>\n\n\n\n<li>Nove usluge za proizvo\u0111a\u010de u ift Rosenheim grupi<\/li>\n<\/ul>\n\n\n\n<p>Gotovo sva pitanja i odgovore na\u0107i \u0107ete na jednom mjestu s naglaskom na energetsku u\u010dinkovitost, kvalitetu gra\u0111evinskih proizvoda, za\u0161titu okoli\u0161a, ispitivanja i dokazivanja svojstava, tuma\u010denja zakona i direktive, informacije sektora i stanja na tr\u017ei\u0161tu.<\/p>\n\n\n\n<p>Predavanja \u0107e biti odr\u017eana na hrvatskom jeziku, dijelom na engleskom jeziku ili njema\u010dkom jeziku sa simultanim prevo\u0111enjem.<\/p>\n\n\n\n<p>Vi\u0161e informacija mo\u017eete prona\u0107i na na\u0161oj web stranici <a href=\"http:\/\/www.ift-hrvatska.com\/dogadanja\" target=\"_blank\" rel=\"noreferrer noopener\">www.ift-hrvatska.com\/dogadanja<\/a><\/p>\n\n\n\n<div class=\"wp-block-buttons is-layout-flex wp-block-buttons-is-layout-flex\">\n<div class=\"wp-block-button aligncenter is-style-outline is-style-outline--1\"><a class=\"wp-block-button__link wp-element-button\" href=\"https:\/\/ift-hrvatska.com\/prijavnica\/\" target=\"_blank\" rel=\"noreferrer noopener\">ONLINE PRIJAVA<\/a><\/div>\n<\/div>\n\n\n\n<p><\/p>\n\n\n\n<p>Jubilarnu 10. me\u0111unarodnu konferenciju DAN PROZORA 2023 zatvorit \u0107emo after party-em za sve sudionike.<\/p>\n\n\n\n<p>Na raspolaganju smo vam za sva dodatna pitanja<\/p>\n\n\n\n<figure class=\"wp-block-image is-resized\"><img decoding=\"async\" src=\"https:\/\/www.prozorivrata.com\/wp-content\/uploads\/2019\/02\/ift-Rosenheim-ift-Hrvatska-logo.jpg\" alt=\"ift Rosenheim ift Hrvatska logo\" class=\"wp-image-16482\" width=\"209\" height=\"120\"\/><\/figure>\n\n\n\n<p>ift Rosenheim Hrvatska<br>Ulica Huga Badali\u0107a 23<br>Hrvatska \u2013 10000 Zagreb<br>T. +385 1 6147 378<br>M. +385 91 4814 780, +385 91 737 9663<br><a href=\"mailto:info@ift-hrvatska.com\" target=\"_blank\" rel=\"noreferrer noopener\">info@ift-hrvatska.com<\/a><br><a href=\"mailto:seretin@ift-hrvatska.com\" target=\"_blank\" rel=\"noreferrer noopener\">seretin@ift-hrvatska.com<\/a><br><a href=\"mailto:komac@ift-hrvatska.com\" target=\"_blank\" rel=\"noreferrer noopener\">komac@ift-hrvatska.com<\/a><\/p>\n\n\n\n<p><a href=\"http:\/\/www.ift-hrvatska.com\" target=\"_blank\" rel=\"noreferrer noopener\">www.ift-hrvatska.com<\/a><\/p>\n","protected":false},"excerpt":{"rendered":"<p>Po\u0161tovani, pozivamo Vas na jubilarnu 10. me\u0111unarodnu konferenciju DAN PROZORA 2023 \u2013 ift Rosenheim Hrvatska u suradnji s partnerom ift Rosenheim GmbH Njema\u010dka, institutom za ispitivanje i certificiranje gra\u0111evnih proizvoda, sigurnosne tehnike i za\u0161titne opreme. Konferencija \u0107e se odr\u017eati u novoobnovljenom kongresnom centru hotela Antunovi\u0107 u Zagrebu, u utorak 28.03.2023. godine. Prema ve\u0107 dosada\u0161njim najavama [&hellip;]<\/p>\n","protected":false},"author":3,"featured_media":5141,"comment_status":"closed","ping_status":"closed","sticky":false,"template":"","format":"standard","meta":{"_FSMCFIC_featured_image_caption":"","_FSMCFIC_featured_image_nocaption":"","_FSMCFIC_featured_image_hide":"","footnotes":""},"categories":[47],"tags":[231,240,171,233,232],"class_list":["post-5751","post","type-post","status-publish","format-standard","has-post-thumbnail","hentry","category-novosti","tag-dan-prozora","tag-edukacija","tag-ift-rosenheim","tag-ift-rosenheim-hrvatska","tag-konferencija"],"_links":{"self":[{"href":"https:\/\/www.prozorivrata.com\/hr\/wp-json\/wp\/v2\/posts\/5751","targetHints":{"allow":["GET"]}}],"collection":[{"href":"https:\/\/www.prozorivrata.com\/hr\/wp-json\/wp\/v2\/posts"}],"about":[{"href":"https:\/\/www.prozorivrata.com\/hr\/wp-json\/wp\/v2\/types\/post"}],"author":[{"embeddable":true,"href":"https:\/\/www.prozorivrata.com\/hr\/wp-json\/wp\/v2\/users\/3"}],"replies":[{"embeddable":true,"href":"https:\/\/www.prozorivrata.com\/hr\/wp-json\/wp\/v2\/comments?post=5751"}],"version-history":[{"count":2,"href":"https:\/\/www.prozorivrata.com\/hr\/wp-json\/wp\/v2\/posts\/5751\/revisions"}],"predecessor-version":[{"id":5754,"href":"https:\/\/www.prozorivrata.com\/hr\/wp-json\/wp\/v2\/posts\/5751\/revisions\/5754"}],"wp:featuredmedia":[{"embeddable":true,"href":"https:\/\/www.prozorivrata.com\/hr\/wp-json\/wp\/v2\/media\/5141"}],"wp:attachment":[{"href":"https:\/\/www.prozorivrata.com\/hr\/wp-json\/wp\/v2\/media?parent=5751"}],"wp:term":[{"taxonomy":"category","embeddable":true,"href":"https:\/\/www.prozorivrata.com\/hr\/wp-json\/wp\/v2\/categories?post=5751"},{"taxonomy":"post_tag","embeddable":true,"href":"https:\/\/www.prozorivrata.com\/hr\/wp-json\/wp\/v2\/tags?post=5751"}],"curies":[{"name":"wp","href":"https:\/\/api.w.org\/{rel}","templated":true}]}}