{"id":5463,"date":"2022-12-20T08:43:49","date_gmt":"2022-12-20T07:43:49","guid":{"rendered":"https:\/\/www.prozorivrata.com\/hr\/?p=5463"},"modified":"2022-12-20T08:43:53","modified_gmt":"2022-12-20T07:43:53","slug":"ift-rosenheim-fenstertage-pune-dvorane-radost-okupljanja-i-posvecenost-zastiti-klime","status":"publish","type":"post","link":"https:\/\/www.prozorivrata.com\/hr\/ift-rosenheim-fenstertage-pune-dvorane-radost-okupljanja-i-posvecenost-zastiti-klime\/","title":{"rendered":"ift Rosenheim Fenstertage &#8211; Pune dvorane, radost okupljanja i posve\u0107enost za\u0161titi klime"},"content":{"rendered":"\n<p>\u017divahni razgovori u pauzama i na bavarskoj sve\u010danoj ve\u010deri &#8211; radost osobnog kontakta bila je opipljiva. <strong>Ali program predavanja je tako\u0111er privukao 522 sudionika, jer su dvorane za predavanja u svakom trenutku bile popunjene.<\/strong> Brojna predavanja o za\u0161titi klime i odr\u017eivosti osvijetlila su temu iz strate\u0161ke, ekonomske, regulatorne i prakti\u010dne perspektive. Svi govornici su se slo\u017eili da je ovo vrijeme pritiska i da je pove\u0107anje stope energetske obnove neophodno, ali tako\u0111er i mogu\u0107e. \u201eDa, mi to mo\u017eemo\u201c, bio je jednoglasan tenor i time smo u potpunosti opravdali ovogodi\u0161nji moto \u201eUlazak u novu klimatsku eru\u201c.<\/p>\n\n\n\n<p>Sada kada je pandemija Corone oslabila svoj u\u017easavaju\u0107i utjecaj, 49. Rosenheim konferencija o prozorima i fasadama dovela je do dugo o\u010dekivanog povratka najve\u0107eg stru\u010dnog kongresa u industriji prozora i fasada. Zato je<strong> dr Jochen Peichl<\/strong> (izvr\u0161ni direktor ift Rosenheim) otvorio Fenstertage sa osvrtom na jedan od najpoznatijih filmskih citata \u201eVratili smo se\u201c. Me\u0111utim, iza uspje\u0161nog ponovnog pokretanja Rosenheim konferencije o prozorima i fasadama, iza nas su ostale stotine sati intenzivnog rada na razvoju vrhunskog programa sa kompetentnim govornicima i sveobuhvatnom uslugom kako bi se na\u0161a 522 sudionika osje\u0107ali potpuno relaksirano i zadovoljno.<\/p>\n\n\n<div class=\"wp-block-image\">\n<figure class=\"aligncenter size-full\"><img decoding=\"async\" width=\"700\" height=\"934\" src=\"https:\/\/www.prozorivrata.com\/hr\/wp-content\/uploads\/sites\/4\/2022\/12\/ift-rosenheim-konferencija-2022-Peichl_Jochen-jpg.webp\" alt=\"dr Jochen Peichl (izvr\u0161ni direktor ift Rosenheim)\" class=\"wp-image-5473\" srcset=\"https:\/\/www.prozorivrata.com\/hr\/wp-content\/uploads\/sites\/4\/2022\/12\/ift-rosenheim-konferencija-2022-Peichl_Jochen-jpg.webp 700w, https:\/\/www.prozorivrata.com\/hr\/wp-content\/uploads\/sites\/4\/2022\/12\/ift-rosenheim-konferencija-2022-Peichl_Jochen-225x300.webp 225w\" sizes=\"(max-width: 700px) 100vw, 700px\" \/><figcaption class=\"wp-element-caption\">dr Jochen Peichl (izvr\u0161ni direktor ift Rosenheim)<\/figcaption><\/figure>\n<\/div>\n\n\n<p>Po\u010detak \u201eUlaska u novu klimatsku eru\u201c dao je direktor instituta, <strong>prof. J\u00f6rn P. Lass<\/strong>, koji je u svom predavanju \u201eOdr\u017eiva gradnja \u2013 prozori, vrata i fasade kao gradivni blokovi preokreta energije i resursa\u201c vrlo precizno opisao o\u010dekivane zahtjeve i provjere koje proizvo\u0111a\u010di i dobavlja\u010di moraju o\u010dekivati.<\/p>\n\n\n\n<figure class=\"wp-block-gallery has-nested-images columns-default is-cropped wp-block-gallery-1 is-layout-flex wp-block-gallery-is-layout-flex\">\n<figure class=\"wp-block-image size-large\"><img decoding=\"async\" width=\"700\" height=\"934\" data-id=\"5475\" src=\"https:\/\/www.prozorivrata.com\/hr\/wp-content\/uploads\/sites\/4\/2022\/12\/ift-rosenheim-konferencija-2022-Lass_Joern_Peter-jpg.webp\" alt=\"Direktor instituta, prof. J\u00f6rn P. Lass\" class=\"wp-image-5475\" srcset=\"https:\/\/www.prozorivrata.com\/hr\/wp-content\/uploads\/sites\/4\/2022\/12\/ift-rosenheim-konferencija-2022-Lass_Joern_Peter-jpg.webp 700w, https:\/\/www.prozorivrata.com\/hr\/wp-content\/uploads\/sites\/4\/2022\/12\/ift-rosenheim-konferencija-2022-Lass_Joern_Peter-225x300.webp 225w\" sizes=\"(max-width: 700px) 100vw, 700px\" \/><figcaption class=\"wp-element-caption\">Direktor instituta, prof. J\u00f6rn P. Lass<\/figcaption><\/figure>\n\n\n\n<figure class=\"wp-block-image size-large\"><img decoding=\"async\" width=\"700\" height=\"934\" data-id=\"5476\" src=\"https:\/\/www.prozorivrata.com\/hr\/wp-content\/uploads\/sites\/4\/2022\/12\/ift-rosenheim-konferencija-2022-Rahmstorf_Stefan-jpg.webp\" alt=\"prof. dr Stefan Rahmstorf\" class=\"wp-image-5476\" srcset=\"https:\/\/www.prozorivrata.com\/hr\/wp-content\/uploads\/sites\/4\/2022\/12\/ift-rosenheim-konferencija-2022-Rahmstorf_Stefan-jpg.webp 700w, https:\/\/www.prozorivrata.com\/hr\/wp-content\/uploads\/sites\/4\/2022\/12\/ift-rosenheim-konferencija-2022-Rahmstorf_Stefan-225x300.webp 225w\" sizes=\"(max-width: 700px) 100vw, 700px\" \/><figcaption class=\"wp-element-caption\">prof. dr Stefan Rahmstorf<\/figcaption><\/figure>\n<\/figure>\n\n\n\n<p>Iako su podaci ekolo\u0161ke deklaracije proizvoda (EPD) dostupni za osnovnu razinu, potrebni su daljnji karakteristi\u010dni podaci i procjene za prakti\u010dno korisnu procjenu odr\u017eivosti i klimatske sigurnosti gra\u0111evinskih elemenata. Me\u0111utim, oni su samo minimalno pokriveni postoje\u0107im standardima. Iz tog razloga, ift Rosenheim \u0107e razviti odgovaraju\u0107i sustav evaluacije do BAU 2023, \u0161to je 88% sudionika smatralo neophodnim prema anketi u dvorani. Rije\u010dima <em>\u201eprozori i fasade su jedini gra\u0111evinski proizvodi koji mogu dobiti energiju\u201c,<\/em> potaknuo je industriju na razmi\u0161ljanje, optimizam i ve\u0107u posve\u0107enost.<\/p>\n\n\n\n<p>Renomirani stru\u010dnjak za klimu <strong>prof. dr. Stefan Rahmstorf<\/strong> (Potsdamski institut za istra\u017eivanje utjecaja na klimu, PIK) tvrdio je na isti na\u010din, hitno upozoravaju\u0107i da vrijeme isti\u010de i da se emisije CO<sub>2<\/sub> moraju drasti\u010dno smanjiti do 2030. Pozitivno je rekao da je tehnologija za promjene dostupna, budu\u0107i da su fotonaponska energija i energija vjetra ve\u0107 najjeftiniji na\u010dini za proizvodnju elektri\u010dne energije &#8211; \u010dak i u Njema\u010dkoj. Tako\u0111er je odbacio uobi\u010dajenu zabludu da pove\u0107anje temperature od 1,5 &#8211; 2,0\u00b0C u Njema\u010dkoj i Europi ne bi bilo tako lo\u0161e.<\/p>\n\n\n\n<p>Na 2,0\u00b0C, to je ve\u0107 dvostruko vi\u0161e od prosjeka u Njema\u010dkoj i dovodi do redovnih toplinskih valova, sve ve\u0107e su\u0161e, po\u017eara i odumiranja \u0161uma u Europi. Tijekom posljednjeg toplinskog vala 2003. godine, u Europi je bilo oko 70.000 smrtnih slu\u010dajeva povezanih s vru\u0107inom, a procjenjuje se da \u0107e do 2022. godine biti preko 100.000 \u017ertava. Promjene u strujama tako\u0111er redovno uzrokuju lokalne jake ki\u0161e i poplave. Budu\u0107i da svijet ide prema porastu temperature od oko 3,2 \u00b0C uz trenutne mjere, potrebno je dosljedno djelovanje &#8211; posebno u gra\u0111evinskom sektoru, koji tro\u0161i fosilna goriva vrlo neproporcionalno i mo\u017ee se mijenjati samo vrlo sporo zbog svoje decentralizirane opskrbe energijom. Prof. Ramstorf stoga o\u010dekuje i \u201ezaokret\u201c u politi\u010dkim zahtjevima za energetski u\u010dinkovitim renoviranjem zgrada.<\/p>\n\n\n\n<p><strong>Martin Langen<\/strong> (B+L Markdaten) argumentirao je u istom smjeru, iznose\u0107i sljede\u0107e klju\u010dne poruke na temelju trenutnih analiza i dugogodi\u0161njeg iskustva:<\/p>\n\n\n\n<p>\u2022 Gra\u0111evinska industrija vi\u0161e nije cikli\u010dna, ne prati nu\u017eno op\u0107u ekonomiju i podr\u017eava je politika kao sistemski relevantnu granu nacionalne privrede, \u010dak i u kriznim situacijama.<br>\u2022 Kreatori politike \u0107e usmjerit \u0107e svoje subvencije na energetski u\u010dinkovitu obnovu i izgradnju novih stambenih objekata za vi\u0161e obitelji. Obiteljska ku\u0107a \u0107e o\u010dito izgubiti svoju relevantnost za subvencije, \u010dak i ako je to \u017eelja ve\u0107ine ljudi.<br>\u2022 (Neophodna) masovna imigracija generira preseljavanja, koja uglavnom slu\u017ee kao povod za renoviranje, a time i promi\u010du energetsku obnovu.<br>\u2022 Ve\u0107i tro\u0161kovi izgradnje samo \u0107e privremeno usporiti gra\u0111evinske aktivnosti i ne\u0107e dovesti do trajnog pada.<br>\u2022 Sve dok su vi\u0161e stope na hipotekarne kredite znatno ispod inflacije, one ne\u0107e dovesti do kolapsa gra\u0111evinske aktivnosti, posebno kod stambenih zgrada za vi\u0161e obitelji.<br>\u2022 Ve\u0107i tro\u0161kovi energije dovode do energetske obnove.<br>\u2022 Srednjoro\u010dno stanje narud\u017ebi ostaje pozitivno jer postoji vi\u0161ak od cca. 800.000 odobrenih stambenih jedinica, od kojih ve\u0107ina potje\u010de iz 2020-2022.<\/p>\n\n\n\n<p>Martin Langen najve\u0107i dio o\u0161trog pada gra\u0111evinske industrije u ljeto 2022. vidi kao privremenu pojavu, jer vjeruje da su uzrok uvelike smanjeni kapaciteti zbog bolovanja i karantene zbog korone, kao i vala godi\u0161njih odmora (zatvaranje poduze\u0107a).<\/p>\n\n\n\n<figure class=\"wp-block-gallery has-nested-images columns-default is-cropped wp-block-gallery-2 is-layout-flex wp-block-gallery-is-layout-flex\">\n<figure class=\"wp-block-image size-large\"><img decoding=\"async\" width=\"700\" height=\"934\" data-id=\"5478\" src=\"https:\/\/www.prozorivrata.com\/hr\/wp-content\/uploads\/sites\/4\/2022\/12\/ift-rosenheim-konferencija-2022-Niemoeller_Christian-jpg.webp\" alt=\"prof. Christian Niem\u00f6ller\" class=\"wp-image-5478\" srcset=\"https:\/\/www.prozorivrata.com\/hr\/wp-content\/uploads\/sites\/4\/2022\/12\/ift-rosenheim-konferencija-2022-Niemoeller_Christian-jpg.webp 700w, https:\/\/www.prozorivrata.com\/hr\/wp-content\/uploads\/sites\/4\/2022\/12\/ift-rosenheim-konferencija-2022-Niemoeller_Christian-225x300.webp 225w\" sizes=\"(max-width: 700px) 100vw, 700px\" \/><figcaption class=\"wp-element-caption\">prof. Christian Niem\u00f6ller<\/figcaption><\/figure>\n\n\n\n<figure class=\"wp-block-image size-large\"><img decoding=\"async\" width=\"700\" height=\"934\" data-id=\"5474\" src=\"https:\/\/www.prozorivrata.com\/hr\/wp-content\/uploads\/sites\/4\/2022\/12\/ift-rosenheim-konferencija-2022-Langen_Martin-jpg.webp\" alt=\"Martin Langen (B+L Marktdaten)\" class=\"wp-image-5474\" srcset=\"https:\/\/www.prozorivrata.com\/hr\/wp-content\/uploads\/sites\/4\/2022\/12\/ift-rosenheim-konferencija-2022-Langen_Martin-jpg.webp 700w, https:\/\/www.prozorivrata.com\/hr\/wp-content\/uploads\/sites\/4\/2022\/12\/ift-rosenheim-konferencija-2022-Langen_Martin-225x300.webp 225w\" sizes=\"(max-width: 700px) 100vw, 700px\" \/><figcaption class=\"wp-element-caption\">Martin Langen (B+L Marktdaten)<\/figcaption><\/figure>\n<\/figure>\n\n\n\n<p>Na \u010detvrtom plenarnom predavanju, <strong>prof. Christian Niem\u00f6ller<\/strong> dao je vrlo detaljne upute o tome kako posebno proizvo\u0111a\u010di prozora i fasada mogu prijaviti trenutne pote\u0161ko\u0107e u isporuci materijala i gra\u0111evinskih elemenata kao prepreku ako se oni mogu pripisati ratu u Ukrajini kao \u201eneizbje\u017enim okolnostima\u201c.<\/p>\n\n\n\n<p>VOB\/B ovdje nudi jasne prednosti usporedbi s BGB ugovorom o izgradnji, jer \u00a76 VOB\/B sadr\u017ei pravila o tome kako se u\u010dinci \u201eneizbje\u017enih okolnosti\u201c mogu potvrditi u smilsu rokova, naknade i u\u010dinka \u010dak i prije kona\u010dnog prihva\u0107anja. U BGB ugovoru, s druge strane, izvo\u0111a\u010d snosi puni rizik do prihva\u0107anja.<\/p>\n\n\n\n<figure class=\"wp-block-image size-full\"><img decoding=\"async\" width=\"1000\" height=\"982\" src=\"https:\/\/www.prozorivrata.com\/hr\/wp-content\/uploads\/sites\/4\/2022\/12\/ift-rosenheim-konferencija-2022-Lange_Frank_Drinkuth_Thomas-jpg.webp\" alt=\"Thomas Drinkuth (RTG) i Frank Lange (VFF)\" class=\"wp-image-5479\" srcset=\"https:\/\/www.prozorivrata.com\/hr\/wp-content\/uploads\/sites\/4\/2022\/12\/ift-rosenheim-konferencija-2022-Lange_Frank_Drinkuth_Thomas-jpg.webp 1000w, https:\/\/www.prozorivrata.com\/hr\/wp-content\/uploads\/sites\/4\/2022\/12\/ift-rosenheim-konferencija-2022-Lange_Frank_Drinkuth_Thomas-300x295.webp 300w, https:\/\/www.prozorivrata.com\/hr\/wp-content\/uploads\/sites\/4\/2022\/12\/ift-rosenheim-konferencija-2022-Lange_Frank_Drinkuth_Thomas-768x754.webp 768w, https:\/\/www.prozorivrata.com\/hr\/wp-content\/uploads\/sites\/4\/2022\/12\/ift-rosenheim-konferencija-2022-Lange_Frank_Drinkuth_Thomas-75x75.webp 75w, https:\/\/www.prozorivrata.com\/hr\/wp-content\/uploads\/sites\/4\/2022\/12\/ift-rosenheim-konferencija-2022-Lange_Frank_Drinkuth_Thomas-750x737.webp 750w\" sizes=\"(max-width: 1000px) 100vw, 1000px\" \/><figcaption class=\"wp-element-caption\">Thomas Drinkuth (RTG) i Frank Lange (VFF)<\/figcaption><\/figure>\n\n\n\n<p>U \u010detvrtak, <strong>Thomas Drinkuth<\/strong> (predstavnik ureda Transparent Building Envelope) i Frank Lange ( Window + Facade Association ) izvijestili su o najnovijem razvoju doga\u0111aja u vezi s mogu\u0107im vladinim i regulatornim promotivnim mjerama. Iako je sve jo\u0161 uvijek u tijeku, neke klju\u010dne to\u010dke su jasno prepoznatljive. Aktualna energetska kriza jasno je dala do znanja ve\u0107ini politi\u010dara da je, osim promicanja obnovljivih izvora energije, neophodno pobolj\u0161ati energetsku u\u010dinkovitost. Najbolji primjer je dizalica topline, jer je postalo jasno da je ona energetski u\u010dinkovita samo u dobro izoliranoj zgradi. Iz tog razloga oba govornika o\u010dekuju zna\u010dajne subvencije za energetski u\u010dinkovitu obnovu i \u010dak su govorili o poja\u010davanju obnove.<\/p>\n\n\n\n<p>Tako\u0111er je za o\u010dekivati da \u0107e se u sljede\u0107oj izmjeni Zakona o energiji u zgradarstvu \u201eBuilding Energy Act (GEG)\u201c, ura\u010dunati solarni dobici stakla i relativizirati zahtjevi za U-vrijednost ovojnice zgrade. Ovo je tako\u0111er detaljno objasnio<strong> dr ing. Stephan Schlitzberger<\/strong> (IB Hauser GmbH) u svom izlaganju. Zanimljiv je bio i uvid u mehanizme vlasti i motivaciju politi\u010dara koji ne samo da \u017eele rje\u0161avati probleme, ve\u0107\u0301 uvijek imaju na umu bira\u010de i sljede\u0107e izbore. Tako\u0111er je spomenut pritisak iz Europe u obliku \u201eMinimalnih standarda energetske u\u010dinkovitosti (MEPS), koji pozivaju na klimatski neutralne gra\u0111evinske fondove do 2030. godine. Oba su govornika zaklju\u010dila apelom na industriju \u201eMoramo sada stati na gas tako da energetski prijelaz uspije\u201c.<\/p>\n\n\n\n<p>Ostale prezentacije upotpunile su plenarna izlaganja va\u017enim detaljima. Ovo je uklju\u010divalo informacije o:<\/p>\n\n\n\n<p>\u2022 trenutni status mogu\u0107nosti recikliranja (i Walter Lonsinger (A|U|F e.V.), Jochen Gr\u00f6negr\u00e4s (Bundesverband Flachglas e.V.) i Gerald Feigenbutz (KKE e.V.),<br>\u2022 trenutno stanje i izgledi za reviziju Zakona o energiji u zgradarstvu od strane dr ing. Stephan Schlitzberger (IB Hauser) s o\u010dekivanim zahtjevima za staklo, prozore i fasade,<br>\u2022 najnovije informacije o stanju tehnike te\u0161kog su\u010delja konstrukcijske hidroizolacije od strane Wolfganga Jehl-a (ift Rosenheim),<br>\u2022 na termi\u010dkoj sanaciji \u201ebox-type\u201c (duplih prozora) prozora s vakuum izolacijskim staklom (VIG) koju je odr\u017eao dr tech. Ulrich Pont (TU Be\u010d),<br>\u2022 o inovativnoj uporabi vakuum stakla i drugim kreativnim idejama u studentskom projektu \u201eSolarni desetoboj\u201c prof. dr Jochena Stoppera (TH Rosenheim) i<br>\u2022 prakti\u010dni i strate\u0161ki savjeti o razvoju prozora i fasada s obzirom na odr\u017eivost i digitalizaciju od prof. dr ing. Winfried Heusler (Sveu\u010dili\u0161te primijenjenih znanosti Ostwestfalen-Lippe, Sch\u00fcco International) i<br>\u2022 rje\u0161enja za vrlo te\u0161ko pomirenje za\u0161tite klime i o\u010duvanja spomenika na primjeru nove Nacionalne galerije J\u00fcrgena Eincka (Drees &amp; Sommer).<\/p>\n\n\n\n<p>Glavna tema \u201eza\u0161tita klime\u201c dopunjena je prezentacijama o<a href=\"https:\/\/www.prozorivrata.com\/hr\/nacionalna-oznaka-ujedinjenog-kraljevstva\/\" target=\"_blank\" rel=\"noreferrer noopener\"> Brexitu i britanskoj oznaci sukladnosti \u201eUKCA\u201c<\/a> (Roland Fischer, ift Rosenheim), o trajnosti antimikrobnih povr\u0161ina (Norbert Sack, ift Rosenheim i Christian Scherer (Fraunhofer Institute for Building Physics, IBP) i o profesionalnom pri\u010dvr\u0161\u0107ivanju i provjeri gra\u0111evinskih elemenata otpornih na pad (prof. dr Benno Eierle, TH Rosenheim).<\/p>\n\n\n\n<p>Radionica odr\u017eana u utorak poslijepodne tako\u0111er je bila dobro posje\u0107ena s gotovo 100 sudionika, jer je pru\u017eila dragocjene savjete o \u201ePojednostavljenju ugradnje prozora uz u\u0161tedu tro\u0161kova i vremena putem digitalnih pomaga\u010da\u201c (Marc Sch\u00fctt, \u00f6.b.u.v. stru\u010dnjak za stolariju), \u201eInstalacija elemenata otpornih na pad\u201c (Martin He\u00dfler, ift Rosenheim), prakti\u010dno izvje\u0161\u0107e o \u201eEnergetski u\u010dinkovitoj obnovi s prozorima iz perspektive energetskog savjetnika\u201c (Dieter Tausch, Ingenieurb\u00fcro f\u00fcr Geb\u00e4udeenergie und Fenstertechnik) i prakti\u010dni savjeti za ispravno planiranje, priprema narud\u017ebe i ugradnja pro\u0161irenja profila (Ingo Leuschner, ift Rosenheim).<\/p>\n\n\n\n<figure class=\"wp-block-image size-large\"><img decoding=\"async\" width=\"1024\" height=\"683\" src=\"https:\/\/www.prozorivrata.com\/hr\/wp-content\/uploads\/sites\/4\/2022\/12\/ift-ROSENHEIM-PI221068_Bild_14_Party-1024x683.webp\" alt=\"Bavarsko ve\u010de sa \u201eOktoberfest \u0161tihom\u201c\" class=\"wp-image-5480\" srcset=\"https:\/\/www.prozorivrata.com\/hr\/wp-content\/uploads\/sites\/4\/2022\/12\/ift-ROSENHEIM-PI221068_Bild_14_Party-1024x683.webp 1024w, https:\/\/www.prozorivrata.com\/hr\/wp-content\/uploads\/sites\/4\/2022\/12\/ift-ROSENHEIM-PI221068_Bild_14_Party-300x200.webp 300w, https:\/\/www.prozorivrata.com\/hr\/wp-content\/uploads\/sites\/4\/2022\/12\/ift-ROSENHEIM-PI221068_Bild_14_Party-768x512.webp 768w, https:\/\/www.prozorivrata.com\/hr\/wp-content\/uploads\/sites\/4\/2022\/12\/ift-ROSENHEIM-PI221068_Bild_14_Party-750x500.webp 750w, https:\/\/www.prozorivrata.com\/hr\/wp-content\/uploads\/sites\/4\/2022\/12\/ift-ROSENHEIM-PI221068_Bild_14_Party-1140x760.webp 1140w, https:\/\/www.prozorivrata.com\/hr\/wp-content\/uploads\/sites\/4\/2022\/12\/ift-ROSENHEIM-PI221068_Bild_14_Party-jpg.webp 1200w\" sizes=\"(max-width: 1024px) 100vw, 1024px\" \/><figcaption class=\"wp-element-caption\">Bavarsko ve\u010de sa \u201eOktoberfest \u0161tihom\u201c<\/figcaption><\/figure>\n\n\n\n<p>Jedan od vrhunaca konferencije ponovo je bila bavarska ve\u010der s \u201eOktoberfest \u0161tihom\u201c i odli\u010dna zabava s cirkuskom atmosferom i bendom u\u017eivo koji je motivirao ljude na ples i pjesmu uz popularne rock i pop pjesme.<\/p>\n\n\n\n<figure class=\"wp-block-image size-full\"><img decoding=\"async\" width=\"1000\" height=\"876\" src=\"https:\/\/www.prozorivrata.com\/hr\/wp-content\/uploads\/sites\/4\/2022\/12\/ift-rosenheim-konferencija-2022-Cirkus-jpg.webp\" alt=\"Bavarsko ve\u010de sa \u201eOktoberfest \u0161tihom\u201c\" class=\"wp-image-5477\" srcset=\"https:\/\/www.prozorivrata.com\/hr\/wp-content\/uploads\/sites\/4\/2022\/12\/ift-rosenheim-konferencija-2022-Cirkus-jpg.webp 1000w, https:\/\/www.prozorivrata.com\/hr\/wp-content\/uploads\/sites\/4\/2022\/12\/ift-rosenheim-konferencija-2022-Cirkus-300x263.webp 300w, https:\/\/www.prozorivrata.com\/hr\/wp-content\/uploads\/sites\/4\/2022\/12\/ift-rosenheim-konferencija-2022-Cirkus-768x673.webp 768w, https:\/\/www.prozorivrata.com\/hr\/wp-content\/uploads\/sites\/4\/2022\/12\/ift-rosenheim-konferencija-2022-Cirkus-750x657.webp 750w\" sizes=\"(max-width: 1000px) 100vw, 1000px\" \/><figcaption class=\"wp-element-caption\">Bavarsko ve\u010de sa \u201eOktoberfest \u0161tihom\u201c<\/figcaption><\/figure>\n\n\n\n<p>U \u010detvrtak poslijepodne vi\u0161e od 50 stru\u010dnjaka za prozore i fasade posjetilo je nove ift-ove laboratorije za ispitivanje akustike zgrada i fasada te Centra za ispitivanje po\u017eara.<\/p>\n\n\n\n<p>Trio menad\u017ementa ift-a, koji \u010dine dr. Jochen Peichl (CEO), Michael Breckl-Stock (CTO) i prof. J\u00f6rn Peter Lass (direktor instituta), stoga je tako\u0111er bio odu\u0161evljen vrlo pozitivnim povratnim informacijama od sudionika i <strong>raduju se ponovnom susretu na 50. konferenciji o prozorima i fasadama 11. i 12. listopada 2023.<\/strong><\/p>\n\n\n\n<figure class=\"wp-block-image\"><img decoding=\"async\" src=\"https:\/\/www.prozorivrata.com\/wp-content\/uploads\/2017\/02\/ift-Rosenheim-logo.jpg\" alt=\"\" class=\"wp-image-10816\"><\/figure>\n\n\n\n<p><strong>ift Rosenheim<\/strong><br>Theodor-Gietl-Stra\u00dfe 7-9, 83026 Rosenheim, Germany<br>T +49 (08031) 261 0<br>F +49 (08031) 261 290<br><a href=\"mailto:info@ift-rosenheim.de\" target=\"_blank\" rel=\"noopener noreferrer\">info@ift-rosenheim.de<\/a><br><a href=\"http:\/\/www.ift-rosenheim.de\/\" target=\"_blank\" rel=\"noopener noreferrer\">www.ift-rosenheim.de<\/a><\/p>\n","protected":false},"excerpt":{"rendered":"<p>\u017divahni razgovori u pauzama i na bavarskoj sve\u010danoj ve\u010deri &#8211; radost osobnog kontakta bila je opipljiva. Ali program predavanja je tako\u0111er privukao 522 sudionika, jer su dvorane za predavanja u svakom trenutku bile popunjene. Brojna predavanja o za\u0161titi klime i odr\u017eivosti osvijetlila su temu iz strate\u0161ke, ekonomske, regulatorne i prakti\u010dne perspektive. Svi govornici su se [&hellip;]<\/p>\n","protected":false},"author":3,"featured_media":5481,"comment_status":"closed","ping_status":"closed","sticky":false,"template":"","format":"standard","meta":{"_FSMCFIC_featured_image_caption":"","_FSMCFIC_featured_image_nocaption":"","_FSMCFIC_featured_image_hide":"","footnotes":""},"categories":[47],"tags":[240,556,171,232],"class_list":["post-5463","post","type-post","status-publish","format-standard","has-post-thumbnail","hentry","category-novosti","tag-edukacija","tag-fenstertage","tag-ift-rosenheim","tag-konferencija"],"_links":{"self":[{"href":"https:\/\/www.prozorivrata.com\/hr\/wp-json\/wp\/v2\/posts\/5463","targetHints":{"allow":["GET"]}}],"collection":[{"href":"https:\/\/www.prozorivrata.com\/hr\/wp-json\/wp\/v2\/posts"}],"about":[{"href":"https:\/\/www.prozorivrata.com\/hr\/wp-json\/wp\/v2\/types\/post"}],"author":[{"embeddable":true,"href":"https:\/\/www.prozorivrata.com\/hr\/wp-json\/wp\/v2\/users\/3"}],"replies":[{"embeddable":true,"href":"https:\/\/www.prozorivrata.com\/hr\/wp-json\/wp\/v2\/comments?post=5463"}],"version-history":[{"count":2,"href":"https:\/\/www.prozorivrata.com\/hr\/wp-json\/wp\/v2\/posts\/5463\/revisions"}],"predecessor-version":[{"id":5482,"href":"https:\/\/www.prozorivrata.com\/hr\/wp-json\/wp\/v2\/posts\/5463\/revisions\/5482"}],"wp:featuredmedia":[{"embeddable":true,"href":"https:\/\/www.prozorivrata.com\/hr\/wp-json\/wp\/v2\/media\/5481"}],"wp:attachment":[{"href":"https:\/\/www.prozorivrata.com\/hr\/wp-json\/wp\/v2\/media?parent=5463"}],"wp:term":[{"taxonomy":"category","embeddable":true,"href":"https:\/\/www.prozorivrata.com\/hr\/wp-json\/wp\/v2\/categories?post=5463"},{"taxonomy":"post_tag","embeddable":true,"href":"https:\/\/www.prozorivrata.com\/hr\/wp-json\/wp\/v2\/tags?post=5463"}],"curies":[{"name":"wp","href":"https:\/\/api.w.org\/{rel}","templated":true}]}}